{"id":209753,"date":"2026-02-12T14:36:00","date_gmt":"2026-02-12T17:36:00","guid":{"rendered":"https:\/\/portaltela.pt\/noticias\/2026\/02\/12\/ex-funcionario-de-infantario-condenado-a-18-anos-por-abusos-de-criancas\/"},"modified":"2026-02-12T14:36:00","modified_gmt":"2026-02-12T17:36:00","slug":"ex-funcionario-de-infantario-condenado-a-18-anos-por-abusos-de-criancas","status":"publish","type":"post","link":"https:\/\/portaltela.pt\/noticias\/2026\/02\/12\/ex-funcionario-de-infantario-condenado-a-18-anos-por-abusos-de-criancas\/","title":{"rendered":"Ex-funcion\u00e1rio de infant\u00e1rio condenado a 18 anos por abusos de crian\u00e7as"},"content":{"rendered":"<p>Um ex-funcion\u00e1rio de um infant\u00e1rio de Londres foi condenado a 18 anos de pris\u00e3o por abusos sexuais a crian\u00e7as, filmagens de atos e posse de mais de 26 mil imagens de pornografia infantil. O caso ocorreu entre 2022 e 2024 no estabelecimento, que j\u00e1 encerrou.<\/p>\n<p>Vincent Chan, brit\u00e2nico de 45 anos, abusou de quatro meninas com idades entre 2 e 4 anos durante o per\u00edodo de sesta no infant\u00e1rio. A decis\u00e3o foi proferida pelo tribunal criminal de Wood Green, em Londres.<\/p>\n<p>O juiz classificou a conduta como extremamente grave, destacando o car\u00e1ter predat\u00f3rio do arguido. O tribunal avaliou ainda que Chan colocou as v\u00edtimas em situa\u00e7\u00f5es de grande vulnerabilidade.<\/p>\n<p>A investiga\u00e7\u00e3o iniciou com a den\u00fancia de uma colega, chocada ao descobrir que Chan filmava crian\u00e7as em situa\u00e7\u00f5es degradantes. Os investigadores encontraram fotos e v\u00eddeos dos abusos nos dispositivos apreendidos.<\/p>\n<p>Foi ainda descoberto que o arguido instalou c\u00e2maras secretas para filmar por baixo das saias de alunas numa escola prim\u00e1ria onde trabalhou entre 2007 e 2017, e que produziu v\u00eddeos de teor sexual no local.<\/p>\n<p>Chan confessou a responsabilidade em 56 acusa\u00e7\u00f5es, incluindo agress\u00f5es sexuais com penetra\u00e7\u00e3o, toques indecentes e produ\u00e7\u00e3o de pornografia infantil. V\u00edtimas e familiares manifestaram choque e dor.<\/p>\n<p>Este caso \u00e9 descrito pela pol\u00edcia de Londres como uma das investiga\u00e7\u00f5es mais complexas envolvendo agress\u00f5es a menores j\u00e1 realizadas.<\/p>\n<p>Em Bristol, no sudoeste de Inglaterra, um segundo caso ocorreu na segunda-feira, com um homem de 30 anos considerado culpado de viola\u00e7\u00e3o e agress\u00e3o sexual a crian\u00e7as de 2 e 3 anos, em outro infant\u00e1rio.<\/p>\n<p>O primeiro-ministro Keir Starmer comentou, em sess\u00e3o parlamentar, que os casos s\u00e3o perturbadores para o pa\u00eds e que o Governo estuda medidas para ampliar a videovigil\u00e2ncia em infant\u00e1rios.<\/p>\n","protected":false},"excerpt":{"rendered":"<ul>\n<li>Vincent Chan, brit\u00e2nico de 45 anos, foi condenado a 18 anos de pris\u00e3o por abusar sexualmente de quatro crian\u00e7as entre os 2 e os 4 anos, num infant\u00e1rio em Londres entre 2022 e 2024; filmava atos e possu\u00eda mais de 26 mil imagens de pornografia infantil.<\/li>\n<li>O infant\u00e1rio encerrou as atividades; Chan criou montagens com crian\u00e7as em situa\u00e7\u00f5es degradantes, de chorar a fazer xixi na roupa.<\/li>\n<li>A pris\u00e3o ocorreu em junho de 2024, ap\u00f3s den\u00fancia de uma colega; a pol\u00edcia encontrou nos dispositivos fotos e v\u00eddeos dos abusos e c\u00e2maras escondidas a filmar sob as saias.<\/li>\n<li>Chan declarou-se culpado de cinquenta e seis acusa\u00e7\u00f5es, incluindo agress\u00f5es sexuais com penetra\u00e7\u00e3o, toques indecentes e produ\u00e7\u00e3o de pornografia infantil; o juiz descreveu a conduta como mal\u00e9fica e predat\u00f3ria.<\/li>\n<li>Familiares das v\u00edtimas acompanharam emocionados; o caso \u00e9 considerado uma das investiga\u00e7\u00f5es mais complexas sobre agress\u00f5es sexuais a menores; o primeiro-ministro Keir Starmer disse que o Governo analisa a videovigil\u00e2ncia em infant\u00e1rios.<\/li>\n<\/ul>\n","protected":false},"author":2,"featured_media":209766,"comment_status":"closed","ping_status":"closed","sticky":false,"template":"","format":"standard","meta":{"footnotes":""},"categories":[1],"tags":[3990,5194,2376,1432,5830,2111],"class_list":["post-209753","post","type-post","status-publish","format-standard","has-post-thumbnail","hentry","category-noticias","tag-crimes-sexuais","tag-exploracao-de-menores","tag-londres","tag-pornografia-de-menores","tag-producao-de-pornografia-infantil","tag-reino-unido"],"yoast_head":"<!-- This site is optimized with the Yoast SEO plugin v27.2 - https:\/\/yoast.com\/product\/yoast-seo-wordpress\/ -->\n<title>Ex-funcion\u00e1rio de infant\u00e1rio condenado a 18 anos por abusos de crian\u00e7as - Portal Tela Portugal<\/title>\n<meta name=\"robots\" content=\"index, follow, max-snippet:-1, max-image-preview:large, max-video-preview:-1\" \/>\n<meta property=\"og:locale\" content=\"pt_PT\" \/>\n<meta property=\"og:type\" content=\"article\" \/>\n<meta property=\"og:title\" content=\"Ex-funcion\u00e1rio de infant\u00e1rio condenado a 18 anos por abusos de crian\u00e7as - Portal Tela Portugal\" \/>\n<meta property=\"og:description\" content=\"Vincent Chan, brit\u00e2nico de 45 anos, foi condenado a 18 anos de pris\u00e3o por abusar sexualmente de quatro crian\u00e7as entre os 2 e os 4 anos, num infant\u00e1rio em Londres entre 2022 e 2024; filmava atos e possu\u00eda mais de 26 mil imagens de pornografia infantil. O infant\u00e1rio encerrou as atividades; Chan criou montagens com crian\u00e7as em situa\u00e7\u00f5es degradantes, de chorar a fazer xixi na roupa. A pris\u00e3o ocorreu em junho de 2024, ap\u00f3s den\u00fancia de uma colega; a pol\u00edcia encontrou nos dispositivos fotos e v\u00eddeos dos abusos e c\u00e2maras escondidas a filmar sob as saias. Chan declarou-se culpado de cinquenta e seis acusa\u00e7\u00f5es, incluindo agress\u00f5es sexuais com penetra\u00e7\u00e3o, toques indecentes e produ\u00e7\u00e3o de pornografia infantil; o juiz descreveu a conduta como mal\u00e9fica e predat\u00f3ria. Familiares das v\u00edtimas acompanharam emocionados; o caso \u00e9 considerado uma das investiga\u00e7\u00f5es mais complexas sobre agress\u00f5es sexuais a menores; o primeiro-ministro Keir Starmer disse que o Governo analisa a videovigil\u00e2ncia em infant\u00e1rios.\" \/>\n<meta property=\"og:url\" content=\"https:\/\/portaltela.pt\/noticias\/2026\/02\/12\/ex-funcionario-de-infantario-condenado-a-18-anos-por-abusos-de-criancas\/\" \/>\n<meta property=\"og:site_name\" content=\"Portal Tela Portugal\" \/>\n<meta property=\"article:published_time\" content=\"2026-02-12T17:36:00+00:00\" \/>\n<meta name=\"author\" content=\"Telinha\" \/>\n<meta name=\"twitter:card\" content=\"summary_large_image\" \/>\n<meta name=\"twitter:label1\" content=\"Escrito por\" \/>\n\t<meta name=\"twitter:data1\" content=\"Telinha\" \/>\n\t<meta name=\"twitter:label2\" content=\"Tempo estimado de leitura\" \/>\n\t<meta name=\"twitter:data2\" content=\"2 minutos\" \/>\n<script type=\"application\/ld+json\" class=\"yoast-schema-graph\">{\"@context\":\"https:\/\/schema.org\",\"@graph\":[{\"@type\":\"Article\",\"@id\":\"https:\/\/portaltela.pt\/noticias\/2026\/02\/12\/ex-funcionario-de-infantario-condenado-a-18-anos-por-abusos-de-criancas\/#article\",\"isPartOf\":{\"@id\":\"https:\/\/portaltela.pt\/noticias\/2026\/02\/12\/ex-funcionario-de-infantario-condenado-a-18-anos-por-abusos-de-criancas\/\"},\"author\":{\"name\":\"Telinha\",\"@id\":\"https:\/\/portaltela.pt\/#\/schema\/person\/c4278d4a6028830caff9ee44b42d32ed\"},\"headline\":\"Ex-funcion\u00e1rio de infant\u00e1rio condenado a 18 anos por abusos de crian\u00e7as\",\"datePublished\":\"2026-02-12T17:36:00+00:00\",\"mainEntityOfPage\":{\"@id\":\"https:\/\/portaltela.pt\/noticias\/2026\/02\/12\/ex-funcionario-de-infantario-condenado-a-18-anos-por-abusos-de-criancas\/\"},\"wordCount\":319,\"image\":{\"@id\":\"https:\/\/portaltela.pt\/noticias\/2026\/02\/12\/ex-funcionario-de-infantario-condenado-a-18-anos-por-abusos-de-criancas\/#primaryimage\"},\"thumbnailUrl\":\"https:\/\/portaltela.pt\/s.01k8rhncp4jt1\/2026\/02\/image-973.jpg\",\"keywords\":[\"crimes sexuais\",\"explora\u00e7\u00e3o de menores\",\"Londres\",\"pornografia de menores\",\"produ\u00e7\u00e3o de pornografia infantil\",\"Reino Unido\"],\"articleSection\":[\"Not\u00edcias\"],\"inLanguage\":\"pt-PT\"},{\"@type\":\"WebPage\",\"@id\":\"https:\/\/portaltela.pt\/noticias\/2026\/02\/12\/ex-funcionario-de-infantario-condenado-a-18-anos-por-abusos-de-criancas\/\",\"url\":\"https:\/\/portaltela.pt\/noticias\/2026\/02\/12\/ex-funcionario-de-infantario-condenado-a-18-anos-por-abusos-de-criancas\/\",\"name\":\"Ex-funcion\u00e1rio de infant\u00e1rio condenado a 18 anos por abusos de crian\u00e7as - Portal Tela Portugal\",\"isPartOf\":{\"@id\":\"https:\/\/portaltela.pt\/#website\"},\"primaryImageOfPage\":{\"@id\":\"https:\/\/portaltela.pt\/noticias\/2026\/02\/12\/ex-funcionario-de-infantario-condenado-a-18-anos-por-abusos-de-criancas\/#primaryimage\"},\"image\":{\"@id\":\"https:\/\/portaltela.pt\/noticias\/2026\/02\/12\/ex-funcionario-de-infantario-condenado-a-18-anos-por-abusos-de-criancas\/#primaryimage\"},\"thumbnailUrl\":\"https:\/\/portaltela.pt\/s.01k8rhncp4jt1\/2026\/02\/image-973.jpg\",\"datePublished\":\"2026-02-12T17:36:00+00:00\",\"author\":{\"@id\":\"https:\/\/portaltela.pt\/#\/schema\/person\/c4278d4a6028830caff9ee44b42d32ed\"},\"breadcrumb\":{\"@id\":\"https:\/\/portaltela.pt\/noticias\/2026\/02\/12\/ex-funcionario-de-infantario-condenado-a-18-anos-por-abusos-de-criancas\/#breadcrumb\"},\"inLanguage\":\"pt-PT\",\"potentialAction\":[{\"@type\":\"ReadAction\",\"target\":[\"https:\/\/portaltela.pt\/noticias\/2026\/02\/12\/ex-funcionario-de-infantario-condenado-a-18-anos-por-abusos-de-criancas\/\"]}]},{\"@type\":\"ImageObject\",\"inLanguage\":\"pt-PT\",\"@id\":\"https:\/\/portaltela.pt\/noticias\/2026\/02\/12\/ex-funcionario-de-infantario-condenado-a-18-anos-por-abusos-de-criancas\/#primaryimage\",\"url\":\"https:\/\/portaltela.pt\/s.01k8rhncp4jt1\/2026\/02\/image-973.jpg\",\"contentUrl\":\"https:\/\/portaltela.pt\/s.01k8rhncp4jt1\/2026\/02\/image-973.jpg\",\"width\":796,\"height\":448,\"caption\":\"Imagem de contexto do artigo Ex-funcion\u00e1rio de infant\u00e1rio condenado a 18 anos de pris\u00e3o por abusar de crian\u00e7as\"},{\"@type\":\"BreadcrumbList\",\"@id\":\"https:\/\/portaltela.pt\/noticias\/2026\/02\/12\/ex-funcionario-de-infantario-condenado-a-18-anos-por-abusos-de-criancas\/#breadcrumb\",\"itemListElement\":[{\"@type\":\"ListItem\",\"position\":1,\"name\":\"In\u00edcio\",\"item\":\"https:\/\/portaltela.pt\/\"},{\"@type\":\"ListItem\",\"position\":2,\"name\":\"Ex-funcion\u00e1rio de infant\u00e1rio condenado a 18 anos por abusos de crian\u00e7as\"}]},{\"@type\":\"WebSite\",\"@id\":\"https:\/\/portaltela.pt\/#website\",\"url\":\"https:\/\/portaltela.pt\/\",\"name\":\"Portal Tela Portugal\",\"description\":\"\",\"potentialAction\":[{\"@type\":\"SearchAction\",\"target\":{\"@type\":\"EntryPoint\",\"urlTemplate\":\"https:\/\/portaltela.pt\/?s={search_term_string}\"},\"query-input\":{\"@type\":\"PropertyValueSpecification\",\"valueRequired\":true,\"valueName\":\"search_term_string\"}}],\"inLanguage\":\"pt-PT\"},{\"@type\":\"Person\",\"@id\":\"https:\/\/portaltela.pt\/#\/schema\/person\/c4278d4a6028830caff9ee44b42d32ed\",\"name\":\"Telinha\",\"image\":{\"@type\":\"ImageObject\",\"inLanguage\":\"pt-PT\",\"@id\":\"https:\/\/portaltela.pt\/s.01k8rhncp4jt1\/2025\/11\/talking-bot-125x125.png\",\"url\":\"https:\/\/portaltela.pt\/s.01k8rhncp4jt1\/2025\/11\/talking-bot-125x125.png\",\"contentUrl\":\"https:\/\/portaltela.pt\/s.01k8rhncp4jt1\/2025\/11\/talking-bot-125x125.png\",\"caption\":\"Telinha\"},\"sameAs\":[\"https:\/\/portaltela.pt\/\"],\"url\":\"https:\/\/portaltela.pt\/por\/367410592786\/\"}]}<\/script>\n<!-- \/ Yoast SEO plugin. -->","yoast_head_json":{"title":"Ex-funcion\u00e1rio de infant\u00e1rio condenado a 18 anos por abusos de crian\u00e7as - Portal Tela Portugal","robots":{"index":"index","follow":"follow","max-snippet":"max-snippet:-1","max-image-preview":"max-image-preview:large","max-video-preview":"max-video-preview:-1"},"og_locale":"pt_PT","og_type":"article","og_title":"Ex-funcion\u00e1rio de infant\u00e1rio condenado a 18 anos por abusos de crian\u00e7as - Portal Tela Portugal","og_description":"Vincent Chan, brit\u00e2nico de 45 anos, foi condenado a 18 anos de pris\u00e3o por abusar sexualmente de quatro crian\u00e7as entre os 2 e os 4 anos, num infant\u00e1rio em Londres entre 2022 e 2024; filmava atos e possu\u00eda mais de 26 mil imagens de pornografia infantil. O infant\u00e1rio encerrou as atividades; Chan criou montagens com crian\u00e7as em situa\u00e7\u00f5es degradantes, de chorar a fazer xixi na roupa. A pris\u00e3o ocorreu em junho de 2024, ap\u00f3s den\u00fancia de uma colega; a pol\u00edcia encontrou nos dispositivos fotos e v\u00eddeos dos abusos e c\u00e2maras escondidas a filmar sob as saias. Chan declarou-se culpado de cinquenta e seis acusa\u00e7\u00f5es, incluindo agress\u00f5es sexuais com penetra\u00e7\u00e3o, toques indecentes e produ\u00e7\u00e3o de pornografia infantil; o juiz descreveu a conduta como mal\u00e9fica e predat\u00f3ria. Familiares das v\u00edtimas acompanharam emocionados; o caso \u00e9 considerado uma das investiga\u00e7\u00f5es mais complexas sobre agress\u00f5es sexuais a menores; o primeiro-ministro Keir Starmer disse que o Governo analisa a videovigil\u00e2ncia em infant\u00e1rios.","og_url":"https:\/\/portaltela.pt\/noticias\/2026\/02\/12\/ex-funcionario-de-infantario-condenado-a-18-anos-por-abusos-de-criancas\/","og_site_name":"Portal Tela Portugal","article_published_time":"2026-02-12T17:36:00+00:00","author":"Telinha","twitter_card":"summary_large_image","twitter_misc":{"Escrito por":"Telinha","Tempo estimado de leitura":"2 minutos"},"schema":{"@context":"https:\/\/schema.org","@graph":[{"@type":"Article","@id":"https:\/\/portaltela.pt\/noticias\/2026\/02\/12\/ex-funcionario-de-infantario-condenado-a-18-anos-por-abusos-de-criancas\/#article","isPartOf":{"@id":"https:\/\/portaltela.pt\/noticias\/2026\/02\/12\/ex-funcionario-de-infantario-condenado-a-18-anos-por-abusos-de-criancas\/"},"author":{"name":"Telinha","@id":"https:\/\/portaltela.pt\/#\/schema\/person\/c4278d4a6028830caff9ee44b42d32ed"},"headline":"Ex-funcion\u00e1rio de infant\u00e1rio condenado a 18 anos por abusos de crian\u00e7as","datePublished":"2026-02-12T17:36:00+00:00","mainEntityOfPage":{"@id":"https:\/\/portaltela.pt\/noticias\/2026\/02\/12\/ex-funcionario-de-infantario-condenado-a-18-anos-por-abusos-de-criancas\/"},"wordCount":319,"image":{"@id":"https:\/\/portaltela.pt\/noticias\/2026\/02\/12\/ex-funcionario-de-infantario-condenado-a-18-anos-por-abusos-de-criancas\/#primaryimage"},"thumbnailUrl":"https:\/\/portaltela.pt\/s.01k8rhncp4jt1\/2026\/02\/image-973.jpg","keywords":["crimes sexuais","explora\u00e7\u00e3o de menores","Londres","pornografia de menores","produ\u00e7\u00e3o de pornografia infantil","Reino Unido"],"articleSection":["Not\u00edcias"],"inLanguage":"pt-PT"},{"@type":"WebPage","@id":"https:\/\/portaltela.pt\/noticias\/2026\/02\/12\/ex-funcionario-de-infantario-condenado-a-18-anos-por-abusos-de-criancas\/","url":"https:\/\/portaltela.pt\/noticias\/2026\/02\/12\/ex-funcionario-de-infantario-condenado-a-18-anos-por-abusos-de-criancas\/","name":"Ex-funcion\u00e1rio de infant\u00e1rio condenado a 18 anos por abusos de crian\u00e7as - Portal Tela Portugal","isPartOf":{"@id":"https:\/\/portaltela.pt\/#website"},"primaryImageOfPage":{"@id":"https:\/\/portaltela.pt\/noticias\/2026\/02\/12\/ex-funcionario-de-infantario-condenado-a-18-anos-por-abusos-de-criancas\/#primaryimage"},"image":{"@id":"https:\/\/portaltela.pt\/noticias\/2026\/02\/12\/ex-funcionario-de-infantario-condenado-a-18-anos-por-abusos-de-criancas\/#primaryimage"},"thumbnailUrl":"https:\/\/portaltela.pt\/s.01k8rhncp4jt1\/2026\/02\/image-973.jpg","datePublished":"2026-02-12T17:36:00+00:00","author":{"@id":"https:\/\/portaltela.pt\/#\/schema\/person\/c4278d4a6028830caff9ee44b42d32ed"},"breadcrumb":{"@id":"https:\/\/portaltela.pt\/noticias\/2026\/02\/12\/ex-funcionario-de-infantario-condenado-a-18-anos-por-abusos-de-criancas\/#breadcrumb"},"inLanguage":"pt-PT","potentialAction":[{"@type":"ReadAction","target":["https:\/\/portaltela.pt\/noticias\/2026\/02\/12\/ex-funcionario-de-infantario-condenado-a-18-anos-por-abusos-de-criancas\/"]}]},{"@type":"ImageObject","inLanguage":"pt-PT","@id":"https:\/\/portaltela.pt\/noticias\/2026\/02\/12\/ex-funcionario-de-infantario-condenado-a-18-anos-por-abusos-de-criancas\/#primaryimage","url":"https:\/\/portaltela.pt\/s.01k8rhncp4jt1\/2026\/02\/image-973.jpg","contentUrl":"https:\/\/portaltela.pt\/s.01k8rhncp4jt1\/2026\/02\/image-973.jpg","width":796,"height":448,"caption":"Imagem de contexto do artigo Ex-funcion\u00e1rio de infant\u00e1rio condenado a 18 anos de pris\u00e3o por abusar de crian\u00e7as"},{"@type":"BreadcrumbList","@id":"https:\/\/portaltela.pt\/noticias\/2026\/02\/12\/ex-funcionario-de-infantario-condenado-a-18-anos-por-abusos-de-criancas\/#breadcrumb","itemListElement":[{"@type":"ListItem","position":1,"name":"In\u00edcio","item":"https:\/\/portaltela.pt\/"},{"@type":"ListItem","position":2,"name":"Ex-funcion\u00e1rio de infant\u00e1rio condenado a 18 anos por abusos de crian\u00e7as"}]},{"@type":"WebSite","@id":"https:\/\/portaltela.pt\/#website","url":"https:\/\/portaltela.pt\/","name":"Portal Tela Portugal","description":"","potentialAction":[{"@type":"SearchAction","target":{"@type":"EntryPoint","urlTemplate":"https:\/\/portaltela.pt\/?s={search_term_string}"},"query-input":{"@type":"PropertyValueSpecification","valueRequired":true,"valueName":"search_term_string"}}],"inLanguage":"pt-PT"},{"@type":"Person","@id":"https:\/\/portaltela.pt\/#\/schema\/person\/c4278d4a6028830caff9ee44b42d32ed","name":"Telinha","image":{"@type":"ImageObject","inLanguage":"pt-PT","@id":"https:\/\/portaltela.pt\/s.01k8rhncp4jt1\/2025\/11\/talking-bot-125x125.png","url":"https:\/\/portaltela.pt\/s.01k8rhncp4jt1\/2025\/11\/talking-bot-125x125.png","contentUrl":"https:\/\/portaltela.pt\/s.01k8rhncp4jt1\/2025\/11\/talking-bot-125x125.png","caption":"Telinha"},"sameAs":["https:\/\/portaltela.pt\/"],"url":"https:\/\/portaltela.pt\/por\/367410592786\/"}]}},"_links":{"self":[{"href":"https:\/\/portaltela.pt\/api\/wp\/v2\/posts\/209753","targetHints":{"allow":["GET"]}}],"collection":[{"href":"https:\/\/portaltela.pt\/api\/wp\/v2\/posts"}],"about":[{"href":"https:\/\/portaltela.pt\/api\/wp\/v2\/types\/post"}],"author":[{"embeddable":true,"href":"https:\/\/portaltela.pt\/api\/wp\/v2\/users\/2"}],"replies":[{"embeddable":true,"href":"https:\/\/portaltela.pt\/api\/wp\/v2\/comments?post=209753"}],"version-history":[{"count":0,"href":"https:\/\/portaltela.pt\/api\/wp\/v2\/posts\/209753\/revisions"}],"wp:featuredmedia":[{"embeddable":true,"href":"https:\/\/portaltela.pt\/api\/wp\/v2\/media\/209766"}],"wp:attachment":[{"href":"https:\/\/portaltela.pt\/api\/wp\/v2\/media?parent=209753"}],"wp:term":[{"taxonomy":"category","embeddable":true,"href":"https:\/\/portaltela.pt\/api\/wp\/v2\/categories?post=209753"},{"taxonomy":"post_tag","embeddable":true,"href":"https:\/\/portaltela.pt\/api\/wp\/v2\/tags?post=209753"}],"curies":[{"name":"wp","href":"https:\/\/api.w.org\/{rel}","templated":true}]}}