{"id":209731,"date":"2026-02-12T14:35:42","date_gmt":"2026-02-12T17:35:42","guid":{"rendered":"https:\/\/portaltela.pt\/noticias\/2026\/02\/12\/como-escolher-o-movel-ideal-para-a-sala-mesas-de-tv-e-mais-ideias\/"},"modified":"2026-02-12T14:35:42","modified_gmt":"2026-02-12T17:35:42","slug":"como-escolher-o-movel-ideal-para-a-sala-mesas-de-tv-e-mais-ideias","status":"publish","type":"post","link":"https:\/\/portaltela.pt\/noticias\/2026\/02\/12\/como-escolher-o-movel-ideal-para-a-sala-mesas-de-tv-e-mais-ideias\/","title":{"rendered":"Como escolher o m\u00f3vel ideal para a sala: mesas de TV e mais ideias"},"content":{"rendered":"<p>A sala de estar \u00e9 o espa\u00e7o onde o estilo encontra a funcionalidade. Al\u00e9m do sof\u00e1 e da mesa de centro, o m\u00f3vel de TV ganha destaque pela organiza\u00e7\u00e3o que oferece e pela personalidade que adiciona ao ambiente. A escolha deve considerar o tamanho da sala, as dimens\u00f5es da televis\u00e3o e a necessidade de arruma\u00e7\u00e3o.<\/p>\n<p>Para al\u00e9m da est\u00e9tica, o m\u00f3vel de TV certo equilibra design e pr\u00e1tica. Em madeira maci\u00e7a, oferece durabilidade e um toque natural que pode acompanhar diferentes estilos de decora\u00e7\u00e3o, desde r\u00fastico at\u00e9 contempor\u00e2neo. A Banak apresenta v\u00e1rias propostas que unem materiais nobres e solu\u00e7\u00f5es de armazenamento.<\/p>\n<p>A marca enfatiza m\u00f3veis de madeira maci\u00e7a, cria\u00e7\u00e3o artesanal e designs intemporais, pensados para durar. Os modelos destacam-se pela qualidade dos acabamentos e pela valoriza\u00e7\u00e3o de espa\u00e7os organizados, com aten\u00e7\u00e3o aos cabos e ao acesso aos aparelhos eletr\u00f3nicos.<\/p>\n<h3>Nolan<\/h3>\n<p>O Nolan \u00e9 um m\u00f3vel de TV em madeira maci\u00e7a de mangueira. Tem um visual robusto com veios \u00fanicos, que conferem autenticidade. Portas e prateleiras oferecem arruma\u00e7\u00e3o pr\u00e1tica para equipamentos, ajudando a manter a sala organizada sem perder estilo.<\/p>\n<h3>Oblak &#8211; 160 cm<\/h3>\n<p>O Oblak 160 cm combina eleg\u00e2ncia e funcionalidade num design com linhas orientais. Acabamento nogueira confere profundidade, enquanto as gavetas amplas permitem guardar itens n\u00e3o vis\u00edveis. O espa\u00e7o aberto superior facilita a coloca\u00e7\u00e3o de equipamentos.<\/p>\n<h3>Oblak &#8211; 200 cm<\/h3>\n<p>Para salas maiores, o Oblak de 200 cm oferece presen\u00e7a e utilidade iguais. O acabamento branco shabby adiciona um toque vintage subtil, ideal para ambientes rom\u00e2nticos ou com inspira\u00e7\u00e3o proven\u00e7al. A capacidade de arruma\u00e7\u00e3o \u00e9 ampla.<\/p>\n<h3>Nerai<\/h3>\n<p>O Nerai \u00e9 um m\u00f3vel de TV em madeira maci\u00e7a de manga com detalhes em rat\u00e3. A combina\u00e7\u00e3o cria leveza visual e, ao mesmo tempo, solidez. \u00c9 uma pe\u00e7a que aquece o ambiente, equilibrando naturalidade e eleg\u00e2ncia descontra\u00edda.<\/p>\n<p>Banak aposta em materiais nobres e design pensado para o dia a dia, com solu\u00e7\u00f5es que se adaptam a diferentes estilos e necessidades. A oferta refor\u00e7a que a televis\u00e3o pode ser o centro das aten\u00e7\u00f5es, mas o m\u00f3vel certo sustenta o espa\u00e7o.<\/p>\n","protected":false},"excerpt":{"rendered":"<ul>\n<li>O artigo aborda como escolher o m\u00f3vel de TV certo para a sala, considerando tamanho do ambiente, dimens\u00e3o da televis\u00e3o, necessidade de arruma\u00e7\u00e3o e estilo decorativo.<\/li>\n<li>Nolan \u00e9 feito em madeira maci\u00e7a de mangueira, com portas e prateleiras para organiza\u00e7\u00e3o de equipamentos e cabos.<\/li>\n<li>Oblak de 160 cm, em madeira maci\u00e7a de arauc\u00e1ria com acabamento nogueira, oferece gavetas amplas e espa\u00e7o aberto superior.<\/li>\n<li>Oblak de 200 cm, branco com acabamento shabby, funciona bem em salas amplas, com grande capacidade de arruma\u00e7\u00e3o.<\/li>\n<li>Nerai combina madeira de manga com rat\u00e3, criando um look boho artesanal que confere leveza e eleg\u00e2ncia ao espa\u00e7o.<\/li>\n<\/ul>\n","protected":false},"author":2,"featured_media":209739,"comment_status":"closed","ping_status":"closed","sticky":false,"template":"","format":"standard","meta":{"footnotes":""},"categories":[1],"tags":[5015,167,2743,143,859,845],"class_list":["post-209731","post","type-post","status-publish","format-standard","has-post-thumbnail","hentry","category-noticias","tag-acabamentos","tag-ambiente","tag-casas","tag-design","tag-madeira","tag-mobiliario"],"yoast_head":"<!-- This site is optimized with the Yoast SEO plugin v27.2 - https:\/\/yoast.com\/product\/yoast-seo-wordpress\/ -->\n<title>Como escolher o m\u00f3vel ideal para a sala: mesas de TV e mais ideias - Portal Tela Portugal<\/title>\n<meta name=\"robots\" content=\"index, follow, max-snippet:-1, max-image-preview:large, max-video-preview:-1\" \/>\n<meta property=\"og:locale\" content=\"pt_PT\" \/>\n<meta property=\"og:type\" content=\"article\" \/>\n<meta property=\"og:title\" content=\"Como escolher o m\u00f3vel ideal para a sala: mesas de TV e mais ideias - Portal Tela Portugal\" \/>\n<meta property=\"og:description\" content=\"O artigo aborda como escolher o m\u00f3vel de TV certo para a sala, considerando tamanho do ambiente, dimens\u00e3o da televis\u00e3o, necessidade de arruma\u00e7\u00e3o e estilo decorativo. Nolan \u00e9 feito em madeira maci\u00e7a de mangueira, com portas e prateleiras para organiza\u00e7\u00e3o de equipamentos e cabos. Oblak de 160 cm, em madeira maci\u00e7a de arauc\u00e1ria com acabamento nogueira, oferece gavetas amplas e espa\u00e7o aberto superior. Oblak de 200 cm, branco com acabamento shabby, funciona bem em salas amplas, com grande capacidade de arruma\u00e7\u00e3o. Nerai combina madeira de manga com rat\u00e3, criando um look boho artesanal que confere leveza e eleg\u00e2ncia ao espa\u00e7o.\" \/>\n<meta property=\"og:url\" content=\"https:\/\/portaltela.pt\/noticias\/2026\/02\/12\/como-escolher-o-movel-ideal-para-a-sala-mesas-de-tv-e-mais-ideias\/\" \/>\n<meta property=\"og:site_name\" content=\"Portal Tela Portugal\" \/>\n<meta property=\"article:published_time\" content=\"2026-02-12T17:35:42+00:00\" \/>\n<meta name=\"author\" content=\"Telinha\" \/>\n<meta name=\"twitter:card\" content=\"summary_large_image\" \/>\n<meta name=\"twitter:label1\" content=\"Escrito por\" \/>\n\t<meta name=\"twitter:data1\" content=\"Telinha\" \/>\n\t<meta name=\"twitter:label2\" content=\"Tempo estimado de leitura\" \/>\n\t<meta name=\"twitter:data2\" content=\"2 minutos\" \/>\n<script type=\"application\/ld+json\" class=\"yoast-schema-graph\">{\"@context\":\"https:\/\/schema.org\",\"@graph\":[{\"@type\":\"Article\",\"@id\":\"https:\/\/portaltela.pt\/noticias\/2026\/02\/12\/como-escolher-o-movel-ideal-para-a-sala-mesas-de-tv-e-mais-ideias\/#article\",\"isPartOf\":{\"@id\":\"https:\/\/portaltela.pt\/noticias\/2026\/02\/12\/como-escolher-o-movel-ideal-para-a-sala-mesas-de-tv-e-mais-ideias\/\"},\"author\":{\"name\":\"Telinha\",\"@id\":\"https:\/\/portaltela.pt\/#\/schema\/person\/c4278d4a6028830caff9ee44b42d32ed\"},\"headline\":\"Como escolher o m\u00f3vel ideal para a sala: mesas de TV e mais ideias\",\"datePublished\":\"2026-02-12T17:35:42+00:00\",\"mainEntityOfPage\":{\"@id\":\"https:\/\/portaltela.pt\/noticias\/2026\/02\/12\/como-escolher-o-movel-ideal-para-a-sala-mesas-de-tv-e-mais-ideias\/\"},\"wordCount\":395,\"image\":{\"@id\":\"https:\/\/portaltela.pt\/noticias\/2026\/02\/12\/como-escolher-o-movel-ideal-para-a-sala-mesas-de-tv-e-mais-ideias\/#primaryimage\"},\"thumbnailUrl\":\"https:\/\/portaltela.pt\/s.01k8rhncp4jt1\/2026\/02\/img_1280x721uu2026-02-11-22-59-34-2266406.jpg\",\"keywords\":[\"acabamentos\",\"ambiente\",\"casas\",\"design\",\"Madeira\",\"mobili\u00e1rio\"],\"articleSection\":[\"Not\u00edcias\"],\"inLanguage\":\"pt-PT\"},{\"@type\":\"WebPage\",\"@id\":\"https:\/\/portaltela.pt\/noticias\/2026\/02\/12\/como-escolher-o-movel-ideal-para-a-sala-mesas-de-tv-e-mais-ideias\/\",\"url\":\"https:\/\/portaltela.pt\/noticias\/2026\/02\/12\/como-escolher-o-movel-ideal-para-a-sala-mesas-de-tv-e-mais-ideias\/\",\"name\":\"Como escolher o m\u00f3vel ideal para a sala: mesas de TV e mais ideias - Portal Tela Portugal\",\"isPartOf\":{\"@id\":\"https:\/\/portaltela.pt\/#website\"},\"primaryImageOfPage\":{\"@id\":\"https:\/\/portaltela.pt\/noticias\/2026\/02\/12\/como-escolher-o-movel-ideal-para-a-sala-mesas-de-tv-e-mais-ideias\/#primaryimage\"},\"image\":{\"@id\":\"https:\/\/portaltela.pt\/noticias\/2026\/02\/12\/como-escolher-o-movel-ideal-para-a-sala-mesas-de-tv-e-mais-ideias\/#primaryimage\"},\"thumbnailUrl\":\"https:\/\/portaltela.pt\/s.01k8rhncp4jt1\/2026\/02\/img_1280x721uu2026-02-11-22-59-34-2266406.jpg\",\"datePublished\":\"2026-02-12T17:35:42+00:00\",\"author\":{\"@id\":\"https:\/\/portaltela.pt\/#\/schema\/person\/c4278d4a6028830caff9ee44b42d32ed\"},\"breadcrumb\":{\"@id\":\"https:\/\/portaltela.pt\/noticias\/2026\/02\/12\/como-escolher-o-movel-ideal-para-a-sala-mesas-de-tv-e-mais-ideias\/#breadcrumb\"},\"inLanguage\":\"pt-PT\",\"potentialAction\":[{\"@type\":\"ReadAction\",\"target\":[\"https:\/\/portaltela.pt\/noticias\/2026\/02\/12\/como-escolher-o-movel-ideal-para-a-sala-mesas-de-tv-e-mais-ideias\/\"]}]},{\"@type\":\"ImageObject\",\"inLanguage\":\"pt-PT\",\"@id\":\"https:\/\/portaltela.pt\/noticias\/2026\/02\/12\/como-escolher-o-movel-ideal-para-a-sala-mesas-de-tv-e-mais-ideias\/#primaryimage\",\"url\":\"https:\/\/portaltela.pt\/s.01k8rhncp4jt1\/2026\/02\/img_1280x721uu2026-02-11-22-59-34-2266406.jpg\",\"contentUrl\":\"https:\/\/portaltela.pt\/s.01k8rhncp4jt1\/2026\/02\/img_1280x721uu2026-02-11-22-59-34-2266406.jpg\",\"width\":796,\"height\":448,\"caption\":\"Sala de estar luminosa com m\u00f3veis de madeira e sof\u00e1 confort\u00e1vel\"},{\"@type\":\"BreadcrumbList\",\"@id\":\"https:\/\/portaltela.pt\/noticias\/2026\/02\/12\/como-escolher-o-movel-ideal-para-a-sala-mesas-de-tv-e-mais-ideias\/#breadcrumb\",\"itemListElement\":[{\"@type\":\"ListItem\",\"position\":1,\"name\":\"In\u00edcio\",\"item\":\"https:\/\/portaltela.pt\/\"},{\"@type\":\"ListItem\",\"position\":2,\"name\":\"Como escolher o m\u00f3vel ideal para a sala: mesas de TV e mais ideias\"}]},{\"@type\":\"WebSite\",\"@id\":\"https:\/\/portaltela.pt\/#website\",\"url\":\"https:\/\/portaltela.pt\/\",\"name\":\"Portal Tela Portugal\",\"description\":\"\",\"potentialAction\":[{\"@type\":\"SearchAction\",\"target\":{\"@type\":\"EntryPoint\",\"urlTemplate\":\"https:\/\/portaltela.pt\/?s={search_term_string}\"},\"query-input\":{\"@type\":\"PropertyValueSpecification\",\"valueRequired\":true,\"valueName\":\"search_term_string\"}}],\"inLanguage\":\"pt-PT\"},{\"@type\":\"Person\",\"@id\":\"https:\/\/portaltela.pt\/#\/schema\/person\/c4278d4a6028830caff9ee44b42d32ed\",\"name\":\"Telinha\",\"image\":{\"@type\":\"ImageObject\",\"inLanguage\":\"pt-PT\",\"@id\":\"https:\/\/portaltela.pt\/s.01k8rhncp4jt1\/2025\/11\/talking-bot-125x125.png\",\"url\":\"https:\/\/portaltela.pt\/s.01k8rhncp4jt1\/2025\/11\/talking-bot-125x125.png\",\"contentUrl\":\"https:\/\/portaltela.pt\/s.01k8rhncp4jt1\/2025\/11\/talking-bot-125x125.png\",\"caption\":\"Telinha\"},\"sameAs\":[\"https:\/\/portaltela.pt\/\"],\"url\":\"https:\/\/portaltela.pt\/por\/367410592786\/\"}]}<\/script>\n<!-- \/ Yoast SEO plugin. -->","yoast_head_json":{"title":"Como escolher o m\u00f3vel ideal para a sala: mesas de TV e mais ideias - Portal Tela Portugal","robots":{"index":"index","follow":"follow","max-snippet":"max-snippet:-1","max-image-preview":"max-image-preview:large","max-video-preview":"max-video-preview:-1"},"og_locale":"pt_PT","og_type":"article","og_title":"Como escolher o m\u00f3vel ideal para a sala: mesas de TV e mais ideias - Portal Tela Portugal","og_description":"O artigo aborda como escolher o m\u00f3vel de TV certo para a sala, considerando tamanho do ambiente, dimens\u00e3o da televis\u00e3o, necessidade de arruma\u00e7\u00e3o e estilo decorativo. Nolan \u00e9 feito em madeira maci\u00e7a de mangueira, com portas e prateleiras para organiza\u00e7\u00e3o de equipamentos e cabos. Oblak de 160 cm, em madeira maci\u00e7a de arauc\u00e1ria com acabamento nogueira, oferece gavetas amplas e espa\u00e7o aberto superior. Oblak de 200 cm, branco com acabamento shabby, funciona bem em salas amplas, com grande capacidade de arruma\u00e7\u00e3o. Nerai combina madeira de manga com rat\u00e3, criando um look boho artesanal que confere leveza e eleg\u00e2ncia ao espa\u00e7o.","og_url":"https:\/\/portaltela.pt\/noticias\/2026\/02\/12\/como-escolher-o-movel-ideal-para-a-sala-mesas-de-tv-e-mais-ideias\/","og_site_name":"Portal Tela Portugal","article_published_time":"2026-02-12T17:35:42+00:00","author":"Telinha","twitter_card":"summary_large_image","twitter_misc":{"Escrito por":"Telinha","Tempo estimado de leitura":"2 minutos"},"schema":{"@context":"https:\/\/schema.org","@graph":[{"@type":"Article","@id":"https:\/\/portaltela.pt\/noticias\/2026\/02\/12\/como-escolher-o-movel-ideal-para-a-sala-mesas-de-tv-e-mais-ideias\/#article","isPartOf":{"@id":"https:\/\/portaltela.pt\/noticias\/2026\/02\/12\/como-escolher-o-movel-ideal-para-a-sala-mesas-de-tv-e-mais-ideias\/"},"author":{"name":"Telinha","@id":"https:\/\/portaltela.pt\/#\/schema\/person\/c4278d4a6028830caff9ee44b42d32ed"},"headline":"Como escolher o m\u00f3vel ideal para a sala: mesas de TV e mais ideias","datePublished":"2026-02-12T17:35:42+00:00","mainEntityOfPage":{"@id":"https:\/\/portaltela.pt\/noticias\/2026\/02\/12\/como-escolher-o-movel-ideal-para-a-sala-mesas-de-tv-e-mais-ideias\/"},"wordCount":395,"image":{"@id":"https:\/\/portaltela.pt\/noticias\/2026\/02\/12\/como-escolher-o-movel-ideal-para-a-sala-mesas-de-tv-e-mais-ideias\/#primaryimage"},"thumbnailUrl":"https:\/\/portaltela.pt\/s.01k8rhncp4jt1\/2026\/02\/img_1280x721uu2026-02-11-22-59-34-2266406.jpg","keywords":["acabamentos","ambiente","casas","design","Madeira","mobili\u00e1rio"],"articleSection":["Not\u00edcias"],"inLanguage":"pt-PT"},{"@type":"WebPage","@id":"https:\/\/portaltela.pt\/noticias\/2026\/02\/12\/como-escolher-o-movel-ideal-para-a-sala-mesas-de-tv-e-mais-ideias\/","url":"https:\/\/portaltela.pt\/noticias\/2026\/02\/12\/como-escolher-o-movel-ideal-para-a-sala-mesas-de-tv-e-mais-ideias\/","name":"Como escolher o m\u00f3vel ideal para a sala: mesas de TV e mais ideias - Portal Tela Portugal","isPartOf":{"@id":"https:\/\/portaltela.pt\/#website"},"primaryImageOfPage":{"@id":"https:\/\/portaltela.pt\/noticias\/2026\/02\/12\/como-escolher-o-movel-ideal-para-a-sala-mesas-de-tv-e-mais-ideias\/#primaryimage"},"image":{"@id":"https:\/\/portaltela.pt\/noticias\/2026\/02\/12\/como-escolher-o-movel-ideal-para-a-sala-mesas-de-tv-e-mais-ideias\/#primaryimage"},"thumbnailUrl":"https:\/\/portaltela.pt\/s.01k8rhncp4jt1\/2026\/02\/img_1280x721uu2026-02-11-22-59-34-2266406.jpg","datePublished":"2026-02-12T17:35:42+00:00","author":{"@id":"https:\/\/portaltela.pt\/#\/schema\/person\/c4278d4a6028830caff9ee44b42d32ed"},"breadcrumb":{"@id":"https:\/\/portaltela.pt\/noticias\/2026\/02\/12\/como-escolher-o-movel-ideal-para-a-sala-mesas-de-tv-e-mais-ideias\/#breadcrumb"},"inLanguage":"pt-PT","potentialAction":[{"@type":"ReadAction","target":["https:\/\/portaltela.pt\/noticias\/2026\/02\/12\/como-escolher-o-movel-ideal-para-a-sala-mesas-de-tv-e-mais-ideias\/"]}]},{"@type":"ImageObject","inLanguage":"pt-PT","@id":"https:\/\/portaltela.pt\/noticias\/2026\/02\/12\/como-escolher-o-movel-ideal-para-a-sala-mesas-de-tv-e-mais-ideias\/#primaryimage","url":"https:\/\/portaltela.pt\/s.01k8rhncp4jt1\/2026\/02\/img_1280x721uu2026-02-11-22-59-34-2266406.jpg","contentUrl":"https:\/\/portaltela.pt\/s.01k8rhncp4jt1\/2026\/02\/img_1280x721uu2026-02-11-22-59-34-2266406.jpg","width":796,"height":448,"caption":"Sala de estar luminosa com m\u00f3veis de madeira e sof\u00e1 confort\u00e1vel"},{"@type":"BreadcrumbList","@id":"https:\/\/portaltela.pt\/noticias\/2026\/02\/12\/como-escolher-o-movel-ideal-para-a-sala-mesas-de-tv-e-mais-ideias\/#breadcrumb","itemListElement":[{"@type":"ListItem","position":1,"name":"In\u00edcio","item":"https:\/\/portaltela.pt\/"},{"@type":"ListItem","position":2,"name":"Como escolher o m\u00f3vel ideal para a sala: mesas de TV e mais ideias"}]},{"@type":"WebSite","@id":"https:\/\/portaltela.pt\/#website","url":"https:\/\/portaltela.pt\/","name":"Portal Tela Portugal","description":"","potentialAction":[{"@type":"SearchAction","target":{"@type":"EntryPoint","urlTemplate":"https:\/\/portaltela.pt\/?s={search_term_string}"},"query-input":{"@type":"PropertyValueSpecification","valueRequired":true,"valueName":"search_term_string"}}],"inLanguage":"pt-PT"},{"@type":"Person","@id":"https:\/\/portaltela.pt\/#\/schema\/person\/c4278d4a6028830caff9ee44b42d32ed","name":"Telinha","image":{"@type":"ImageObject","inLanguage":"pt-PT","@id":"https:\/\/portaltela.pt\/s.01k8rhncp4jt1\/2025\/11\/talking-bot-125x125.png","url":"https:\/\/portaltela.pt\/s.01k8rhncp4jt1\/2025\/11\/talking-bot-125x125.png","contentUrl":"https:\/\/portaltela.pt\/s.01k8rhncp4jt1\/2025\/11\/talking-bot-125x125.png","caption":"Telinha"},"sameAs":["https:\/\/portaltela.pt\/"],"url":"https:\/\/portaltela.pt\/por\/367410592786\/"}]}},"_links":{"self":[{"href":"https:\/\/portaltela.pt\/api\/wp\/v2\/posts\/209731","targetHints":{"allow":["GET"]}}],"collection":[{"href":"https:\/\/portaltela.pt\/api\/wp\/v2\/posts"}],"about":[{"href":"https:\/\/portaltela.pt\/api\/wp\/v2\/types\/post"}],"author":[{"embeddable":true,"href":"https:\/\/portaltela.pt\/api\/wp\/v2\/users\/2"}],"replies":[{"embeddable":true,"href":"https:\/\/portaltela.pt\/api\/wp\/v2\/comments?post=209731"}],"version-history":[{"count":0,"href":"https:\/\/portaltela.pt\/api\/wp\/v2\/posts\/209731\/revisions"}],"wp:featuredmedia":[{"embeddable":true,"href":"https:\/\/portaltela.pt\/api\/wp\/v2\/media\/209739"}],"wp:attachment":[{"href":"https:\/\/portaltela.pt\/api\/wp\/v2\/media?parent=209731"}],"wp:term":[{"taxonomy":"category","embeddable":true,"href":"https:\/\/portaltela.pt\/api\/wp\/v2\/categories?post=209731"},{"taxonomy":"post_tag","embeddable":true,"href":"https:\/\/portaltela.pt\/api\/wp\/v2\/tags?post=209731"}],"curies":[{"name":"wp","href":"https:\/\/api.w.org\/{rel}","templated":true}]}}