{"id":209718,"date":"2026-02-12T14:25:00","date_gmt":"2026-02-12T17:25:00","guid":{"rendered":"https:\/\/portaltela.pt\/noticias\/2026\/02\/12\/quatro-suspeitos-de-trafico-internacional-detidos-no-porto\/"},"modified":"2026-02-12T14:25:00","modified_gmt":"2026-02-12T17:25:00","slug":"quatro-suspeitos-de-trafico-internacional-detidos-no-porto","status":"publish","type":"post","link":"https:\/\/portaltela.pt\/noticias\/2026\/02\/12\/quatro-suspeitos-de-trafico-internacional-detidos-no-porto\/","title":{"rendered":"Quatro suspeitos de tr\u00e1fico internacional detidos no Porto"},"content":{"rendered":"<p>Quatro homens, com antigo registo em tr\u00e1fico de droga, foram detidos pela Pol\u00edcia Judici\u00e1ria do Porto por suspeitas de liga\u00e7\u00e3o \u00e0 importa\u00e7\u00e3o de centenas de quilos de coca\u00edna via o Porto de Leix\u00f5es. A opera\u00e7\u00e3o envolve a coopera\u00e7\u00e3o com a Autoridade Tribut\u00e1ria e Aduaneira.<\/p>\n<p>A PJ informou que, em fevereiro de 2025, j\u00e1 tinham ocorrido duas grandes apreens\u00f5es no Porto de Leix\u00f5es, com mais de 420 quilos de coca\u00edna em contentores de transporte mar\u00edtimo, de alto grau de pureza. Os detidos tinham liga\u00e7\u00f5es a redes internacionais.<\/p>\n<p>Segundo o JN, os suspeitos atuavam com a cumplicidade de funcion\u00e1rios do porto, j\u00e1 detidos em opera\u00e7\u00f5es anteriores. As investiga\u00e7\u00f5es come\u00e7aram no fim de 2024, numa linha que visa redes que usavam Leix\u00f5es como porta de entrada na Europa.<\/p>\n<h3>Opera\u00e7\u00e3o e deten\u00e7\u00f5es<\/h3>\n<p>Quase 50 inspetores participaram na a\u00e7\u00e3o, que incluiu uma dezena de buscas no Grande Porto. Os quatro suspeitos, com idades entre 33 e 35 anos, foram presentes no Tribunal de Instru\u00e7\u00e3o Criminal do Porto, com as medidas de coa\u00e7\u00e3o ainda por divulgar.<\/p>\n","protected":false},"excerpt":{"rendered":"<ul>\n<li>A Pol\u00edcia Judici\u00e1ria do Porto deteve quatro homens suspeitos de liga\u00e7\u00e3o ao tr\u00e1fico internacional de droga, ligados \u00e0 importa\u00e7\u00e3o de centenas de quilos de coca\u00edna pelo Porto de Leix\u00f5es.<\/li>\n<li>As investiga\u00e7\u00f5es, em parceria com a Autoridade Tribut\u00e1ria e Aduaneira, j\u00e1 tinham conduzido a duas grandes apreens\u00f5es no Porto de Leix\u00f5es em fevereiro de 2025, com mais de 420 quilos de coca\u00edna em contentores.<\/li>\n<li>Os suspeitos atuavam com a cumplicidade de funcion\u00e1rios do Porto de Leix\u00f5es, que j\u00e1 foram detidos em opera\u00e7\u00f5es anteriores.<\/li>\n<li>As detec\u00e7\u00f5es encerram duas investiga\u00e7\u00f5es iniciadas em finais de 2024, dirigidas a redes de tr\u00e1fico com ramifica\u00e7\u00f5es internacionais que usavam Leix\u00f5es como porta de entrada na Europa de coca\u00edna.<\/li>\n<li>Cerca de cinquenta inspetores realizaram buscas no Grande Porto; os quatro homens, com idades entre 33 e 35 anos, foram apresentados no Tribunal de Instru\u00e7\u00e3o Criminal do Porto, e as medidas de coa\u00e7\u00e3o n\u00e3o foram divulgadas.<\/li>\n<\/ul>\n","protected":false},"author":2,"featured_media":209725,"comment_status":"closed","ping_status":"closed","sticky":false,"template":"","format":"standard","meta":{"footnotes":""},"categories":[1],"tags":[3055,1890,1802,982,96,2349],"class_list":["post-209718","post","type-post","status-publish","format-standard","has-post-thumbnail","hentry","category-noticias","tag-autoridade-aduaneira","tag-leixoes","tag-policia-judiciaria","tag-porto","tag-trafico-de-droga","tag-trafico-de-drogas"],"yoast_head":"<!-- This site is optimized with the Yoast SEO plugin v27.2 - https:\/\/yoast.com\/product\/yoast-seo-wordpress\/ -->\n<title>Quatro suspeitos de tr\u00e1fico internacional detidos no Porto - Portal Tela Portugal<\/title>\n<meta name=\"robots\" content=\"index, follow, max-snippet:-1, max-image-preview:large, max-video-preview:-1\" \/>\n<meta property=\"og:locale\" content=\"pt_PT\" \/>\n<meta property=\"og:type\" content=\"article\" \/>\n<meta property=\"og:title\" content=\"Quatro suspeitos de tr\u00e1fico internacional detidos no Porto - Portal Tela Portugal\" \/>\n<meta property=\"og:description\" content=\"A Pol\u00edcia Judici\u00e1ria do Porto deteve quatro homens suspeitos de liga\u00e7\u00e3o ao tr\u00e1fico internacional de droga, ligados \u00e0 importa\u00e7\u00e3o de centenas de quilos de coca\u00edna pelo Porto de Leix\u00f5es. As investiga\u00e7\u00f5es, em parceria com a Autoridade Tribut\u00e1ria e Aduaneira, j\u00e1 tinham conduzido a duas grandes apreens\u00f5es no Porto de Leix\u00f5es em fevereiro de 2025, com mais de 420 quilos de coca\u00edna em contentores. Os suspeitos atuavam com a cumplicidade de funcion\u00e1rios do Porto de Leix\u00f5es, que j\u00e1 foram detidos em opera\u00e7\u00f5es anteriores. As detec\u00e7\u00f5es encerram duas investiga\u00e7\u00f5es iniciadas em finais de 2024, dirigidas a redes de tr\u00e1fico com ramifica\u00e7\u00f5es internacionais que usavam Leix\u00f5es como porta de entrada na Europa de coca\u00edna. Cerca de cinquenta inspetores realizaram buscas no Grande Porto; os quatro homens, com idades entre 33 e 35 anos, foram apresentados no Tribunal de Instru\u00e7\u00e3o Criminal do Porto, e as medidas de coa\u00e7\u00e3o n\u00e3o foram divulgadas.\" \/>\n<meta property=\"og:url\" content=\"https:\/\/portaltela.pt\/noticias\/2026\/02\/12\/quatro-suspeitos-de-trafico-internacional-detidos-no-porto\/\" \/>\n<meta property=\"og:site_name\" content=\"Portal Tela Portugal\" \/>\n<meta property=\"article:published_time\" content=\"2026-02-12T17:25:00+00:00\" \/>\n<meta name=\"author\" content=\"Telinha\" \/>\n<meta name=\"twitter:card\" content=\"summary_large_image\" \/>\n<meta name=\"twitter:label1\" content=\"Escrito por\" \/>\n\t<meta name=\"twitter:data1\" content=\"Telinha\" \/>\n\t<meta name=\"twitter:label2\" content=\"Tempo estimado de leitura\" \/>\n\t<meta name=\"twitter:data2\" content=\"1 minuto\" \/>\n<script type=\"application\/ld+json\" class=\"yoast-schema-graph\">{\"@context\":\"https:\/\/schema.org\",\"@graph\":[{\"@type\":\"Article\",\"@id\":\"https:\/\/portaltela.pt\/noticias\/2026\/02\/12\/quatro-suspeitos-de-trafico-internacional-detidos-no-porto\/#article\",\"isPartOf\":{\"@id\":\"https:\/\/portaltela.pt\/noticias\/2026\/02\/12\/quatro-suspeitos-de-trafico-internacional-detidos-no-porto\/\"},\"author\":{\"name\":\"Telinha\",\"@id\":\"https:\/\/portaltela.pt\/#\/schema\/person\/c4278d4a6028830caff9ee44b42d32ed\"},\"headline\":\"Quatro suspeitos de tr\u00e1fico internacional detidos no Porto\",\"datePublished\":\"2026-02-12T17:25:00+00:00\",\"mainEntityOfPage\":{\"@id\":\"https:\/\/portaltela.pt\/noticias\/2026\/02\/12\/quatro-suspeitos-de-trafico-internacional-detidos-no-porto\/\"},\"wordCount\":197,\"image\":{\"@id\":\"https:\/\/portaltela.pt\/noticias\/2026\/02\/12\/quatro-suspeitos-de-trafico-internacional-detidos-no-porto\/#primaryimage\"},\"thumbnailUrl\":\"https:\/\/portaltela.pt\/s.01k8rhncp4jt1\/2026\/02\/image-971.jpg\",\"keywords\":[\"Autoridade Aduaneira\",\"Leix\u00f5es\",\"Pol\u00edcia Judici\u00e1ria\",\"Porto\",\"tr\u00e1fico de droga\",\"tr\u00e1fico de drogas\"],\"articleSection\":[\"Not\u00edcias\"],\"inLanguage\":\"pt-PT\"},{\"@type\":\"WebPage\",\"@id\":\"https:\/\/portaltela.pt\/noticias\/2026\/02\/12\/quatro-suspeitos-de-trafico-internacional-detidos-no-porto\/\",\"url\":\"https:\/\/portaltela.pt\/noticias\/2026\/02\/12\/quatro-suspeitos-de-trafico-internacional-detidos-no-porto\/\",\"name\":\"Quatro suspeitos de tr\u00e1fico internacional detidos no Porto - Portal Tela Portugal\",\"isPartOf\":{\"@id\":\"https:\/\/portaltela.pt\/#website\"},\"primaryImageOfPage\":{\"@id\":\"https:\/\/portaltela.pt\/noticias\/2026\/02\/12\/quatro-suspeitos-de-trafico-internacional-detidos-no-porto\/#primaryimage\"},\"image\":{\"@id\":\"https:\/\/portaltela.pt\/noticias\/2026\/02\/12\/quatro-suspeitos-de-trafico-internacional-detidos-no-porto\/#primaryimage\"},\"thumbnailUrl\":\"https:\/\/portaltela.pt\/s.01k8rhncp4jt1\/2026\/02\/image-971.jpg\",\"datePublished\":\"2026-02-12T17:25:00+00:00\",\"author\":{\"@id\":\"https:\/\/portaltela.pt\/#\/schema\/person\/c4278d4a6028830caff9ee44b42d32ed\"},\"breadcrumb\":{\"@id\":\"https:\/\/portaltela.pt\/noticias\/2026\/02\/12\/quatro-suspeitos-de-trafico-internacional-detidos-no-porto\/#breadcrumb\"},\"inLanguage\":\"pt-PT\",\"potentialAction\":[{\"@type\":\"ReadAction\",\"target\":[\"https:\/\/portaltela.pt\/noticias\/2026\/02\/12\/quatro-suspeitos-de-trafico-internacional-detidos-no-porto\/\"]}]},{\"@type\":\"ImageObject\",\"inLanguage\":\"pt-PT\",\"@id\":\"https:\/\/portaltela.pt\/noticias\/2026\/02\/12\/quatro-suspeitos-de-trafico-internacional-detidos-no-porto\/#primaryimage\",\"url\":\"https:\/\/portaltela.pt\/s.01k8rhncp4jt1\/2026\/02\/image-971.jpg\",\"contentUrl\":\"https:\/\/portaltela.pt\/s.01k8rhncp4jt1\/2026\/02\/image-971.jpg\",\"width\":796,\"height\":448,\"caption\":\"Droga entrava pelo Porto de Leix\u00f5es\"},{\"@type\":\"BreadcrumbList\",\"@id\":\"https:\/\/portaltela.pt\/noticias\/2026\/02\/12\/quatro-suspeitos-de-trafico-internacional-detidos-no-porto\/#breadcrumb\",\"itemListElement\":[{\"@type\":\"ListItem\",\"position\":1,\"name\":\"In\u00edcio\",\"item\":\"https:\/\/portaltela.pt\/\"},{\"@type\":\"ListItem\",\"position\":2,\"name\":\"Quatro suspeitos de tr\u00e1fico internacional detidos no Porto\"}]},{\"@type\":\"WebSite\",\"@id\":\"https:\/\/portaltela.pt\/#website\",\"url\":\"https:\/\/portaltela.pt\/\",\"name\":\"Portal Tela Portugal\",\"description\":\"\",\"potentialAction\":[{\"@type\":\"SearchAction\",\"target\":{\"@type\":\"EntryPoint\",\"urlTemplate\":\"https:\/\/portaltela.pt\/?s={search_term_string}\"},\"query-input\":{\"@type\":\"PropertyValueSpecification\",\"valueRequired\":true,\"valueName\":\"search_term_string\"}}],\"inLanguage\":\"pt-PT\"},{\"@type\":\"Person\",\"@id\":\"https:\/\/portaltela.pt\/#\/schema\/person\/c4278d4a6028830caff9ee44b42d32ed\",\"name\":\"Telinha\",\"image\":{\"@type\":\"ImageObject\",\"inLanguage\":\"pt-PT\",\"@id\":\"https:\/\/portaltela.pt\/s.01k8rhncp4jt1\/2025\/11\/talking-bot-125x125.png\",\"url\":\"https:\/\/portaltela.pt\/s.01k8rhncp4jt1\/2025\/11\/talking-bot-125x125.png\",\"contentUrl\":\"https:\/\/portaltela.pt\/s.01k8rhncp4jt1\/2025\/11\/talking-bot-125x125.png\",\"caption\":\"Telinha\"},\"sameAs\":[\"https:\/\/portaltela.pt\/\"],\"url\":\"https:\/\/portaltela.pt\/por\/367410592786\/\"}]}<\/script>\n<!-- \/ Yoast SEO plugin. -->","yoast_head_json":{"title":"Quatro suspeitos de tr\u00e1fico internacional detidos no Porto - Portal Tela Portugal","robots":{"index":"index","follow":"follow","max-snippet":"max-snippet:-1","max-image-preview":"max-image-preview:large","max-video-preview":"max-video-preview:-1"},"og_locale":"pt_PT","og_type":"article","og_title":"Quatro suspeitos de tr\u00e1fico internacional detidos no Porto - Portal Tela Portugal","og_description":"A Pol\u00edcia Judici\u00e1ria do Porto deteve quatro homens suspeitos de liga\u00e7\u00e3o ao tr\u00e1fico internacional de droga, ligados \u00e0 importa\u00e7\u00e3o de centenas de quilos de coca\u00edna pelo Porto de Leix\u00f5es. As investiga\u00e7\u00f5es, em parceria com a Autoridade Tribut\u00e1ria e Aduaneira, j\u00e1 tinham conduzido a duas grandes apreens\u00f5es no Porto de Leix\u00f5es em fevereiro de 2025, com mais de 420 quilos de coca\u00edna em contentores. Os suspeitos atuavam com a cumplicidade de funcion\u00e1rios do Porto de Leix\u00f5es, que j\u00e1 foram detidos em opera\u00e7\u00f5es anteriores. As detec\u00e7\u00f5es encerram duas investiga\u00e7\u00f5es iniciadas em finais de 2024, dirigidas a redes de tr\u00e1fico com ramifica\u00e7\u00f5es internacionais que usavam Leix\u00f5es como porta de entrada na Europa de coca\u00edna. Cerca de cinquenta inspetores realizaram buscas no Grande Porto; os quatro homens, com idades entre 33 e 35 anos, foram apresentados no Tribunal de Instru\u00e7\u00e3o Criminal do Porto, e as medidas de coa\u00e7\u00e3o n\u00e3o foram divulgadas.","og_url":"https:\/\/portaltela.pt\/noticias\/2026\/02\/12\/quatro-suspeitos-de-trafico-internacional-detidos-no-porto\/","og_site_name":"Portal Tela Portugal","article_published_time":"2026-02-12T17:25:00+00:00","author":"Telinha","twitter_card":"summary_large_image","twitter_misc":{"Escrito por":"Telinha","Tempo estimado de leitura":"1 minuto"},"schema":{"@context":"https:\/\/schema.org","@graph":[{"@type":"Article","@id":"https:\/\/portaltela.pt\/noticias\/2026\/02\/12\/quatro-suspeitos-de-trafico-internacional-detidos-no-porto\/#article","isPartOf":{"@id":"https:\/\/portaltela.pt\/noticias\/2026\/02\/12\/quatro-suspeitos-de-trafico-internacional-detidos-no-porto\/"},"author":{"name":"Telinha","@id":"https:\/\/portaltela.pt\/#\/schema\/person\/c4278d4a6028830caff9ee44b42d32ed"},"headline":"Quatro suspeitos de tr\u00e1fico internacional detidos no Porto","datePublished":"2026-02-12T17:25:00+00:00","mainEntityOfPage":{"@id":"https:\/\/portaltela.pt\/noticias\/2026\/02\/12\/quatro-suspeitos-de-trafico-internacional-detidos-no-porto\/"},"wordCount":197,"image":{"@id":"https:\/\/portaltela.pt\/noticias\/2026\/02\/12\/quatro-suspeitos-de-trafico-internacional-detidos-no-porto\/#primaryimage"},"thumbnailUrl":"https:\/\/portaltela.pt\/s.01k8rhncp4jt1\/2026\/02\/image-971.jpg","keywords":["Autoridade Aduaneira","Leix\u00f5es","Pol\u00edcia Judici\u00e1ria","Porto","tr\u00e1fico de droga","tr\u00e1fico de drogas"],"articleSection":["Not\u00edcias"],"inLanguage":"pt-PT"},{"@type":"WebPage","@id":"https:\/\/portaltela.pt\/noticias\/2026\/02\/12\/quatro-suspeitos-de-trafico-internacional-detidos-no-porto\/","url":"https:\/\/portaltela.pt\/noticias\/2026\/02\/12\/quatro-suspeitos-de-trafico-internacional-detidos-no-porto\/","name":"Quatro suspeitos de tr\u00e1fico internacional detidos no Porto - Portal Tela Portugal","isPartOf":{"@id":"https:\/\/portaltela.pt\/#website"},"primaryImageOfPage":{"@id":"https:\/\/portaltela.pt\/noticias\/2026\/02\/12\/quatro-suspeitos-de-trafico-internacional-detidos-no-porto\/#primaryimage"},"image":{"@id":"https:\/\/portaltela.pt\/noticias\/2026\/02\/12\/quatro-suspeitos-de-trafico-internacional-detidos-no-porto\/#primaryimage"},"thumbnailUrl":"https:\/\/portaltela.pt\/s.01k8rhncp4jt1\/2026\/02\/image-971.jpg","datePublished":"2026-02-12T17:25:00+00:00","author":{"@id":"https:\/\/portaltela.pt\/#\/schema\/person\/c4278d4a6028830caff9ee44b42d32ed"},"breadcrumb":{"@id":"https:\/\/portaltela.pt\/noticias\/2026\/02\/12\/quatro-suspeitos-de-trafico-internacional-detidos-no-porto\/#breadcrumb"},"inLanguage":"pt-PT","potentialAction":[{"@type":"ReadAction","target":["https:\/\/portaltela.pt\/noticias\/2026\/02\/12\/quatro-suspeitos-de-trafico-internacional-detidos-no-porto\/"]}]},{"@type":"ImageObject","inLanguage":"pt-PT","@id":"https:\/\/portaltela.pt\/noticias\/2026\/02\/12\/quatro-suspeitos-de-trafico-internacional-detidos-no-porto\/#primaryimage","url":"https:\/\/portaltela.pt\/s.01k8rhncp4jt1\/2026\/02\/image-971.jpg","contentUrl":"https:\/\/portaltela.pt\/s.01k8rhncp4jt1\/2026\/02\/image-971.jpg","width":796,"height":448,"caption":"Droga entrava pelo Porto de Leix\u00f5es"},{"@type":"BreadcrumbList","@id":"https:\/\/portaltela.pt\/noticias\/2026\/02\/12\/quatro-suspeitos-de-trafico-internacional-detidos-no-porto\/#breadcrumb","itemListElement":[{"@type":"ListItem","position":1,"name":"In\u00edcio","item":"https:\/\/portaltela.pt\/"},{"@type":"ListItem","position":2,"name":"Quatro suspeitos de tr\u00e1fico internacional detidos no Porto"}]},{"@type":"WebSite","@id":"https:\/\/portaltela.pt\/#website","url":"https:\/\/portaltela.pt\/","name":"Portal Tela Portugal","description":"","potentialAction":[{"@type":"SearchAction","target":{"@type":"EntryPoint","urlTemplate":"https:\/\/portaltela.pt\/?s={search_term_string}"},"query-input":{"@type":"PropertyValueSpecification","valueRequired":true,"valueName":"search_term_string"}}],"inLanguage":"pt-PT"},{"@type":"Person","@id":"https:\/\/portaltela.pt\/#\/schema\/person\/c4278d4a6028830caff9ee44b42d32ed","name":"Telinha","image":{"@type":"ImageObject","inLanguage":"pt-PT","@id":"https:\/\/portaltela.pt\/s.01k8rhncp4jt1\/2025\/11\/talking-bot-125x125.png","url":"https:\/\/portaltela.pt\/s.01k8rhncp4jt1\/2025\/11\/talking-bot-125x125.png","contentUrl":"https:\/\/portaltela.pt\/s.01k8rhncp4jt1\/2025\/11\/talking-bot-125x125.png","caption":"Telinha"},"sameAs":["https:\/\/portaltela.pt\/"],"url":"https:\/\/portaltela.pt\/por\/367410592786\/"}]}},"_links":{"self":[{"href":"https:\/\/portaltela.pt\/api\/wp\/v2\/posts\/209718","targetHints":{"allow":["GET"]}}],"collection":[{"href":"https:\/\/portaltela.pt\/api\/wp\/v2\/posts"}],"about":[{"href":"https:\/\/portaltela.pt\/api\/wp\/v2\/types\/post"}],"author":[{"embeddable":true,"href":"https:\/\/portaltela.pt\/api\/wp\/v2\/users\/2"}],"replies":[{"embeddable":true,"href":"https:\/\/portaltela.pt\/api\/wp\/v2\/comments?post=209718"}],"version-history":[{"count":0,"href":"https:\/\/portaltela.pt\/api\/wp\/v2\/posts\/209718\/revisions"}],"wp:featuredmedia":[{"embeddable":true,"href":"https:\/\/portaltela.pt\/api\/wp\/v2\/media\/209725"}],"wp:attachment":[{"href":"https:\/\/portaltela.pt\/api\/wp\/v2\/media?parent=209718"}],"wp:term":[{"taxonomy":"category","embeddable":true,"href":"https:\/\/portaltela.pt\/api\/wp\/v2\/categories?post=209718"},{"taxonomy":"post_tag","embeddable":true,"href":"https:\/\/portaltela.pt\/api\/wp\/v2\/tags?post=209718"}],"curies":[{"name":"wp","href":"https:\/\/api.w.org\/{rel}","templated":true}]}}