{"id":209661,"date":"2026-02-12T13:59:00","date_gmt":"2026-02-12T16:59:00","guid":{"rendered":"https:\/\/portaltela.pt\/noticias\/2026\/02\/12\/autoridades-mocambicanas-pedem-evacuacao-de-populacoes-no-sul-por-ciclone\/"},"modified":"2026-02-12T13:59:00","modified_gmt":"2026-02-12T16:59:00","slug":"autoridades-mocambicanas-pedem-evacuacao-de-populacoes-no-sul-por-ciclone","status":"publish","type":"post","link":"https:\/\/portaltela.pt\/noticias\/2026\/02\/12\/autoridades-mocambicanas-pedem-evacuacao-de-populacoes-no-sul-por-ciclone\/","title":{"rendered":"Autoridades mo\u00e7ambicanas pedem evacua\u00e7\u00e3o de popula\u00e7\u00f5es no sul por ciclone"},"content":{"rendered":"<p>As autoridades mo\u00e7ambicanas apelaram hoje \u00e0 retirada preventiva das popula\u00e7\u00f5es das zonas costeiras das prov\u00edncias de Inhambane, Gaza e Sofala, no sul e centro, face \u00e0 aproxima\u00e7\u00e3o da tempestade tropical Gezani, prevista evoluir para ciclone.<\/p>\n<p>A medida visa reduzir riscos para comunidades costeiras, \u00e0 medida que Gezani se aproxima das litoralidades do pa\u00eds. As autoridades indicam a necessidade de evacua\u00e7\u00f5es como precau\u00e7\u00e3o.<\/p>\n<p>N\u00e3o foram divulgados prazos nem n\u00fameros oficiais de pessoas a transferir. A iniciativa decorre no \u00e2mbito de planos de prote\u00e7\u00e3o civil para eventos clim\u00e1ticos severos.<\/p>\n<p>Quem estiver na costa deve seguir as orienta\u00e7\u00f5es das autoridades, procurar abrigos indicados e manter-se informado sobre mudan\u00e7as no estado da situa\u00e7\u00e3o.<\/p>\n","protected":false},"excerpt":{"rendered":"<ul>\n<li>Autoridades mo\u00e7ambicanas apelaram hoje \u00e0 retirada preventiva das popula\u00e7\u00f5es das zonas costeiras das prov\u00edncias de Inhambane, Gaza e Sofala face \u00e0 aproxima\u00e7\u00e3o da tempestade tropical severa Gezani.<\/li>\n<li>A previs\u00e3o \u00e9 de evolu\u00e7\u00e3o da tempestade para ciclone nas pr\u00f3ximas horas ou dias.<\/li>\n<li>As \u00e1reas em risco abrangem as zonas costeiras do sul (Inhambane, Gaza) e do centro (Sofala).<\/li>\n<li>A evacua\u00e7\u00e3o visa reduzir riscos em \u00e1reas vulner\u00e1veis \u00e0s condi\u00e7\u00f5es extremas associadas ao ciclone Gezani.<\/li>\n<\/ul>\n","protected":false},"author":2,"featured_media":209665,"comment_status":"closed","ping_status":"closed","sticky":false,"template":"","format":"standard","meta":{"footnotes":""},"categories":[1],"tags":[2938,3651,3702,1911,320,3441],"class_list":["post-209661","post","type-post","status-publish","format-standard","has-post-thumbnail","hentry","category-noticias","tag-evacuacao","tag-gaza","tag-inhambane","tag-mocambique","tag-protecao-civil","tag-sofala"],"yoast_head":"<!-- This site is optimized with the Yoast SEO plugin v27.2 - https:\/\/yoast.com\/product\/yoast-seo-wordpress\/ -->\n<title>Autoridades mo\u00e7ambicanas pedem evacua\u00e7\u00e3o de popula\u00e7\u00f5es no sul por ciclone - Portal Tela Portugal<\/title>\n<meta name=\"robots\" content=\"index, follow, max-snippet:-1, max-image-preview:large, max-video-preview:-1\" \/>\n<meta property=\"og:locale\" content=\"pt_PT\" \/>\n<meta property=\"og:type\" content=\"article\" \/>\n<meta property=\"og:title\" content=\"Autoridades mo\u00e7ambicanas pedem evacua\u00e7\u00e3o de popula\u00e7\u00f5es no sul por ciclone - Portal Tela Portugal\" \/>\n<meta property=\"og:description\" content=\"Autoridades mo\u00e7ambicanas apelaram hoje \u00e0 retirada preventiva das popula\u00e7\u00f5es das zonas costeiras das prov\u00edncias de Inhambane, Gaza e Sofala face \u00e0 aproxima\u00e7\u00e3o da tempestade tropical severa Gezani. A previs\u00e3o \u00e9 de evolu\u00e7\u00e3o da tempestade para ciclone nas pr\u00f3ximas horas ou dias. As \u00e1reas em risco abrangem as zonas costeiras do sul (Inhambane, Gaza) e do centro (Sofala). A evacua\u00e7\u00e3o visa reduzir riscos em \u00e1reas vulner\u00e1veis \u00e0s condi\u00e7\u00f5es extremas associadas ao ciclone Gezani.\" \/>\n<meta property=\"og:url\" content=\"https:\/\/portaltela.pt\/noticias\/2026\/02\/12\/autoridades-mocambicanas-pedem-evacuacao-de-populacoes-no-sul-por-ciclone\/\" \/>\n<meta property=\"og:site_name\" content=\"Portal Tela Portugal\" \/>\n<meta property=\"article:published_time\" content=\"2026-02-12T16:59:00+00:00\" \/>\n<meta name=\"author\" content=\"Telinha\" \/>\n<meta name=\"twitter:card\" content=\"summary_large_image\" \/>\n<meta name=\"twitter:label1\" content=\"Escrito por\" \/>\n\t<meta name=\"twitter:data1\" content=\"Telinha\" \/>\n\t<meta name=\"twitter:label2\" content=\"Tempo estimado de leitura\" \/>\n\t<meta name=\"twitter:data2\" content=\"1 minuto\" \/>\n<script type=\"application\/ld+json\" class=\"yoast-schema-graph\">{\"@context\":\"https:\/\/schema.org\",\"@graph\":[{\"@type\":\"Article\",\"@id\":\"https:\/\/portaltela.pt\/noticias\/2026\/02\/12\/autoridades-mocambicanas-pedem-evacuacao-de-populacoes-no-sul-por-ciclone\/#article\",\"isPartOf\":{\"@id\":\"https:\/\/portaltela.pt\/noticias\/2026\/02\/12\/autoridades-mocambicanas-pedem-evacuacao-de-populacoes-no-sul-por-ciclone\/\"},\"author\":{\"name\":\"Telinha\",\"@id\":\"https:\/\/portaltela.pt\/#\/schema\/person\/c4278d4a6028830caff9ee44b42d32ed\"},\"headline\":\"Autoridades mo\u00e7ambicanas pedem evacua\u00e7\u00e3o de popula\u00e7\u00f5es no sul por ciclone\",\"datePublished\":\"2026-02-12T16:59:00+00:00\",\"mainEntityOfPage\":{\"@id\":\"https:\/\/portaltela.pt\/noticias\/2026\/02\/12\/autoridades-mocambicanas-pedem-evacuacao-de-populacoes-no-sul-por-ciclone\/\"},\"wordCount\":133,\"image\":{\"@id\":\"https:\/\/portaltela.pt\/noticias\/2026\/02\/12\/autoridades-mocambicanas-pedem-evacuacao-de-populacoes-no-sul-por-ciclone\/#primaryimage\"},\"thumbnailUrl\":\"https:\/\/portaltela.pt\/s.01k8rhncp4jt1\/2026\/02\/CACHE_780X1200_ANALOG_WATERMARKED_46466834_3373645_01022026041944.jpg\",\"keywords\":[\"evacua\u00e7\u00e3o\",\"Gaza\",\"Inhambane\",\"Mo\u00e7ambique\",\"prote\u00e7\u00e3o civil\",\"Sofala\"],\"articleSection\":[\"Not\u00edcias\"],\"inLanguage\":\"pt-PT\"},{\"@type\":\"WebPage\",\"@id\":\"https:\/\/portaltela.pt\/noticias\/2026\/02\/12\/autoridades-mocambicanas-pedem-evacuacao-de-populacoes-no-sul-por-ciclone\/\",\"url\":\"https:\/\/portaltela.pt\/noticias\/2026\/02\/12\/autoridades-mocambicanas-pedem-evacuacao-de-populacoes-no-sul-por-ciclone\/\",\"name\":\"Autoridades mo\u00e7ambicanas pedem evacua\u00e7\u00e3o de popula\u00e7\u00f5es no sul por ciclone - Portal Tela Portugal\",\"isPartOf\":{\"@id\":\"https:\/\/portaltela.pt\/#website\"},\"primaryImageOfPage\":{\"@id\":\"https:\/\/portaltela.pt\/noticias\/2026\/02\/12\/autoridades-mocambicanas-pedem-evacuacao-de-populacoes-no-sul-por-ciclone\/#primaryimage\"},\"image\":{\"@id\":\"https:\/\/portaltela.pt\/noticias\/2026\/02\/12\/autoridades-mocambicanas-pedem-evacuacao-de-populacoes-no-sul-por-ciclone\/#primaryimage\"},\"thumbnailUrl\":\"https:\/\/portaltela.pt\/s.01k8rhncp4jt1\/2026\/02\/CACHE_780X1200_ANALOG_WATERMARKED_46466834_3373645_01022026041944.jpg\",\"datePublished\":\"2026-02-12T16:59:00+00:00\",\"author\":{\"@id\":\"https:\/\/portaltela.pt\/#\/schema\/person\/c4278d4a6028830caff9ee44b42d32ed\"},\"breadcrumb\":{\"@id\":\"https:\/\/portaltela.pt\/noticias\/2026\/02\/12\/autoridades-mocambicanas-pedem-evacuacao-de-populacoes-no-sul-por-ciclone\/#breadcrumb\"},\"inLanguage\":\"pt-PT\",\"potentialAction\":[{\"@type\":\"ReadAction\",\"target\":[\"https:\/\/portaltela.pt\/noticias\/2026\/02\/12\/autoridades-mocambicanas-pedem-evacuacao-de-populacoes-no-sul-por-ciclone\/\"]}]},{\"@type\":\"ImageObject\",\"inLanguage\":\"pt-PT\",\"@id\":\"https:\/\/portaltela.pt\/noticias\/2026\/02\/12\/autoridades-mocambicanas-pedem-evacuacao-de-populacoes-no-sul-por-ciclone\/#primaryimage\",\"url\":\"https:\/\/portaltela.pt\/s.01k8rhncp4jt1\/2026\/02\/CACHE_780X1200_ANALOG_WATERMARKED_46466834_3373645_01022026041944.jpg\",\"contentUrl\":\"https:\/\/portaltela.pt\/s.01k8rhncp4jt1\/2026\/02\/CACHE_780X1200_ANALOG_WATERMARKED_46466834_3373645_01022026041944.jpg\",\"width\":796,\"height\":448,\"caption\":\"Autoridades mo\u00e7ambicanas pedem retirada das popula\u00e7\u00f5es devido a ciclone no sul\"},{\"@type\":\"BreadcrumbList\",\"@id\":\"https:\/\/portaltela.pt\/noticias\/2026\/02\/12\/autoridades-mocambicanas-pedem-evacuacao-de-populacoes-no-sul-por-ciclone\/#breadcrumb\",\"itemListElement\":[{\"@type\":\"ListItem\",\"position\":1,\"name\":\"In\u00edcio\",\"item\":\"https:\/\/portaltela.pt\/\"},{\"@type\":\"ListItem\",\"position\":2,\"name\":\"Autoridades mo\u00e7ambicanas pedem evacua\u00e7\u00e3o de popula\u00e7\u00f5es no sul por ciclone\"}]},{\"@type\":\"WebSite\",\"@id\":\"https:\/\/portaltela.pt\/#website\",\"url\":\"https:\/\/portaltela.pt\/\",\"name\":\"Portal Tela Portugal\",\"description\":\"\",\"potentialAction\":[{\"@type\":\"SearchAction\",\"target\":{\"@type\":\"EntryPoint\",\"urlTemplate\":\"https:\/\/portaltela.pt\/?s={search_term_string}\"},\"query-input\":{\"@type\":\"PropertyValueSpecification\",\"valueRequired\":true,\"valueName\":\"search_term_string\"}}],\"inLanguage\":\"pt-PT\"},{\"@type\":\"Person\",\"@id\":\"https:\/\/portaltela.pt\/#\/schema\/person\/c4278d4a6028830caff9ee44b42d32ed\",\"name\":\"Telinha\",\"image\":{\"@type\":\"ImageObject\",\"inLanguage\":\"pt-PT\",\"@id\":\"https:\/\/portaltela.pt\/s.01k8rhncp4jt1\/2025\/11\/talking-bot-125x125.png\",\"url\":\"https:\/\/portaltela.pt\/s.01k8rhncp4jt1\/2025\/11\/talking-bot-125x125.png\",\"contentUrl\":\"https:\/\/portaltela.pt\/s.01k8rhncp4jt1\/2025\/11\/talking-bot-125x125.png\",\"caption\":\"Telinha\"},\"sameAs\":[\"https:\/\/portaltela.pt\/\"],\"url\":\"https:\/\/portaltela.pt\/por\/367410592786\/\"}]}<\/script>\n<!-- \/ Yoast SEO plugin. -->","yoast_head_json":{"title":"Autoridades mo\u00e7ambicanas pedem evacua\u00e7\u00e3o de popula\u00e7\u00f5es no sul por ciclone - Portal Tela Portugal","robots":{"index":"index","follow":"follow","max-snippet":"max-snippet:-1","max-image-preview":"max-image-preview:large","max-video-preview":"max-video-preview:-1"},"og_locale":"pt_PT","og_type":"article","og_title":"Autoridades mo\u00e7ambicanas pedem evacua\u00e7\u00e3o de popula\u00e7\u00f5es no sul por ciclone - Portal Tela Portugal","og_description":"Autoridades mo\u00e7ambicanas apelaram hoje \u00e0 retirada preventiva das popula\u00e7\u00f5es das zonas costeiras das prov\u00edncias de Inhambane, Gaza e Sofala face \u00e0 aproxima\u00e7\u00e3o da tempestade tropical severa Gezani. A previs\u00e3o \u00e9 de evolu\u00e7\u00e3o da tempestade para ciclone nas pr\u00f3ximas horas ou dias. As \u00e1reas em risco abrangem as zonas costeiras do sul (Inhambane, Gaza) e do centro (Sofala). A evacua\u00e7\u00e3o visa reduzir riscos em \u00e1reas vulner\u00e1veis \u00e0s condi\u00e7\u00f5es extremas associadas ao ciclone Gezani.","og_url":"https:\/\/portaltela.pt\/noticias\/2026\/02\/12\/autoridades-mocambicanas-pedem-evacuacao-de-populacoes-no-sul-por-ciclone\/","og_site_name":"Portal Tela Portugal","article_published_time":"2026-02-12T16:59:00+00:00","author":"Telinha","twitter_card":"summary_large_image","twitter_misc":{"Escrito por":"Telinha","Tempo estimado de leitura":"1 minuto"},"schema":{"@context":"https:\/\/schema.org","@graph":[{"@type":"Article","@id":"https:\/\/portaltela.pt\/noticias\/2026\/02\/12\/autoridades-mocambicanas-pedem-evacuacao-de-populacoes-no-sul-por-ciclone\/#article","isPartOf":{"@id":"https:\/\/portaltela.pt\/noticias\/2026\/02\/12\/autoridades-mocambicanas-pedem-evacuacao-de-populacoes-no-sul-por-ciclone\/"},"author":{"name":"Telinha","@id":"https:\/\/portaltela.pt\/#\/schema\/person\/c4278d4a6028830caff9ee44b42d32ed"},"headline":"Autoridades mo\u00e7ambicanas pedem evacua\u00e7\u00e3o de popula\u00e7\u00f5es no sul por ciclone","datePublished":"2026-02-12T16:59:00+00:00","mainEntityOfPage":{"@id":"https:\/\/portaltela.pt\/noticias\/2026\/02\/12\/autoridades-mocambicanas-pedem-evacuacao-de-populacoes-no-sul-por-ciclone\/"},"wordCount":133,"image":{"@id":"https:\/\/portaltela.pt\/noticias\/2026\/02\/12\/autoridades-mocambicanas-pedem-evacuacao-de-populacoes-no-sul-por-ciclone\/#primaryimage"},"thumbnailUrl":"https:\/\/portaltela.pt\/s.01k8rhncp4jt1\/2026\/02\/CACHE_780X1200_ANALOG_WATERMARKED_46466834_3373645_01022026041944.jpg","keywords":["evacua\u00e7\u00e3o","Gaza","Inhambane","Mo\u00e7ambique","prote\u00e7\u00e3o civil","Sofala"],"articleSection":["Not\u00edcias"],"inLanguage":"pt-PT"},{"@type":"WebPage","@id":"https:\/\/portaltela.pt\/noticias\/2026\/02\/12\/autoridades-mocambicanas-pedem-evacuacao-de-populacoes-no-sul-por-ciclone\/","url":"https:\/\/portaltela.pt\/noticias\/2026\/02\/12\/autoridades-mocambicanas-pedem-evacuacao-de-populacoes-no-sul-por-ciclone\/","name":"Autoridades mo\u00e7ambicanas pedem evacua\u00e7\u00e3o de popula\u00e7\u00f5es no sul por ciclone - Portal Tela Portugal","isPartOf":{"@id":"https:\/\/portaltela.pt\/#website"},"primaryImageOfPage":{"@id":"https:\/\/portaltela.pt\/noticias\/2026\/02\/12\/autoridades-mocambicanas-pedem-evacuacao-de-populacoes-no-sul-por-ciclone\/#primaryimage"},"image":{"@id":"https:\/\/portaltela.pt\/noticias\/2026\/02\/12\/autoridades-mocambicanas-pedem-evacuacao-de-populacoes-no-sul-por-ciclone\/#primaryimage"},"thumbnailUrl":"https:\/\/portaltela.pt\/s.01k8rhncp4jt1\/2026\/02\/CACHE_780X1200_ANALOG_WATERMARKED_46466834_3373645_01022026041944.jpg","datePublished":"2026-02-12T16:59:00+00:00","author":{"@id":"https:\/\/portaltela.pt\/#\/schema\/person\/c4278d4a6028830caff9ee44b42d32ed"},"breadcrumb":{"@id":"https:\/\/portaltela.pt\/noticias\/2026\/02\/12\/autoridades-mocambicanas-pedem-evacuacao-de-populacoes-no-sul-por-ciclone\/#breadcrumb"},"inLanguage":"pt-PT","potentialAction":[{"@type":"ReadAction","target":["https:\/\/portaltela.pt\/noticias\/2026\/02\/12\/autoridades-mocambicanas-pedem-evacuacao-de-populacoes-no-sul-por-ciclone\/"]}]},{"@type":"ImageObject","inLanguage":"pt-PT","@id":"https:\/\/portaltela.pt\/noticias\/2026\/02\/12\/autoridades-mocambicanas-pedem-evacuacao-de-populacoes-no-sul-por-ciclone\/#primaryimage","url":"https:\/\/portaltela.pt\/s.01k8rhncp4jt1\/2026\/02\/CACHE_780X1200_ANALOG_WATERMARKED_46466834_3373645_01022026041944.jpg","contentUrl":"https:\/\/portaltela.pt\/s.01k8rhncp4jt1\/2026\/02\/CACHE_780X1200_ANALOG_WATERMARKED_46466834_3373645_01022026041944.jpg","width":796,"height":448,"caption":"Autoridades mo\u00e7ambicanas pedem retirada das popula\u00e7\u00f5es devido a ciclone no sul"},{"@type":"BreadcrumbList","@id":"https:\/\/portaltela.pt\/noticias\/2026\/02\/12\/autoridades-mocambicanas-pedem-evacuacao-de-populacoes-no-sul-por-ciclone\/#breadcrumb","itemListElement":[{"@type":"ListItem","position":1,"name":"In\u00edcio","item":"https:\/\/portaltela.pt\/"},{"@type":"ListItem","position":2,"name":"Autoridades mo\u00e7ambicanas pedem evacua\u00e7\u00e3o de popula\u00e7\u00f5es no sul por ciclone"}]},{"@type":"WebSite","@id":"https:\/\/portaltela.pt\/#website","url":"https:\/\/portaltela.pt\/","name":"Portal Tela Portugal","description":"","potentialAction":[{"@type":"SearchAction","target":{"@type":"EntryPoint","urlTemplate":"https:\/\/portaltela.pt\/?s={search_term_string}"},"query-input":{"@type":"PropertyValueSpecification","valueRequired":true,"valueName":"search_term_string"}}],"inLanguage":"pt-PT"},{"@type":"Person","@id":"https:\/\/portaltela.pt\/#\/schema\/person\/c4278d4a6028830caff9ee44b42d32ed","name":"Telinha","image":{"@type":"ImageObject","inLanguage":"pt-PT","@id":"https:\/\/portaltela.pt\/s.01k8rhncp4jt1\/2025\/11\/talking-bot-125x125.png","url":"https:\/\/portaltela.pt\/s.01k8rhncp4jt1\/2025\/11\/talking-bot-125x125.png","contentUrl":"https:\/\/portaltela.pt\/s.01k8rhncp4jt1\/2025\/11\/talking-bot-125x125.png","caption":"Telinha"},"sameAs":["https:\/\/portaltela.pt\/"],"url":"https:\/\/portaltela.pt\/por\/367410592786\/"}]}},"_links":{"self":[{"href":"https:\/\/portaltela.pt\/api\/wp\/v2\/posts\/209661","targetHints":{"allow":["GET"]}}],"collection":[{"href":"https:\/\/portaltela.pt\/api\/wp\/v2\/posts"}],"about":[{"href":"https:\/\/portaltela.pt\/api\/wp\/v2\/types\/post"}],"author":[{"embeddable":true,"href":"https:\/\/portaltela.pt\/api\/wp\/v2\/users\/2"}],"replies":[{"embeddable":true,"href":"https:\/\/portaltela.pt\/api\/wp\/v2\/comments?post=209661"}],"version-history":[{"count":0,"href":"https:\/\/portaltela.pt\/api\/wp\/v2\/posts\/209661\/revisions"}],"wp:featuredmedia":[{"embeddable":true,"href":"https:\/\/portaltela.pt\/api\/wp\/v2\/media\/209665"}],"wp:attachment":[{"href":"https:\/\/portaltela.pt\/api\/wp\/v2\/media?parent=209661"}],"wp:term":[{"taxonomy":"category","embeddable":true,"href":"https:\/\/portaltela.pt\/api\/wp\/v2\/categories?post=209661"},{"taxonomy":"post_tag","embeddable":true,"href":"https:\/\/portaltela.pt\/api\/wp\/v2\/tags?post=209661"}],"curies":[{"name":"wp","href":"https:\/\/api.w.org\/{rel}","templated":true}]}}