{"id":209637,"date":"2026-02-12T13:49:06","date_gmt":"2026-02-12T16:49:06","guid":{"rendered":"https:\/\/portaltela.pt\/noticias\/2026\/02\/12\/sofia-araujo-e-claudia-fernandez-avancam-as-meias-finais-do-p1-em-riade\/"},"modified":"2026-02-12T13:49:06","modified_gmt":"2026-02-12T16:49:06","slug":"sofia-araujo-e-claudia-fernandez-avancam-as-meias-finais-do-p1-em-riade","status":"publish","type":"post","link":"https:\/\/portaltela.pt\/noticias\/2026\/02\/12\/sofia-araujo-e-claudia-fernandez-avancam-as-meias-finais-do-p1-em-riade\/","title":{"rendered":"Sofia Ara\u00fajo e Claudia Fern\u00e1ndez avan\u00e7am \u00e0s meias-finais do P1 em Riade"},"content":{"rendered":"<p>Sofia Ara\u00fajo e Claudia Fern\u00e1ndez garantiram presen\u00e7a nas meias-finais do Premier Padel P1 de Riade ao vencerem Victoria Iglesias e Aranzazu Osoro por 6-4, 6-4. A dupla luso-espanhola dominou o encontro desde o in\u00edcio e assegurou a vit\u00f3ria em apenas duas r\u00e9plicas.<\/p>\n<p>No primeiro set, entraram firmes, com dois breaks de vantagem que lhes deram controlo. As advers\u00e1rias reagiram, mas n\u00e3o evitaram a conclus\u00e3o do parcial pela dupla portuguesa espanhola. O segundo set seguiu o mesmo gui\u00e3o, com dois breaks iniciais a impor ritmo.<\/p>\n<p>A dupla, atualmente ranking n\u00ba4 mundial, manteve a serenidade mesmo diante de uma recupera\u00e7\u00e3o de Iglesias e Osoro, assegurando o 6-4 final. Este resultado marca um arranque muito positivo da temporada, j\u00e1 que \u00e9 o primeiro torneio juntas na circuit Premier Padel.<\/p>\n<h3>Semifinais contra Triay e Brea<\/h3>\n<p>No regresso aos courts de Riade, Ara\u00fajo e Fern\u00e1ndez v\u00e3o medir for\u00e7as com as n\u00famero 1 do mundo, Gemma Triay e Delfi Brea, em busca de um lugar na final. Triay\/Brea chegaram aos quartos de final com dom\u00ednio s\u00f3lido em v\u00e1rias provas anteriores.<\/p>\n","protected":false},"excerpt":{"rendered":"<ul>\n<li>Sofia Ara\u00fajo e Claudia Fern\u00e1ndez garantiram as meias-finais do Premier Padel P1 de Riade ao vencerem Victoria Iglesias e Aranzazu Osoro por 6-4, 6-4.<\/li>\n<li>No primeiro set, entraram s\u00f3lidos e assumiram o controlo com dois breaks de vantagem, fechando por 6-4 ap\u00f3s a reac\u00e7\u00e3o das advers\u00e1rias.<\/li>\n<li>O segundo set seguiu o mesmo gui\u00e3o, com dois breaks iniciais, mantendo os momentos decisivos sob controlo e fechando novamente em 6-4.<\/li>\n<li>O resultado marca um in\u00edcio de temporada muito positivo para a dupla, que no primeiro torneio juntas j\u00e1 chega \u00e0s meias-finais.<\/li>\n<li>Nas meias-finais, a dupla luso-espanhola defronta as n\u00famero um do mundo, Gemma Triay e Delfi Brea.<\/li>\n<\/ul>\n","protected":false},"author":2,"featured_media":209645,"comment_status":"closed","ping_status":"closed","sticky":false,"template":"","format":"standard","meta":{"footnotes":""},"categories":[21,1],"tags":[1285,152,81,3877,1014,94],"class_list":["post-209637","post","type-post","status-publish","format-standard","has-post-thumbnail","hentry","category-desporto","category-noticias","tag-competicao","tag-desporto","tag-internacionais","tag-padel","tag-portugal","tag-tenis"],"yoast_head":"<!-- This site is optimized with the Yoast SEO plugin v27.2 - https:\/\/yoast.com\/product\/yoast-seo-wordpress\/ -->\n<title>Sofia Ara\u00fajo e Claudia Fern\u00e1ndez avan\u00e7am \u00e0s meias-finais do P1 em Riade - Portal Tela Portugal<\/title>\n<meta name=\"robots\" content=\"index, follow, max-snippet:-1, max-image-preview:large, max-video-preview:-1\" \/>\n<meta property=\"og:locale\" content=\"pt_PT\" \/>\n<meta property=\"og:type\" content=\"article\" \/>\n<meta property=\"og:title\" content=\"Sofia Ara\u00fajo e Claudia Fern\u00e1ndez avan\u00e7am \u00e0s meias-finais do P1 em Riade - Portal Tela Portugal\" \/>\n<meta property=\"og:description\" content=\"Sofia Ara\u00fajo e Claudia Fern\u00e1ndez garantiram as meias-finais do Premier Padel P1 de Riade ao vencerem Victoria Iglesias e Aranzazu Osoro por 6-4, 6-4. No primeiro set, entraram s\u00f3lidos e assumiram o controlo com dois breaks de vantagem, fechando por 6-4 ap\u00f3s a reac\u00e7\u00e3o das advers\u00e1rias. O segundo set seguiu o mesmo gui\u00e3o, com dois breaks iniciais, mantendo os momentos decisivos sob controlo e fechando novamente em 6-4. O resultado marca um in\u00edcio de temporada muito positivo para a dupla, que no primeiro torneio juntas j\u00e1 chega \u00e0s meias-finais. Nas meias-finais, a dupla luso-espanhola defronta as n\u00famero um do mundo, Gemma Triay e Delfi Brea.\" \/>\n<meta property=\"og:url\" content=\"https:\/\/portaltela.pt\/noticias\/2026\/02\/12\/sofia-araujo-e-claudia-fernandez-avancam-as-meias-finais-do-p1-em-riade\/\" \/>\n<meta property=\"og:site_name\" content=\"Portal Tela Portugal\" \/>\n<meta property=\"article:published_time\" content=\"2026-02-12T16:49:06+00:00\" \/>\n<meta name=\"author\" content=\"Telinha\" \/>\n<meta name=\"twitter:card\" content=\"summary_large_image\" \/>\n<meta name=\"twitter:label1\" content=\"Escrito por\" \/>\n\t<meta name=\"twitter:data1\" content=\"Telinha\" \/>\n\t<meta name=\"twitter:label2\" content=\"Tempo estimado de leitura\" \/>\n\t<meta name=\"twitter:data2\" content=\"1 minuto\" \/>\n<script type=\"application\/ld+json\" class=\"yoast-schema-graph\">{\"@context\":\"https:\/\/schema.org\",\"@graph\":[{\"@type\":\"Article\",\"@id\":\"https:\/\/portaltela.pt\/noticias\/2026\/02\/12\/sofia-araujo-e-claudia-fernandez-avancam-as-meias-finais-do-p1-em-riade\/#article\",\"isPartOf\":{\"@id\":\"https:\/\/portaltela.pt\/noticias\/2026\/02\/12\/sofia-araujo-e-claudia-fernandez-avancam-as-meias-finais-do-p1-em-riade\/\"},\"author\":{\"name\":\"Telinha\",\"@id\":\"https:\/\/portaltela.pt\/#\/schema\/person\/c4278d4a6028830caff9ee44b42d32ed\"},\"headline\":\"Sofia Ara\u00fajo e Claudia Fern\u00e1ndez avan\u00e7am \u00e0s meias-finais do P1 em Riade\",\"datePublished\":\"2026-02-12T16:49:06+00:00\",\"mainEntityOfPage\":{\"@id\":\"https:\/\/portaltela.pt\/noticias\/2026\/02\/12\/sofia-araujo-e-claudia-fernandez-avancam-as-meias-finais-do-p1-em-riade\/\"},\"wordCount\":207,\"image\":{\"@id\":\"https:\/\/portaltela.pt\/noticias\/2026\/02\/12\/sofia-araujo-e-claudia-fernandez-avancam-as-meias-finais-do-p1-em-riade\/#primaryimage\"},\"thumbnailUrl\":\"https:\/\/portaltela.pt\/s.01k8rhncp4jt1\/2026\/02\/img_920x518uu2026-02-12-16-48-54-2421175.jpg\",\"keywords\":[\"competi\u00e7\u00e3o\",\"desporto\",\"internacionais\",\"Padel\",\"Portugal\",\"t\u00eanis\"],\"articleSection\":[\"Desporto\",\"Not\u00edcias\"],\"inLanguage\":\"pt-PT\"},{\"@type\":\"WebPage\",\"@id\":\"https:\/\/portaltela.pt\/noticias\/2026\/02\/12\/sofia-araujo-e-claudia-fernandez-avancam-as-meias-finais-do-p1-em-riade\/\",\"url\":\"https:\/\/portaltela.pt\/noticias\/2026\/02\/12\/sofia-araujo-e-claudia-fernandez-avancam-as-meias-finais-do-p1-em-riade\/\",\"name\":\"Sofia Ara\u00fajo e Claudia Fern\u00e1ndez avan\u00e7am \u00e0s meias-finais do P1 em Riade - Portal Tela Portugal\",\"isPartOf\":{\"@id\":\"https:\/\/portaltela.pt\/#website\"},\"primaryImageOfPage\":{\"@id\":\"https:\/\/portaltela.pt\/noticias\/2026\/02\/12\/sofia-araujo-e-claudia-fernandez-avancam-as-meias-finais-do-p1-em-riade\/#primaryimage\"},\"image\":{\"@id\":\"https:\/\/portaltela.pt\/noticias\/2026\/02\/12\/sofia-araujo-e-claudia-fernandez-avancam-as-meias-finais-do-p1-em-riade\/#primaryimage\"},\"thumbnailUrl\":\"https:\/\/portaltela.pt\/s.01k8rhncp4jt1\/2026\/02\/img_920x518uu2026-02-12-16-48-54-2421175.jpg\",\"datePublished\":\"2026-02-12T16:49:06+00:00\",\"author\":{\"@id\":\"https:\/\/portaltela.pt\/#\/schema\/person\/c4278d4a6028830caff9ee44b42d32ed\"},\"breadcrumb\":{\"@id\":\"https:\/\/portaltela.pt\/noticias\/2026\/02\/12\/sofia-araujo-e-claudia-fernandez-avancam-as-meias-finais-do-p1-em-riade\/#breadcrumb\"},\"inLanguage\":\"pt-PT\",\"potentialAction\":[{\"@type\":\"ReadAction\",\"target\":[\"https:\/\/portaltela.pt\/noticias\/2026\/02\/12\/sofia-araujo-e-claudia-fernandez-avancam-as-meias-finais-do-p1-em-riade\/\"]}]},{\"@type\":\"ImageObject\",\"inLanguage\":\"pt-PT\",\"@id\":\"https:\/\/portaltela.pt\/noticias\/2026\/02\/12\/sofia-araujo-e-claudia-fernandez-avancam-as-meias-finais-do-p1-em-riade\/#primaryimage\",\"url\":\"https:\/\/portaltela.pt\/s.01k8rhncp4jt1\/2026\/02\/img_920x518uu2026-02-12-16-48-54-2421175.jpg\",\"contentUrl\":\"https:\/\/portaltela.pt\/s.01k8rhncp4jt1\/2026\/02\/img_920x518uu2026-02-12-16-48-54-2421175.jpg\",\"width\":796,\"height\":448,\"caption\":\"Sofia Ara\u00fajo e Claudia Fern\u00e1ndez avan\u00e7am para as meias-finais do P1 de Riade\"},{\"@type\":\"BreadcrumbList\",\"@id\":\"https:\/\/portaltela.pt\/noticias\/2026\/02\/12\/sofia-araujo-e-claudia-fernandez-avancam-as-meias-finais-do-p1-em-riade\/#breadcrumb\",\"itemListElement\":[{\"@type\":\"ListItem\",\"position\":1,\"name\":\"In\u00edcio\",\"item\":\"https:\/\/portaltela.pt\/\"},{\"@type\":\"ListItem\",\"position\":2,\"name\":\"Sofia Ara\u00fajo e Claudia Fern\u00e1ndez avan\u00e7am \u00e0s meias-finais do P1 em Riade\"}]},{\"@type\":\"WebSite\",\"@id\":\"https:\/\/portaltela.pt\/#website\",\"url\":\"https:\/\/portaltela.pt\/\",\"name\":\"Portal Tela Portugal\",\"description\":\"\",\"potentialAction\":[{\"@type\":\"SearchAction\",\"target\":{\"@type\":\"EntryPoint\",\"urlTemplate\":\"https:\/\/portaltela.pt\/?s={search_term_string}\"},\"query-input\":{\"@type\":\"PropertyValueSpecification\",\"valueRequired\":true,\"valueName\":\"search_term_string\"}}],\"inLanguage\":\"pt-PT\"},{\"@type\":\"Person\",\"@id\":\"https:\/\/portaltela.pt\/#\/schema\/person\/c4278d4a6028830caff9ee44b42d32ed\",\"name\":\"Telinha\",\"image\":{\"@type\":\"ImageObject\",\"inLanguage\":\"pt-PT\",\"@id\":\"https:\/\/portaltela.pt\/s.01k8rhncp4jt1\/2025\/11\/talking-bot-125x125.png\",\"url\":\"https:\/\/portaltela.pt\/s.01k8rhncp4jt1\/2025\/11\/talking-bot-125x125.png\",\"contentUrl\":\"https:\/\/portaltela.pt\/s.01k8rhncp4jt1\/2025\/11\/talking-bot-125x125.png\",\"caption\":\"Telinha\"},\"sameAs\":[\"https:\/\/portaltela.pt\/\"],\"url\":\"https:\/\/portaltela.pt\/por\/367410592786\/\"}]}<\/script>\n<!-- \/ Yoast SEO plugin. -->","yoast_head_json":{"title":"Sofia Ara\u00fajo e Claudia Fern\u00e1ndez avan\u00e7am \u00e0s meias-finais do P1 em Riade - Portal Tela Portugal","robots":{"index":"index","follow":"follow","max-snippet":"max-snippet:-1","max-image-preview":"max-image-preview:large","max-video-preview":"max-video-preview:-1"},"og_locale":"pt_PT","og_type":"article","og_title":"Sofia Ara\u00fajo e Claudia Fern\u00e1ndez avan\u00e7am \u00e0s meias-finais do P1 em Riade - Portal Tela Portugal","og_description":"Sofia Ara\u00fajo e Claudia Fern\u00e1ndez garantiram as meias-finais do Premier Padel P1 de Riade ao vencerem Victoria Iglesias e Aranzazu Osoro por 6-4, 6-4. No primeiro set, entraram s\u00f3lidos e assumiram o controlo com dois breaks de vantagem, fechando por 6-4 ap\u00f3s a reac\u00e7\u00e3o das advers\u00e1rias. O segundo set seguiu o mesmo gui\u00e3o, com dois breaks iniciais, mantendo os momentos decisivos sob controlo e fechando novamente em 6-4. O resultado marca um in\u00edcio de temporada muito positivo para a dupla, que no primeiro torneio juntas j\u00e1 chega \u00e0s meias-finais. Nas meias-finais, a dupla luso-espanhola defronta as n\u00famero um do mundo, Gemma Triay e Delfi Brea.","og_url":"https:\/\/portaltela.pt\/noticias\/2026\/02\/12\/sofia-araujo-e-claudia-fernandez-avancam-as-meias-finais-do-p1-em-riade\/","og_site_name":"Portal Tela Portugal","article_published_time":"2026-02-12T16:49:06+00:00","author":"Telinha","twitter_card":"summary_large_image","twitter_misc":{"Escrito por":"Telinha","Tempo estimado de leitura":"1 minuto"},"schema":{"@context":"https:\/\/schema.org","@graph":[{"@type":"Article","@id":"https:\/\/portaltela.pt\/noticias\/2026\/02\/12\/sofia-araujo-e-claudia-fernandez-avancam-as-meias-finais-do-p1-em-riade\/#article","isPartOf":{"@id":"https:\/\/portaltela.pt\/noticias\/2026\/02\/12\/sofia-araujo-e-claudia-fernandez-avancam-as-meias-finais-do-p1-em-riade\/"},"author":{"name":"Telinha","@id":"https:\/\/portaltela.pt\/#\/schema\/person\/c4278d4a6028830caff9ee44b42d32ed"},"headline":"Sofia Ara\u00fajo e Claudia Fern\u00e1ndez avan\u00e7am \u00e0s meias-finais do P1 em Riade","datePublished":"2026-02-12T16:49:06+00:00","mainEntityOfPage":{"@id":"https:\/\/portaltela.pt\/noticias\/2026\/02\/12\/sofia-araujo-e-claudia-fernandez-avancam-as-meias-finais-do-p1-em-riade\/"},"wordCount":207,"image":{"@id":"https:\/\/portaltela.pt\/noticias\/2026\/02\/12\/sofia-araujo-e-claudia-fernandez-avancam-as-meias-finais-do-p1-em-riade\/#primaryimage"},"thumbnailUrl":"https:\/\/portaltela.pt\/s.01k8rhncp4jt1\/2026\/02\/img_920x518uu2026-02-12-16-48-54-2421175.jpg","keywords":["competi\u00e7\u00e3o","desporto","internacionais","Padel","Portugal","t\u00eanis"],"articleSection":["Desporto","Not\u00edcias"],"inLanguage":"pt-PT"},{"@type":"WebPage","@id":"https:\/\/portaltela.pt\/noticias\/2026\/02\/12\/sofia-araujo-e-claudia-fernandez-avancam-as-meias-finais-do-p1-em-riade\/","url":"https:\/\/portaltela.pt\/noticias\/2026\/02\/12\/sofia-araujo-e-claudia-fernandez-avancam-as-meias-finais-do-p1-em-riade\/","name":"Sofia Ara\u00fajo e Claudia Fern\u00e1ndez avan\u00e7am \u00e0s meias-finais do P1 em Riade - Portal Tela Portugal","isPartOf":{"@id":"https:\/\/portaltela.pt\/#website"},"primaryImageOfPage":{"@id":"https:\/\/portaltela.pt\/noticias\/2026\/02\/12\/sofia-araujo-e-claudia-fernandez-avancam-as-meias-finais-do-p1-em-riade\/#primaryimage"},"image":{"@id":"https:\/\/portaltela.pt\/noticias\/2026\/02\/12\/sofia-araujo-e-claudia-fernandez-avancam-as-meias-finais-do-p1-em-riade\/#primaryimage"},"thumbnailUrl":"https:\/\/portaltela.pt\/s.01k8rhncp4jt1\/2026\/02\/img_920x518uu2026-02-12-16-48-54-2421175.jpg","datePublished":"2026-02-12T16:49:06+00:00","author":{"@id":"https:\/\/portaltela.pt\/#\/schema\/person\/c4278d4a6028830caff9ee44b42d32ed"},"breadcrumb":{"@id":"https:\/\/portaltela.pt\/noticias\/2026\/02\/12\/sofia-araujo-e-claudia-fernandez-avancam-as-meias-finais-do-p1-em-riade\/#breadcrumb"},"inLanguage":"pt-PT","potentialAction":[{"@type":"ReadAction","target":["https:\/\/portaltela.pt\/noticias\/2026\/02\/12\/sofia-araujo-e-claudia-fernandez-avancam-as-meias-finais-do-p1-em-riade\/"]}]},{"@type":"ImageObject","inLanguage":"pt-PT","@id":"https:\/\/portaltela.pt\/noticias\/2026\/02\/12\/sofia-araujo-e-claudia-fernandez-avancam-as-meias-finais-do-p1-em-riade\/#primaryimage","url":"https:\/\/portaltela.pt\/s.01k8rhncp4jt1\/2026\/02\/img_920x518uu2026-02-12-16-48-54-2421175.jpg","contentUrl":"https:\/\/portaltela.pt\/s.01k8rhncp4jt1\/2026\/02\/img_920x518uu2026-02-12-16-48-54-2421175.jpg","width":796,"height":448,"caption":"Sofia Ara\u00fajo e Claudia Fern\u00e1ndez avan\u00e7am para as meias-finais do P1 de Riade"},{"@type":"BreadcrumbList","@id":"https:\/\/portaltela.pt\/noticias\/2026\/02\/12\/sofia-araujo-e-claudia-fernandez-avancam-as-meias-finais-do-p1-em-riade\/#breadcrumb","itemListElement":[{"@type":"ListItem","position":1,"name":"In\u00edcio","item":"https:\/\/portaltela.pt\/"},{"@type":"ListItem","position":2,"name":"Sofia Ara\u00fajo e Claudia Fern\u00e1ndez avan\u00e7am \u00e0s meias-finais do P1 em Riade"}]},{"@type":"WebSite","@id":"https:\/\/portaltela.pt\/#website","url":"https:\/\/portaltela.pt\/","name":"Portal Tela Portugal","description":"","potentialAction":[{"@type":"SearchAction","target":{"@type":"EntryPoint","urlTemplate":"https:\/\/portaltela.pt\/?s={search_term_string}"},"query-input":{"@type":"PropertyValueSpecification","valueRequired":true,"valueName":"search_term_string"}}],"inLanguage":"pt-PT"},{"@type":"Person","@id":"https:\/\/portaltela.pt\/#\/schema\/person\/c4278d4a6028830caff9ee44b42d32ed","name":"Telinha","image":{"@type":"ImageObject","inLanguage":"pt-PT","@id":"https:\/\/portaltela.pt\/s.01k8rhncp4jt1\/2025\/11\/talking-bot-125x125.png","url":"https:\/\/portaltela.pt\/s.01k8rhncp4jt1\/2025\/11\/talking-bot-125x125.png","contentUrl":"https:\/\/portaltela.pt\/s.01k8rhncp4jt1\/2025\/11\/talking-bot-125x125.png","caption":"Telinha"},"sameAs":["https:\/\/portaltela.pt\/"],"url":"https:\/\/portaltela.pt\/por\/367410592786\/"}]}},"_links":{"self":[{"href":"https:\/\/portaltela.pt\/api\/wp\/v2\/posts\/209637","targetHints":{"allow":["GET"]}}],"collection":[{"href":"https:\/\/portaltela.pt\/api\/wp\/v2\/posts"}],"about":[{"href":"https:\/\/portaltela.pt\/api\/wp\/v2\/types\/post"}],"author":[{"embeddable":true,"href":"https:\/\/portaltela.pt\/api\/wp\/v2\/users\/2"}],"replies":[{"embeddable":true,"href":"https:\/\/portaltela.pt\/api\/wp\/v2\/comments?post=209637"}],"version-history":[{"count":0,"href":"https:\/\/portaltela.pt\/api\/wp\/v2\/posts\/209637\/revisions"}],"wp:featuredmedia":[{"embeddable":true,"href":"https:\/\/portaltela.pt\/api\/wp\/v2\/media\/209645"}],"wp:attachment":[{"href":"https:\/\/portaltela.pt\/api\/wp\/v2\/media?parent=209637"}],"wp:term":[{"taxonomy":"category","embeddable":true,"href":"https:\/\/portaltela.pt\/api\/wp\/v2\/categories?post=209637"},{"taxonomy":"post_tag","embeddable":true,"href":"https:\/\/portaltela.pt\/api\/wp\/v2\/tags?post=209637"}],"curies":[{"name":"wp","href":"https:\/\/api.w.org\/{rel}","templated":true}]}}