{"id":209617,"date":"2026-02-12T09:25:00","date_gmt":"2026-02-12T12:25:00","guid":{"rendered":"https:\/\/portaltela.pt\/noticias\/2026\/02\/12\/proibir-redes-sociais-e-como-tratar-uma-hemorragia-com-um-penso-rapido\/"},"modified":"2026-02-12T09:25:00","modified_gmt":"2026-02-12T12:25:00","slug":"proibir-redes-sociais-e-como-tratar-uma-hemorragia-com-um-penso-rapido","status":"publish","type":"post","link":"https:\/\/portaltela.pt\/noticias\/politica\/2026\/02\/12\/proibir-redes-sociais-e-como-tratar-uma-hemorragia-com-um-penso-rapido\/","title":{"rendered":"Proibir redes sociais \u00e9 como tratar uma hemorragia com um penso r\u00e1pido"},"content":{"rendered":"<p>O Parlamento discute hoje uma proposta do PSD que defende restringir o acesso de menores \u00e0s redes sociais, impondo um teto de 16 anos. A medida permitiria o uso entre os 13 e os 16 anos apenas com consentimento dos pais. A inten\u00e7\u00e3o \u00e9 reduzir riscos associados ao uso indevido.<\/p>\n<p>Segundo a proposta, a restri\u00e7\u00e3o n\u00e3o seria total: entre os 13 e os 16 anos haveria exce\u00e7\u00f5es mediante autoriza\u00e7\u00e3o parental, com salvaguardas que ainda precisam de defini\u00e7\u00e3o. O tema resulta de debates sobre prote\u00e7\u00e3o de menores online e responsabilidade dos operadores.<\/p>\n<p>Maria do C\u00e9u Patr\u00e3o Neves, presidente do Conselho Nacional de \u00c9tica para as Ci\u00eancias da Vida (CNECV), defende uma abordagem mais ampla. Em entrevista ao P\u00daBLICO, a especialista aponta que o problema \u00e9 complexo e n\u00e3o pode ser resolvido apenas com uma regra et\u00e1ria. Uma resposta integrada \u00e9 necess\u00e1ria desde a origem at\u00e9 ao acompanhamento.<\/p>\n<h3>Posi\u00e7\u00e3o da CNECV<\/h3>\n<p>A especialista sustenta que pol\u00edticas p\u00fablicas devem enfrentar a complexidade desde a raiz, articulando medidas de educa\u00e7\u00e3o digital, supervis\u00e3o parental e coopera\u00e7\u00e3o entre setores. Em vez de proibir, defende uma atua\u00e7\u00e3o coordenada que envolva fam\u00edlia, escola e plataformas.<\/p>\n","protected":false},"excerpt":{"rendered":"<ul>\n<li>O Parlamento discute nesta quinta-feira uma proposta do PSD que defende restringir o acesso de menores de 16 anos \u00e0s redes sociais, permitindo uso entre 13 e 16 com consentimento dos pais.<\/li>\n<li>A medida prev\u00ea consentimento parental para a faixa entre 13 e 16 anos.<\/li>\n<li>Maria do C\u00e9u Patr\u00e3o Neves, presidente do Conselho Nacional de \u00c9tica para as Ci\u00eancias da Vida, afirma que o tema \u00e9 demasiado complexo para ser resolvido apenas com medidas simples.<\/li>\n<li>Ela defende que \u00e9 necess\u00e1rio estudar a quest\u00e3o a fundo e implementar medidas concertadas desde a origem do problema.<\/li>\n<li>Em entrevista ao P\u00daBLICO, diz que os respons\u00e1veis pol\u00edticos n\u00e3o podem ficar desobrigados de agir na complexidade do problema apenas por estebelecer um n\u00edvel et\u00e1rio.<\/li>\n<\/ul>\n","protected":false},"author":2,"featured_media":209621,"comment_status":"closed","ping_status":"closed","sticky":false,"template":"","format":"standard","meta":{"footnotes":""},"categories":[1,5],"tags":[2917,64,39,2629,2215,3642],"class_list":["post-209617","post","type-post","status-publish","format-standard","has-post-thumbnail","hentry","category-noticias","category-politica","tag-educacao-digital","tag-familia","tag-internet","tag-literacia-digital","tag-protecao-da-privacidade","tag-protecao-de-menores-dependente-ou-em-situacao-vulneravel"],"yoast_head":"<!-- This site is optimized with the Yoast SEO plugin v27.2 - https:\/\/yoast.com\/product\/yoast-seo-wordpress\/ -->\n<title>Proibir redes sociais \u00e9 como tratar uma hemorragia com um penso r\u00e1pido - Portal Tela Portugal<\/title>\n<meta name=\"robots\" content=\"index, follow, max-snippet:-1, max-image-preview:large, max-video-preview:-1\" \/>\n<meta property=\"og:locale\" content=\"pt_PT\" \/>\n<meta property=\"og:type\" content=\"article\" \/>\n<meta property=\"og:title\" content=\"Proibir redes sociais \u00e9 como tratar uma hemorragia com um penso r\u00e1pido - Portal Tela Portugal\" \/>\n<meta property=\"og:description\" content=\"O Parlamento discute nesta quinta-feira uma proposta do PSD que defende restringir o acesso de menores de 16 anos \u00e0s redes sociais, permitindo uso entre 13 e 16 com consentimento dos pais. A medida prev\u00ea consentimento parental para a faixa entre 13 e 16 anos. Maria do C\u00e9u Patr\u00e3o Neves, presidente do Conselho Nacional de \u00c9tica para as Ci\u00eancias da Vida, afirma que o tema \u00e9 demasiado complexo para ser resolvido apenas com medidas simples. Ela defende que \u00e9 necess\u00e1rio estudar a quest\u00e3o a fundo e implementar medidas concertadas desde a origem do problema. Em entrevista ao P\u00daBLICO, diz que os respons\u00e1veis pol\u00edticos n\u00e3o podem ficar desobrigados de agir na complexidade do problema apenas por estebelecer um n\u00edvel et\u00e1rio.\" \/>\n<meta property=\"og:url\" content=\"https:\/\/portaltela.pt\/noticias\/2026\/02\/12\/proibir-redes-sociais-e-como-tratar-uma-hemorragia-com-um-penso-rapido\/\" \/>\n<meta property=\"og:site_name\" content=\"Portal Tela Portugal\" \/>\n<meta property=\"article:published_time\" content=\"2026-02-12T12:25:00+00:00\" \/>\n<meta name=\"author\" content=\"Telinha\" \/>\n<meta name=\"twitter:card\" content=\"summary_large_image\" \/>\n<meta name=\"twitter:label1\" content=\"Escrito por\" \/>\n\t<meta name=\"twitter:data1\" content=\"Telinha\" \/>\n\t<meta name=\"twitter:label2\" content=\"Tempo estimado de leitura\" \/>\n\t<meta name=\"twitter:data2\" content=\"1 minuto\" \/>\n<script type=\"application\/ld+json\" class=\"yoast-schema-graph\">{\"@context\":\"https:\/\/schema.org\",\"@graph\":[{\"@type\":\"Article\",\"@id\":\"https:\/\/portaltela.pt\/noticias\/2026\/02\/12\/proibir-redes-sociais-e-como-tratar-uma-hemorragia-com-um-penso-rapido\/#article\",\"isPartOf\":{\"@id\":\"https:\/\/portaltela.pt\/noticias\/2026\/02\/12\/proibir-redes-sociais-e-como-tratar-uma-hemorragia-com-um-penso-rapido\/\"},\"author\":{\"name\":\"Telinha\",\"@id\":\"https:\/\/portaltela.pt\/#\/schema\/person\/c4278d4a6028830caff9ee44b42d32ed\"},\"headline\":\"Proibir redes sociais \u00e9 como tratar uma hemorragia com um penso r\u00e1pido\",\"datePublished\":\"2026-02-12T12:25:00+00:00\",\"mainEntityOfPage\":{\"@id\":\"https:\/\/portaltela.pt\/noticias\/2026\/02\/12\/proibir-redes-sociais-e-como-tratar-uma-hemorragia-com-um-penso-rapido\/\"},\"wordCount\":213,\"image\":{\"@id\":\"https:\/\/portaltela.pt\/noticias\/2026\/02\/12\/proibir-redes-sociais-e-como-tratar-uma-hemorragia-com-um-penso-rapido\/#primaryimage\"},\"thumbnailUrl\":\"https:\/\/portaltela.pt\/s.01k8rhncp4jt1\/2026\/02\/2066539.jpg\",\"keywords\":[\"educa\u00e7\u00e3o digital\",\"fam\u00edlia\",\"internet\",\"literacia digital\",\"prote\u00e7\u00e3o da privacidade\",\"prote\u00e7\u00e3o de menores dependente ou em situa\u00e7\u00e3o vulner\u00e1vel\"],\"articleSection\":[\"Not\u00edcias\",\"Pol\u00edtica\"],\"inLanguage\":\"pt-PT\"},{\"@type\":\"WebPage\",\"@id\":\"https:\/\/portaltela.pt\/noticias\/2026\/02\/12\/proibir-redes-sociais-e-como-tratar-uma-hemorragia-com-um-penso-rapido\/\",\"url\":\"https:\/\/portaltela.pt\/noticias\/2026\/02\/12\/proibir-redes-sociais-e-como-tratar-uma-hemorragia-com-um-penso-rapido\/\",\"name\":\"Proibir redes sociais \u00e9 como tratar uma hemorragia com um penso r\u00e1pido - Portal Tela Portugal\",\"isPartOf\":{\"@id\":\"https:\/\/portaltela.pt\/#website\"},\"primaryImageOfPage\":{\"@id\":\"https:\/\/portaltela.pt\/noticias\/2026\/02\/12\/proibir-redes-sociais-e-como-tratar-uma-hemorragia-com-um-penso-rapido\/#primaryimage\"},\"image\":{\"@id\":\"https:\/\/portaltela.pt\/noticias\/2026\/02\/12\/proibir-redes-sociais-e-como-tratar-uma-hemorragia-com-um-penso-rapido\/#primaryimage\"},\"thumbnailUrl\":\"https:\/\/portaltela.pt\/s.01k8rhncp4jt1\/2026\/02\/2066539.jpg\",\"datePublished\":\"2026-02-12T12:25:00+00:00\",\"author\":{\"@id\":\"https:\/\/portaltela.pt\/#\/schema\/person\/c4278d4a6028830caff9ee44b42d32ed\"},\"breadcrumb\":{\"@id\":\"https:\/\/portaltela.pt\/noticias\/2026\/02\/12\/proibir-redes-sociais-e-como-tratar-uma-hemorragia-com-um-penso-rapido\/#breadcrumb\"},\"inLanguage\":\"pt-PT\",\"potentialAction\":[{\"@type\":\"ReadAction\",\"target\":[\"https:\/\/portaltela.pt\/noticias\/2026\/02\/12\/proibir-redes-sociais-e-como-tratar-uma-hemorragia-com-um-penso-rapido\/\"]}]},{\"@type\":\"ImageObject\",\"inLanguage\":\"pt-PT\",\"@id\":\"https:\/\/portaltela.pt\/noticias\/2026\/02\/12\/proibir-redes-sociais-e-como-tratar-uma-hemorragia-com-um-penso-rapido\/#primaryimage\",\"url\":\"https:\/\/portaltela.pt\/s.01k8rhncp4jt1\/2026\/02\/2066539.jpg\",\"contentUrl\":\"https:\/\/portaltela.pt\/s.01k8rhncp4jt1\/2026\/02\/2066539.jpg\",\"width\":796,\"height\":448,\"caption\":\"Presidente do Conselho Nacional de \u00c9tica para as Ci\u00eancias da Vida, Maria do C\u00e9u Patr\u00e3o Neves\"},{\"@type\":\"BreadcrumbList\",\"@id\":\"https:\/\/portaltela.pt\/noticias\/2026\/02\/12\/proibir-redes-sociais-e-como-tratar-uma-hemorragia-com-um-penso-rapido\/#breadcrumb\",\"itemListElement\":[{\"@type\":\"ListItem\",\"position\":1,\"name\":\"In\u00edcio\",\"item\":\"https:\/\/portaltela.pt\/\"},{\"@type\":\"ListItem\",\"position\":2,\"name\":\"Proibir redes sociais \u00e9 como tratar uma hemorragia com um penso r\u00e1pido\"}]},{\"@type\":\"WebSite\",\"@id\":\"https:\/\/portaltela.pt\/#website\",\"url\":\"https:\/\/portaltela.pt\/\",\"name\":\"Portal Tela Portugal\",\"description\":\"\",\"potentialAction\":[{\"@type\":\"SearchAction\",\"target\":{\"@type\":\"EntryPoint\",\"urlTemplate\":\"https:\/\/portaltela.pt\/?s={search_term_string}\"},\"query-input\":{\"@type\":\"PropertyValueSpecification\",\"valueRequired\":true,\"valueName\":\"search_term_string\"}}],\"inLanguage\":\"pt-PT\"},{\"@type\":\"Person\",\"@id\":\"https:\/\/portaltela.pt\/#\/schema\/person\/c4278d4a6028830caff9ee44b42d32ed\",\"name\":\"Telinha\",\"image\":{\"@type\":\"ImageObject\",\"inLanguage\":\"pt-PT\",\"@id\":\"https:\/\/portaltela.pt\/s.01k8rhncp4jt1\/2025\/11\/talking-bot-125x125.png\",\"url\":\"https:\/\/portaltela.pt\/s.01k8rhncp4jt1\/2025\/11\/talking-bot-125x125.png\",\"contentUrl\":\"https:\/\/portaltela.pt\/s.01k8rhncp4jt1\/2025\/11\/talking-bot-125x125.png\",\"caption\":\"Telinha\"},\"sameAs\":[\"https:\/\/portaltela.pt\/\"],\"url\":\"https:\/\/portaltela.pt\/por\/367410592786\/\"}]}<\/script>\n<!-- \/ Yoast SEO plugin. -->","yoast_head_json":{"title":"Proibir redes sociais \u00e9 como tratar uma hemorragia com um penso r\u00e1pido - Portal Tela Portugal","robots":{"index":"index","follow":"follow","max-snippet":"max-snippet:-1","max-image-preview":"max-image-preview:large","max-video-preview":"max-video-preview:-1"},"og_locale":"pt_PT","og_type":"article","og_title":"Proibir redes sociais \u00e9 como tratar uma hemorragia com um penso r\u00e1pido - Portal Tela Portugal","og_description":"O Parlamento discute nesta quinta-feira uma proposta do PSD que defende restringir o acesso de menores de 16 anos \u00e0s redes sociais, permitindo uso entre 13 e 16 com consentimento dos pais. A medida prev\u00ea consentimento parental para a faixa entre 13 e 16 anos. Maria do C\u00e9u Patr\u00e3o Neves, presidente do Conselho Nacional de \u00c9tica para as Ci\u00eancias da Vida, afirma que o tema \u00e9 demasiado complexo para ser resolvido apenas com medidas simples. Ela defende que \u00e9 necess\u00e1rio estudar a quest\u00e3o a fundo e implementar medidas concertadas desde a origem do problema. Em entrevista ao P\u00daBLICO, diz que os respons\u00e1veis pol\u00edticos n\u00e3o podem ficar desobrigados de agir na complexidade do problema apenas por estebelecer um n\u00edvel et\u00e1rio.","og_url":"https:\/\/portaltela.pt\/noticias\/2026\/02\/12\/proibir-redes-sociais-e-como-tratar-uma-hemorragia-com-um-penso-rapido\/","og_site_name":"Portal Tela Portugal","article_published_time":"2026-02-12T12:25:00+00:00","author":"Telinha","twitter_card":"summary_large_image","twitter_misc":{"Escrito por":"Telinha","Tempo estimado de leitura":"1 minuto"},"schema":{"@context":"https:\/\/schema.org","@graph":[{"@type":"Article","@id":"https:\/\/portaltela.pt\/noticias\/2026\/02\/12\/proibir-redes-sociais-e-como-tratar-uma-hemorragia-com-um-penso-rapido\/#article","isPartOf":{"@id":"https:\/\/portaltela.pt\/noticias\/2026\/02\/12\/proibir-redes-sociais-e-como-tratar-uma-hemorragia-com-um-penso-rapido\/"},"author":{"name":"Telinha","@id":"https:\/\/portaltela.pt\/#\/schema\/person\/c4278d4a6028830caff9ee44b42d32ed"},"headline":"Proibir redes sociais \u00e9 como tratar uma hemorragia com um penso r\u00e1pido","datePublished":"2026-02-12T12:25:00+00:00","mainEntityOfPage":{"@id":"https:\/\/portaltela.pt\/noticias\/2026\/02\/12\/proibir-redes-sociais-e-como-tratar-uma-hemorragia-com-um-penso-rapido\/"},"wordCount":213,"image":{"@id":"https:\/\/portaltela.pt\/noticias\/2026\/02\/12\/proibir-redes-sociais-e-como-tratar-uma-hemorragia-com-um-penso-rapido\/#primaryimage"},"thumbnailUrl":"https:\/\/portaltela.pt\/s.01k8rhncp4jt1\/2026\/02\/2066539.jpg","keywords":["educa\u00e7\u00e3o digital","fam\u00edlia","internet","literacia digital","prote\u00e7\u00e3o da privacidade","prote\u00e7\u00e3o de menores dependente ou em situa\u00e7\u00e3o vulner\u00e1vel"],"articleSection":["Not\u00edcias","Pol\u00edtica"],"inLanguage":"pt-PT"},{"@type":"WebPage","@id":"https:\/\/portaltela.pt\/noticias\/2026\/02\/12\/proibir-redes-sociais-e-como-tratar-uma-hemorragia-com-um-penso-rapido\/","url":"https:\/\/portaltela.pt\/noticias\/2026\/02\/12\/proibir-redes-sociais-e-como-tratar-uma-hemorragia-com-um-penso-rapido\/","name":"Proibir redes sociais \u00e9 como tratar uma hemorragia com um penso r\u00e1pido - Portal Tela Portugal","isPartOf":{"@id":"https:\/\/portaltela.pt\/#website"},"primaryImageOfPage":{"@id":"https:\/\/portaltela.pt\/noticias\/2026\/02\/12\/proibir-redes-sociais-e-como-tratar-uma-hemorragia-com-um-penso-rapido\/#primaryimage"},"image":{"@id":"https:\/\/portaltela.pt\/noticias\/2026\/02\/12\/proibir-redes-sociais-e-como-tratar-uma-hemorragia-com-um-penso-rapido\/#primaryimage"},"thumbnailUrl":"https:\/\/portaltela.pt\/s.01k8rhncp4jt1\/2026\/02\/2066539.jpg","datePublished":"2026-02-12T12:25:00+00:00","author":{"@id":"https:\/\/portaltela.pt\/#\/schema\/person\/c4278d4a6028830caff9ee44b42d32ed"},"breadcrumb":{"@id":"https:\/\/portaltela.pt\/noticias\/2026\/02\/12\/proibir-redes-sociais-e-como-tratar-uma-hemorragia-com-um-penso-rapido\/#breadcrumb"},"inLanguage":"pt-PT","potentialAction":[{"@type":"ReadAction","target":["https:\/\/portaltela.pt\/noticias\/2026\/02\/12\/proibir-redes-sociais-e-como-tratar-uma-hemorragia-com-um-penso-rapido\/"]}]},{"@type":"ImageObject","inLanguage":"pt-PT","@id":"https:\/\/portaltela.pt\/noticias\/2026\/02\/12\/proibir-redes-sociais-e-como-tratar-uma-hemorragia-com-um-penso-rapido\/#primaryimage","url":"https:\/\/portaltela.pt\/s.01k8rhncp4jt1\/2026\/02\/2066539.jpg","contentUrl":"https:\/\/portaltela.pt\/s.01k8rhncp4jt1\/2026\/02\/2066539.jpg","width":796,"height":448,"caption":"Presidente do Conselho Nacional de \u00c9tica para as Ci\u00eancias da Vida, Maria do C\u00e9u Patr\u00e3o Neves"},{"@type":"BreadcrumbList","@id":"https:\/\/portaltela.pt\/noticias\/2026\/02\/12\/proibir-redes-sociais-e-como-tratar-uma-hemorragia-com-um-penso-rapido\/#breadcrumb","itemListElement":[{"@type":"ListItem","position":1,"name":"In\u00edcio","item":"https:\/\/portaltela.pt\/"},{"@type":"ListItem","position":2,"name":"Proibir redes sociais \u00e9 como tratar uma hemorragia com um penso r\u00e1pido"}]},{"@type":"WebSite","@id":"https:\/\/portaltela.pt\/#website","url":"https:\/\/portaltela.pt\/","name":"Portal Tela Portugal","description":"","potentialAction":[{"@type":"SearchAction","target":{"@type":"EntryPoint","urlTemplate":"https:\/\/portaltela.pt\/?s={search_term_string}"},"query-input":{"@type":"PropertyValueSpecification","valueRequired":true,"valueName":"search_term_string"}}],"inLanguage":"pt-PT"},{"@type":"Person","@id":"https:\/\/portaltela.pt\/#\/schema\/person\/c4278d4a6028830caff9ee44b42d32ed","name":"Telinha","image":{"@type":"ImageObject","inLanguage":"pt-PT","@id":"https:\/\/portaltela.pt\/s.01k8rhncp4jt1\/2025\/11\/talking-bot-125x125.png","url":"https:\/\/portaltela.pt\/s.01k8rhncp4jt1\/2025\/11\/talking-bot-125x125.png","contentUrl":"https:\/\/portaltela.pt\/s.01k8rhncp4jt1\/2025\/11\/talking-bot-125x125.png","caption":"Telinha"},"sameAs":["https:\/\/portaltela.pt\/"],"url":"https:\/\/portaltela.pt\/por\/367410592786\/"}]}},"_links":{"self":[{"href":"https:\/\/portaltela.pt\/api\/wp\/v2\/posts\/209617","targetHints":{"allow":["GET"]}}],"collection":[{"href":"https:\/\/portaltela.pt\/api\/wp\/v2\/posts"}],"about":[{"href":"https:\/\/portaltela.pt\/api\/wp\/v2\/types\/post"}],"author":[{"embeddable":true,"href":"https:\/\/portaltela.pt\/api\/wp\/v2\/users\/2"}],"replies":[{"embeddable":true,"href":"https:\/\/portaltela.pt\/api\/wp\/v2\/comments?post=209617"}],"version-history":[{"count":0,"href":"https:\/\/portaltela.pt\/api\/wp\/v2\/posts\/209617\/revisions"}],"wp:featuredmedia":[{"embeddable":true,"href":"https:\/\/portaltela.pt\/api\/wp\/v2\/media\/209621"}],"wp:attachment":[{"href":"https:\/\/portaltela.pt\/api\/wp\/v2\/media?parent=209617"}],"wp:term":[{"taxonomy":"category","embeddable":true,"href":"https:\/\/portaltela.pt\/api\/wp\/v2\/categories?post=209617"},{"taxonomy":"post_tag","embeddable":true,"href":"https:\/\/portaltela.pt\/api\/wp\/v2\/tags?post=209617"}],"curies":[{"name":"wp","href":"https:\/\/api.w.org\/{rel}","templated":true}]}}