{"id":209591,"date":"2026-02-12T09:38:36","date_gmt":"2026-02-12T12:38:36","guid":{"rendered":"https:\/\/portaltela.pt\/noticias\/2026\/02\/12\/federica-brignone-torna-se-a-mais-velha-campea-do-esqui-alpino-nos-jogos-de-inverno\/"},"modified":"2026-02-12T09:38:36","modified_gmt":"2026-02-12T12:38:36","slug":"federica-brignone-torna-se-a-mais-velha-campea-do-esqui-alpino-nos-jogos-de-inverno","status":"publish","type":"post","link":"https:\/\/portaltela.pt\/desporto\/2026\/02\/12\/federica-brignone-torna-se-a-mais-velha-campea-do-esqui-alpino-nos-jogos-de-inverno\/","title":{"rendered":"Federica Brignone torna-se a mais velha campe\u00e3 do esqui alpino nos Jogos de Inverno"},"content":{"rendered":"<p>Federica Brignone tornou-se na atleta mais velha a vencer uma t\u00edtulo ol\u00edmpico de esqui alpino, ao triunfar no Super-G de Mil\u00e3o-Cortina 2026. A vit\u00f3ria ocorreu hoje, na pista Stelvio, em Mil\u00e3o-Cortina, sem alus\u00f5es pol\u00edticas ou opini\u00f5es.<\/p>\n<p>A italiana completou o percurso em 1.23,41 minutos. Foi 0,41 segundos mais r\u00e1pida que Romane Miradoli e 0,52 segundos mais \u00e1cida que Cornelia Huetter, respetivamente segunda e terceira classificadas.<\/p>\n<p>A conquista surge menos de um ano ap\u00f3s Brignone sofrer uma fratura grave na perna esquerda, com dupla fratura da t\u00edbia e do per\u00f3nio. Aos 35 anos, tornou-se a mais velha campe\u00e3 ol\u00edmpica no esqui alpino.<\/p>\n<h3>Recorde hist\u00f3rico<\/h3>\n<p>Brignone, que partiu como porta-estandarte de It\u00e1lia na abertura dos jogos, soma j\u00e1 quatro medalhas ol\u00edmpicas. Anteriormente tinha prata em Pequim 2022 e bronze em PyeongChang 2018 no slalom gigante, e bronze no combinado em Pequim 2022.<\/p>\n<p>O milanense Mil\u00e3o-Cortina2026 marca a estreia de Brignone como medalhista de ouro em jogos de inverno, destacando o regresso competitivo ap\u00f3s a les\u00e3o grave. A atleta mant\u00e9m-se em evid\u00eancia no desporto italiano.<\/p>\n","protected":false},"excerpt":{"rendered":"<ul>\n<li>Federica Brignone tornou-se a mais velha campe\u00e3 ol\u00edmpica de esqui alpino, ao vencer o Super-G em Mil\u00e3o-Cortina&#8217;2026, aos 35 anos.<\/li>\n<li>A vit\u00f3ria ocorreu cerca de 10 meses depois de sofrer uma dupla fratura na perna esquerda (t\u00edbia e per\u00f3nio).<\/li>\n<li>O tempo de Brignone foi 1.23,41, deixando a francesa Romane Miradoli a 0,41 segundos e a austr\u00edaca Cornelia Huetter a 0,52 segundos.<\/li>\n<li>A italiana somou a sua quarta medalha ol\u00edmpica, j\u00e1 com prata no slalom gigante (Pequim 2022) e bronzes no (PyeongChang 2018) no slalom gigante e no combinado (Pequim 2022).<\/li>\n<li>Brignone competiu em casa no Stelvio, onde foi porta-estandarte na abertura.<\/li>\n<\/ul>\n","protected":false},"author":2,"featured_media":209602,"comment_status":"closed","ping_status":"closed","sticky":false,"template":"","format":"standard","meta":{"footnotes":""},"categories":[21],"tags":[252,152,4456,2681,120,40],"class_list":["post-209591","post","type-post","status-publish","format-standard","has-post-thumbnail","hentry","category-desporto","tag-atletas","tag-desporto","tag-desporto-federado-individual-e-coletivo","tag-desporto-internacional","tag-medalhas","tag-pessoas"],"yoast_head":"<!-- This site is optimized with the Yoast SEO plugin v27.2 - https:\/\/yoast.com\/product\/yoast-seo-wordpress\/ -->\n<title>Federica Brignone torna-se a mais velha campe\u00e3 do esqui alpino nos Jogos de Inverno - Portal Tela Portugal<\/title>\n<meta name=\"robots\" content=\"index, follow, max-snippet:-1, max-image-preview:large, max-video-preview:-1\" \/>\n<meta property=\"og:locale\" content=\"pt_PT\" \/>\n<meta property=\"og:type\" content=\"article\" \/>\n<meta property=\"og:title\" content=\"Federica Brignone torna-se a mais velha campe\u00e3 do esqui alpino nos Jogos de Inverno - Portal Tela Portugal\" \/>\n<meta property=\"og:description\" content=\"Federica Brignone tornou-se a mais velha campe\u00e3 ol\u00edmpica de esqui alpino, ao vencer o Super-G em Mil\u00e3o-Cortina&#039;2026, aos 35 anos. A vit\u00f3ria ocorreu cerca de 10 meses depois de sofrer uma dupla fratura na perna esquerda (t\u00edbia e per\u00f3nio). O tempo de Brignone foi 1.23,41, deixando a francesa Romane Miradoli a 0,41 segundos e a austr\u00edaca Cornelia Huetter a 0,52 segundos. A italiana somou a sua quarta medalha ol\u00edmpica, j\u00e1 com prata no slalom gigante (Pequim 2022) e bronzes no (PyeongChang 2018) no slalom gigante e no combinado (Pequim 2022). Brignone competiu em casa no Stelvio, onde foi porta-estandarte na abertura.\" \/>\n<meta property=\"og:url\" content=\"https:\/\/portaltela.pt\/noticias\/2026\/02\/12\/federica-brignone-torna-se-a-mais-velha-campea-do-esqui-alpino-nos-jogos-de-inverno\/\" \/>\n<meta property=\"og:site_name\" content=\"Portal Tela Portugal\" \/>\n<meta property=\"article:published_time\" content=\"2026-02-12T12:38:36+00:00\" \/>\n<meta name=\"author\" content=\"Telinha\" \/>\n<meta name=\"twitter:card\" content=\"summary_large_image\" \/>\n<meta name=\"twitter:label1\" content=\"Escrito por\" \/>\n\t<meta name=\"twitter:data1\" content=\"Telinha\" \/>\n\t<meta name=\"twitter:label2\" content=\"Tempo estimado de leitura\" \/>\n\t<meta name=\"twitter:data2\" content=\"1 minuto\" \/>\n<script type=\"application\/ld+json\" class=\"yoast-schema-graph\">{\"@context\":\"https:\/\/schema.org\",\"@graph\":[{\"@type\":\"Article\",\"@id\":\"https:\/\/portaltela.pt\/noticias\/2026\/02\/12\/federica-brignone-torna-se-a-mais-velha-campea-do-esqui-alpino-nos-jogos-de-inverno\/#article\",\"isPartOf\":{\"@id\":\"https:\/\/portaltela.pt\/noticias\/2026\/02\/12\/federica-brignone-torna-se-a-mais-velha-campea-do-esqui-alpino-nos-jogos-de-inverno\/\"},\"author\":{\"name\":\"Telinha\",\"@id\":\"https:\/\/portaltela.pt\/#\/schema\/person\/c4278d4a6028830caff9ee44b42d32ed\"},\"headline\":\"Federica Brignone torna-se a mais velha campe\u00e3 do esqui alpino nos Jogos de Inverno\",\"datePublished\":\"2026-02-12T12:38:36+00:00\",\"mainEntityOfPage\":{\"@id\":\"https:\/\/portaltela.pt\/noticias\/2026\/02\/12\/federica-brignone-torna-se-a-mais-velha-campea-do-esqui-alpino-nos-jogos-de-inverno\/\"},\"wordCount\":199,\"image\":{\"@id\":\"https:\/\/portaltela.pt\/noticias\/2026\/02\/12\/federica-brignone-torna-se-a-mais-velha-campea-do-esqui-alpino-nos-jogos-de-inverno\/#primaryimage\"},\"thumbnailUrl\":\"https:\/\/portaltela.pt\/s.01k8rhncp4jt1\/2026\/02\/img_920x518uu2026-02-12-12-37-39-2421126.jpg\",\"keywords\":[\"atletas\",\"desporto\",\"Desporto Federado Individual e Coletivo\",\"desporto internacional\",\"medalhas\",\"pessoas\"],\"articleSection\":[\"Desporto\"],\"inLanguage\":\"pt-PT\"},{\"@type\":\"WebPage\",\"@id\":\"https:\/\/portaltela.pt\/noticias\/2026\/02\/12\/federica-brignone-torna-se-a-mais-velha-campea-do-esqui-alpino-nos-jogos-de-inverno\/\",\"url\":\"https:\/\/portaltela.pt\/noticias\/2026\/02\/12\/federica-brignone-torna-se-a-mais-velha-campea-do-esqui-alpino-nos-jogos-de-inverno\/\",\"name\":\"Federica Brignone torna-se a mais velha campe\u00e3 do esqui alpino nos Jogos de Inverno - Portal Tela Portugal\",\"isPartOf\":{\"@id\":\"https:\/\/portaltela.pt\/#website\"},\"primaryImageOfPage\":{\"@id\":\"https:\/\/portaltela.pt\/noticias\/2026\/02\/12\/federica-brignone-torna-se-a-mais-velha-campea-do-esqui-alpino-nos-jogos-de-inverno\/#primaryimage\"},\"image\":{\"@id\":\"https:\/\/portaltela.pt\/noticias\/2026\/02\/12\/federica-brignone-torna-se-a-mais-velha-campea-do-esqui-alpino-nos-jogos-de-inverno\/#primaryimage\"},\"thumbnailUrl\":\"https:\/\/portaltela.pt\/s.01k8rhncp4jt1\/2026\/02\/img_920x518uu2026-02-12-12-37-39-2421126.jpg\",\"datePublished\":\"2026-02-12T12:38:36+00:00\",\"author\":{\"@id\":\"https:\/\/portaltela.pt\/#\/schema\/person\/c4278d4a6028830caff9ee44b42d32ed\"},\"breadcrumb\":{\"@id\":\"https:\/\/portaltela.pt\/noticias\/2026\/02\/12\/federica-brignone-torna-se-a-mais-velha-campea-do-esqui-alpino-nos-jogos-de-inverno\/#breadcrumb\"},\"inLanguage\":\"pt-PT\",\"potentialAction\":[{\"@type\":\"ReadAction\",\"target\":[\"https:\/\/portaltela.pt\/noticias\/2026\/02\/12\/federica-brignone-torna-se-a-mais-velha-campea-do-esqui-alpino-nos-jogos-de-inverno\/\"]}]},{\"@type\":\"ImageObject\",\"inLanguage\":\"pt-PT\",\"@id\":\"https:\/\/portaltela.pt\/noticias\/2026\/02\/12\/federica-brignone-torna-se-a-mais-velha-campea-do-esqui-alpino-nos-jogos-de-inverno\/#primaryimage\",\"url\":\"https:\/\/portaltela.pt\/s.01k8rhncp4jt1\/2026\/02\/img_920x518uu2026-02-12-12-37-39-2421126.jpg\",\"contentUrl\":\"https:\/\/portaltela.pt\/s.01k8rhncp4jt1\/2026\/02\/img_920x518uu2026-02-12-12-37-39-2421126.jpg\",\"width\":796,\"height\":448,\"caption\":\"Federica Brignone ganha a medalha de ouro no Super-G em Mil\u00e3o-Cortina'2026\"},{\"@type\":\"BreadcrumbList\",\"@id\":\"https:\/\/portaltela.pt\/noticias\/2026\/02\/12\/federica-brignone-torna-se-a-mais-velha-campea-do-esqui-alpino-nos-jogos-de-inverno\/#breadcrumb\",\"itemListElement\":[{\"@type\":\"ListItem\",\"position\":1,\"name\":\"In\u00edcio\",\"item\":\"https:\/\/portaltela.pt\/\"},{\"@type\":\"ListItem\",\"position\":2,\"name\":\"Federica Brignone torna-se a mais velha campe\u00e3 do esqui alpino nos Jogos de Inverno\"}]},{\"@type\":\"WebSite\",\"@id\":\"https:\/\/portaltela.pt\/#website\",\"url\":\"https:\/\/portaltela.pt\/\",\"name\":\"Portal Tela Portugal\",\"description\":\"\",\"potentialAction\":[{\"@type\":\"SearchAction\",\"target\":{\"@type\":\"EntryPoint\",\"urlTemplate\":\"https:\/\/portaltela.pt\/?s={search_term_string}\"},\"query-input\":{\"@type\":\"PropertyValueSpecification\",\"valueRequired\":true,\"valueName\":\"search_term_string\"}}],\"inLanguage\":\"pt-PT\"},{\"@type\":\"Person\",\"@id\":\"https:\/\/portaltela.pt\/#\/schema\/person\/c4278d4a6028830caff9ee44b42d32ed\",\"name\":\"Telinha\",\"image\":{\"@type\":\"ImageObject\",\"inLanguage\":\"pt-PT\",\"@id\":\"https:\/\/portaltela.pt\/s.01k8rhncp4jt1\/2025\/11\/talking-bot-125x125.png\",\"url\":\"https:\/\/portaltela.pt\/s.01k8rhncp4jt1\/2025\/11\/talking-bot-125x125.png\",\"contentUrl\":\"https:\/\/portaltela.pt\/s.01k8rhncp4jt1\/2025\/11\/talking-bot-125x125.png\",\"caption\":\"Telinha\"},\"sameAs\":[\"https:\/\/portaltela.pt\/\"],\"url\":\"https:\/\/portaltela.pt\/por\/367410592786\/\"}]}<\/script>\n<!-- \/ Yoast SEO plugin. -->","yoast_head_json":{"title":"Federica Brignone torna-se a mais velha campe\u00e3 do esqui alpino nos Jogos de Inverno - Portal Tela Portugal","robots":{"index":"index","follow":"follow","max-snippet":"max-snippet:-1","max-image-preview":"max-image-preview:large","max-video-preview":"max-video-preview:-1"},"og_locale":"pt_PT","og_type":"article","og_title":"Federica Brignone torna-se a mais velha campe\u00e3 do esqui alpino nos Jogos de Inverno - Portal Tela Portugal","og_description":"Federica Brignone tornou-se a mais velha campe\u00e3 ol\u00edmpica de esqui alpino, ao vencer o Super-G em Mil\u00e3o-Cortina'2026, aos 35 anos. A vit\u00f3ria ocorreu cerca de 10 meses depois de sofrer uma dupla fratura na perna esquerda (t\u00edbia e per\u00f3nio). O tempo de Brignone foi 1.23,41, deixando a francesa Romane Miradoli a 0,41 segundos e a austr\u00edaca Cornelia Huetter a 0,52 segundos. A italiana somou a sua quarta medalha ol\u00edmpica, j\u00e1 com prata no slalom gigante (Pequim 2022) e bronzes no (PyeongChang 2018) no slalom gigante e no combinado (Pequim 2022). Brignone competiu em casa no Stelvio, onde foi porta-estandarte na abertura.","og_url":"https:\/\/portaltela.pt\/noticias\/2026\/02\/12\/federica-brignone-torna-se-a-mais-velha-campea-do-esqui-alpino-nos-jogos-de-inverno\/","og_site_name":"Portal Tela Portugal","article_published_time":"2026-02-12T12:38:36+00:00","author":"Telinha","twitter_card":"summary_large_image","twitter_misc":{"Escrito por":"Telinha","Tempo estimado de leitura":"1 minuto"},"schema":{"@context":"https:\/\/schema.org","@graph":[{"@type":"Article","@id":"https:\/\/portaltela.pt\/noticias\/2026\/02\/12\/federica-brignone-torna-se-a-mais-velha-campea-do-esqui-alpino-nos-jogos-de-inverno\/#article","isPartOf":{"@id":"https:\/\/portaltela.pt\/noticias\/2026\/02\/12\/federica-brignone-torna-se-a-mais-velha-campea-do-esqui-alpino-nos-jogos-de-inverno\/"},"author":{"name":"Telinha","@id":"https:\/\/portaltela.pt\/#\/schema\/person\/c4278d4a6028830caff9ee44b42d32ed"},"headline":"Federica Brignone torna-se a mais velha campe\u00e3 do esqui alpino nos Jogos de Inverno","datePublished":"2026-02-12T12:38:36+00:00","mainEntityOfPage":{"@id":"https:\/\/portaltela.pt\/noticias\/2026\/02\/12\/federica-brignone-torna-se-a-mais-velha-campea-do-esqui-alpino-nos-jogos-de-inverno\/"},"wordCount":199,"image":{"@id":"https:\/\/portaltela.pt\/noticias\/2026\/02\/12\/federica-brignone-torna-se-a-mais-velha-campea-do-esqui-alpino-nos-jogos-de-inverno\/#primaryimage"},"thumbnailUrl":"https:\/\/portaltela.pt\/s.01k8rhncp4jt1\/2026\/02\/img_920x518uu2026-02-12-12-37-39-2421126.jpg","keywords":["atletas","desporto","Desporto Federado Individual e Coletivo","desporto internacional","medalhas","pessoas"],"articleSection":["Desporto"],"inLanguage":"pt-PT"},{"@type":"WebPage","@id":"https:\/\/portaltela.pt\/noticias\/2026\/02\/12\/federica-brignone-torna-se-a-mais-velha-campea-do-esqui-alpino-nos-jogos-de-inverno\/","url":"https:\/\/portaltela.pt\/noticias\/2026\/02\/12\/federica-brignone-torna-se-a-mais-velha-campea-do-esqui-alpino-nos-jogos-de-inverno\/","name":"Federica Brignone torna-se a mais velha campe\u00e3 do esqui alpino nos Jogos de Inverno - Portal Tela Portugal","isPartOf":{"@id":"https:\/\/portaltela.pt\/#website"},"primaryImageOfPage":{"@id":"https:\/\/portaltela.pt\/noticias\/2026\/02\/12\/federica-brignone-torna-se-a-mais-velha-campea-do-esqui-alpino-nos-jogos-de-inverno\/#primaryimage"},"image":{"@id":"https:\/\/portaltela.pt\/noticias\/2026\/02\/12\/federica-brignone-torna-se-a-mais-velha-campea-do-esqui-alpino-nos-jogos-de-inverno\/#primaryimage"},"thumbnailUrl":"https:\/\/portaltela.pt\/s.01k8rhncp4jt1\/2026\/02\/img_920x518uu2026-02-12-12-37-39-2421126.jpg","datePublished":"2026-02-12T12:38:36+00:00","author":{"@id":"https:\/\/portaltela.pt\/#\/schema\/person\/c4278d4a6028830caff9ee44b42d32ed"},"breadcrumb":{"@id":"https:\/\/portaltela.pt\/noticias\/2026\/02\/12\/federica-brignone-torna-se-a-mais-velha-campea-do-esqui-alpino-nos-jogos-de-inverno\/#breadcrumb"},"inLanguage":"pt-PT","potentialAction":[{"@type":"ReadAction","target":["https:\/\/portaltela.pt\/noticias\/2026\/02\/12\/federica-brignone-torna-se-a-mais-velha-campea-do-esqui-alpino-nos-jogos-de-inverno\/"]}]},{"@type":"ImageObject","inLanguage":"pt-PT","@id":"https:\/\/portaltela.pt\/noticias\/2026\/02\/12\/federica-brignone-torna-se-a-mais-velha-campea-do-esqui-alpino-nos-jogos-de-inverno\/#primaryimage","url":"https:\/\/portaltela.pt\/s.01k8rhncp4jt1\/2026\/02\/img_920x518uu2026-02-12-12-37-39-2421126.jpg","contentUrl":"https:\/\/portaltela.pt\/s.01k8rhncp4jt1\/2026\/02\/img_920x518uu2026-02-12-12-37-39-2421126.jpg","width":796,"height":448,"caption":"Federica Brignone ganha a medalha de ouro no Super-G em Mil\u00e3o-Cortina'2026"},{"@type":"BreadcrumbList","@id":"https:\/\/portaltela.pt\/noticias\/2026\/02\/12\/federica-brignone-torna-se-a-mais-velha-campea-do-esqui-alpino-nos-jogos-de-inverno\/#breadcrumb","itemListElement":[{"@type":"ListItem","position":1,"name":"In\u00edcio","item":"https:\/\/portaltela.pt\/"},{"@type":"ListItem","position":2,"name":"Federica Brignone torna-se a mais velha campe\u00e3 do esqui alpino nos Jogos de Inverno"}]},{"@type":"WebSite","@id":"https:\/\/portaltela.pt\/#website","url":"https:\/\/portaltela.pt\/","name":"Portal Tela Portugal","description":"","potentialAction":[{"@type":"SearchAction","target":{"@type":"EntryPoint","urlTemplate":"https:\/\/portaltela.pt\/?s={search_term_string}"},"query-input":{"@type":"PropertyValueSpecification","valueRequired":true,"valueName":"search_term_string"}}],"inLanguage":"pt-PT"},{"@type":"Person","@id":"https:\/\/portaltela.pt\/#\/schema\/person\/c4278d4a6028830caff9ee44b42d32ed","name":"Telinha","image":{"@type":"ImageObject","inLanguage":"pt-PT","@id":"https:\/\/portaltela.pt\/s.01k8rhncp4jt1\/2025\/11\/talking-bot-125x125.png","url":"https:\/\/portaltela.pt\/s.01k8rhncp4jt1\/2025\/11\/talking-bot-125x125.png","contentUrl":"https:\/\/portaltela.pt\/s.01k8rhncp4jt1\/2025\/11\/talking-bot-125x125.png","caption":"Telinha"},"sameAs":["https:\/\/portaltela.pt\/"],"url":"https:\/\/portaltela.pt\/por\/367410592786\/"}]}},"_links":{"self":[{"href":"https:\/\/portaltela.pt\/api\/wp\/v2\/posts\/209591","targetHints":{"allow":["GET"]}}],"collection":[{"href":"https:\/\/portaltela.pt\/api\/wp\/v2\/posts"}],"about":[{"href":"https:\/\/portaltela.pt\/api\/wp\/v2\/types\/post"}],"author":[{"embeddable":true,"href":"https:\/\/portaltela.pt\/api\/wp\/v2\/users\/2"}],"replies":[{"embeddable":true,"href":"https:\/\/portaltela.pt\/api\/wp\/v2\/comments?post=209591"}],"version-history":[{"count":0,"href":"https:\/\/portaltela.pt\/api\/wp\/v2\/posts\/209591\/revisions"}],"wp:featuredmedia":[{"embeddable":true,"href":"https:\/\/portaltela.pt\/api\/wp\/v2\/media\/209602"}],"wp:attachment":[{"href":"https:\/\/portaltela.pt\/api\/wp\/v2\/media?parent=209591"}],"wp:term":[{"taxonomy":"category","embeddable":true,"href":"https:\/\/portaltela.pt\/api\/wp\/v2\/categories?post=209591"},{"taxonomy":"post_tag","embeddable":true,"href":"https:\/\/portaltela.pt\/api\/wp\/v2\/tags?post=209591"}],"curies":[{"name":"wp","href":"https:\/\/api.w.org\/{rel}","templated":true}]}}