{"id":209587,"date":"2026-02-12T09:42:00","date_gmt":"2026-02-12T12:42:00","guid":{"rendered":"https:\/\/portaltela.pt\/noticias\/2026\/02\/12\/sabores-franceses-chegam-ao-porto-ruby-no-casario\/"},"modified":"2026-02-12T09:42:00","modified_gmt":"2026-02-12T12:42:00","slug":"sabores-franceses-chegam-ao-porto-ruby-no-casario","status":"publish","type":"post","link":"https:\/\/portaltela.pt\/noticias\/2026\/02\/12\/sabores-franceses-chegam-ao-porto-ruby-no-casario\/","title":{"rendered":"Sabores franceses chegam ao Porto Ruby, no Casario"},"content":{"rendered":"<p>O Casario, restaurante do hotel Gran Cruz House, reabre no Porto a 12 de fevereiro ap\u00f3s a pausa de inverno, com uma carta renovada. O foco do Dia dos Namorados fica numa proposta de chefia conjunta de Jos\u00e9 Guedes e Miguel Castro Silva, incluindo a tartelete de chocolate negro com frutos do bosque e pistacho.<\/p>\n<p>A dupla, que j\u00e1 trabalhava junta no DeCastro Gaia, abriu o Casario em 2018, na margem esquerda do Douro. No Casario, afirma-se uma linha menos restrita do que noutros projetos, mantendo a base de cozinhas francesa e portuguesa e uma abordagem de partilha.<\/p>\n<p>A carta privilegia pratos frios e quentes para partilha, com uma leitura cuidadosa mas descontra\u00edda. Quando h\u00e1 altera\u00e7\u00f5es, entram cl\u00e1ssicos de Miguel Castro e Silva, como o linguado com vieira e creme de alho franc\u00eas, ainda sem fecho definitivo.<\/p>\n<h3>Sobremesa francesa para refor\u00e7ar a carta<\/h3>\n<p>A tartelete de chocolate negro com frutos do bosque e pistacho surge como aposta para o Dia dos Namorados, celebrado num s\u00e1bado. A sobremesa combina ganache de chocolate, gel de framboesa, frutos vermelhos e chantilly de pistacho, com um toque de flor de sal.<\/p>\n<p>A do\u00e7aria utiliza uma base de chocolate muito puro, lembrando t\u00e9cnicas de pastelaria que Guedes estudou em Paris. A proposta visa acompanhar vinhos Porto Ruby, Tawny e outros, oferecendo equil\u00edbrio entre do\u00e7aria e efervesc\u00eancia da carta.<\/p>\n<p>O objetivo \u00e9 criar uma sobremesa que se integre na linha de sabores quentes da do\u00e7aria portuguesa, ao mesmo tempo que refor\u00e7a a liga\u00e7\u00e3o com a proposta global do menu. O item pode j\u00e1 fazer parte da nova carta, com vers\u00e3o semelhante garantida.<\/p>\n<p>Hor\u00e1rio de funcionamento: 17h-22h30 (ter\u00e7a a sexta), 12h30-22h30 (s\u00e1bado) e 12h30-19h (domingo). Telefone: 227 662 270. Local: Casario, Rua Cimo do Muro, 61, Porto. Pre\u00e7o da tartelete: 6 euros.<\/p>\n","protected":false},"excerpt":{"rendered":"<ul>\n<li>O Casario reabre no dia 12 de fevereiro, no Porto, ap\u00f3s a pausa de inverno, com novidades na carta.<\/li>\n<li>Para o Dia dos Namorados, os Chefs Jos\u00e9 Guedes e Miguel Castro Silva criaram um menu especial, incluindo a tartelete de chocolate negro com frutos do bosque e pistacho.<\/li>\n<li>A carta mistura cozinhas francesa e portuguesa, com pratos frios e quentes para partilhar, incluindo o linguado com vieira e creme de alho franc\u00eas.<\/li>\n<li>A tartelete \u00e9 baseada numa ganache de chocolate negro, acompanha gel de framboesa e chantilly de pistacho, com flor de sal para real\u00e7ar os sabores; remete a uma do\u00e7aria francesa.<\/li>\n<li>O Casario fica na Rua Cimo do Muro, 61, Porto, dentro do Gran Cruz House, e funciona das 17h \u00e0s 22h30 (ter\u00e7a a sexta), das 12h30 \u00e0s 22h30 (s\u00e1bado) e das 12h30 \u00e0s 19h (domingo); pre\u00e7o da tartelete: 6 euros.<\/li>\n<\/ul>\n","protected":false},"author":2,"featured_media":209601,"comment_status":"closed","ping_status":"closed","sticky":false,"template":"","format":"standard","meta":{"footnotes":""},"categories":[1],"tags":[778,219,982,1931,2430,5586],"class_list":["post-209587","post","type-post","status-publish","format-standard","has-post-thumbnail","hentry","category-noticias","tag-comida","tag-gastronomia","tag-porto","tag-restaurantes","tag-sobremesas","tag-vinho"],"yoast_head":"<!-- This site is optimized with the Yoast SEO plugin v27.2 - https:\/\/yoast.com\/product\/yoast-seo-wordpress\/ -->\n<title>Sabores franceses chegam ao Porto Ruby, no Casario - Portal Tela Portugal<\/title>\n<meta name=\"robots\" content=\"index, follow, max-snippet:-1, max-image-preview:large, max-video-preview:-1\" \/>\n<meta property=\"og:locale\" content=\"pt_PT\" \/>\n<meta property=\"og:type\" content=\"article\" \/>\n<meta property=\"og:title\" content=\"Sabores franceses chegam ao Porto Ruby, no Casario - Portal Tela Portugal\" \/>\n<meta property=\"og:description\" content=\"O Casario reabre no dia 12 de fevereiro, no Porto, ap\u00f3s a pausa de inverno, com novidades na carta. Para o Dia dos Namorados, os Chefs Jos\u00e9 Guedes e Miguel Castro Silva criaram um menu especial, incluindo a tartelete de chocolate negro com frutos do bosque e pistacho. A carta mistura cozinhas francesa e portuguesa, com pratos frios e quentes para partilhar, incluindo o linguado com vieira e creme de alho franc\u00eas. A tartelete \u00e9 baseada numa ganache de chocolate negro, acompanha gel de framboesa e chantilly de pistacho, com flor de sal para real\u00e7ar os sabores; remete a uma do\u00e7aria francesa. O Casario fica na Rua Cimo do Muro, 61, Porto, dentro do Gran Cruz House, e funciona das 17h \u00e0s 22h30 (ter\u00e7a a sexta), das 12h30 \u00e0s 22h30 (s\u00e1bado) e das 12h30 \u00e0s 19h (domingo); pre\u00e7o da tartelete: 6 euros.\" \/>\n<meta property=\"og:url\" content=\"https:\/\/portaltela.pt\/noticias\/2026\/02\/12\/sabores-franceses-chegam-ao-porto-ruby-no-casario\/\" \/>\n<meta property=\"og:site_name\" content=\"Portal Tela Portugal\" \/>\n<meta property=\"article:published_time\" content=\"2026-02-12T12:42:00+00:00\" \/>\n<meta name=\"author\" content=\"Telinha\" \/>\n<meta name=\"twitter:card\" content=\"summary_large_image\" \/>\n<meta name=\"twitter:label1\" content=\"Escrito por\" \/>\n\t<meta name=\"twitter:data1\" content=\"Telinha\" \/>\n\t<meta name=\"twitter:label2\" content=\"Tempo estimado de leitura\" \/>\n\t<meta name=\"twitter:data2\" content=\"2 minutos\" \/>\n<script type=\"application\/ld+json\" class=\"yoast-schema-graph\">{\"@context\":\"https:\/\/schema.org\",\"@graph\":[{\"@type\":\"Article\",\"@id\":\"https:\/\/portaltela.pt\/noticias\/2026\/02\/12\/sabores-franceses-chegam-ao-porto-ruby-no-casario\/#article\",\"isPartOf\":{\"@id\":\"https:\/\/portaltela.pt\/noticias\/2026\/02\/12\/sabores-franceses-chegam-ao-porto-ruby-no-casario\/\"},\"author\":{\"name\":\"Telinha\",\"@id\":\"https:\/\/portaltela.pt\/#\/schema\/person\/c4278d4a6028830caff9ee44b42d32ed\"},\"headline\":\"Sabores franceses chegam ao Porto Ruby, no Casario\",\"datePublished\":\"2026-02-12T12:42:00+00:00\",\"mainEntityOfPage\":{\"@id\":\"https:\/\/portaltela.pt\/noticias\/2026\/02\/12\/sabores-franceses-chegam-ao-porto-ruby-no-casario\/\"},\"wordCount\":320,\"image\":{\"@id\":\"https:\/\/portaltela.pt\/noticias\/2026\/02\/12\/sabores-franceses-chegam-ao-porto-ruby-no-casario\/#primaryimage\"},\"thumbnailUrl\":\"https:\/\/portaltela.pt\/s.01k8rhncp4jt1\/2026\/02\/7966f275-6ec3-4304-9342-d9545e3c8651_1200x675.jpg\",\"keywords\":[\"comida\",\"gastronomia\",\"Porto\",\"restaurantes\",\"sobremesas\",\"vinho\"],\"articleSection\":[\"Not\u00edcias\"],\"inLanguage\":\"pt-PT\"},{\"@type\":\"WebPage\",\"@id\":\"https:\/\/portaltela.pt\/noticias\/2026\/02\/12\/sabores-franceses-chegam-ao-porto-ruby-no-casario\/\",\"url\":\"https:\/\/portaltela.pt\/noticias\/2026\/02\/12\/sabores-franceses-chegam-ao-porto-ruby-no-casario\/\",\"name\":\"Sabores franceses chegam ao Porto Ruby, no Casario - Portal Tela Portugal\",\"isPartOf\":{\"@id\":\"https:\/\/portaltela.pt\/#website\"},\"primaryImageOfPage\":{\"@id\":\"https:\/\/portaltela.pt\/noticias\/2026\/02\/12\/sabores-franceses-chegam-ao-porto-ruby-no-casario\/#primaryimage\"},\"image\":{\"@id\":\"https:\/\/portaltela.pt\/noticias\/2026\/02\/12\/sabores-franceses-chegam-ao-porto-ruby-no-casario\/#primaryimage\"},\"thumbnailUrl\":\"https:\/\/portaltela.pt\/s.01k8rhncp4jt1\/2026\/02\/7966f275-6ec3-4304-9342-d9545e3c8651_1200x675.jpg\",\"datePublished\":\"2026-02-12T12:42:00+00:00\",\"author\":{\"@id\":\"https:\/\/portaltela.pt\/#\/schema\/person\/c4278d4a6028830caff9ee44b42d32ed\"},\"breadcrumb\":{\"@id\":\"https:\/\/portaltela.pt\/noticias\/2026\/02\/12\/sabores-franceses-chegam-ao-porto-ruby-no-casario\/#breadcrumb\"},\"inLanguage\":\"pt-PT\",\"potentialAction\":[{\"@type\":\"ReadAction\",\"target\":[\"https:\/\/portaltela.pt\/noticias\/2026\/02\/12\/sabores-franceses-chegam-ao-porto-ruby-no-casario\/\"]}]},{\"@type\":\"ImageObject\",\"inLanguage\":\"pt-PT\",\"@id\":\"https:\/\/portaltela.pt\/noticias\/2026\/02\/12\/sabores-franceses-chegam-ao-porto-ruby-no-casario\/#primaryimage\",\"url\":\"https:\/\/portaltela.pt\/s.01k8rhncp4jt1\/2026\/02\/7966f275-6ec3-4304-9342-d9545e3c8651_1200x675.jpg\",\"contentUrl\":\"https:\/\/portaltela.pt\/s.01k8rhncp4jt1\/2026\/02\/7966f275-6ec3-4304-9342-d9545e3c8651_1200x675.jpg\",\"width\":796,\"height\":448,\"caption\":\"Imagem de contexto do artigo Sabores franceses para um Porto Ruby, no Casario\"},{\"@type\":\"BreadcrumbList\",\"@id\":\"https:\/\/portaltela.pt\/noticias\/2026\/02\/12\/sabores-franceses-chegam-ao-porto-ruby-no-casario\/#breadcrumb\",\"itemListElement\":[{\"@type\":\"ListItem\",\"position\":1,\"name\":\"In\u00edcio\",\"item\":\"https:\/\/portaltela.pt\/\"},{\"@type\":\"ListItem\",\"position\":2,\"name\":\"Sabores franceses chegam ao Porto Ruby, no Casario\"}]},{\"@type\":\"WebSite\",\"@id\":\"https:\/\/portaltela.pt\/#website\",\"url\":\"https:\/\/portaltela.pt\/\",\"name\":\"Portal Tela Portugal\",\"description\":\"\",\"potentialAction\":[{\"@type\":\"SearchAction\",\"target\":{\"@type\":\"EntryPoint\",\"urlTemplate\":\"https:\/\/portaltela.pt\/?s={search_term_string}\"},\"query-input\":{\"@type\":\"PropertyValueSpecification\",\"valueRequired\":true,\"valueName\":\"search_term_string\"}}],\"inLanguage\":\"pt-PT\"},{\"@type\":\"Person\",\"@id\":\"https:\/\/portaltela.pt\/#\/schema\/person\/c4278d4a6028830caff9ee44b42d32ed\",\"name\":\"Telinha\",\"image\":{\"@type\":\"ImageObject\",\"inLanguage\":\"pt-PT\",\"@id\":\"https:\/\/portaltela.pt\/s.01k8rhncp4jt1\/2025\/11\/talking-bot-125x125.png\",\"url\":\"https:\/\/portaltela.pt\/s.01k8rhncp4jt1\/2025\/11\/talking-bot-125x125.png\",\"contentUrl\":\"https:\/\/portaltela.pt\/s.01k8rhncp4jt1\/2025\/11\/talking-bot-125x125.png\",\"caption\":\"Telinha\"},\"sameAs\":[\"https:\/\/portaltela.pt\/\"],\"url\":\"https:\/\/portaltela.pt\/por\/367410592786\/\"}]}<\/script>\n<!-- \/ Yoast SEO plugin. -->","yoast_head_json":{"title":"Sabores franceses chegam ao Porto Ruby, no Casario - Portal Tela Portugal","robots":{"index":"index","follow":"follow","max-snippet":"max-snippet:-1","max-image-preview":"max-image-preview:large","max-video-preview":"max-video-preview:-1"},"og_locale":"pt_PT","og_type":"article","og_title":"Sabores franceses chegam ao Porto Ruby, no Casario - Portal Tela Portugal","og_description":"O Casario reabre no dia 12 de fevereiro, no Porto, ap\u00f3s a pausa de inverno, com novidades na carta. Para o Dia dos Namorados, os Chefs Jos\u00e9 Guedes e Miguel Castro Silva criaram um menu especial, incluindo a tartelete de chocolate negro com frutos do bosque e pistacho. A carta mistura cozinhas francesa e portuguesa, com pratos frios e quentes para partilhar, incluindo o linguado com vieira e creme de alho franc\u00eas. A tartelete \u00e9 baseada numa ganache de chocolate negro, acompanha gel de framboesa e chantilly de pistacho, com flor de sal para real\u00e7ar os sabores; remete a uma do\u00e7aria francesa. O Casario fica na Rua Cimo do Muro, 61, Porto, dentro do Gran Cruz House, e funciona das 17h \u00e0s 22h30 (ter\u00e7a a sexta), das 12h30 \u00e0s 22h30 (s\u00e1bado) e das 12h30 \u00e0s 19h (domingo); pre\u00e7o da tartelete: 6 euros.","og_url":"https:\/\/portaltela.pt\/noticias\/2026\/02\/12\/sabores-franceses-chegam-ao-porto-ruby-no-casario\/","og_site_name":"Portal Tela Portugal","article_published_time":"2026-02-12T12:42:00+00:00","author":"Telinha","twitter_card":"summary_large_image","twitter_misc":{"Escrito por":"Telinha","Tempo estimado de leitura":"2 minutos"},"schema":{"@context":"https:\/\/schema.org","@graph":[{"@type":"Article","@id":"https:\/\/portaltela.pt\/noticias\/2026\/02\/12\/sabores-franceses-chegam-ao-porto-ruby-no-casario\/#article","isPartOf":{"@id":"https:\/\/portaltela.pt\/noticias\/2026\/02\/12\/sabores-franceses-chegam-ao-porto-ruby-no-casario\/"},"author":{"name":"Telinha","@id":"https:\/\/portaltela.pt\/#\/schema\/person\/c4278d4a6028830caff9ee44b42d32ed"},"headline":"Sabores franceses chegam ao Porto Ruby, no Casario","datePublished":"2026-02-12T12:42:00+00:00","mainEntityOfPage":{"@id":"https:\/\/portaltela.pt\/noticias\/2026\/02\/12\/sabores-franceses-chegam-ao-porto-ruby-no-casario\/"},"wordCount":320,"image":{"@id":"https:\/\/portaltela.pt\/noticias\/2026\/02\/12\/sabores-franceses-chegam-ao-porto-ruby-no-casario\/#primaryimage"},"thumbnailUrl":"https:\/\/portaltela.pt\/s.01k8rhncp4jt1\/2026\/02\/7966f275-6ec3-4304-9342-d9545e3c8651_1200x675.jpg","keywords":["comida","gastronomia","Porto","restaurantes","sobremesas","vinho"],"articleSection":["Not\u00edcias"],"inLanguage":"pt-PT"},{"@type":"WebPage","@id":"https:\/\/portaltela.pt\/noticias\/2026\/02\/12\/sabores-franceses-chegam-ao-porto-ruby-no-casario\/","url":"https:\/\/portaltela.pt\/noticias\/2026\/02\/12\/sabores-franceses-chegam-ao-porto-ruby-no-casario\/","name":"Sabores franceses chegam ao Porto Ruby, no Casario - Portal Tela Portugal","isPartOf":{"@id":"https:\/\/portaltela.pt\/#website"},"primaryImageOfPage":{"@id":"https:\/\/portaltela.pt\/noticias\/2026\/02\/12\/sabores-franceses-chegam-ao-porto-ruby-no-casario\/#primaryimage"},"image":{"@id":"https:\/\/portaltela.pt\/noticias\/2026\/02\/12\/sabores-franceses-chegam-ao-porto-ruby-no-casario\/#primaryimage"},"thumbnailUrl":"https:\/\/portaltela.pt\/s.01k8rhncp4jt1\/2026\/02\/7966f275-6ec3-4304-9342-d9545e3c8651_1200x675.jpg","datePublished":"2026-02-12T12:42:00+00:00","author":{"@id":"https:\/\/portaltela.pt\/#\/schema\/person\/c4278d4a6028830caff9ee44b42d32ed"},"breadcrumb":{"@id":"https:\/\/portaltela.pt\/noticias\/2026\/02\/12\/sabores-franceses-chegam-ao-porto-ruby-no-casario\/#breadcrumb"},"inLanguage":"pt-PT","potentialAction":[{"@type":"ReadAction","target":["https:\/\/portaltela.pt\/noticias\/2026\/02\/12\/sabores-franceses-chegam-ao-porto-ruby-no-casario\/"]}]},{"@type":"ImageObject","inLanguage":"pt-PT","@id":"https:\/\/portaltela.pt\/noticias\/2026\/02\/12\/sabores-franceses-chegam-ao-porto-ruby-no-casario\/#primaryimage","url":"https:\/\/portaltela.pt\/s.01k8rhncp4jt1\/2026\/02\/7966f275-6ec3-4304-9342-d9545e3c8651_1200x675.jpg","contentUrl":"https:\/\/portaltela.pt\/s.01k8rhncp4jt1\/2026\/02\/7966f275-6ec3-4304-9342-d9545e3c8651_1200x675.jpg","width":796,"height":448,"caption":"Imagem de contexto do artigo Sabores franceses para um Porto Ruby, no Casario"},{"@type":"BreadcrumbList","@id":"https:\/\/portaltela.pt\/noticias\/2026\/02\/12\/sabores-franceses-chegam-ao-porto-ruby-no-casario\/#breadcrumb","itemListElement":[{"@type":"ListItem","position":1,"name":"In\u00edcio","item":"https:\/\/portaltela.pt\/"},{"@type":"ListItem","position":2,"name":"Sabores franceses chegam ao Porto Ruby, no Casario"}]},{"@type":"WebSite","@id":"https:\/\/portaltela.pt\/#website","url":"https:\/\/portaltela.pt\/","name":"Portal Tela Portugal","description":"","potentialAction":[{"@type":"SearchAction","target":{"@type":"EntryPoint","urlTemplate":"https:\/\/portaltela.pt\/?s={search_term_string}"},"query-input":{"@type":"PropertyValueSpecification","valueRequired":true,"valueName":"search_term_string"}}],"inLanguage":"pt-PT"},{"@type":"Person","@id":"https:\/\/portaltela.pt\/#\/schema\/person\/c4278d4a6028830caff9ee44b42d32ed","name":"Telinha","image":{"@type":"ImageObject","inLanguage":"pt-PT","@id":"https:\/\/portaltela.pt\/s.01k8rhncp4jt1\/2025\/11\/talking-bot-125x125.png","url":"https:\/\/portaltela.pt\/s.01k8rhncp4jt1\/2025\/11\/talking-bot-125x125.png","contentUrl":"https:\/\/portaltela.pt\/s.01k8rhncp4jt1\/2025\/11\/talking-bot-125x125.png","caption":"Telinha"},"sameAs":["https:\/\/portaltela.pt\/"],"url":"https:\/\/portaltela.pt\/por\/367410592786\/"}]}},"_links":{"self":[{"href":"https:\/\/portaltela.pt\/api\/wp\/v2\/posts\/209587","targetHints":{"allow":["GET"]}}],"collection":[{"href":"https:\/\/portaltela.pt\/api\/wp\/v2\/posts"}],"about":[{"href":"https:\/\/portaltela.pt\/api\/wp\/v2\/types\/post"}],"author":[{"embeddable":true,"href":"https:\/\/portaltela.pt\/api\/wp\/v2\/users\/2"}],"replies":[{"embeddable":true,"href":"https:\/\/portaltela.pt\/api\/wp\/v2\/comments?post=209587"}],"version-history":[{"count":0,"href":"https:\/\/portaltela.pt\/api\/wp\/v2\/posts\/209587\/revisions"}],"wp:featuredmedia":[{"embeddable":true,"href":"https:\/\/portaltela.pt\/api\/wp\/v2\/media\/209601"}],"wp:attachment":[{"href":"https:\/\/portaltela.pt\/api\/wp\/v2\/media?parent=209587"}],"wp:term":[{"taxonomy":"category","embeddable":true,"href":"https:\/\/portaltela.pt\/api\/wp\/v2\/categories?post=209587"},{"taxonomy":"post_tag","embeddable":true,"href":"https:\/\/portaltela.pt\/api\/wp\/v2\/tags?post=209587"}],"curies":[{"name":"wp","href":"https:\/\/api.w.org\/{rel}","templated":true}]}}