{"id":209566,"date":"2026-02-12T09:20:00","date_gmt":"2026-02-12T12:20:00","guid":{"rendered":"https:\/\/portaltela.pt\/noticias\/2026\/02\/12\/coi-desqualifica-atleta-ucraniano-e-arranha-reputacao-do-organismo\/"},"modified":"2026-02-12T09:20:00","modified_gmt":"2026-02-12T12:20:00","slug":"coi-desqualifica-atleta-ucraniano-e-arranha-reputacao-do-organismo","status":"publish","type":"post","link":"https:\/\/portaltela.pt\/desporto\/2026\/02\/12\/coi-desqualifica-atleta-ucraniano-e-arranha-reputacao-do-organismo\/","title":{"rendered":"COI desqualifica atleta ucraniano e arranha reputa\u00e7\u00e3o do organismo"},"content":{"rendered":"<p>O Comit\u00e9 Ol\u00edmpico Internacional (COI) desqualificou o atleta ucraniano Vladyslav Heraskevych do skeleton nos Jogos Ol\u00edmpicos de Inverno Mil\u00e3o-Cortina, devido ao capacete que homenageia mortos da guerra. A decis\u00e3o, anunciada antes do in\u00edcio da prova, proibiu a utiliza\u00e7\u00e3o daquele equipamento espec\u00edfico por motivos de neutralidade pol\u00edtica.<\/p>\n<p>O ministro dos Neg\u00f3cios Estrangeiros da Ucr\u00e2nia, Andriy Sybiga, classificou o ocorrido como uma vergonha para o COI e afirmou que a reputa\u00e7\u00e3o da institui\u00e7\u00e3o ficou manchada. A declara\u00e7\u00e3o foi feita pelas redes sociais da autoridade.<\/p>\n<p>Heraskevych foi alvo de uma reuni\u00e3o com a presidente do COI, Kirsty Coventry, cerca de 60 minutos antes da prova, na pista de gelo. Mesmo com o recurso em prepara\u00e7\u00e3o, o pedido para utilizar um capacete neutro n\u00e3o foi atendido.<\/p>\n<h3>Posi\u00e7\u00e3o do COI<\/h3>\n<p>O COI explicou que o capacete n\u00e3o seria permitido por violar a regra de neutralidade pol\u00edtica nas competi\u00e7\u00f5es ol\u00edmpicas. A pe\u00e7a apresentada pelo atleta trazia gravadas as caras de mais de 20 atletas e treinadores ucranianos mortos desde 2022.<\/p>\n<h3>Rea\u00e7\u00f5es e desdobramentos<\/h3>\n<p>O atleta afirmou considerar a situa\u00e7\u00e3o um vazio e indicou que pretende recorrer \u00e0 Federa\u00e7\u00e3o Internacional de Bobsled e Skeleton, bem como ao CAS. Ele alegou discrimina\u00e7\u00e3o, apontando que outros atletas n\u00e3o enfrentaram restri\u00e7\u00f5es semelhantes.<\/p>\n","protected":false},"excerpt":{"rendered":"<ul>\n<li>O ministro dos Neg\u00f3cios Estrangeiros da Ucr\u00e2nia, Andriy Sybiga, chamou a desqualifica\u00e7\u00e3o do atleta de skeleton de \u201cvergonha\u201d para o COI.<\/li>\n<li>Vladyslav Heraskevych foi banido por recusar usar um capacete que homenageia mortos da guerra, em vez de equipamento neutro.<\/li>\n<li>A presidente do COI, Kirsty Coventry, reuniu-se com o atleta cerca de uma hora antes da prova, sem sucesso em permitir o uso do capacete neutro.<\/li>\n<li>O capacete em causa traz as caras de mais de vinte atletas e treinadores ucranianos que morreram no conflito com a R\u00fassia desde 2022.<\/li>\n<li>Heraskevych anunciou que vai recorrer da decis\u00e3o ao CAS, alegando discrimina\u00e7\u00e3o e viola\u00e7\u00e3o de regras do COI.<\/li>\n<\/ul>\n","protected":false},"author":2,"featured_media":209575,"comment_status":"closed","ping_status":"closed","sticky":false,"template":"","format":"standard","meta":{"footnotes":""},"categories":[21],"tags":[5813,152,2633,1695,5698,2134],"class_list":["post-209566","post","type-post","status-publish","format-standard","has-post-thumbnail","hentry","category-desporto","tag-cas","tag-desporto","tag-direitos-humanos","tag-discriminacao","tag-politica-internacional","tag-ucrania"],"yoast_head":"<!-- This site is optimized with the Yoast SEO plugin v27.2 - https:\/\/yoast.com\/product\/yoast-seo-wordpress\/ -->\n<title>COI desqualifica atleta ucraniano e arranha reputa\u00e7\u00e3o do organismo - Portal Tela Portugal<\/title>\n<meta name=\"robots\" content=\"index, follow, max-snippet:-1, max-image-preview:large, max-video-preview:-1\" \/>\n<meta property=\"og:locale\" content=\"pt_PT\" \/>\n<meta property=\"og:type\" content=\"article\" \/>\n<meta property=\"og:title\" content=\"COI desqualifica atleta ucraniano e arranha reputa\u00e7\u00e3o do organismo - Portal Tela Portugal\" \/>\n<meta property=\"og:description\" content=\"O ministro dos Neg\u00f3cios Estrangeiros da Ucr\u00e2nia, Andriy Sybiga, chamou a desqualifica\u00e7\u00e3o do atleta de skeleton de \u201cvergonha\u201d para o COI. Vladyslav Heraskevych foi banido por recusar usar um capacete que homenageia mortos da guerra, em vez de equipamento neutro. A presidente do COI, Kirsty Coventry, reuniu-se com o atleta cerca de uma hora antes da prova, sem sucesso em permitir o uso do capacete neutro. O capacete em causa traz as caras de mais de vinte atletas e treinadores ucranianos que morreram no conflito com a R\u00fassia desde 2022. Heraskevych anunciou que vai recorrer da decis\u00e3o ao CAS, alegando discrimina\u00e7\u00e3o e viola\u00e7\u00e3o de regras do COI.\" \/>\n<meta property=\"og:url\" content=\"https:\/\/portaltela.pt\/noticias\/2026\/02\/12\/coi-desqualifica-atleta-ucraniano-e-arranha-reputacao-do-organismo\/\" \/>\n<meta property=\"og:site_name\" content=\"Portal Tela Portugal\" \/>\n<meta property=\"article:published_time\" content=\"2026-02-12T12:20:00+00:00\" \/>\n<meta name=\"author\" content=\"Telinha\" \/>\n<meta name=\"twitter:card\" content=\"summary_large_image\" \/>\n<meta name=\"twitter:label1\" content=\"Escrito por\" \/>\n\t<meta name=\"twitter:data1\" content=\"Telinha\" \/>\n\t<meta name=\"twitter:label2\" content=\"Tempo estimado de leitura\" \/>\n\t<meta name=\"twitter:data2\" content=\"1 minuto\" \/>\n<script type=\"application\/ld+json\" class=\"yoast-schema-graph\">{\"@context\":\"https:\/\/schema.org\",\"@graph\":[{\"@type\":\"Article\",\"@id\":\"https:\/\/portaltela.pt\/noticias\/2026\/02\/12\/coi-desqualifica-atleta-ucraniano-e-arranha-reputacao-do-organismo\/#article\",\"isPartOf\":{\"@id\":\"https:\/\/portaltela.pt\/noticias\/2026\/02\/12\/coi-desqualifica-atleta-ucraniano-e-arranha-reputacao-do-organismo\/\"},\"author\":{\"name\":\"Telinha\",\"@id\":\"https:\/\/portaltela.pt\/#\/schema\/person\/c4278d4a6028830caff9ee44b42d32ed\"},\"headline\":\"COI desqualifica atleta ucraniano e arranha reputa\u00e7\u00e3o do organismo\",\"datePublished\":\"2026-02-12T12:20:00+00:00\",\"mainEntityOfPage\":{\"@id\":\"https:\/\/portaltela.pt\/noticias\/2026\/02\/12\/coi-desqualifica-atleta-ucraniano-e-arranha-reputacao-do-organismo\/\"},\"wordCount\":236,\"image\":{\"@id\":\"https:\/\/portaltela.pt\/noticias\/2026\/02\/12\/coi-desqualifica-atleta-ucraniano-e-arranha-reputacao-do-organismo\/#primaryimage\"},\"thumbnailUrl\":\"https:\/\/portaltela.pt\/s.01k8rhncp4jt1\/2026\/02\/img_1200x721uu2026-02-12-08-36-09-2421096-2.jpg\",\"keywords\":[\"CAS\",\"desporto\",\"direitos humanos\",\"discrimina\u00e7\u00e3o\",\"pol\u00edtica internacional\",\"Ucr\u00e2nia\"],\"articleSection\":[\"Desporto\"],\"inLanguage\":\"pt-PT\"},{\"@type\":\"WebPage\",\"@id\":\"https:\/\/portaltela.pt\/noticias\/2026\/02\/12\/coi-desqualifica-atleta-ucraniano-e-arranha-reputacao-do-organismo\/\",\"url\":\"https:\/\/portaltela.pt\/noticias\/2026\/02\/12\/coi-desqualifica-atleta-ucraniano-e-arranha-reputacao-do-organismo\/\",\"name\":\"COI desqualifica atleta ucraniano e arranha reputa\u00e7\u00e3o do organismo - Portal Tela Portugal\",\"isPartOf\":{\"@id\":\"https:\/\/portaltela.pt\/#website\"},\"primaryImageOfPage\":{\"@id\":\"https:\/\/portaltela.pt\/noticias\/2026\/02\/12\/coi-desqualifica-atleta-ucraniano-e-arranha-reputacao-do-organismo\/#primaryimage\"},\"image\":{\"@id\":\"https:\/\/portaltela.pt\/noticias\/2026\/02\/12\/coi-desqualifica-atleta-ucraniano-e-arranha-reputacao-do-organismo\/#primaryimage\"},\"thumbnailUrl\":\"https:\/\/portaltela.pt\/s.01k8rhncp4jt1\/2026\/02\/img_1200x721uu2026-02-12-08-36-09-2421096-2.jpg\",\"datePublished\":\"2026-02-12T12:20:00+00:00\",\"author\":{\"@id\":\"https:\/\/portaltela.pt\/#\/schema\/person\/c4278d4a6028830caff9ee44b42d32ed\"},\"breadcrumb\":{\"@id\":\"https:\/\/portaltela.pt\/noticias\/2026\/02\/12\/coi-desqualifica-atleta-ucraniano-e-arranha-reputacao-do-organismo\/#breadcrumb\"},\"inLanguage\":\"pt-PT\",\"potentialAction\":[{\"@type\":\"ReadAction\",\"target\":[\"https:\/\/portaltela.pt\/noticias\/2026\/02\/12\/coi-desqualifica-atleta-ucraniano-e-arranha-reputacao-do-organismo\/\"]}]},{\"@type\":\"ImageObject\",\"inLanguage\":\"pt-PT\",\"@id\":\"https:\/\/portaltela.pt\/noticias\/2026\/02\/12\/coi-desqualifica-atleta-ucraniano-e-arranha-reputacao-do-organismo\/#primaryimage\",\"url\":\"https:\/\/portaltela.pt\/s.01k8rhncp4jt1\/2026\/02\/img_1200x721uu2026-02-12-08-36-09-2421096-2.jpg\",\"contentUrl\":\"https:\/\/portaltela.pt\/s.01k8rhncp4jt1\/2026\/02\/img_1200x721uu2026-02-12-08-36-09-2421096-2.jpg\",\"width\":796,\"height\":448,\"caption\":\"\u00abO COI n\u00e3o apenas desqualificou o atleta ucraniano, como tamb\u00e9m manchou a sua pr\u00f3pria reputa\u00e7\u00e3o\u00bb\"},{\"@type\":\"BreadcrumbList\",\"@id\":\"https:\/\/portaltela.pt\/noticias\/2026\/02\/12\/coi-desqualifica-atleta-ucraniano-e-arranha-reputacao-do-organismo\/#breadcrumb\",\"itemListElement\":[{\"@type\":\"ListItem\",\"position\":1,\"name\":\"In\u00edcio\",\"item\":\"https:\/\/portaltela.pt\/\"},{\"@type\":\"ListItem\",\"position\":2,\"name\":\"COI desqualifica atleta ucraniano e arranha reputa\u00e7\u00e3o do organismo\"}]},{\"@type\":\"WebSite\",\"@id\":\"https:\/\/portaltela.pt\/#website\",\"url\":\"https:\/\/portaltela.pt\/\",\"name\":\"Portal Tela Portugal\",\"description\":\"\",\"potentialAction\":[{\"@type\":\"SearchAction\",\"target\":{\"@type\":\"EntryPoint\",\"urlTemplate\":\"https:\/\/portaltela.pt\/?s={search_term_string}\"},\"query-input\":{\"@type\":\"PropertyValueSpecification\",\"valueRequired\":true,\"valueName\":\"search_term_string\"}}],\"inLanguage\":\"pt-PT\"},{\"@type\":\"Person\",\"@id\":\"https:\/\/portaltela.pt\/#\/schema\/person\/c4278d4a6028830caff9ee44b42d32ed\",\"name\":\"Telinha\",\"image\":{\"@type\":\"ImageObject\",\"inLanguage\":\"pt-PT\",\"@id\":\"https:\/\/portaltela.pt\/s.01k8rhncp4jt1\/2025\/11\/talking-bot-125x125.png\",\"url\":\"https:\/\/portaltela.pt\/s.01k8rhncp4jt1\/2025\/11\/talking-bot-125x125.png\",\"contentUrl\":\"https:\/\/portaltela.pt\/s.01k8rhncp4jt1\/2025\/11\/talking-bot-125x125.png\",\"caption\":\"Telinha\"},\"sameAs\":[\"https:\/\/portaltela.pt\/\"],\"url\":\"https:\/\/portaltela.pt\/por\/367410592786\/\"}]}<\/script>\n<!-- \/ Yoast SEO plugin. -->","yoast_head_json":{"title":"COI desqualifica atleta ucraniano e arranha reputa\u00e7\u00e3o do organismo - Portal Tela Portugal","robots":{"index":"index","follow":"follow","max-snippet":"max-snippet:-1","max-image-preview":"max-image-preview:large","max-video-preview":"max-video-preview:-1"},"og_locale":"pt_PT","og_type":"article","og_title":"COI desqualifica atleta ucraniano e arranha reputa\u00e7\u00e3o do organismo - Portal Tela Portugal","og_description":"O ministro dos Neg\u00f3cios Estrangeiros da Ucr\u00e2nia, Andriy Sybiga, chamou a desqualifica\u00e7\u00e3o do atleta de skeleton de \u201cvergonha\u201d para o COI. Vladyslav Heraskevych foi banido por recusar usar um capacete que homenageia mortos da guerra, em vez de equipamento neutro. A presidente do COI, Kirsty Coventry, reuniu-se com o atleta cerca de uma hora antes da prova, sem sucesso em permitir o uso do capacete neutro. O capacete em causa traz as caras de mais de vinte atletas e treinadores ucranianos que morreram no conflito com a R\u00fassia desde 2022. Heraskevych anunciou que vai recorrer da decis\u00e3o ao CAS, alegando discrimina\u00e7\u00e3o e viola\u00e7\u00e3o de regras do COI.","og_url":"https:\/\/portaltela.pt\/noticias\/2026\/02\/12\/coi-desqualifica-atleta-ucraniano-e-arranha-reputacao-do-organismo\/","og_site_name":"Portal Tela Portugal","article_published_time":"2026-02-12T12:20:00+00:00","author":"Telinha","twitter_card":"summary_large_image","twitter_misc":{"Escrito por":"Telinha","Tempo estimado de leitura":"1 minuto"},"schema":{"@context":"https:\/\/schema.org","@graph":[{"@type":"Article","@id":"https:\/\/portaltela.pt\/noticias\/2026\/02\/12\/coi-desqualifica-atleta-ucraniano-e-arranha-reputacao-do-organismo\/#article","isPartOf":{"@id":"https:\/\/portaltela.pt\/noticias\/2026\/02\/12\/coi-desqualifica-atleta-ucraniano-e-arranha-reputacao-do-organismo\/"},"author":{"name":"Telinha","@id":"https:\/\/portaltela.pt\/#\/schema\/person\/c4278d4a6028830caff9ee44b42d32ed"},"headline":"COI desqualifica atleta ucraniano e arranha reputa\u00e7\u00e3o do organismo","datePublished":"2026-02-12T12:20:00+00:00","mainEntityOfPage":{"@id":"https:\/\/portaltela.pt\/noticias\/2026\/02\/12\/coi-desqualifica-atleta-ucraniano-e-arranha-reputacao-do-organismo\/"},"wordCount":236,"image":{"@id":"https:\/\/portaltela.pt\/noticias\/2026\/02\/12\/coi-desqualifica-atleta-ucraniano-e-arranha-reputacao-do-organismo\/#primaryimage"},"thumbnailUrl":"https:\/\/portaltela.pt\/s.01k8rhncp4jt1\/2026\/02\/img_1200x721uu2026-02-12-08-36-09-2421096-2.jpg","keywords":["CAS","desporto","direitos humanos","discrimina\u00e7\u00e3o","pol\u00edtica internacional","Ucr\u00e2nia"],"articleSection":["Desporto"],"inLanguage":"pt-PT"},{"@type":"WebPage","@id":"https:\/\/portaltela.pt\/noticias\/2026\/02\/12\/coi-desqualifica-atleta-ucraniano-e-arranha-reputacao-do-organismo\/","url":"https:\/\/portaltela.pt\/noticias\/2026\/02\/12\/coi-desqualifica-atleta-ucraniano-e-arranha-reputacao-do-organismo\/","name":"COI desqualifica atleta ucraniano e arranha reputa\u00e7\u00e3o do organismo - Portal Tela Portugal","isPartOf":{"@id":"https:\/\/portaltela.pt\/#website"},"primaryImageOfPage":{"@id":"https:\/\/portaltela.pt\/noticias\/2026\/02\/12\/coi-desqualifica-atleta-ucraniano-e-arranha-reputacao-do-organismo\/#primaryimage"},"image":{"@id":"https:\/\/portaltela.pt\/noticias\/2026\/02\/12\/coi-desqualifica-atleta-ucraniano-e-arranha-reputacao-do-organismo\/#primaryimage"},"thumbnailUrl":"https:\/\/portaltela.pt\/s.01k8rhncp4jt1\/2026\/02\/img_1200x721uu2026-02-12-08-36-09-2421096-2.jpg","datePublished":"2026-02-12T12:20:00+00:00","author":{"@id":"https:\/\/portaltela.pt\/#\/schema\/person\/c4278d4a6028830caff9ee44b42d32ed"},"breadcrumb":{"@id":"https:\/\/portaltela.pt\/noticias\/2026\/02\/12\/coi-desqualifica-atleta-ucraniano-e-arranha-reputacao-do-organismo\/#breadcrumb"},"inLanguage":"pt-PT","potentialAction":[{"@type":"ReadAction","target":["https:\/\/portaltela.pt\/noticias\/2026\/02\/12\/coi-desqualifica-atleta-ucraniano-e-arranha-reputacao-do-organismo\/"]}]},{"@type":"ImageObject","inLanguage":"pt-PT","@id":"https:\/\/portaltela.pt\/noticias\/2026\/02\/12\/coi-desqualifica-atleta-ucraniano-e-arranha-reputacao-do-organismo\/#primaryimage","url":"https:\/\/portaltela.pt\/s.01k8rhncp4jt1\/2026\/02\/img_1200x721uu2026-02-12-08-36-09-2421096-2.jpg","contentUrl":"https:\/\/portaltela.pt\/s.01k8rhncp4jt1\/2026\/02\/img_1200x721uu2026-02-12-08-36-09-2421096-2.jpg","width":796,"height":448,"caption":"\u00abO COI n\u00e3o apenas desqualificou o atleta ucraniano, como tamb\u00e9m manchou a sua pr\u00f3pria reputa\u00e7\u00e3o\u00bb"},{"@type":"BreadcrumbList","@id":"https:\/\/portaltela.pt\/noticias\/2026\/02\/12\/coi-desqualifica-atleta-ucraniano-e-arranha-reputacao-do-organismo\/#breadcrumb","itemListElement":[{"@type":"ListItem","position":1,"name":"In\u00edcio","item":"https:\/\/portaltela.pt\/"},{"@type":"ListItem","position":2,"name":"COI desqualifica atleta ucraniano e arranha reputa\u00e7\u00e3o do organismo"}]},{"@type":"WebSite","@id":"https:\/\/portaltela.pt\/#website","url":"https:\/\/portaltela.pt\/","name":"Portal Tela Portugal","description":"","potentialAction":[{"@type":"SearchAction","target":{"@type":"EntryPoint","urlTemplate":"https:\/\/portaltela.pt\/?s={search_term_string}"},"query-input":{"@type":"PropertyValueSpecification","valueRequired":true,"valueName":"search_term_string"}}],"inLanguage":"pt-PT"},{"@type":"Person","@id":"https:\/\/portaltela.pt\/#\/schema\/person\/c4278d4a6028830caff9ee44b42d32ed","name":"Telinha","image":{"@type":"ImageObject","inLanguage":"pt-PT","@id":"https:\/\/portaltela.pt\/s.01k8rhncp4jt1\/2025\/11\/talking-bot-125x125.png","url":"https:\/\/portaltela.pt\/s.01k8rhncp4jt1\/2025\/11\/talking-bot-125x125.png","contentUrl":"https:\/\/portaltela.pt\/s.01k8rhncp4jt1\/2025\/11\/talking-bot-125x125.png","caption":"Telinha"},"sameAs":["https:\/\/portaltela.pt\/"],"url":"https:\/\/portaltela.pt\/por\/367410592786\/"}]}},"_links":{"self":[{"href":"https:\/\/portaltela.pt\/api\/wp\/v2\/posts\/209566","targetHints":{"allow":["GET"]}}],"collection":[{"href":"https:\/\/portaltela.pt\/api\/wp\/v2\/posts"}],"about":[{"href":"https:\/\/portaltela.pt\/api\/wp\/v2\/types\/post"}],"author":[{"embeddable":true,"href":"https:\/\/portaltela.pt\/api\/wp\/v2\/users\/2"}],"replies":[{"embeddable":true,"href":"https:\/\/portaltela.pt\/api\/wp\/v2\/comments?post=209566"}],"version-history":[{"count":0,"href":"https:\/\/portaltela.pt\/api\/wp\/v2\/posts\/209566\/revisions"}],"wp:featuredmedia":[{"embeddable":true,"href":"https:\/\/portaltela.pt\/api\/wp\/v2\/media\/209575"}],"wp:attachment":[{"href":"https:\/\/portaltela.pt\/api\/wp\/v2\/media?parent=209566"}],"wp:term":[{"taxonomy":"category","embeddable":true,"href":"https:\/\/portaltela.pt\/api\/wp\/v2\/categories?post=209566"},{"taxonomy":"post_tag","embeddable":true,"href":"https:\/\/portaltela.pt\/api\/wp\/v2\/tags?post=209566"}],"curies":[{"name":"wp","href":"https:\/\/api.w.org\/{rel}","templated":true}]}}