{"id":209545,"date":"2026-02-12T09:02:00","date_gmt":"2026-02-12T12:02:00","guid":{"rendered":"https:\/\/portaltela.pt\/noticias\/2026\/02\/12\/eua-usam-laser-contra-balao-a-pensar-ser-drone-de-cartel-texas-encerra-espaco-aereo\/"},"modified":"2026-02-12T09:02:00","modified_gmt":"2026-02-12T12:02:00","slug":"eua-usam-laser-contra-balao-a-pensar-ser-drone-de-cartel-texas-encerra-espaco-aereo","status":"publish","type":"post","link":"https:\/\/portaltela.pt\/noticias\/2026\/02\/12\/eua-usam-laser-contra-balao-a-pensar-ser-drone-de-cartel-texas-encerra-espaco-aereo\/","title":{"rendered":"EUA usam laser contra bal\u00e3o a pensar ser drone de cartel; Texas encerra espa\u00e7o a\u00e9reo"},"content":{"rendered":"<p>O espa\u00e7o a\u00e9reo de El Paso, no Texas, encerrou-se temporariamente nesta quarta-feira ap\u00f3s o uso autorizado de um laser antidrones pela CBP dos EUA perto de Fort Bliss, junto \u00e0 fronteira com o M\u00e9xico. A FAA n\u00e3o foi informada previamente, segundo v\u00e1rias fontes.<\/p>\n<p>O Departamento de Defesa autorizou o uso do equipamento no in\u00edcio desta semana, sem coordena\u00e7\u00e3o com a FAA. A medida provocou o encerramento do espa\u00e7o a\u00e9reo da cidade por cerca de dez dias, que foi reduzido horas depois, gerando atrasos e o cancelamento de sete chegadas e sete partidas.<\/p>\n<p>Segundo o The New York Times, a CBP presumiu ter abatido um drone de cart\u00e9is, mas tratou-se de um bal\u00e3o de festa. Membros do Pent\u00e1gono estavam presentes no momento, indicou a reportagem. A narrativa oficial aponta que a incurs\u00e3o de drones foi neutralizada.<\/p>\n<p>A presidente do M\u00e9xico, Claudia Sheinbaum, informou que o pa\u00eds investiga o caso e negou informa\u00e7\u00f5es sobre uso de drones na fronteira. A deputada Veronica Escobar criticou a explica\u00e7\u00e3o do governo, afirmando que n\u00e3o condiz com o que soube. \u17a2<\/p>\n<h3>Controv\u00e9rsia e contexto estrat\u00e9gico<\/h3>\n<p>Alguns congressistas sugerem que o Pent\u00e1gono pode ter responsabilidade na ocorr\u00eancia, citando a legisla\u00e7\u00e3o de defesa que permite a\u00e7\u00f5es militares em espa\u00e7o a\u00e9reo p\u00fablico. O tema envolve o combate ao narcotr\u00e1fico como justificativa de a\u00e7\u00f5es nas Cara\u00edbas e no Pac\u00edfico.<\/p>\n<p>O debate tamb\u00e9m ressalta diverg\u00eancias sobre a estrat\u00e9gia de classificar cart\u00e9is como alvos de opera\u00e7\u00f5es militares. H\u00e1 discuss\u00f5es sobre impactos diplom\u00e1ticos com o M\u00e9xico e sobre o uso de termos como narcoterroristas para embalar a\u00e7\u00f5es internacionais.<\/p>\n","protected":false},"excerpt":{"rendered":"<ul>\n<li>O espa\u00e7o a\u00e9reo de El Paso, no Texas, foi encerrado por dez dias ap\u00f3s o uso de um laser anti drones autorizado pela CBP, sem coordena\u00e7\u00e3o com a FAA, medida que foi revertida horas depois.<\/li>\n<li>O laser foi utilizado perto de Fort Bliss para abater dispositivos n\u00e3o tripulados; a CBP acreditava ter abatido um drone de cartel, mas, segundo o The New York Times, tratava-se de um bal\u00e3o de festa.<\/li>\n<li>O encerramento provocou atrasos em voos e o cancelamento de sete chegadas e sete partidas na cidade.<\/li>\n<li>A a\u00e7\u00e3o ocorreu sem aviso pr\u00e9vio \u00e0 FAA, apesar de haver uma reuni\u00e3o marcada entre o Pent\u00e1gono e a FAA para o final do m\u00eas.<\/li>\n<li>A explica\u00e7\u00e3o oficial inicial atribuiu o encerramento a drones de cart\u00e9is mexicanos; membros do Congresso levantaram d\u00favidas e sugeriram que o Pent\u00e1gono poderia ser respons\u00e1vel pela situa\u00e7\u00e3o.<\/li>\n<\/ul>\n","protected":false},"author":2,"featured_media":209554,"comment_status":"closed","ping_status":"closed","sticky":false,"template":"","format":"standard","meta":{"footnotes":""},"categories":[1],"tags":[4558,2936,4299,3238,250,96],"class_list":["post-209545","post","type-post","status-publish","format-standard","has-post-thumbnail","hentry","category-noticias","tag-a-aeronautica","tag-carteis-internacionais","tag-forca-aerea","tag-fronteiras-internacionais","tag-seguranca-publica","tag-trafico-de-droga"],"yoast_head":"<!-- This site is optimized with the Yoast SEO plugin v27.2 - https:\/\/yoast.com\/product\/yoast-seo-wordpress\/ -->\n<title>EUA usam laser contra bal\u00e3o a pensar ser drone de cartel; Texas encerra espa\u00e7o a\u00e9reo - Portal Tela Portugal<\/title>\n<meta name=\"robots\" content=\"index, follow, max-snippet:-1, max-image-preview:large, max-video-preview:-1\" \/>\n<meta property=\"og:locale\" content=\"pt_PT\" \/>\n<meta property=\"og:type\" content=\"article\" \/>\n<meta property=\"og:title\" content=\"EUA usam laser contra bal\u00e3o a pensar ser drone de cartel; Texas encerra espa\u00e7o a\u00e9reo - Portal Tela Portugal\" \/>\n<meta property=\"og:description\" content=\"O espa\u00e7o a\u00e9reo de El Paso, no Texas, foi encerrado por dez dias ap\u00f3s o uso de um laser anti drones autorizado pela CBP, sem coordena\u00e7\u00e3o com a FAA, medida que foi revertida horas depois. O laser foi utilizado perto de Fort Bliss para abater dispositivos n\u00e3o tripulados; a CBP acreditava ter abatido um drone de cartel, mas, segundo o The New York Times, tratava-se de um bal\u00e3o de festa. O encerramento provocou atrasos em voos e o cancelamento de sete chegadas e sete partidas na cidade. A a\u00e7\u00e3o ocorreu sem aviso pr\u00e9vio \u00e0 FAA, apesar de haver uma reuni\u00e3o marcada entre o Pent\u00e1gono e a FAA para o final do m\u00eas. A explica\u00e7\u00e3o oficial inicial atribuiu o encerramento a drones de cart\u00e9is mexicanos; membros do Congresso levantaram d\u00favidas e sugeriram que o Pent\u00e1gono poderia ser respons\u00e1vel pela situa\u00e7\u00e3o.\" \/>\n<meta property=\"og:url\" content=\"https:\/\/portaltela.pt\/noticias\/2026\/02\/12\/eua-usam-laser-contra-balao-a-pensar-ser-drone-de-cartel-texas-encerra-espaco-aereo\/\" \/>\n<meta property=\"og:site_name\" content=\"Portal Tela Portugal\" \/>\n<meta property=\"article:published_time\" content=\"2026-02-12T12:02:00+00:00\" \/>\n<meta name=\"author\" content=\"Telinha\" \/>\n<meta name=\"twitter:card\" content=\"summary_large_image\" \/>\n<meta name=\"twitter:label1\" content=\"Escrito por\" \/>\n\t<meta name=\"twitter:data1\" content=\"Telinha\" \/>\n\t<meta name=\"twitter:label2\" content=\"Tempo estimado de leitura\" \/>\n\t<meta name=\"twitter:data2\" content=\"1 minuto\" \/>\n<script type=\"application\/ld+json\" class=\"yoast-schema-graph\">{\"@context\":\"https:\/\/schema.org\",\"@graph\":[{\"@type\":\"Article\",\"@id\":\"https:\/\/portaltela.pt\/noticias\/2026\/02\/12\/eua-usam-laser-contra-balao-a-pensar-ser-drone-de-cartel-texas-encerra-espaco-aereo\/#article\",\"isPartOf\":{\"@id\":\"https:\/\/portaltela.pt\/noticias\/2026\/02\/12\/eua-usam-laser-contra-balao-a-pensar-ser-drone-de-cartel-texas-encerra-espaco-aereo\/\"},\"author\":{\"name\":\"Telinha\",\"@id\":\"https:\/\/portaltela.pt\/#\/schema\/person\/c4278d4a6028830caff9ee44b42d32ed\"},\"headline\":\"EUA usam laser contra bal\u00e3o a pensar ser drone de cartel; Texas encerra espa\u00e7o a\u00e9reo\",\"datePublished\":\"2026-02-12T12:02:00+00:00\",\"mainEntityOfPage\":{\"@id\":\"https:\/\/portaltela.pt\/noticias\/2026\/02\/12\/eua-usam-laser-contra-balao-a-pensar-ser-drone-de-cartel-texas-encerra-espaco-aereo\/\"},\"wordCount\":312,\"image\":{\"@id\":\"https:\/\/portaltela.pt\/noticias\/2026\/02\/12\/eua-usam-laser-contra-balao-a-pensar-ser-drone-de-cartel-texas-encerra-espaco-aereo\/#primaryimage\"},\"thumbnailUrl\":\"https:\/\/portaltela.pt\/s.01k8rhncp4jt1\/2026\/02\/image-958.jpg\",\"keywords\":[\"a aeron\u00e1utica\",\"cart\u00e9is internacionais\",\"For\u00e7a A\u00e9rea\",\"fronteiras internacionais\",\"seguran\u00e7a p\u00fablica\",\"tr\u00e1fico de droga\"],\"articleSection\":[\"Not\u00edcias\"],\"inLanguage\":\"pt-PT\"},{\"@type\":\"WebPage\",\"@id\":\"https:\/\/portaltela.pt\/noticias\/2026\/02\/12\/eua-usam-laser-contra-balao-a-pensar-ser-drone-de-cartel-texas-encerra-espaco-aereo\/\",\"url\":\"https:\/\/portaltela.pt\/noticias\/2026\/02\/12\/eua-usam-laser-contra-balao-a-pensar-ser-drone-de-cartel-texas-encerra-espaco-aereo\/\",\"name\":\"EUA usam laser contra bal\u00e3o a pensar ser drone de cartel; Texas encerra espa\u00e7o a\u00e9reo - Portal Tela Portugal\",\"isPartOf\":{\"@id\":\"https:\/\/portaltela.pt\/#website\"},\"primaryImageOfPage\":{\"@id\":\"https:\/\/portaltela.pt\/noticias\/2026\/02\/12\/eua-usam-laser-contra-balao-a-pensar-ser-drone-de-cartel-texas-encerra-espaco-aereo\/#primaryimage\"},\"image\":{\"@id\":\"https:\/\/portaltela.pt\/noticias\/2026\/02\/12\/eua-usam-laser-contra-balao-a-pensar-ser-drone-de-cartel-texas-encerra-espaco-aereo\/#primaryimage\"},\"thumbnailUrl\":\"https:\/\/portaltela.pt\/s.01k8rhncp4jt1\/2026\/02\/image-958.jpg\",\"datePublished\":\"2026-02-12T12:02:00+00:00\",\"author\":{\"@id\":\"https:\/\/portaltela.pt\/#\/schema\/person\/c4278d4a6028830caff9ee44b42d32ed\"},\"breadcrumb\":{\"@id\":\"https:\/\/portaltela.pt\/noticias\/2026\/02\/12\/eua-usam-laser-contra-balao-a-pensar-ser-drone-de-cartel-texas-encerra-espaco-aereo\/#breadcrumb\"},\"inLanguage\":\"pt-PT\",\"potentialAction\":[{\"@type\":\"ReadAction\",\"target\":[\"https:\/\/portaltela.pt\/noticias\/2026\/02\/12\/eua-usam-laser-contra-balao-a-pensar-ser-drone-de-cartel-texas-encerra-espaco-aereo\/\"]}]},{\"@type\":\"ImageObject\",\"inLanguage\":\"pt-PT\",\"@id\":\"https:\/\/portaltela.pt\/noticias\/2026\/02\/12\/eua-usam-laser-contra-balao-a-pensar-ser-drone-de-cartel-texas-encerra-espaco-aereo\/#primaryimage\",\"url\":\"https:\/\/portaltela.pt\/s.01k8rhncp4jt1\/2026\/02\/image-958.jpg\",\"contentUrl\":\"https:\/\/portaltela.pt\/s.01k8rhncp4jt1\/2026\/02\/image-958.jpg\",\"width\":796,\"height\":448,\"caption\":\"A autoridade avia\u00e7\u00e3o federal dos EUA encerrou esta quarta-feira o espa\u00e7o a\u00e9reo em El Paso por dez dias, mas reverteu decis\u00e3o Foto: Aeroporto de El Paso\"},{\"@type\":\"BreadcrumbList\",\"@id\":\"https:\/\/portaltela.pt\/noticias\/2026\/02\/12\/eua-usam-laser-contra-balao-a-pensar-ser-drone-de-cartel-texas-encerra-espaco-aereo\/#breadcrumb\",\"itemListElement\":[{\"@type\":\"ListItem\",\"position\":1,\"name\":\"In\u00edcio\",\"item\":\"https:\/\/portaltela.pt\/\"},{\"@type\":\"ListItem\",\"position\":2,\"name\":\"EUA usam laser contra bal\u00e3o a pensar ser drone de cartel; Texas encerra espa\u00e7o a\u00e9reo\"}]},{\"@type\":\"WebSite\",\"@id\":\"https:\/\/portaltela.pt\/#website\",\"url\":\"https:\/\/portaltela.pt\/\",\"name\":\"Portal Tela Portugal\",\"description\":\"\",\"potentialAction\":[{\"@type\":\"SearchAction\",\"target\":{\"@type\":\"EntryPoint\",\"urlTemplate\":\"https:\/\/portaltela.pt\/?s={search_term_string}\"},\"query-input\":{\"@type\":\"PropertyValueSpecification\",\"valueRequired\":true,\"valueName\":\"search_term_string\"}}],\"inLanguage\":\"pt-PT\"},{\"@type\":\"Person\",\"@id\":\"https:\/\/portaltela.pt\/#\/schema\/person\/c4278d4a6028830caff9ee44b42d32ed\",\"name\":\"Telinha\",\"image\":{\"@type\":\"ImageObject\",\"inLanguage\":\"pt-PT\",\"@id\":\"https:\/\/portaltela.pt\/s.01k8rhncp4jt1\/2025\/11\/talking-bot-125x125.png\",\"url\":\"https:\/\/portaltela.pt\/s.01k8rhncp4jt1\/2025\/11\/talking-bot-125x125.png\",\"contentUrl\":\"https:\/\/portaltela.pt\/s.01k8rhncp4jt1\/2025\/11\/talking-bot-125x125.png\",\"caption\":\"Telinha\"},\"sameAs\":[\"https:\/\/portaltela.pt\/\"],\"url\":\"https:\/\/portaltela.pt\/por\/367410592786\/\"}]}<\/script>\n<!-- \/ Yoast SEO plugin. -->","yoast_head_json":{"title":"EUA usam laser contra bal\u00e3o a pensar ser drone de cartel; Texas encerra espa\u00e7o a\u00e9reo - Portal Tela Portugal","robots":{"index":"index","follow":"follow","max-snippet":"max-snippet:-1","max-image-preview":"max-image-preview:large","max-video-preview":"max-video-preview:-1"},"og_locale":"pt_PT","og_type":"article","og_title":"EUA usam laser contra bal\u00e3o a pensar ser drone de cartel; Texas encerra espa\u00e7o a\u00e9reo - Portal Tela Portugal","og_description":"O espa\u00e7o a\u00e9reo de El Paso, no Texas, foi encerrado por dez dias ap\u00f3s o uso de um laser anti drones autorizado pela CBP, sem coordena\u00e7\u00e3o com a FAA, medida que foi revertida horas depois. O laser foi utilizado perto de Fort Bliss para abater dispositivos n\u00e3o tripulados; a CBP acreditava ter abatido um drone de cartel, mas, segundo o The New York Times, tratava-se de um bal\u00e3o de festa. O encerramento provocou atrasos em voos e o cancelamento de sete chegadas e sete partidas na cidade. A a\u00e7\u00e3o ocorreu sem aviso pr\u00e9vio \u00e0 FAA, apesar de haver uma reuni\u00e3o marcada entre o Pent\u00e1gono e a FAA para o final do m\u00eas. A explica\u00e7\u00e3o oficial inicial atribuiu o encerramento a drones de cart\u00e9is mexicanos; membros do Congresso levantaram d\u00favidas e sugeriram que o Pent\u00e1gono poderia ser respons\u00e1vel pela situa\u00e7\u00e3o.","og_url":"https:\/\/portaltela.pt\/noticias\/2026\/02\/12\/eua-usam-laser-contra-balao-a-pensar-ser-drone-de-cartel-texas-encerra-espaco-aereo\/","og_site_name":"Portal Tela Portugal","article_published_time":"2026-02-12T12:02:00+00:00","author":"Telinha","twitter_card":"summary_large_image","twitter_misc":{"Escrito por":"Telinha","Tempo estimado de leitura":"1 minuto"},"schema":{"@context":"https:\/\/schema.org","@graph":[{"@type":"Article","@id":"https:\/\/portaltela.pt\/noticias\/2026\/02\/12\/eua-usam-laser-contra-balao-a-pensar-ser-drone-de-cartel-texas-encerra-espaco-aereo\/#article","isPartOf":{"@id":"https:\/\/portaltela.pt\/noticias\/2026\/02\/12\/eua-usam-laser-contra-balao-a-pensar-ser-drone-de-cartel-texas-encerra-espaco-aereo\/"},"author":{"name":"Telinha","@id":"https:\/\/portaltela.pt\/#\/schema\/person\/c4278d4a6028830caff9ee44b42d32ed"},"headline":"EUA usam laser contra bal\u00e3o a pensar ser drone de cartel; Texas encerra espa\u00e7o a\u00e9reo","datePublished":"2026-02-12T12:02:00+00:00","mainEntityOfPage":{"@id":"https:\/\/portaltela.pt\/noticias\/2026\/02\/12\/eua-usam-laser-contra-balao-a-pensar-ser-drone-de-cartel-texas-encerra-espaco-aereo\/"},"wordCount":312,"image":{"@id":"https:\/\/portaltela.pt\/noticias\/2026\/02\/12\/eua-usam-laser-contra-balao-a-pensar-ser-drone-de-cartel-texas-encerra-espaco-aereo\/#primaryimage"},"thumbnailUrl":"https:\/\/portaltela.pt\/s.01k8rhncp4jt1\/2026\/02\/image-958.jpg","keywords":["a aeron\u00e1utica","cart\u00e9is internacionais","For\u00e7a A\u00e9rea","fronteiras internacionais","seguran\u00e7a p\u00fablica","tr\u00e1fico de droga"],"articleSection":["Not\u00edcias"],"inLanguage":"pt-PT"},{"@type":"WebPage","@id":"https:\/\/portaltela.pt\/noticias\/2026\/02\/12\/eua-usam-laser-contra-balao-a-pensar-ser-drone-de-cartel-texas-encerra-espaco-aereo\/","url":"https:\/\/portaltela.pt\/noticias\/2026\/02\/12\/eua-usam-laser-contra-balao-a-pensar-ser-drone-de-cartel-texas-encerra-espaco-aereo\/","name":"EUA usam laser contra bal\u00e3o a pensar ser drone de cartel; Texas encerra espa\u00e7o a\u00e9reo - Portal Tela Portugal","isPartOf":{"@id":"https:\/\/portaltela.pt\/#website"},"primaryImageOfPage":{"@id":"https:\/\/portaltela.pt\/noticias\/2026\/02\/12\/eua-usam-laser-contra-balao-a-pensar-ser-drone-de-cartel-texas-encerra-espaco-aereo\/#primaryimage"},"image":{"@id":"https:\/\/portaltela.pt\/noticias\/2026\/02\/12\/eua-usam-laser-contra-balao-a-pensar-ser-drone-de-cartel-texas-encerra-espaco-aereo\/#primaryimage"},"thumbnailUrl":"https:\/\/portaltela.pt\/s.01k8rhncp4jt1\/2026\/02\/image-958.jpg","datePublished":"2026-02-12T12:02:00+00:00","author":{"@id":"https:\/\/portaltela.pt\/#\/schema\/person\/c4278d4a6028830caff9ee44b42d32ed"},"breadcrumb":{"@id":"https:\/\/portaltela.pt\/noticias\/2026\/02\/12\/eua-usam-laser-contra-balao-a-pensar-ser-drone-de-cartel-texas-encerra-espaco-aereo\/#breadcrumb"},"inLanguage":"pt-PT","potentialAction":[{"@type":"ReadAction","target":["https:\/\/portaltela.pt\/noticias\/2026\/02\/12\/eua-usam-laser-contra-balao-a-pensar-ser-drone-de-cartel-texas-encerra-espaco-aereo\/"]}]},{"@type":"ImageObject","inLanguage":"pt-PT","@id":"https:\/\/portaltela.pt\/noticias\/2026\/02\/12\/eua-usam-laser-contra-balao-a-pensar-ser-drone-de-cartel-texas-encerra-espaco-aereo\/#primaryimage","url":"https:\/\/portaltela.pt\/s.01k8rhncp4jt1\/2026\/02\/image-958.jpg","contentUrl":"https:\/\/portaltela.pt\/s.01k8rhncp4jt1\/2026\/02\/image-958.jpg","width":796,"height":448,"caption":"A autoridade avia\u00e7\u00e3o federal dos EUA encerrou esta quarta-feira o espa\u00e7o a\u00e9reo em El Paso por dez dias, mas reverteu decis\u00e3o Foto: Aeroporto de El Paso"},{"@type":"BreadcrumbList","@id":"https:\/\/portaltela.pt\/noticias\/2026\/02\/12\/eua-usam-laser-contra-balao-a-pensar-ser-drone-de-cartel-texas-encerra-espaco-aereo\/#breadcrumb","itemListElement":[{"@type":"ListItem","position":1,"name":"In\u00edcio","item":"https:\/\/portaltela.pt\/"},{"@type":"ListItem","position":2,"name":"EUA usam laser contra bal\u00e3o a pensar ser drone de cartel; Texas encerra espa\u00e7o a\u00e9reo"}]},{"@type":"WebSite","@id":"https:\/\/portaltela.pt\/#website","url":"https:\/\/portaltela.pt\/","name":"Portal Tela Portugal","description":"","potentialAction":[{"@type":"SearchAction","target":{"@type":"EntryPoint","urlTemplate":"https:\/\/portaltela.pt\/?s={search_term_string}"},"query-input":{"@type":"PropertyValueSpecification","valueRequired":true,"valueName":"search_term_string"}}],"inLanguage":"pt-PT"},{"@type":"Person","@id":"https:\/\/portaltela.pt\/#\/schema\/person\/c4278d4a6028830caff9ee44b42d32ed","name":"Telinha","image":{"@type":"ImageObject","inLanguage":"pt-PT","@id":"https:\/\/portaltela.pt\/s.01k8rhncp4jt1\/2025\/11\/talking-bot-125x125.png","url":"https:\/\/portaltela.pt\/s.01k8rhncp4jt1\/2025\/11\/talking-bot-125x125.png","contentUrl":"https:\/\/portaltela.pt\/s.01k8rhncp4jt1\/2025\/11\/talking-bot-125x125.png","caption":"Telinha"},"sameAs":["https:\/\/portaltela.pt\/"],"url":"https:\/\/portaltela.pt\/por\/367410592786\/"}]}},"_links":{"self":[{"href":"https:\/\/portaltela.pt\/api\/wp\/v2\/posts\/209545","targetHints":{"allow":["GET"]}}],"collection":[{"href":"https:\/\/portaltela.pt\/api\/wp\/v2\/posts"}],"about":[{"href":"https:\/\/portaltela.pt\/api\/wp\/v2\/types\/post"}],"author":[{"embeddable":true,"href":"https:\/\/portaltela.pt\/api\/wp\/v2\/users\/2"}],"replies":[{"embeddable":true,"href":"https:\/\/portaltela.pt\/api\/wp\/v2\/comments?post=209545"}],"version-history":[{"count":0,"href":"https:\/\/portaltela.pt\/api\/wp\/v2\/posts\/209545\/revisions"}],"wp:featuredmedia":[{"embeddable":true,"href":"https:\/\/portaltela.pt\/api\/wp\/v2\/media\/209554"}],"wp:attachment":[{"href":"https:\/\/portaltela.pt\/api\/wp\/v2\/media?parent=209545"}],"wp:term":[{"taxonomy":"category","embeddable":true,"href":"https:\/\/portaltela.pt\/api\/wp\/v2\/categories?post=209545"},{"taxonomy":"post_tag","embeddable":true,"href":"https:\/\/portaltela.pt\/api\/wp\/v2\/tags?post=209545"}],"curies":[{"name":"wp","href":"https:\/\/api.w.org\/{rel}","templated":true}]}}