{"id":209532,"date":"2026-02-12T07:12:00","date_gmt":"2026-02-12T10:12:00","guid":{"rendered":"https:\/\/portaltela.pt\/noticias\/2026\/02\/12\/costa-acredita-que-2026-sera-o-ano-de-competitividade-da-economia-europeia\/"},"modified":"2026-02-12T07:12:00","modified_gmt":"2026-02-12T10:12:00","slug":"costa-acredita-que-2026-sera-o-ano-de-competitividade-da-economia-europeia","status":"publish","type":"post","link":"https:\/\/portaltela.pt\/noticias\/economia\/2026\/02\/12\/costa-acredita-que-2026-sera-o-ano-de-competitividade-da-economia-europeia\/","title":{"rendered":"Costa acredita que 2026 ser\u00e1 o ano de competitividade da economia europeia"},"content":{"rendered":"<p>O presidente do Conselho Europeu, Ant\u00f3nio Costa, afirmou que 2026 ser\u00e1 o \u201cano da competitividade da economia europeia\u201d. A declara\u00e7\u00e3o ocorreu durante uma reuni\u00e3o de l\u00edderes da Uni\u00e3o Europeia para discutir estrat\u00e9gias de crescimento.<\/p>\n<p>Os chefes de Estado e de Governo re\u00fanem-se num castelo fora de Bruxelas, com o objetivo de alinhar prioridades econ\u00f3micas para o bloco. A reuni\u00e3o inclui temas como inova\u00e7\u00e3o, emprego e pol\u00edticas de mercado \u00fanico.<\/p>\n<p>Costa sublinhou a necessidade de ampliar a resili\u00eancia econ\u00f3mica europeia e de incentivar investimentos estrat\u00e9gicos, visando fortalecer a posi\u00e7\u00e3o da UE no cen\u00e1rio global. Contudo, n\u00e3o houve an\u00fancio de medidas espec\u00edficas.<\/p>\n<p>A agenda do encontro prev\u00ea ainda a an\u00e1lise de perspetivas macroecon\u00f3micas, com foco em reformas estruturais e na coordena\u00e7\u00e3o de pol\u00edticas nacionais para sustentar a recupera\u00e7\u00e3o ap\u00f3s a pandemia.<\/p>\n","protected":false},"excerpt":{"rendered":"<ul>\n<li>O presidente do Conselho Europeu, Ant\u00f3nio Costa, considera que 2026 ser\u00e1 o &#8220;ano da competitividade da economia europeia&#8221;.<\/li>\n<li>A afirma\u00e7\u00e3o resulta da reuni\u00e3o de l\u00edderes da Uni\u00e3o Europeia para discutir estrat\u00e9gias, realizada num castelo fora de Bruxelas.<\/li>\n<li>A aposta \u00e9 que a Europa aumente a sua competitividade econ\u00f3mica nos pr\u00f3ximos anos.<\/li>\n<li>A not\u00edcia n\u00e3o oferece detalhes adicionais no texto apresentado.<\/li>\n<\/ul>\n","protected":false},"author":2,"featured_media":209534,"comment_status":"closed","ping_status":"closed","sticky":false,"template":"","format":"standard","meta":{"footnotes":""},"categories":[2,1],"tags":[3718,28,1006,33,316,2055],"class_list":["post-209532","post","type-post","status-publish","format-standard","has-post-thumbnail","hentry","category-economia","category-noticias","tag-coordenacao-internacional","tag-economia","tag-emprego","tag-inovacao","tag-investimento","tag-uniao-europeia"],"yoast_head":"<!-- This site is optimized with the Yoast SEO plugin v27.2 - https:\/\/yoast.com\/product\/yoast-seo-wordpress\/ -->\n<title>Costa acredita que 2026 ser\u00e1 o ano de competitividade da economia europeia - Portal Tela Portugal<\/title>\n<meta name=\"robots\" content=\"index, follow, max-snippet:-1, max-image-preview:large, max-video-preview:-1\" \/>\n<meta property=\"og:locale\" content=\"pt_PT\" \/>\n<meta property=\"og:type\" content=\"article\" \/>\n<meta property=\"og:title\" content=\"Costa acredita que 2026 ser\u00e1 o ano de competitividade da economia europeia - Portal Tela Portugal\" \/>\n<meta property=\"og:description\" content=\"O presidente do Conselho Europeu, Ant\u00f3nio Costa, considera que 2026 ser\u00e1 o &quot;ano da competitividade da economia europeia&quot;. A afirma\u00e7\u00e3o resulta da reuni\u00e3o de l\u00edderes da Uni\u00e3o Europeia para discutir estrat\u00e9gias, realizada num castelo fora de Bruxelas. A aposta \u00e9 que a Europa aumente a sua competitividade econ\u00f3mica nos pr\u00f3ximos anos. A not\u00edcia n\u00e3o oferece detalhes adicionais no texto apresentado.\" \/>\n<meta property=\"og:url\" content=\"https:\/\/portaltela.pt\/noticias\/2026\/02\/12\/costa-acredita-que-2026-sera-o-ano-de-competitividade-da-economia-europeia\/\" \/>\n<meta property=\"og:site_name\" content=\"Portal Tela Portugal\" \/>\n<meta property=\"article:published_time\" content=\"2026-02-12T10:12:00+00:00\" \/>\n<meta name=\"author\" content=\"Telinha\" \/>\n<meta name=\"twitter:card\" content=\"summary_large_image\" \/>\n<meta name=\"twitter:label1\" content=\"Escrito por\" \/>\n\t<meta name=\"twitter:data1\" content=\"Telinha\" \/>\n\t<meta name=\"twitter:label2\" content=\"Tempo estimado de leitura\" \/>\n\t<meta name=\"twitter:data2\" content=\"1 minuto\" \/>\n<script type=\"application\/ld+json\" class=\"yoast-schema-graph\">{\"@context\":\"https:\/\/schema.org\",\"@graph\":[{\"@type\":\"Article\",\"@id\":\"https:\/\/portaltela.pt\/noticias\/2026\/02\/12\/costa-acredita-que-2026-sera-o-ano-de-competitividade-da-economia-europeia\/#article\",\"isPartOf\":{\"@id\":\"https:\/\/portaltela.pt\/noticias\/2026\/02\/12\/costa-acredita-que-2026-sera-o-ano-de-competitividade-da-economia-europeia\/\"},\"author\":{\"name\":\"Telinha\",\"@id\":\"https:\/\/portaltela.pt\/#\/schema\/person\/c4278d4a6028830caff9ee44b42d32ed\"},\"headline\":\"Costa acredita que 2026 ser\u00e1 o ano de competitividade da economia europeia\",\"datePublished\":\"2026-02-12T10:12:00+00:00\",\"mainEntityOfPage\":{\"@id\":\"https:\/\/portaltela.pt\/noticias\/2026\/02\/12\/costa-acredita-que-2026-sera-o-ano-de-competitividade-da-economia-europeia\/\"},\"wordCount\":164,\"image\":{\"@id\":\"https:\/\/portaltela.pt\/noticias\/2026\/02\/12\/costa-acredita-que-2026-sera-o-ano-de-competitividade-da-economia-europeia\/#primaryimage\"},\"thumbnailUrl\":\"https:\/\/portaltela.pt\/s.01k8rhncp4jt1\/2026\/02\/CACHE_780X1200_ANALOG_WATERMARKED_46545817_748381245441101.jpg\",\"keywords\":[\"coordena\u00e7\u00e3o internacional\",\"economia\",\"emprego\",\"inova\u00e7\u00e3o\",\"investimento\",\"Uni\u00e3o Europeia\"],\"articleSection\":[\"Economia\",\"Not\u00edcias\"],\"inLanguage\":\"pt-PT\"},{\"@type\":\"WebPage\",\"@id\":\"https:\/\/portaltela.pt\/noticias\/2026\/02\/12\/costa-acredita-que-2026-sera-o-ano-de-competitividade-da-economia-europeia\/\",\"url\":\"https:\/\/portaltela.pt\/noticias\/2026\/02\/12\/costa-acredita-que-2026-sera-o-ano-de-competitividade-da-economia-europeia\/\",\"name\":\"Costa acredita que 2026 ser\u00e1 o ano de competitividade da economia europeia - Portal Tela Portugal\",\"isPartOf\":{\"@id\":\"https:\/\/portaltela.pt\/#website\"},\"primaryImageOfPage\":{\"@id\":\"https:\/\/portaltela.pt\/noticias\/2026\/02\/12\/costa-acredita-que-2026-sera-o-ano-de-competitividade-da-economia-europeia\/#primaryimage\"},\"image\":{\"@id\":\"https:\/\/portaltela.pt\/noticias\/2026\/02\/12\/costa-acredita-que-2026-sera-o-ano-de-competitividade-da-economia-europeia\/#primaryimage\"},\"thumbnailUrl\":\"https:\/\/portaltela.pt\/s.01k8rhncp4jt1\/2026\/02\/CACHE_780X1200_ANALOG_WATERMARKED_46545817_748381245441101.jpg\",\"datePublished\":\"2026-02-12T10:12:00+00:00\",\"author\":{\"@id\":\"https:\/\/portaltela.pt\/#\/schema\/person\/c4278d4a6028830caff9ee44b42d32ed\"},\"breadcrumb\":{\"@id\":\"https:\/\/portaltela.pt\/noticias\/2026\/02\/12\/costa-acredita-que-2026-sera-o-ano-de-competitividade-da-economia-europeia\/#breadcrumb\"},\"inLanguage\":\"pt-PT\",\"potentialAction\":[{\"@type\":\"ReadAction\",\"target\":[\"https:\/\/portaltela.pt\/noticias\/2026\/02\/12\/costa-acredita-que-2026-sera-o-ano-de-competitividade-da-economia-europeia\/\"]}]},{\"@type\":\"ImageObject\",\"inLanguage\":\"pt-PT\",\"@id\":\"https:\/\/portaltela.pt\/noticias\/2026\/02\/12\/costa-acredita-que-2026-sera-o-ano-de-competitividade-da-economia-europeia\/#primaryimage\",\"url\":\"https:\/\/portaltela.pt\/s.01k8rhncp4jt1\/2026\/02\/CACHE_780X1200_ANALOG_WATERMARKED_46545817_748381245441101.jpg\",\"contentUrl\":\"https:\/\/portaltela.pt\/s.01k8rhncp4jt1\/2026\/02\/CACHE_780X1200_ANALOG_WATERMARKED_46545817_748381245441101.jpg\",\"width\":768,\"height\":512,\"caption\":\"Costa confiante que 2026 ser\u00e1 ano para economia europeia se tornar competitiva\"},{\"@type\":\"BreadcrumbList\",\"@id\":\"https:\/\/portaltela.pt\/noticias\/2026\/02\/12\/costa-acredita-que-2026-sera-o-ano-de-competitividade-da-economia-europeia\/#breadcrumb\",\"itemListElement\":[{\"@type\":\"ListItem\",\"position\":1,\"name\":\"In\u00edcio\",\"item\":\"https:\/\/portaltela.pt\/\"},{\"@type\":\"ListItem\",\"position\":2,\"name\":\"Costa acredita que 2026 ser\u00e1 o ano de competitividade da economia europeia\"}]},{\"@type\":\"WebSite\",\"@id\":\"https:\/\/portaltela.pt\/#website\",\"url\":\"https:\/\/portaltela.pt\/\",\"name\":\"Portal Tela Portugal\",\"description\":\"\",\"potentialAction\":[{\"@type\":\"SearchAction\",\"target\":{\"@type\":\"EntryPoint\",\"urlTemplate\":\"https:\/\/portaltela.pt\/?s={search_term_string}\"},\"query-input\":{\"@type\":\"PropertyValueSpecification\",\"valueRequired\":true,\"valueName\":\"search_term_string\"}}],\"inLanguage\":\"pt-PT\"},{\"@type\":\"Person\",\"@id\":\"https:\/\/portaltela.pt\/#\/schema\/person\/c4278d4a6028830caff9ee44b42d32ed\",\"name\":\"Telinha\",\"image\":{\"@type\":\"ImageObject\",\"inLanguage\":\"pt-PT\",\"@id\":\"https:\/\/portaltela.pt\/s.01k8rhncp4jt1\/2025\/11\/talking-bot-125x125.png\",\"url\":\"https:\/\/portaltela.pt\/s.01k8rhncp4jt1\/2025\/11\/talking-bot-125x125.png\",\"contentUrl\":\"https:\/\/portaltela.pt\/s.01k8rhncp4jt1\/2025\/11\/talking-bot-125x125.png\",\"caption\":\"Telinha\"},\"sameAs\":[\"https:\/\/portaltela.pt\/\"],\"url\":\"https:\/\/portaltela.pt\/por\/367410592786\/\"}]}<\/script>\n<!-- \/ Yoast SEO plugin. -->","yoast_head_json":{"title":"Costa acredita que 2026 ser\u00e1 o ano de competitividade da economia europeia - Portal Tela Portugal","robots":{"index":"index","follow":"follow","max-snippet":"max-snippet:-1","max-image-preview":"max-image-preview:large","max-video-preview":"max-video-preview:-1"},"og_locale":"pt_PT","og_type":"article","og_title":"Costa acredita que 2026 ser\u00e1 o ano de competitividade da economia europeia - Portal Tela Portugal","og_description":"O presidente do Conselho Europeu, Ant\u00f3nio Costa, considera que 2026 ser\u00e1 o \"ano da competitividade da economia europeia\". A afirma\u00e7\u00e3o resulta da reuni\u00e3o de l\u00edderes da Uni\u00e3o Europeia para discutir estrat\u00e9gias, realizada num castelo fora de Bruxelas. A aposta \u00e9 que a Europa aumente a sua competitividade econ\u00f3mica nos pr\u00f3ximos anos. A not\u00edcia n\u00e3o oferece detalhes adicionais no texto apresentado.","og_url":"https:\/\/portaltela.pt\/noticias\/2026\/02\/12\/costa-acredita-que-2026-sera-o-ano-de-competitividade-da-economia-europeia\/","og_site_name":"Portal Tela Portugal","article_published_time":"2026-02-12T10:12:00+00:00","author":"Telinha","twitter_card":"summary_large_image","twitter_misc":{"Escrito por":"Telinha","Tempo estimado de leitura":"1 minuto"},"schema":{"@context":"https:\/\/schema.org","@graph":[{"@type":"Article","@id":"https:\/\/portaltela.pt\/noticias\/2026\/02\/12\/costa-acredita-que-2026-sera-o-ano-de-competitividade-da-economia-europeia\/#article","isPartOf":{"@id":"https:\/\/portaltela.pt\/noticias\/2026\/02\/12\/costa-acredita-que-2026-sera-o-ano-de-competitividade-da-economia-europeia\/"},"author":{"name":"Telinha","@id":"https:\/\/portaltela.pt\/#\/schema\/person\/c4278d4a6028830caff9ee44b42d32ed"},"headline":"Costa acredita que 2026 ser\u00e1 o ano de competitividade da economia europeia","datePublished":"2026-02-12T10:12:00+00:00","mainEntityOfPage":{"@id":"https:\/\/portaltela.pt\/noticias\/2026\/02\/12\/costa-acredita-que-2026-sera-o-ano-de-competitividade-da-economia-europeia\/"},"wordCount":164,"image":{"@id":"https:\/\/portaltela.pt\/noticias\/2026\/02\/12\/costa-acredita-que-2026-sera-o-ano-de-competitividade-da-economia-europeia\/#primaryimage"},"thumbnailUrl":"https:\/\/portaltela.pt\/s.01k8rhncp4jt1\/2026\/02\/CACHE_780X1200_ANALOG_WATERMARKED_46545817_748381245441101.jpg","keywords":["coordena\u00e7\u00e3o internacional","economia","emprego","inova\u00e7\u00e3o","investimento","Uni\u00e3o Europeia"],"articleSection":["Economia","Not\u00edcias"],"inLanguage":"pt-PT"},{"@type":"WebPage","@id":"https:\/\/portaltela.pt\/noticias\/2026\/02\/12\/costa-acredita-que-2026-sera-o-ano-de-competitividade-da-economia-europeia\/","url":"https:\/\/portaltela.pt\/noticias\/2026\/02\/12\/costa-acredita-que-2026-sera-o-ano-de-competitividade-da-economia-europeia\/","name":"Costa acredita que 2026 ser\u00e1 o ano de competitividade da economia europeia - Portal Tela Portugal","isPartOf":{"@id":"https:\/\/portaltela.pt\/#website"},"primaryImageOfPage":{"@id":"https:\/\/portaltela.pt\/noticias\/2026\/02\/12\/costa-acredita-que-2026-sera-o-ano-de-competitividade-da-economia-europeia\/#primaryimage"},"image":{"@id":"https:\/\/portaltela.pt\/noticias\/2026\/02\/12\/costa-acredita-que-2026-sera-o-ano-de-competitividade-da-economia-europeia\/#primaryimage"},"thumbnailUrl":"https:\/\/portaltela.pt\/s.01k8rhncp4jt1\/2026\/02\/CACHE_780X1200_ANALOG_WATERMARKED_46545817_748381245441101.jpg","datePublished":"2026-02-12T10:12:00+00:00","author":{"@id":"https:\/\/portaltela.pt\/#\/schema\/person\/c4278d4a6028830caff9ee44b42d32ed"},"breadcrumb":{"@id":"https:\/\/portaltela.pt\/noticias\/2026\/02\/12\/costa-acredita-que-2026-sera-o-ano-de-competitividade-da-economia-europeia\/#breadcrumb"},"inLanguage":"pt-PT","potentialAction":[{"@type":"ReadAction","target":["https:\/\/portaltela.pt\/noticias\/2026\/02\/12\/costa-acredita-que-2026-sera-o-ano-de-competitividade-da-economia-europeia\/"]}]},{"@type":"ImageObject","inLanguage":"pt-PT","@id":"https:\/\/portaltela.pt\/noticias\/2026\/02\/12\/costa-acredita-que-2026-sera-o-ano-de-competitividade-da-economia-europeia\/#primaryimage","url":"https:\/\/portaltela.pt\/s.01k8rhncp4jt1\/2026\/02\/CACHE_780X1200_ANALOG_WATERMARKED_46545817_748381245441101.jpg","contentUrl":"https:\/\/portaltela.pt\/s.01k8rhncp4jt1\/2026\/02\/CACHE_780X1200_ANALOG_WATERMARKED_46545817_748381245441101.jpg","width":768,"height":512,"caption":"Costa confiante que 2026 ser\u00e1 ano para economia europeia se tornar competitiva"},{"@type":"BreadcrumbList","@id":"https:\/\/portaltela.pt\/noticias\/2026\/02\/12\/costa-acredita-que-2026-sera-o-ano-de-competitividade-da-economia-europeia\/#breadcrumb","itemListElement":[{"@type":"ListItem","position":1,"name":"In\u00edcio","item":"https:\/\/portaltela.pt\/"},{"@type":"ListItem","position":2,"name":"Costa acredita que 2026 ser\u00e1 o ano de competitividade da economia europeia"}]},{"@type":"WebSite","@id":"https:\/\/portaltela.pt\/#website","url":"https:\/\/portaltela.pt\/","name":"Portal Tela Portugal","description":"","potentialAction":[{"@type":"SearchAction","target":{"@type":"EntryPoint","urlTemplate":"https:\/\/portaltela.pt\/?s={search_term_string}"},"query-input":{"@type":"PropertyValueSpecification","valueRequired":true,"valueName":"search_term_string"}}],"inLanguage":"pt-PT"},{"@type":"Person","@id":"https:\/\/portaltela.pt\/#\/schema\/person\/c4278d4a6028830caff9ee44b42d32ed","name":"Telinha","image":{"@type":"ImageObject","inLanguage":"pt-PT","@id":"https:\/\/portaltela.pt\/s.01k8rhncp4jt1\/2025\/11\/talking-bot-125x125.png","url":"https:\/\/portaltela.pt\/s.01k8rhncp4jt1\/2025\/11\/talking-bot-125x125.png","contentUrl":"https:\/\/portaltela.pt\/s.01k8rhncp4jt1\/2025\/11\/talking-bot-125x125.png","caption":"Telinha"},"sameAs":["https:\/\/portaltela.pt\/"],"url":"https:\/\/portaltela.pt\/por\/367410592786\/"}]}},"_links":{"self":[{"href":"https:\/\/portaltela.pt\/api\/wp\/v2\/posts\/209532","targetHints":{"allow":["GET"]}}],"collection":[{"href":"https:\/\/portaltela.pt\/api\/wp\/v2\/posts"}],"about":[{"href":"https:\/\/portaltela.pt\/api\/wp\/v2\/types\/post"}],"author":[{"embeddable":true,"href":"https:\/\/portaltela.pt\/api\/wp\/v2\/users\/2"}],"replies":[{"embeddable":true,"href":"https:\/\/portaltela.pt\/api\/wp\/v2\/comments?post=209532"}],"version-history":[{"count":0,"href":"https:\/\/portaltela.pt\/api\/wp\/v2\/posts\/209532\/revisions"}],"wp:featuredmedia":[{"embeddable":true,"href":"https:\/\/portaltela.pt\/api\/wp\/v2\/media\/209534"}],"wp:attachment":[{"href":"https:\/\/portaltela.pt\/api\/wp\/v2\/media?parent=209532"}],"wp:term":[{"taxonomy":"category","embeddable":true,"href":"https:\/\/portaltela.pt\/api\/wp\/v2\/categories?post=209532"},{"taxonomy":"post_tag","embeddable":true,"href":"https:\/\/portaltela.pt\/api\/wp\/v2\/tags?post=209532"}],"curies":[{"name":"wp","href":"https:\/\/api.w.org\/{rel}","templated":true}]}}