{"id":209513,"date":"2026-02-12T08:52:25","date_gmt":"2026-02-12T11:52:25","guid":{"rendered":"https:\/\/portaltela.pt\/noticias\/2026\/02\/12\/explosao-num-carro-eletrico-obriga-evacuacao-de-nos-no-parque-das-nacoes\/"},"modified":"2026-02-12T08:52:25","modified_gmt":"2026-02-12T11:52:25","slug":"explosao-num-carro-eletrico-obriga-evacuacao-de-nos-no-parque-das-nacoes","status":"publish","type":"post","link":"https:\/\/portaltela.pt\/noticias\/2026\/02\/12\/explosao-num-carro-eletrico-obriga-evacuacao-de-nos-no-parque-das-nacoes\/","title":{"rendered":"Explos\u00e3o num carro el\u00e9trico obriga evacua\u00e7\u00e3o de NOS no Parque das Na\u00e7\u00f5es"},"content":{"rendered":"<p>Uma explos\u00e3o ocorreu numa viatura el\u00e9trica que estava estacionada numa garagem, obrigando \u00e0 evacua\u00e7\u00e3o de um edif\u00edcio da NOS no Parque das Na\u00e7\u00f5es, em Lisboa. Sapadores de Lisboa est\u00e3o no local a operar para controlar o fogo.<\/p>\n<p>A viatura come\u00e7ou a arder, o que levou \u00e0 evacua\u00e7\u00e3o de residentes e trabalhadores do edif\u00edcio. As autoridades confirmam a presen\u00e7a de meios de combate a inc\u00eandios no local.<\/p>\n<p>N\u00e3o h\u00e1, de momento, informa\u00e7\u00f5es oficiais sobre feridos ou danos adicionais. As autoridades mant\u00eam-se no terreno para apurar as causas do incidente e assegurar a seguran\u00e7a p\u00fablica.<\/p>\n<p>A interven\u00e7\u00e3o dos Sapadores de Lisboa est\u00e1 a decorrer de forma coordenada, com foco na conten\u00e7\u00e3o do fogo e numa avalia\u00e7\u00e3o dos materiais envolvidos na viatura el\u00e9trica.<\/p>\n","protected":false},"excerpt":{"rendered":"<ul>\n<li>Explos\u00e3o ocorreu numa viatura el\u00e9trica estacionada numa garagem, levando \u00e0 evacua\u00e7\u00e3o de um edif\u00edcio da NOS no Parque das Na\u00e7\u00f5es, em Lisboa.<\/li>\n<li>Sapadores de Lisboa est\u00e3o no local a combater o fogo e a assegurar a seguran\u00e7a de residentes e trabalhadores.<\/li>\n<li>A viatura come\u00e7ou a arder; n\u00e3o h\u00e1 informa\u00e7\u00f5es sobre feridos ou danos adicionais.<\/li>\n<li>As autoridades permanecem no local para apurar as causas do incidente.<\/li>\n<\/ul>\n","protected":false},"author":2,"featured_media":209515,"comment_status":"closed","ping_status":"closed","sticky":false,"template":"","format":"standard","meta":{"footnotes":""},"categories":[1],"tags":[3571,1438,981,3715,2965,250],"class_list":["post-209513","post","type-post","status-publish","format-standard","has-post-thumbnail","hentry","category-noticias","tag-explosoes","tag-incendio","tag-lisboa","tag-parque-das-nacoes","tag-sapadores","tag-seguranca-publica"],"yoast_head":"<!-- This site is optimized with the Yoast SEO plugin v27.2 - https:\/\/yoast.com\/product\/yoast-seo-wordpress\/ -->\n<title>Explos\u00e3o num carro el\u00e9trico obriga evacua\u00e7\u00e3o de NOS no Parque das Na\u00e7\u00f5es - Portal Tela Portugal<\/title>\n<meta name=\"robots\" content=\"index, follow, max-snippet:-1, max-image-preview:large, max-video-preview:-1\" \/>\n<meta property=\"og:locale\" content=\"pt_PT\" \/>\n<meta property=\"og:type\" content=\"article\" \/>\n<meta property=\"og:title\" content=\"Explos\u00e3o num carro el\u00e9trico obriga evacua\u00e7\u00e3o de NOS no Parque das Na\u00e7\u00f5es - Portal Tela Portugal\" \/>\n<meta property=\"og:description\" content=\"Explos\u00e3o ocorreu numa viatura el\u00e9trica estacionada numa garagem, levando \u00e0 evacua\u00e7\u00e3o de um edif\u00edcio da NOS no Parque das Na\u00e7\u00f5es, em Lisboa. Sapadores de Lisboa est\u00e3o no local a combater o fogo e a assegurar a seguran\u00e7a de residentes e trabalhadores. A viatura come\u00e7ou a arder; n\u00e3o h\u00e1 informa\u00e7\u00f5es sobre feridos ou danos adicionais. As autoridades permanecem no local para apurar as causas do incidente.\" \/>\n<meta property=\"og:url\" content=\"https:\/\/portaltela.pt\/noticias\/2026\/02\/12\/explosao-num-carro-eletrico-obriga-evacuacao-de-nos-no-parque-das-nacoes\/\" \/>\n<meta property=\"og:site_name\" content=\"Portal Tela Portugal\" \/>\n<meta property=\"article:published_time\" content=\"2026-02-12T11:52:25+00:00\" \/>\n<meta name=\"author\" content=\"Telinha\" \/>\n<meta name=\"twitter:card\" content=\"summary_large_image\" \/>\n<meta name=\"twitter:label1\" content=\"Escrito por\" \/>\n\t<meta name=\"twitter:data1\" content=\"Telinha\" \/>\n\t<meta name=\"twitter:label2\" content=\"Tempo estimado de leitura\" \/>\n\t<meta name=\"twitter:data2\" content=\"1 minuto\" \/>\n<script type=\"application\/ld+json\" class=\"yoast-schema-graph\">{\"@context\":\"https:\/\/schema.org\",\"@graph\":[{\"@type\":\"Article\",\"@id\":\"https:\/\/portaltela.pt\/noticias\/2026\/02\/12\/explosao-num-carro-eletrico-obriga-evacuacao-de-nos-no-parque-das-nacoes\/#article\",\"isPartOf\":{\"@id\":\"https:\/\/portaltela.pt\/noticias\/2026\/02\/12\/explosao-num-carro-eletrico-obriga-evacuacao-de-nos-no-parque-das-nacoes\/\"},\"author\":{\"name\":\"Telinha\",\"@id\":\"https:\/\/portaltela.pt\/#\/schema\/person\/c4278d4a6028830caff9ee44b42d32ed\"},\"headline\":\"Explos\u00e3o num carro el\u00e9trico obriga evacua\u00e7\u00e3o de NOS no Parque das Na\u00e7\u00f5es\",\"datePublished\":\"2026-02-12T11:52:25+00:00\",\"mainEntityOfPage\":{\"@id\":\"https:\/\/portaltela.pt\/noticias\/2026\/02\/12\/explosao-num-carro-eletrico-obriga-evacuacao-de-nos-no-parque-das-nacoes\/\"},\"wordCount\":154,\"image\":{\"@id\":\"https:\/\/portaltela.pt\/noticias\/2026\/02\/12\/explosao-num-carro-eletrico-obriga-evacuacao-de-nos-no-parque-das-nacoes\/#primaryimage\"},\"thumbnailUrl\":\"https:\/\/portaltela.pt\/s.01k8rhncp4jt1\/2026\/02\/img_1280x722uu2026-02-12-11-51-57-2266460.jpg\",\"keywords\":[\"explos\u00f5es\",\"inc\u00eandio\",\"Lisboa\",\"Parque das Na\u00e7\u00f5es\",\"Sapadores\",\"seguran\u00e7a p\u00fablica\"],\"articleSection\":[\"Not\u00edcias\"],\"inLanguage\":\"pt-PT\"},{\"@type\":\"WebPage\",\"@id\":\"https:\/\/portaltela.pt\/noticias\/2026\/02\/12\/explosao-num-carro-eletrico-obriga-evacuacao-de-nos-no-parque-das-nacoes\/\",\"url\":\"https:\/\/portaltela.pt\/noticias\/2026\/02\/12\/explosao-num-carro-eletrico-obriga-evacuacao-de-nos-no-parque-das-nacoes\/\",\"name\":\"Explos\u00e3o num carro el\u00e9trico obriga evacua\u00e7\u00e3o de NOS no Parque das Na\u00e7\u00f5es - Portal Tela Portugal\",\"isPartOf\":{\"@id\":\"https:\/\/portaltela.pt\/#website\"},\"primaryImageOfPage\":{\"@id\":\"https:\/\/portaltela.pt\/noticias\/2026\/02\/12\/explosao-num-carro-eletrico-obriga-evacuacao-de-nos-no-parque-das-nacoes\/#primaryimage\"},\"image\":{\"@id\":\"https:\/\/portaltela.pt\/noticias\/2026\/02\/12\/explosao-num-carro-eletrico-obriga-evacuacao-de-nos-no-parque-das-nacoes\/#primaryimage\"},\"thumbnailUrl\":\"https:\/\/portaltela.pt\/s.01k8rhncp4jt1\/2026\/02\/img_1280x722uu2026-02-12-11-51-57-2266460.jpg\",\"datePublished\":\"2026-02-12T11:52:25+00:00\",\"author\":{\"@id\":\"https:\/\/portaltela.pt\/#\/schema\/person\/c4278d4a6028830caff9ee44b42d32ed\"},\"breadcrumb\":{\"@id\":\"https:\/\/portaltela.pt\/noticias\/2026\/02\/12\/explosao-num-carro-eletrico-obriga-evacuacao-de-nos-no-parque-das-nacoes\/#breadcrumb\"},\"inLanguage\":\"pt-PT\",\"potentialAction\":[{\"@type\":\"ReadAction\",\"target\":[\"https:\/\/portaltela.pt\/noticias\/2026\/02\/12\/explosao-num-carro-eletrico-obriga-evacuacao-de-nos-no-parque-das-nacoes\/\"]}]},{\"@type\":\"ImageObject\",\"inLanguage\":\"pt-PT\",\"@id\":\"https:\/\/portaltela.pt\/noticias\/2026\/02\/12\/explosao-num-carro-eletrico-obriga-evacuacao-de-nos-no-parque-das-nacoes\/#primaryimage\",\"url\":\"https:\/\/portaltela.pt\/s.01k8rhncp4jt1\/2026\/02\/img_1280x722uu2026-02-12-11-51-57-2266460.jpg\",\"contentUrl\":\"https:\/\/portaltela.pt\/s.01k8rhncp4jt1\/2026\/02\/img_1280x722uu2026-02-12-11-51-57-2266460.jpg\",\"width\":796,\"height\":448,\"caption\":\"Photo\"},{\"@type\":\"BreadcrumbList\",\"@id\":\"https:\/\/portaltela.pt\/noticias\/2026\/02\/12\/explosao-num-carro-eletrico-obriga-evacuacao-de-nos-no-parque-das-nacoes\/#breadcrumb\",\"itemListElement\":[{\"@type\":\"ListItem\",\"position\":1,\"name\":\"In\u00edcio\",\"item\":\"https:\/\/portaltela.pt\/\"},{\"@type\":\"ListItem\",\"position\":2,\"name\":\"Explos\u00e3o num carro el\u00e9trico obriga evacua\u00e7\u00e3o de NOS no Parque das Na\u00e7\u00f5es\"}]},{\"@type\":\"WebSite\",\"@id\":\"https:\/\/portaltela.pt\/#website\",\"url\":\"https:\/\/portaltela.pt\/\",\"name\":\"Portal Tela Portugal\",\"description\":\"\",\"potentialAction\":[{\"@type\":\"SearchAction\",\"target\":{\"@type\":\"EntryPoint\",\"urlTemplate\":\"https:\/\/portaltela.pt\/?s={search_term_string}\"},\"query-input\":{\"@type\":\"PropertyValueSpecification\",\"valueRequired\":true,\"valueName\":\"search_term_string\"}}],\"inLanguage\":\"pt-PT\"},{\"@type\":\"Person\",\"@id\":\"https:\/\/portaltela.pt\/#\/schema\/person\/c4278d4a6028830caff9ee44b42d32ed\",\"name\":\"Telinha\",\"image\":{\"@type\":\"ImageObject\",\"inLanguage\":\"pt-PT\",\"@id\":\"https:\/\/portaltela.pt\/s.01k8rhncp4jt1\/2025\/11\/talking-bot-125x125.png\",\"url\":\"https:\/\/portaltela.pt\/s.01k8rhncp4jt1\/2025\/11\/talking-bot-125x125.png\",\"contentUrl\":\"https:\/\/portaltela.pt\/s.01k8rhncp4jt1\/2025\/11\/talking-bot-125x125.png\",\"caption\":\"Telinha\"},\"sameAs\":[\"https:\/\/portaltela.pt\/\"],\"url\":\"https:\/\/portaltela.pt\/por\/367410592786\/\"}]}<\/script>\n<!-- \/ Yoast SEO plugin. -->","yoast_head_json":{"title":"Explos\u00e3o num carro el\u00e9trico obriga evacua\u00e7\u00e3o de NOS no Parque das Na\u00e7\u00f5es - Portal Tela Portugal","robots":{"index":"index","follow":"follow","max-snippet":"max-snippet:-1","max-image-preview":"max-image-preview:large","max-video-preview":"max-video-preview:-1"},"og_locale":"pt_PT","og_type":"article","og_title":"Explos\u00e3o num carro el\u00e9trico obriga evacua\u00e7\u00e3o de NOS no Parque das Na\u00e7\u00f5es - Portal Tela Portugal","og_description":"Explos\u00e3o ocorreu numa viatura el\u00e9trica estacionada numa garagem, levando \u00e0 evacua\u00e7\u00e3o de um edif\u00edcio da NOS no Parque das Na\u00e7\u00f5es, em Lisboa. Sapadores de Lisboa est\u00e3o no local a combater o fogo e a assegurar a seguran\u00e7a de residentes e trabalhadores. A viatura come\u00e7ou a arder; n\u00e3o h\u00e1 informa\u00e7\u00f5es sobre feridos ou danos adicionais. As autoridades permanecem no local para apurar as causas do incidente.","og_url":"https:\/\/portaltela.pt\/noticias\/2026\/02\/12\/explosao-num-carro-eletrico-obriga-evacuacao-de-nos-no-parque-das-nacoes\/","og_site_name":"Portal Tela Portugal","article_published_time":"2026-02-12T11:52:25+00:00","author":"Telinha","twitter_card":"summary_large_image","twitter_misc":{"Escrito por":"Telinha","Tempo estimado de leitura":"1 minuto"},"schema":{"@context":"https:\/\/schema.org","@graph":[{"@type":"Article","@id":"https:\/\/portaltela.pt\/noticias\/2026\/02\/12\/explosao-num-carro-eletrico-obriga-evacuacao-de-nos-no-parque-das-nacoes\/#article","isPartOf":{"@id":"https:\/\/portaltela.pt\/noticias\/2026\/02\/12\/explosao-num-carro-eletrico-obriga-evacuacao-de-nos-no-parque-das-nacoes\/"},"author":{"name":"Telinha","@id":"https:\/\/portaltela.pt\/#\/schema\/person\/c4278d4a6028830caff9ee44b42d32ed"},"headline":"Explos\u00e3o num carro el\u00e9trico obriga evacua\u00e7\u00e3o de NOS no Parque das Na\u00e7\u00f5es","datePublished":"2026-02-12T11:52:25+00:00","mainEntityOfPage":{"@id":"https:\/\/portaltela.pt\/noticias\/2026\/02\/12\/explosao-num-carro-eletrico-obriga-evacuacao-de-nos-no-parque-das-nacoes\/"},"wordCount":154,"image":{"@id":"https:\/\/portaltela.pt\/noticias\/2026\/02\/12\/explosao-num-carro-eletrico-obriga-evacuacao-de-nos-no-parque-das-nacoes\/#primaryimage"},"thumbnailUrl":"https:\/\/portaltela.pt\/s.01k8rhncp4jt1\/2026\/02\/img_1280x722uu2026-02-12-11-51-57-2266460.jpg","keywords":["explos\u00f5es","inc\u00eandio","Lisboa","Parque das Na\u00e7\u00f5es","Sapadores","seguran\u00e7a p\u00fablica"],"articleSection":["Not\u00edcias"],"inLanguage":"pt-PT"},{"@type":"WebPage","@id":"https:\/\/portaltela.pt\/noticias\/2026\/02\/12\/explosao-num-carro-eletrico-obriga-evacuacao-de-nos-no-parque-das-nacoes\/","url":"https:\/\/portaltela.pt\/noticias\/2026\/02\/12\/explosao-num-carro-eletrico-obriga-evacuacao-de-nos-no-parque-das-nacoes\/","name":"Explos\u00e3o num carro el\u00e9trico obriga evacua\u00e7\u00e3o de NOS no Parque das Na\u00e7\u00f5es - Portal Tela Portugal","isPartOf":{"@id":"https:\/\/portaltela.pt\/#website"},"primaryImageOfPage":{"@id":"https:\/\/portaltela.pt\/noticias\/2026\/02\/12\/explosao-num-carro-eletrico-obriga-evacuacao-de-nos-no-parque-das-nacoes\/#primaryimage"},"image":{"@id":"https:\/\/portaltela.pt\/noticias\/2026\/02\/12\/explosao-num-carro-eletrico-obriga-evacuacao-de-nos-no-parque-das-nacoes\/#primaryimage"},"thumbnailUrl":"https:\/\/portaltela.pt\/s.01k8rhncp4jt1\/2026\/02\/img_1280x722uu2026-02-12-11-51-57-2266460.jpg","datePublished":"2026-02-12T11:52:25+00:00","author":{"@id":"https:\/\/portaltela.pt\/#\/schema\/person\/c4278d4a6028830caff9ee44b42d32ed"},"breadcrumb":{"@id":"https:\/\/portaltela.pt\/noticias\/2026\/02\/12\/explosao-num-carro-eletrico-obriga-evacuacao-de-nos-no-parque-das-nacoes\/#breadcrumb"},"inLanguage":"pt-PT","potentialAction":[{"@type":"ReadAction","target":["https:\/\/portaltela.pt\/noticias\/2026\/02\/12\/explosao-num-carro-eletrico-obriga-evacuacao-de-nos-no-parque-das-nacoes\/"]}]},{"@type":"ImageObject","inLanguage":"pt-PT","@id":"https:\/\/portaltela.pt\/noticias\/2026\/02\/12\/explosao-num-carro-eletrico-obriga-evacuacao-de-nos-no-parque-das-nacoes\/#primaryimage","url":"https:\/\/portaltela.pt\/s.01k8rhncp4jt1\/2026\/02\/img_1280x722uu2026-02-12-11-51-57-2266460.jpg","contentUrl":"https:\/\/portaltela.pt\/s.01k8rhncp4jt1\/2026\/02\/img_1280x722uu2026-02-12-11-51-57-2266460.jpg","width":796,"height":448,"caption":"Photo"},{"@type":"BreadcrumbList","@id":"https:\/\/portaltela.pt\/noticias\/2026\/02\/12\/explosao-num-carro-eletrico-obriga-evacuacao-de-nos-no-parque-das-nacoes\/#breadcrumb","itemListElement":[{"@type":"ListItem","position":1,"name":"In\u00edcio","item":"https:\/\/portaltela.pt\/"},{"@type":"ListItem","position":2,"name":"Explos\u00e3o num carro el\u00e9trico obriga evacua\u00e7\u00e3o de NOS no Parque das Na\u00e7\u00f5es"}]},{"@type":"WebSite","@id":"https:\/\/portaltela.pt\/#website","url":"https:\/\/portaltela.pt\/","name":"Portal Tela Portugal","description":"","potentialAction":[{"@type":"SearchAction","target":{"@type":"EntryPoint","urlTemplate":"https:\/\/portaltela.pt\/?s={search_term_string}"},"query-input":{"@type":"PropertyValueSpecification","valueRequired":true,"valueName":"search_term_string"}}],"inLanguage":"pt-PT"},{"@type":"Person","@id":"https:\/\/portaltela.pt\/#\/schema\/person\/c4278d4a6028830caff9ee44b42d32ed","name":"Telinha","image":{"@type":"ImageObject","inLanguage":"pt-PT","@id":"https:\/\/portaltela.pt\/s.01k8rhncp4jt1\/2025\/11\/talking-bot-125x125.png","url":"https:\/\/portaltela.pt\/s.01k8rhncp4jt1\/2025\/11\/talking-bot-125x125.png","contentUrl":"https:\/\/portaltela.pt\/s.01k8rhncp4jt1\/2025\/11\/talking-bot-125x125.png","caption":"Telinha"},"sameAs":["https:\/\/portaltela.pt\/"],"url":"https:\/\/portaltela.pt\/por\/367410592786\/"}]}},"_links":{"self":[{"href":"https:\/\/portaltela.pt\/api\/wp\/v2\/posts\/209513","targetHints":{"allow":["GET"]}}],"collection":[{"href":"https:\/\/portaltela.pt\/api\/wp\/v2\/posts"}],"about":[{"href":"https:\/\/portaltela.pt\/api\/wp\/v2\/types\/post"}],"author":[{"embeddable":true,"href":"https:\/\/portaltela.pt\/api\/wp\/v2\/users\/2"}],"replies":[{"embeddable":true,"href":"https:\/\/portaltela.pt\/api\/wp\/v2\/comments?post=209513"}],"version-history":[{"count":0,"href":"https:\/\/portaltela.pt\/api\/wp\/v2\/posts\/209513\/revisions"}],"wp:featuredmedia":[{"embeddable":true,"href":"https:\/\/portaltela.pt\/api\/wp\/v2\/media\/209515"}],"wp:attachment":[{"href":"https:\/\/portaltela.pt\/api\/wp\/v2\/media?parent=209513"}],"wp:term":[{"taxonomy":"category","embeddable":true,"href":"https:\/\/portaltela.pt\/api\/wp\/v2\/categories?post=209513"},{"taxonomy":"post_tag","embeddable":true,"href":"https:\/\/portaltela.pt\/api\/wp\/v2\/tags?post=209513"}],"curies":[{"name":"wp","href":"https:\/\/api.w.org\/{rel}","templated":true}]}}