{"id":209503,"date":"2026-02-12T08:18:00","date_gmt":"2026-02-12T11:18:00","guid":{"rendered":"https:\/\/portaltela.pt\/noticias\/2026\/02\/12\/tempo-ruim-impede-festa-em-montalegre-celebracao-apenas-em-marco\/"},"modified":"2026-02-12T08:18:00","modified_gmt":"2026-02-12T11:18:00","slug":"tempo-ruim-impede-festa-em-montalegre-celebracao-apenas-em-marco","status":"publish","type":"post","link":"https:\/\/portaltela.pt\/noticias\/2026\/02\/12\/tempo-ruim-impede-festa-em-montalegre-celebracao-apenas-em-marco\/","title":{"rendered":"Tempo ruim impede festa em Montalegre; celebra\u00e7\u00e3o apenas em mar\u00e7o"},"content":{"rendered":"<p>O mau tempo levou Montalegre a cancelar a primeira Sexta-13 &#8211; Noite das Bruxas do ano. O evento, que atrai milhares de visitantes e gera mais de um milh\u00e3o de euros em receitas, n\u00e3o se realizou.<\/p>\n<p>A C\u00e2mara Municipal justificou o cancelamento com a gravidade do cen\u00e1rio meteorol\u00f3gico previsto. A decis\u00e3o envolve prote\u00e7\u00e3o de participantes e regularidade das desloca\u00e7\u00f5es na regi\u00e3o.<\/p>\n<p>A autarquia lembra que o festival \u00e9 um s\u00edmbolo da identidade de Montalegre, com impacto econ\u00f3mico e cultural relevante. Por precau\u00e7\u00e3o, a organiza\u00e7\u00e3o adiou a m\u00edstica da queimada para o pr\u00f3ximo m\u00eas.<\/p>\n<p>Sabemos que muitos visitantes v\u00eam de zonas j\u00e1 afetadas pelo mau tempo. Nesta altura, o foco \u00e9 apoiar fam\u00edlias e comunidades e assegurar a circula\u00e7\u00e3o segura nas vias de acesso.<\/p>\n<h3>Atualiza\u00e7\u00e3o<\/h3>\n<p>O munic\u00edpio adianta um novo calend\u00e1rio: a Sexta-13 volta j\u00e1 no m\u00eas de Mar\u00e7o, com a realiza\u00e7\u00e3o da festa nessa data. A comunica\u00e7\u00e3o refor\u00e7a a continuidade da tradi\u00e7\u00e3o sem alterar o conceito do evento.<\/p>\n<p>Historicamente, o fim-de-semana com Sexta-13 \u00e9 dos momentos mais concorridos do turismo local. Dados de anos anteriores indicam movimento econ\u00f3mico acima de um milh\u00e3o de euros nesses dias.<\/p>\n","protected":false},"excerpt":{"rendered":"<ul>\n<li>A Sexta-13 &#8211; Noite das Bruxas de Montalegre foi cancelada devido ao mau tempo, por quest\u00f5es de seguran\u00e7a rodovi\u00e1ria.<\/li>\n<li>A C\u00e2mara Municipal adiou as celebra\u00e7\u00f5es para o pr\u00f3ximo m\u00eas, guardando a m\u00edstica da queimada para mar\u00e7o.<\/li>\n<li>O evento, que atrai milhares de visitantes e gere mais de 1 milh\u00e3o de euros em receitas, fica sem realiza\u00e7\u00e3o este ano.<\/li>\n<li>A decis\u00e3o refor\u00e7a a prioridade de evitar riscos nas vias de acesso \u00e0 regi\u00e3o do Barroso.<\/li>\n<li>A nova celebra\u00e7\u00e3o fica marcada para sexta-feira, 13 de mar\u00e7o.<\/li>\n<\/ul>\n","protected":false},"author":2,"featured_media":209506,"comment_status":"closed","ping_status":"closed","sticky":false,"template":"","format":"standard","meta":{"footnotes":""},"categories":[1],"tags":[5224,28,5468,4919,3913,169],"class_list":["post-209503","post","type-post","status-publish","format-standard","has-post-thumbnail","hentry","category-noticias","tag-clima","tag-economia","tag-festa","tag-festas","tag-montalegre","tag-turismo"],"yoast_head":"<!-- This site is optimized with the Yoast SEO plugin v27.2 - https:\/\/yoast.com\/product\/yoast-seo-wordpress\/ -->\n<title>Tempo ruim impede festa em Montalegre; celebra\u00e7\u00e3o apenas em mar\u00e7o - Portal Tela Portugal<\/title>\n<meta name=\"robots\" content=\"index, follow, max-snippet:-1, max-image-preview:large, max-video-preview:-1\" \/>\n<meta property=\"og:locale\" content=\"pt_PT\" \/>\n<meta property=\"og:type\" content=\"article\" \/>\n<meta property=\"og:title\" content=\"Tempo ruim impede festa em Montalegre; celebra\u00e7\u00e3o apenas em mar\u00e7o - Portal Tela Portugal\" \/>\n<meta property=\"og:description\" content=\"A Sexta-13 - Noite das Bruxas de Montalegre foi cancelada devido ao mau tempo, por quest\u00f5es de seguran\u00e7a rodovi\u00e1ria. A C\u00e2mara Municipal adiou as celebra\u00e7\u00f5es para o pr\u00f3ximo m\u00eas, guardando a m\u00edstica da queimada para mar\u00e7o. O evento, que atrai milhares de visitantes e gere mais de 1 milh\u00e3o de euros em receitas, fica sem realiza\u00e7\u00e3o este ano. A decis\u00e3o refor\u00e7a a prioridade de evitar riscos nas vias de acesso \u00e0 regi\u00e3o do Barroso. A nova celebra\u00e7\u00e3o fica marcada para sexta-feira, 13 de mar\u00e7o.\" \/>\n<meta property=\"og:url\" content=\"https:\/\/portaltela.pt\/noticias\/2026\/02\/12\/tempo-ruim-impede-festa-em-montalegre-celebracao-apenas-em-marco\/\" \/>\n<meta property=\"og:site_name\" content=\"Portal Tela Portugal\" \/>\n<meta property=\"article:published_time\" content=\"2026-02-12T11:18:00+00:00\" \/>\n<meta name=\"author\" content=\"Telinha\" \/>\n<meta name=\"twitter:card\" content=\"summary_large_image\" \/>\n<meta name=\"twitter:label1\" content=\"Escrito por\" \/>\n\t<meta name=\"twitter:data1\" content=\"Telinha\" \/>\n\t<meta name=\"twitter:label2\" content=\"Tempo estimado de leitura\" \/>\n\t<meta name=\"twitter:data2\" content=\"1 minuto\" \/>\n<script type=\"application\/ld+json\" class=\"yoast-schema-graph\">{\"@context\":\"https:\/\/schema.org\",\"@graph\":[{\"@type\":\"Article\",\"@id\":\"https:\/\/portaltela.pt\/noticias\/2026\/02\/12\/tempo-ruim-impede-festa-em-montalegre-celebracao-apenas-em-marco\/#article\",\"isPartOf\":{\"@id\":\"https:\/\/portaltela.pt\/noticias\/2026\/02\/12\/tempo-ruim-impede-festa-em-montalegre-celebracao-apenas-em-marco\/\"},\"author\":{\"name\":\"Telinha\",\"@id\":\"https:\/\/portaltela.pt\/#\/schema\/person\/c4278d4a6028830caff9ee44b42d32ed\"},\"headline\":\"Tempo ruim impede festa em Montalegre; celebra\u00e7\u00e3o apenas em mar\u00e7o\",\"datePublished\":\"2026-02-12T11:18:00+00:00\",\"mainEntityOfPage\":{\"@id\":\"https:\/\/portaltela.pt\/noticias\/2026\/02\/12\/tempo-ruim-impede-festa-em-montalegre-celebracao-apenas-em-marco\/\"},\"wordCount\":225,\"image\":{\"@id\":\"https:\/\/portaltela.pt\/noticias\/2026\/02\/12\/tempo-ruim-impede-festa-em-montalegre-celebracao-apenas-em-marco\/#primaryimage\"},\"thumbnailUrl\":\"https:\/\/portaltela.pt\/s.01k8rhncp4jt1\/2026\/02\/2066606.jpg\",\"keywords\":[\"clima\",\"economia\",\"festa\",\"festas\",\"Montalegre\",\"turismo\"],\"articleSection\":[\"Not\u00edcias\"],\"inLanguage\":\"pt-PT\"},{\"@type\":\"WebPage\",\"@id\":\"https:\/\/portaltela.pt\/noticias\/2026\/02\/12\/tempo-ruim-impede-festa-em-montalegre-celebracao-apenas-em-marco\/\",\"url\":\"https:\/\/portaltela.pt\/noticias\/2026\/02\/12\/tempo-ruim-impede-festa-em-montalegre-celebracao-apenas-em-marco\/\",\"name\":\"Tempo ruim impede festa em Montalegre; celebra\u00e7\u00e3o apenas em mar\u00e7o - Portal Tela Portugal\",\"isPartOf\":{\"@id\":\"https:\/\/portaltela.pt\/#website\"},\"primaryImageOfPage\":{\"@id\":\"https:\/\/portaltela.pt\/noticias\/2026\/02\/12\/tempo-ruim-impede-festa-em-montalegre-celebracao-apenas-em-marco\/#primaryimage\"},\"image\":{\"@id\":\"https:\/\/portaltela.pt\/noticias\/2026\/02\/12\/tempo-ruim-impede-festa-em-montalegre-celebracao-apenas-em-marco\/#primaryimage\"},\"thumbnailUrl\":\"https:\/\/portaltela.pt\/s.01k8rhncp4jt1\/2026\/02\/2066606.jpg\",\"datePublished\":\"2026-02-12T11:18:00+00:00\",\"author\":{\"@id\":\"https:\/\/portaltela.pt\/#\/schema\/person\/c4278d4a6028830caff9ee44b42d32ed\"},\"breadcrumb\":{\"@id\":\"https:\/\/portaltela.pt\/noticias\/2026\/02\/12\/tempo-ruim-impede-festa-em-montalegre-celebracao-apenas-em-marco\/#breadcrumb\"},\"inLanguage\":\"pt-PT\",\"potentialAction\":[{\"@type\":\"ReadAction\",\"target\":[\"https:\/\/portaltela.pt\/noticias\/2026\/02\/12\/tempo-ruim-impede-festa-em-montalegre-celebracao-apenas-em-marco\/\"]}]},{\"@type\":\"ImageObject\",\"inLanguage\":\"pt-PT\",\"@id\":\"https:\/\/portaltela.pt\/noticias\/2026\/02\/12\/tempo-ruim-impede-festa-em-montalegre-celebracao-apenas-em-marco\/#primaryimage\",\"url\":\"https:\/\/portaltela.pt\/s.01k8rhncp4jt1\/2026\/02\/2066606.jpg\",\"contentUrl\":\"https:\/\/portaltela.pt\/s.01k8rhncp4jt1\/2026\/02\/2066606.jpg\",\"width\":796,\"height\":448,\"caption\":\"Montalegre celebra todas as sextas 13 desde 2002\"},{\"@type\":\"BreadcrumbList\",\"@id\":\"https:\/\/portaltela.pt\/noticias\/2026\/02\/12\/tempo-ruim-impede-festa-em-montalegre-celebracao-apenas-em-marco\/#breadcrumb\",\"itemListElement\":[{\"@type\":\"ListItem\",\"position\":1,\"name\":\"In\u00edcio\",\"item\":\"https:\/\/portaltela.pt\/\"},{\"@type\":\"ListItem\",\"position\":2,\"name\":\"Tempo ruim impede festa em Montalegre; celebra\u00e7\u00e3o apenas em mar\u00e7o\"}]},{\"@type\":\"WebSite\",\"@id\":\"https:\/\/portaltela.pt\/#website\",\"url\":\"https:\/\/portaltela.pt\/\",\"name\":\"Portal Tela Portugal\",\"description\":\"\",\"potentialAction\":[{\"@type\":\"SearchAction\",\"target\":{\"@type\":\"EntryPoint\",\"urlTemplate\":\"https:\/\/portaltela.pt\/?s={search_term_string}\"},\"query-input\":{\"@type\":\"PropertyValueSpecification\",\"valueRequired\":true,\"valueName\":\"search_term_string\"}}],\"inLanguage\":\"pt-PT\"},{\"@type\":\"Person\",\"@id\":\"https:\/\/portaltela.pt\/#\/schema\/person\/c4278d4a6028830caff9ee44b42d32ed\",\"name\":\"Telinha\",\"image\":{\"@type\":\"ImageObject\",\"inLanguage\":\"pt-PT\",\"@id\":\"https:\/\/portaltela.pt\/s.01k8rhncp4jt1\/2025\/11\/talking-bot-125x125.png\",\"url\":\"https:\/\/portaltela.pt\/s.01k8rhncp4jt1\/2025\/11\/talking-bot-125x125.png\",\"contentUrl\":\"https:\/\/portaltela.pt\/s.01k8rhncp4jt1\/2025\/11\/talking-bot-125x125.png\",\"caption\":\"Telinha\"},\"sameAs\":[\"https:\/\/portaltela.pt\/\"],\"url\":\"https:\/\/portaltela.pt\/por\/367410592786\/\"}]}<\/script>\n<!-- \/ Yoast SEO plugin. -->","yoast_head_json":{"title":"Tempo ruim impede festa em Montalegre; celebra\u00e7\u00e3o apenas em mar\u00e7o - Portal Tela Portugal","robots":{"index":"index","follow":"follow","max-snippet":"max-snippet:-1","max-image-preview":"max-image-preview:large","max-video-preview":"max-video-preview:-1"},"og_locale":"pt_PT","og_type":"article","og_title":"Tempo ruim impede festa em Montalegre; celebra\u00e7\u00e3o apenas em mar\u00e7o - Portal Tela Portugal","og_description":"A Sexta-13 - Noite das Bruxas de Montalegre foi cancelada devido ao mau tempo, por quest\u00f5es de seguran\u00e7a rodovi\u00e1ria. A C\u00e2mara Municipal adiou as celebra\u00e7\u00f5es para o pr\u00f3ximo m\u00eas, guardando a m\u00edstica da queimada para mar\u00e7o. O evento, que atrai milhares de visitantes e gere mais de 1 milh\u00e3o de euros em receitas, fica sem realiza\u00e7\u00e3o este ano. A decis\u00e3o refor\u00e7a a prioridade de evitar riscos nas vias de acesso \u00e0 regi\u00e3o do Barroso. A nova celebra\u00e7\u00e3o fica marcada para sexta-feira, 13 de mar\u00e7o.","og_url":"https:\/\/portaltela.pt\/noticias\/2026\/02\/12\/tempo-ruim-impede-festa-em-montalegre-celebracao-apenas-em-marco\/","og_site_name":"Portal Tela Portugal","article_published_time":"2026-02-12T11:18:00+00:00","author":"Telinha","twitter_card":"summary_large_image","twitter_misc":{"Escrito por":"Telinha","Tempo estimado de leitura":"1 minuto"},"schema":{"@context":"https:\/\/schema.org","@graph":[{"@type":"Article","@id":"https:\/\/portaltela.pt\/noticias\/2026\/02\/12\/tempo-ruim-impede-festa-em-montalegre-celebracao-apenas-em-marco\/#article","isPartOf":{"@id":"https:\/\/portaltela.pt\/noticias\/2026\/02\/12\/tempo-ruim-impede-festa-em-montalegre-celebracao-apenas-em-marco\/"},"author":{"name":"Telinha","@id":"https:\/\/portaltela.pt\/#\/schema\/person\/c4278d4a6028830caff9ee44b42d32ed"},"headline":"Tempo ruim impede festa em Montalegre; celebra\u00e7\u00e3o apenas em mar\u00e7o","datePublished":"2026-02-12T11:18:00+00:00","mainEntityOfPage":{"@id":"https:\/\/portaltela.pt\/noticias\/2026\/02\/12\/tempo-ruim-impede-festa-em-montalegre-celebracao-apenas-em-marco\/"},"wordCount":225,"image":{"@id":"https:\/\/portaltela.pt\/noticias\/2026\/02\/12\/tempo-ruim-impede-festa-em-montalegre-celebracao-apenas-em-marco\/#primaryimage"},"thumbnailUrl":"https:\/\/portaltela.pt\/s.01k8rhncp4jt1\/2026\/02\/2066606.jpg","keywords":["clima","economia","festa","festas","Montalegre","turismo"],"articleSection":["Not\u00edcias"],"inLanguage":"pt-PT"},{"@type":"WebPage","@id":"https:\/\/portaltela.pt\/noticias\/2026\/02\/12\/tempo-ruim-impede-festa-em-montalegre-celebracao-apenas-em-marco\/","url":"https:\/\/portaltela.pt\/noticias\/2026\/02\/12\/tempo-ruim-impede-festa-em-montalegre-celebracao-apenas-em-marco\/","name":"Tempo ruim impede festa em Montalegre; celebra\u00e7\u00e3o apenas em mar\u00e7o - Portal Tela Portugal","isPartOf":{"@id":"https:\/\/portaltela.pt\/#website"},"primaryImageOfPage":{"@id":"https:\/\/portaltela.pt\/noticias\/2026\/02\/12\/tempo-ruim-impede-festa-em-montalegre-celebracao-apenas-em-marco\/#primaryimage"},"image":{"@id":"https:\/\/portaltela.pt\/noticias\/2026\/02\/12\/tempo-ruim-impede-festa-em-montalegre-celebracao-apenas-em-marco\/#primaryimage"},"thumbnailUrl":"https:\/\/portaltela.pt\/s.01k8rhncp4jt1\/2026\/02\/2066606.jpg","datePublished":"2026-02-12T11:18:00+00:00","author":{"@id":"https:\/\/portaltela.pt\/#\/schema\/person\/c4278d4a6028830caff9ee44b42d32ed"},"breadcrumb":{"@id":"https:\/\/portaltela.pt\/noticias\/2026\/02\/12\/tempo-ruim-impede-festa-em-montalegre-celebracao-apenas-em-marco\/#breadcrumb"},"inLanguage":"pt-PT","potentialAction":[{"@type":"ReadAction","target":["https:\/\/portaltela.pt\/noticias\/2026\/02\/12\/tempo-ruim-impede-festa-em-montalegre-celebracao-apenas-em-marco\/"]}]},{"@type":"ImageObject","inLanguage":"pt-PT","@id":"https:\/\/portaltela.pt\/noticias\/2026\/02\/12\/tempo-ruim-impede-festa-em-montalegre-celebracao-apenas-em-marco\/#primaryimage","url":"https:\/\/portaltela.pt\/s.01k8rhncp4jt1\/2026\/02\/2066606.jpg","contentUrl":"https:\/\/portaltela.pt\/s.01k8rhncp4jt1\/2026\/02\/2066606.jpg","width":796,"height":448,"caption":"Montalegre celebra todas as sextas 13 desde 2002"},{"@type":"BreadcrumbList","@id":"https:\/\/portaltela.pt\/noticias\/2026\/02\/12\/tempo-ruim-impede-festa-em-montalegre-celebracao-apenas-em-marco\/#breadcrumb","itemListElement":[{"@type":"ListItem","position":1,"name":"In\u00edcio","item":"https:\/\/portaltela.pt\/"},{"@type":"ListItem","position":2,"name":"Tempo ruim impede festa em Montalegre; celebra\u00e7\u00e3o apenas em mar\u00e7o"}]},{"@type":"WebSite","@id":"https:\/\/portaltela.pt\/#website","url":"https:\/\/portaltela.pt\/","name":"Portal Tela Portugal","description":"","potentialAction":[{"@type":"SearchAction","target":{"@type":"EntryPoint","urlTemplate":"https:\/\/portaltela.pt\/?s={search_term_string}"},"query-input":{"@type":"PropertyValueSpecification","valueRequired":true,"valueName":"search_term_string"}}],"inLanguage":"pt-PT"},{"@type":"Person","@id":"https:\/\/portaltela.pt\/#\/schema\/person\/c4278d4a6028830caff9ee44b42d32ed","name":"Telinha","image":{"@type":"ImageObject","inLanguage":"pt-PT","@id":"https:\/\/portaltela.pt\/s.01k8rhncp4jt1\/2025\/11\/talking-bot-125x125.png","url":"https:\/\/portaltela.pt\/s.01k8rhncp4jt1\/2025\/11\/talking-bot-125x125.png","contentUrl":"https:\/\/portaltela.pt\/s.01k8rhncp4jt1\/2025\/11\/talking-bot-125x125.png","caption":"Telinha"},"sameAs":["https:\/\/portaltela.pt\/"],"url":"https:\/\/portaltela.pt\/por\/367410592786\/"}]}},"_links":{"self":[{"href":"https:\/\/portaltela.pt\/api\/wp\/v2\/posts\/209503","targetHints":{"allow":["GET"]}}],"collection":[{"href":"https:\/\/portaltela.pt\/api\/wp\/v2\/posts"}],"about":[{"href":"https:\/\/portaltela.pt\/api\/wp\/v2\/types\/post"}],"author":[{"embeddable":true,"href":"https:\/\/portaltela.pt\/api\/wp\/v2\/users\/2"}],"replies":[{"embeddable":true,"href":"https:\/\/portaltela.pt\/api\/wp\/v2\/comments?post=209503"}],"version-history":[{"count":0,"href":"https:\/\/portaltela.pt\/api\/wp\/v2\/posts\/209503\/revisions"}],"wp:featuredmedia":[{"embeddable":true,"href":"https:\/\/portaltela.pt\/api\/wp\/v2\/media\/209506"}],"wp:attachment":[{"href":"https:\/\/portaltela.pt\/api\/wp\/v2\/media?parent=209503"}],"wp:term":[{"taxonomy":"category","embeddable":true,"href":"https:\/\/portaltela.pt\/api\/wp\/v2\/categories?post=209503"},{"taxonomy":"post_tag","embeddable":true,"href":"https:\/\/portaltela.pt\/api\/wp\/v2\/tags?post=209503"}],"curies":[{"name":"wp","href":"https:\/\/api.w.org\/{rel}","templated":true}]}}