{"id":209483,"date":"2026-02-12T08:39:05","date_gmt":"2026-02-12T11:39:05","guid":{"rendered":"https:\/\/portaltela.pt\/noticias\/2026\/02\/12\/filme-da-semana-apresenta-nova-versao-de-o-monte-dos-vendavais\/"},"modified":"2026-02-12T08:39:05","modified_gmt":"2026-02-12T11:39:05","slug":"filme-da-semana-apresenta-nova-versao-de-o-monte-dos-vendavais","status":"publish","type":"post","link":"https:\/\/portaltela.pt\/noticias\/2026\/02\/12\/filme-da-semana-apresenta-nova-versao-de-o-monte-dos-vendavais\/","title":{"rendered":"Filme da Semana apresenta nova vers\u00e3o de O Monte dos Vendavais"},"content":{"rendered":"<p>O Monte dos Vendavais ganha uma nova adapta\u00e7\u00e3o dirigida por Emerald Fennell, baseada no cl\u00e1ssico de Emily Bront\u00eb. O projeto traz Margot Robbie e Jacob Elordi nos pap\u00e9is centrais, numa leitura contempor\u00e2nea da hist\u00f3ria de amor conturbado.<\/p>\n<p>A narrativa mant\u00e9m o enredo de paix\u00e3o profunda entre os protagonistas, mas coloca \u00eanfase em escolhas extremas e nas consequ\u00eancias que se seguem. A produ\u00e7\u00e3o destaca a tens\u00e3o dram\u00e1tica e a decad\u00eancia que caracterizam a obra original.<\/p>\n<p>A divulga\u00e7\u00e3o foi publicada a 12 de fevereiro de 2026, \u00e0s 11:39. O filme apresenta uma abordagem atualizada da obra, sem abandonar a ess\u00eancia tr\u00e1gica que marcou o romance de Bront\u00eb. Fonte: CM Jornal.<\/p>\n","protected":false},"excerpt":{"rendered":"<ul>\n<li>Emerald Fennell dirige uma nova vers\u00e3o de O Monte dos Vendavais.<\/li>\n<li>Margot Robbie e Jacob Elordi interpretam os protagonistas na hist\u00f3ria de amor.<\/li>\n<li>A narrativa acompanha as consequ\u00eancias do romance entre os personagens.<\/li>\n<li>A adapta\u00e7\u00e3o \u00e9 baseada no cl\u00e1ssico liter\u00e1rio escrito por Emily Bront\u00eb.<\/li>\n<li>Data da publica\u00e7\u00e3o: 12 de fevereiro de 2026 \u00e0s 11:39.<\/li>\n<\/ul>\n","protected":false},"author":2,"featured_media":209488,"comment_status":"closed","ping_status":"closed","sticky":false,"template":"","format":"standard","meta":{"footnotes":""},"categories":[1],"tags":[112,145,5242,113,299,106],"class_list":["post-209483","post","type-post","status-publish","format-standard","has-post-thumbnail","hentry","category-noticias","tag-cinema","tag-cultura","tag-filmes","tag-filmes-e-series","tag-historia","tag-literatura"],"yoast_head":"<!-- This site is optimized with the Yoast SEO plugin v27.2 - https:\/\/yoast.com\/product\/yoast-seo-wordpress\/ -->\n<title>Filme da Semana apresenta nova vers\u00e3o de O Monte dos Vendavais - Portal Tela Portugal<\/title>\n<meta name=\"robots\" content=\"index, follow, max-snippet:-1, max-image-preview:large, max-video-preview:-1\" \/>\n<meta property=\"og:locale\" content=\"pt_PT\" \/>\n<meta property=\"og:type\" content=\"article\" \/>\n<meta property=\"og:title\" content=\"Filme da Semana apresenta nova vers\u00e3o de O Monte dos Vendavais - Portal Tela Portugal\" \/>\n<meta property=\"og:description\" content=\"Emerald Fennell dirige uma nova vers\u00e3o de O Monte dos Vendavais. Margot Robbie e Jacob Elordi interpretam os protagonistas na hist\u00f3ria de amor. A narrativa acompanha as consequ\u00eancias do romance entre os personagens. A adapta\u00e7\u00e3o \u00e9 baseada no cl\u00e1ssico liter\u00e1rio escrito por Emily Bront\u00eb. Data da publica\u00e7\u00e3o: 12 de fevereiro de 2026 \u00e0s 11:39.\" \/>\n<meta property=\"og:url\" content=\"https:\/\/portaltela.pt\/noticias\/2026\/02\/12\/filme-da-semana-apresenta-nova-versao-de-o-monte-dos-vendavais\/\" \/>\n<meta property=\"og:site_name\" content=\"Portal Tela Portugal\" \/>\n<meta property=\"article:published_time\" content=\"2026-02-12T11:39:05+00:00\" \/>\n<meta name=\"author\" content=\"Telinha\" \/>\n<meta name=\"twitter:card\" content=\"summary_large_image\" \/>\n<meta name=\"twitter:label1\" content=\"Escrito por\" \/>\n\t<meta name=\"twitter:data1\" content=\"Telinha\" \/>\n\t<meta name=\"twitter:label2\" content=\"Tempo estimado de leitura\" \/>\n\t<meta name=\"twitter:data2\" content=\"1 minuto\" \/>\n<script type=\"application\/ld+json\" class=\"yoast-schema-graph\">{\"@context\":\"https:\/\/schema.org\",\"@graph\":[{\"@type\":\"Article\",\"@id\":\"https:\/\/portaltela.pt\/noticias\/2026\/02\/12\/filme-da-semana-apresenta-nova-versao-de-o-monte-dos-vendavais\/#article\",\"isPartOf\":{\"@id\":\"https:\/\/portaltela.pt\/noticias\/2026\/02\/12\/filme-da-semana-apresenta-nova-versao-de-o-monte-dos-vendavais\/\"},\"author\":{\"name\":\"Telinha\",\"@id\":\"https:\/\/portaltela.pt\/#\/schema\/person\/c4278d4a6028830caff9ee44b42d32ed\"},\"headline\":\"Filme da Semana apresenta nova vers\u00e3o de O Monte dos Vendavais\",\"datePublished\":\"2026-02-12T11:39:05+00:00\",\"mainEntityOfPage\":{\"@id\":\"https:\/\/portaltela.pt\/noticias\/2026\/02\/12\/filme-da-semana-apresenta-nova-versao-de-o-monte-dos-vendavais\/\"},\"wordCount\":132,\"image\":{\"@id\":\"https:\/\/portaltela.pt\/noticias\/2026\/02\/12\/filme-da-semana-apresenta-nova-versao-de-o-monte-dos-vendavais\/#primaryimage\"},\"thumbnailUrl\":\"https:\/\/portaltela.pt\/s.01k8rhncp4jt1\/2026\/02\/img_1280x722uu2026-02-11-15-42-34-2266285.jpg\",\"keywords\":[\"cinema\",\"cultura\",\"filmes\",\"filmes e s\u00e9ries\",\"hist\u00f3ria\",\"literatura\"],\"articleSection\":[\"Not\u00edcias\"],\"inLanguage\":\"pt-PT\"},{\"@type\":\"WebPage\",\"@id\":\"https:\/\/portaltela.pt\/noticias\/2026\/02\/12\/filme-da-semana-apresenta-nova-versao-de-o-monte-dos-vendavais\/\",\"url\":\"https:\/\/portaltela.pt\/noticias\/2026\/02\/12\/filme-da-semana-apresenta-nova-versao-de-o-monte-dos-vendavais\/\",\"name\":\"Filme da Semana apresenta nova vers\u00e3o de O Monte dos Vendavais - Portal Tela Portugal\",\"isPartOf\":{\"@id\":\"https:\/\/portaltela.pt\/#website\"},\"primaryImageOfPage\":{\"@id\":\"https:\/\/portaltela.pt\/noticias\/2026\/02\/12\/filme-da-semana-apresenta-nova-versao-de-o-monte-dos-vendavais\/#primaryimage\"},\"image\":{\"@id\":\"https:\/\/portaltela.pt\/noticias\/2026\/02\/12\/filme-da-semana-apresenta-nova-versao-de-o-monte-dos-vendavais\/#primaryimage\"},\"thumbnailUrl\":\"https:\/\/portaltela.pt\/s.01k8rhncp4jt1\/2026\/02\/img_1280x722uu2026-02-11-15-42-34-2266285.jpg\",\"datePublished\":\"2026-02-12T11:39:05+00:00\",\"author\":{\"@id\":\"https:\/\/portaltela.pt\/#\/schema\/person\/c4278d4a6028830caff9ee44b42d32ed\"},\"breadcrumb\":{\"@id\":\"https:\/\/portaltela.pt\/noticias\/2026\/02\/12\/filme-da-semana-apresenta-nova-versao-de-o-monte-dos-vendavais\/#breadcrumb\"},\"inLanguage\":\"pt-PT\",\"potentialAction\":[{\"@type\":\"ReadAction\",\"target\":[\"https:\/\/portaltela.pt\/noticias\/2026\/02\/12\/filme-da-semana-apresenta-nova-versao-de-o-monte-dos-vendavais\/\"]}]},{\"@type\":\"ImageObject\",\"inLanguage\":\"pt-PT\",\"@id\":\"https:\/\/portaltela.pt\/noticias\/2026\/02\/12\/filme-da-semana-apresenta-nova-versao-de-o-monte-dos-vendavais\/#primaryimage\",\"url\":\"https:\/\/portaltela.pt\/s.01k8rhncp4jt1\/2026\/02\/img_1280x722uu2026-02-11-15-42-34-2266285.jpg\",\"contentUrl\":\"https:\/\/portaltela.pt\/s.01k8rhncp4jt1\/2026\/02\/img_1280x722uu2026-02-11-15-42-34-2266285.jpg\",\"width\":796,\"height\":448,\"caption\":\"Photo\"},{\"@type\":\"BreadcrumbList\",\"@id\":\"https:\/\/portaltela.pt\/noticias\/2026\/02\/12\/filme-da-semana-apresenta-nova-versao-de-o-monte-dos-vendavais\/#breadcrumb\",\"itemListElement\":[{\"@type\":\"ListItem\",\"position\":1,\"name\":\"In\u00edcio\",\"item\":\"https:\/\/portaltela.pt\/\"},{\"@type\":\"ListItem\",\"position\":2,\"name\":\"Filme da Semana apresenta nova vers\u00e3o de O Monte dos Vendavais\"}]},{\"@type\":\"WebSite\",\"@id\":\"https:\/\/portaltela.pt\/#website\",\"url\":\"https:\/\/portaltela.pt\/\",\"name\":\"Portal Tela Portugal\",\"description\":\"\",\"potentialAction\":[{\"@type\":\"SearchAction\",\"target\":{\"@type\":\"EntryPoint\",\"urlTemplate\":\"https:\/\/portaltela.pt\/?s={search_term_string}\"},\"query-input\":{\"@type\":\"PropertyValueSpecification\",\"valueRequired\":true,\"valueName\":\"search_term_string\"}}],\"inLanguage\":\"pt-PT\"},{\"@type\":\"Person\",\"@id\":\"https:\/\/portaltela.pt\/#\/schema\/person\/c4278d4a6028830caff9ee44b42d32ed\",\"name\":\"Telinha\",\"image\":{\"@type\":\"ImageObject\",\"inLanguage\":\"pt-PT\",\"@id\":\"https:\/\/portaltela.pt\/s.01k8rhncp4jt1\/2025\/11\/talking-bot-125x125.png\",\"url\":\"https:\/\/portaltela.pt\/s.01k8rhncp4jt1\/2025\/11\/talking-bot-125x125.png\",\"contentUrl\":\"https:\/\/portaltela.pt\/s.01k8rhncp4jt1\/2025\/11\/talking-bot-125x125.png\",\"caption\":\"Telinha\"},\"sameAs\":[\"https:\/\/portaltela.pt\/\"],\"url\":\"https:\/\/portaltela.pt\/por\/367410592786\/\"}]}<\/script>\n<!-- \/ Yoast SEO plugin. -->","yoast_head_json":{"title":"Filme da Semana apresenta nova vers\u00e3o de O Monte dos Vendavais - Portal Tela Portugal","robots":{"index":"index","follow":"follow","max-snippet":"max-snippet:-1","max-image-preview":"max-image-preview:large","max-video-preview":"max-video-preview:-1"},"og_locale":"pt_PT","og_type":"article","og_title":"Filme da Semana apresenta nova vers\u00e3o de O Monte dos Vendavais - Portal Tela Portugal","og_description":"Emerald Fennell dirige uma nova vers\u00e3o de O Monte dos Vendavais. Margot Robbie e Jacob Elordi interpretam os protagonistas na hist\u00f3ria de amor. A narrativa acompanha as consequ\u00eancias do romance entre os personagens. A adapta\u00e7\u00e3o \u00e9 baseada no cl\u00e1ssico liter\u00e1rio escrito por Emily Bront\u00eb. Data da publica\u00e7\u00e3o: 12 de fevereiro de 2026 \u00e0s 11:39.","og_url":"https:\/\/portaltela.pt\/noticias\/2026\/02\/12\/filme-da-semana-apresenta-nova-versao-de-o-monte-dos-vendavais\/","og_site_name":"Portal Tela Portugal","article_published_time":"2026-02-12T11:39:05+00:00","author":"Telinha","twitter_card":"summary_large_image","twitter_misc":{"Escrito por":"Telinha","Tempo estimado de leitura":"1 minuto"},"schema":{"@context":"https:\/\/schema.org","@graph":[{"@type":"Article","@id":"https:\/\/portaltela.pt\/noticias\/2026\/02\/12\/filme-da-semana-apresenta-nova-versao-de-o-monte-dos-vendavais\/#article","isPartOf":{"@id":"https:\/\/portaltela.pt\/noticias\/2026\/02\/12\/filme-da-semana-apresenta-nova-versao-de-o-monte-dos-vendavais\/"},"author":{"name":"Telinha","@id":"https:\/\/portaltela.pt\/#\/schema\/person\/c4278d4a6028830caff9ee44b42d32ed"},"headline":"Filme da Semana apresenta nova vers\u00e3o de O Monte dos Vendavais","datePublished":"2026-02-12T11:39:05+00:00","mainEntityOfPage":{"@id":"https:\/\/portaltela.pt\/noticias\/2026\/02\/12\/filme-da-semana-apresenta-nova-versao-de-o-monte-dos-vendavais\/"},"wordCount":132,"image":{"@id":"https:\/\/portaltela.pt\/noticias\/2026\/02\/12\/filme-da-semana-apresenta-nova-versao-de-o-monte-dos-vendavais\/#primaryimage"},"thumbnailUrl":"https:\/\/portaltela.pt\/s.01k8rhncp4jt1\/2026\/02\/img_1280x722uu2026-02-11-15-42-34-2266285.jpg","keywords":["cinema","cultura","filmes","filmes e s\u00e9ries","hist\u00f3ria","literatura"],"articleSection":["Not\u00edcias"],"inLanguage":"pt-PT"},{"@type":"WebPage","@id":"https:\/\/portaltela.pt\/noticias\/2026\/02\/12\/filme-da-semana-apresenta-nova-versao-de-o-monte-dos-vendavais\/","url":"https:\/\/portaltela.pt\/noticias\/2026\/02\/12\/filme-da-semana-apresenta-nova-versao-de-o-monte-dos-vendavais\/","name":"Filme da Semana apresenta nova vers\u00e3o de O Monte dos Vendavais - Portal Tela Portugal","isPartOf":{"@id":"https:\/\/portaltela.pt\/#website"},"primaryImageOfPage":{"@id":"https:\/\/portaltela.pt\/noticias\/2026\/02\/12\/filme-da-semana-apresenta-nova-versao-de-o-monte-dos-vendavais\/#primaryimage"},"image":{"@id":"https:\/\/portaltela.pt\/noticias\/2026\/02\/12\/filme-da-semana-apresenta-nova-versao-de-o-monte-dos-vendavais\/#primaryimage"},"thumbnailUrl":"https:\/\/portaltela.pt\/s.01k8rhncp4jt1\/2026\/02\/img_1280x722uu2026-02-11-15-42-34-2266285.jpg","datePublished":"2026-02-12T11:39:05+00:00","author":{"@id":"https:\/\/portaltela.pt\/#\/schema\/person\/c4278d4a6028830caff9ee44b42d32ed"},"breadcrumb":{"@id":"https:\/\/portaltela.pt\/noticias\/2026\/02\/12\/filme-da-semana-apresenta-nova-versao-de-o-monte-dos-vendavais\/#breadcrumb"},"inLanguage":"pt-PT","potentialAction":[{"@type":"ReadAction","target":["https:\/\/portaltela.pt\/noticias\/2026\/02\/12\/filme-da-semana-apresenta-nova-versao-de-o-monte-dos-vendavais\/"]}]},{"@type":"ImageObject","inLanguage":"pt-PT","@id":"https:\/\/portaltela.pt\/noticias\/2026\/02\/12\/filme-da-semana-apresenta-nova-versao-de-o-monte-dos-vendavais\/#primaryimage","url":"https:\/\/portaltela.pt\/s.01k8rhncp4jt1\/2026\/02\/img_1280x722uu2026-02-11-15-42-34-2266285.jpg","contentUrl":"https:\/\/portaltela.pt\/s.01k8rhncp4jt1\/2026\/02\/img_1280x722uu2026-02-11-15-42-34-2266285.jpg","width":796,"height":448,"caption":"Photo"},{"@type":"BreadcrumbList","@id":"https:\/\/portaltela.pt\/noticias\/2026\/02\/12\/filme-da-semana-apresenta-nova-versao-de-o-monte-dos-vendavais\/#breadcrumb","itemListElement":[{"@type":"ListItem","position":1,"name":"In\u00edcio","item":"https:\/\/portaltela.pt\/"},{"@type":"ListItem","position":2,"name":"Filme da Semana apresenta nova vers\u00e3o de O Monte dos Vendavais"}]},{"@type":"WebSite","@id":"https:\/\/portaltela.pt\/#website","url":"https:\/\/portaltela.pt\/","name":"Portal Tela Portugal","description":"","potentialAction":[{"@type":"SearchAction","target":{"@type":"EntryPoint","urlTemplate":"https:\/\/portaltela.pt\/?s={search_term_string}"},"query-input":{"@type":"PropertyValueSpecification","valueRequired":true,"valueName":"search_term_string"}}],"inLanguage":"pt-PT"},{"@type":"Person","@id":"https:\/\/portaltela.pt\/#\/schema\/person\/c4278d4a6028830caff9ee44b42d32ed","name":"Telinha","image":{"@type":"ImageObject","inLanguage":"pt-PT","@id":"https:\/\/portaltela.pt\/s.01k8rhncp4jt1\/2025\/11\/talking-bot-125x125.png","url":"https:\/\/portaltela.pt\/s.01k8rhncp4jt1\/2025\/11\/talking-bot-125x125.png","contentUrl":"https:\/\/portaltela.pt\/s.01k8rhncp4jt1\/2025\/11\/talking-bot-125x125.png","caption":"Telinha"},"sameAs":["https:\/\/portaltela.pt\/"],"url":"https:\/\/portaltela.pt\/por\/367410592786\/"}]}},"_links":{"self":[{"href":"https:\/\/portaltela.pt\/api\/wp\/v2\/posts\/209483","targetHints":{"allow":["GET"]}}],"collection":[{"href":"https:\/\/portaltela.pt\/api\/wp\/v2\/posts"}],"about":[{"href":"https:\/\/portaltela.pt\/api\/wp\/v2\/types\/post"}],"author":[{"embeddable":true,"href":"https:\/\/portaltela.pt\/api\/wp\/v2\/users\/2"}],"replies":[{"embeddable":true,"href":"https:\/\/portaltela.pt\/api\/wp\/v2\/comments?post=209483"}],"version-history":[{"count":0,"href":"https:\/\/portaltela.pt\/api\/wp\/v2\/posts\/209483\/revisions"}],"wp:featuredmedia":[{"embeddable":true,"href":"https:\/\/portaltela.pt\/api\/wp\/v2\/media\/209488"}],"wp:attachment":[{"href":"https:\/\/portaltela.pt\/api\/wp\/v2\/media?parent=209483"}],"wp:term":[{"taxonomy":"category","embeddable":true,"href":"https:\/\/portaltela.pt\/api\/wp\/v2\/categories?post=209483"},{"taxonomy":"post_tag","embeddable":true,"href":"https:\/\/portaltela.pt\/api\/wp\/v2\/tags?post=209483"}],"curies":[{"name":"wp","href":"https:\/\/api.w.org\/{rel}","templated":true}]}}