{"id":209482,"date":"2026-02-12T08:33:40","date_gmt":"2026-02-12T11:33:40","guid":{"rendered":"https:\/\/portaltela.pt\/noticias\/2026\/02\/12\/suspeito-de-agressoes-detido-em-cascais-com-armas-proibidas\/"},"modified":"2026-02-12T08:33:40","modified_gmt":"2026-02-12T11:33:40","slug":"suspeito-de-agressoes-detido-em-cascais-com-armas-proibidas","status":"publish","type":"post","link":"https:\/\/portaltela.pt\/noticias\/2026\/02\/12\/suspeito-de-agressoes-detido-em-cascais-com-armas-proibidas\/","title":{"rendered":"Suspeito de agress\u00f5es detido em Cascais com armas proibidas"},"content":{"rendered":"<p>A PSP de Cascais deteve um homem de 41 anos, na Parede, por posse de armas proibidas. A deten\u00e7\u00e3o ocorreu no \u00e2mbito de buscas domicili\u00e1rias ordenadas pelo tribunal, no quadro de um inqu\u00e9rito por ofensas \u00e0 integridade f\u00edsica e posse de armas proibidas.<\/p>\n<p>Durante a opera\u00e7\u00e3o, na habita\u00e7\u00e3o foram apreendidos dois rev\u00f3lveres de calibre .32, uma pistola de 9 mm (considerada proibida a civis), duas espingardas de airsoft, 143 muni\u00e7\u00f5es de 9 mm e 13 de 7,65 mm. Tamb\u00e9m foram encontradas 46 doses de liamba.<\/p>\n<p>Os militares deram ainda corpo \u00e0 apreens\u00e3o de material de droga il\u00edcita, associado ao poss\u00edvel uso das armas. A a\u00e7\u00e3o decorreu sem registo de confrontos ou feridos, segundo a nota oficial.<\/p>\n<p>O suspeito foi detido pela PSP, mas libertado pelo tribunal mediante Termo de Identidade e Resid\u00eancia, ap\u00f3s a a\u00e7\u00e3o de fiscaliza\u00e7\u00e3o.<\/p>\n<p>N\u00e3o foram indicadas outras deten\u00e7\u00f5es relacionadas com o caso, nem informa\u00e7\u00f5es adicionais sobre eventuais acusa\u00e7\u00f5es formais j\u00e1 apresentadas. A investiga\u00e7\u00e3o permanece em curso para esclarecer a origem e a finalidade das armas e da droga apreendida.<\/p>\n","protected":false},"excerpt":{"rendered":"<ul>\n<li>A PSP de Cascais deteve, na Parede, um homem de 41 anos, por posse de armas proibidas, durante buscas domicili\u00e1rias ordenadas pelo tribunal.<\/li>\n<li>Na habita\u00e7\u00e3o foram apreendidos dois rev\u00f3lveres de calibre .32, uma pistola de calibre 9 mm (calibre proibido a civis), duas espingardas de airsoft, 143 muni\u00e7\u00f5es de 9 mm e 13 de 7,65 mm.<\/li>\n<li>Foram ainda apreendidas 46 doses de liamba.<\/li>\n<li>O homem foi detido, mas libertado pelo tribunal com Termo de Identidade e Resid\u00eancia.<\/li>\n<\/ul>\n","protected":false},"author":2,"featured_media":209487,"comment_status":"closed","ping_status":"closed","sticky":false,"template":"","format":"standard","meta":{"footnotes":""},"categories":[1],"tags":[2079,124,3547,1111,4347,3418],"class_list":["post-209482","post","type-post","status-publish","format-standard","has-post-thumbnail","hentry","category-noticias","tag-agressoes","tag-arma-de-fogo","tag-armas-proibidas","tag-cascais","tag-drogas","tag-policia-de-seguranca-publica"],"yoast_head":"<!-- This site is optimized with the Yoast SEO plugin v27.2 - https:\/\/yoast.com\/product\/yoast-seo-wordpress\/ -->\n<title>Suspeito de agress\u00f5es detido em Cascais com armas proibidas - Portal Tela Portugal<\/title>\n<meta name=\"robots\" content=\"index, follow, max-snippet:-1, max-image-preview:large, max-video-preview:-1\" \/>\n<meta property=\"og:locale\" content=\"pt_PT\" \/>\n<meta property=\"og:type\" content=\"article\" \/>\n<meta property=\"og:title\" content=\"Suspeito de agress\u00f5es detido em Cascais com armas proibidas - Portal Tela Portugal\" \/>\n<meta property=\"og:description\" content=\"A PSP de Cascais deteve, na Parede, um homem de 41 anos, por posse de armas proibidas, durante buscas domicili\u00e1rias ordenadas pelo tribunal. Na habita\u00e7\u00e3o foram apreendidos dois rev\u00f3lveres de calibre .32, uma pistola de calibre 9 mm (calibre proibido a civis), duas espingardas de airsoft, 143 muni\u00e7\u00f5es de 9 mm e 13 de 7,65 mm. Foram ainda apreendidas 46 doses de liamba. O homem foi detido, mas libertado pelo tribunal com Termo de Identidade e Resid\u00eancia.\" \/>\n<meta property=\"og:url\" content=\"https:\/\/portaltela.pt\/noticias\/2026\/02\/12\/suspeito-de-agressoes-detido-em-cascais-com-armas-proibidas\/\" \/>\n<meta property=\"og:site_name\" content=\"Portal Tela Portugal\" \/>\n<meta property=\"article:published_time\" content=\"2026-02-12T11:33:40+00:00\" \/>\n<meta name=\"author\" content=\"Telinha\" \/>\n<meta name=\"twitter:card\" content=\"summary_large_image\" \/>\n<meta name=\"twitter:label1\" content=\"Escrito por\" \/>\n\t<meta name=\"twitter:data1\" content=\"Telinha\" \/>\n\t<meta name=\"twitter:label2\" content=\"Tempo estimado de leitura\" \/>\n\t<meta name=\"twitter:data2\" content=\"1 minuto\" \/>\n<script type=\"application\/ld+json\" class=\"yoast-schema-graph\">{\"@context\":\"https:\/\/schema.org\",\"@graph\":[{\"@type\":\"Article\",\"@id\":\"https:\/\/portaltela.pt\/noticias\/2026\/02\/12\/suspeito-de-agressoes-detido-em-cascais-com-armas-proibidas\/#article\",\"isPartOf\":{\"@id\":\"https:\/\/portaltela.pt\/noticias\/2026\/02\/12\/suspeito-de-agressoes-detido-em-cascais-com-armas-proibidas\/\"},\"author\":{\"name\":\"Telinha\",\"@id\":\"https:\/\/portaltela.pt\/#\/schema\/person\/c4278d4a6028830caff9ee44b42d32ed\"},\"headline\":\"Suspeito de agress\u00f5es detido em Cascais com armas proibidas\",\"datePublished\":\"2026-02-12T11:33:40+00:00\",\"mainEntityOfPage\":{\"@id\":\"https:\/\/portaltela.pt\/noticias\/2026\/02\/12\/suspeito-de-agressoes-detido-em-cascais-com-armas-proibidas\/\"},\"wordCount\":195,\"image\":{\"@id\":\"https:\/\/portaltela.pt\/noticias\/2026\/02\/12\/suspeito-de-agressoes-detido-em-cascais-com-armas-proibidas\/#primaryimage\"},\"thumbnailUrl\":\"https:\/\/portaltela.pt\/s.01k8rhncp4jt1\/2026\/02\/img_1500x1000uu2026-02-12-10-44-10-2266449.jpg\",\"keywords\":[\"agress\u00f5es\",\"arma de fogo\",\"armas proibidas\",\"Cascais\",\"drogas\",\"Pol\u00edcia de Seguran\u00e7a P\u00fablica\"],\"articleSection\":[\"Not\u00edcias\"],\"inLanguage\":\"pt-PT\"},{\"@type\":\"WebPage\",\"@id\":\"https:\/\/portaltela.pt\/noticias\/2026\/02\/12\/suspeito-de-agressoes-detido-em-cascais-com-armas-proibidas\/\",\"url\":\"https:\/\/portaltela.pt\/noticias\/2026\/02\/12\/suspeito-de-agressoes-detido-em-cascais-com-armas-proibidas\/\",\"name\":\"Suspeito de agress\u00f5es detido em Cascais com armas proibidas - Portal Tela Portugal\",\"isPartOf\":{\"@id\":\"https:\/\/portaltela.pt\/#website\"},\"primaryImageOfPage\":{\"@id\":\"https:\/\/portaltela.pt\/noticias\/2026\/02\/12\/suspeito-de-agressoes-detido-em-cascais-com-armas-proibidas\/#primaryimage\"},\"image\":{\"@id\":\"https:\/\/portaltela.pt\/noticias\/2026\/02\/12\/suspeito-de-agressoes-detido-em-cascais-com-armas-proibidas\/#primaryimage\"},\"thumbnailUrl\":\"https:\/\/portaltela.pt\/s.01k8rhncp4jt1\/2026\/02\/img_1500x1000uu2026-02-12-10-44-10-2266449.jpg\",\"datePublished\":\"2026-02-12T11:33:40+00:00\",\"author\":{\"@id\":\"https:\/\/portaltela.pt\/#\/schema\/person\/c4278d4a6028830caff9ee44b42d32ed\"},\"breadcrumb\":{\"@id\":\"https:\/\/portaltela.pt\/noticias\/2026\/02\/12\/suspeito-de-agressoes-detido-em-cascais-com-armas-proibidas\/#breadcrumb\"},\"inLanguage\":\"pt-PT\",\"potentialAction\":[{\"@type\":\"ReadAction\",\"target\":[\"https:\/\/portaltela.pt\/noticias\/2026\/02\/12\/suspeito-de-agressoes-detido-em-cascais-com-armas-proibidas\/\"]}]},{\"@type\":\"ImageObject\",\"inLanguage\":\"pt-PT\",\"@id\":\"https:\/\/portaltela.pt\/noticias\/2026\/02\/12\/suspeito-de-agressoes-detido-em-cascais-com-armas-proibidas\/#primaryimage\",\"url\":\"https:\/\/portaltela.pt\/s.01k8rhncp4jt1\/2026\/02\/img_1500x1000uu2026-02-12-10-44-10-2266449.jpg\",\"contentUrl\":\"https:\/\/portaltela.pt\/s.01k8rhncp4jt1\/2026\/02\/img_1500x1000uu2026-02-12-10-44-10-2266449.jpg\",\"width\":796,\"height\":448,\"caption\":\"Apreens\u00e3o de armas de fogo e estupefacientes pela Pol\u00edcia de Seguran\u00e7a P\u00fablica\"},{\"@type\":\"BreadcrumbList\",\"@id\":\"https:\/\/portaltela.pt\/noticias\/2026\/02\/12\/suspeito-de-agressoes-detido-em-cascais-com-armas-proibidas\/#breadcrumb\",\"itemListElement\":[{\"@type\":\"ListItem\",\"position\":1,\"name\":\"In\u00edcio\",\"item\":\"https:\/\/portaltela.pt\/\"},{\"@type\":\"ListItem\",\"position\":2,\"name\":\"Suspeito de agress\u00f5es detido em Cascais com armas proibidas\"}]},{\"@type\":\"WebSite\",\"@id\":\"https:\/\/portaltela.pt\/#website\",\"url\":\"https:\/\/portaltela.pt\/\",\"name\":\"Portal Tela Portugal\",\"description\":\"\",\"potentialAction\":[{\"@type\":\"SearchAction\",\"target\":{\"@type\":\"EntryPoint\",\"urlTemplate\":\"https:\/\/portaltela.pt\/?s={search_term_string}\"},\"query-input\":{\"@type\":\"PropertyValueSpecification\",\"valueRequired\":true,\"valueName\":\"search_term_string\"}}],\"inLanguage\":\"pt-PT\"},{\"@type\":\"Person\",\"@id\":\"https:\/\/portaltela.pt\/#\/schema\/person\/c4278d4a6028830caff9ee44b42d32ed\",\"name\":\"Telinha\",\"image\":{\"@type\":\"ImageObject\",\"inLanguage\":\"pt-PT\",\"@id\":\"https:\/\/portaltela.pt\/s.01k8rhncp4jt1\/2025\/11\/talking-bot-125x125.png\",\"url\":\"https:\/\/portaltela.pt\/s.01k8rhncp4jt1\/2025\/11\/talking-bot-125x125.png\",\"contentUrl\":\"https:\/\/portaltela.pt\/s.01k8rhncp4jt1\/2025\/11\/talking-bot-125x125.png\",\"caption\":\"Telinha\"},\"sameAs\":[\"https:\/\/portaltela.pt\/\"],\"url\":\"https:\/\/portaltela.pt\/por\/367410592786\/\"}]}<\/script>\n<!-- \/ Yoast SEO plugin. -->","yoast_head_json":{"title":"Suspeito de agress\u00f5es detido em Cascais com armas proibidas - Portal Tela Portugal","robots":{"index":"index","follow":"follow","max-snippet":"max-snippet:-1","max-image-preview":"max-image-preview:large","max-video-preview":"max-video-preview:-1"},"og_locale":"pt_PT","og_type":"article","og_title":"Suspeito de agress\u00f5es detido em Cascais com armas proibidas - Portal Tela Portugal","og_description":"A PSP de Cascais deteve, na Parede, um homem de 41 anos, por posse de armas proibidas, durante buscas domicili\u00e1rias ordenadas pelo tribunal. Na habita\u00e7\u00e3o foram apreendidos dois rev\u00f3lveres de calibre .32, uma pistola de calibre 9 mm (calibre proibido a civis), duas espingardas de airsoft, 143 muni\u00e7\u00f5es de 9 mm e 13 de 7,65 mm. Foram ainda apreendidas 46 doses de liamba. O homem foi detido, mas libertado pelo tribunal com Termo de Identidade e Resid\u00eancia.","og_url":"https:\/\/portaltela.pt\/noticias\/2026\/02\/12\/suspeito-de-agressoes-detido-em-cascais-com-armas-proibidas\/","og_site_name":"Portal Tela Portugal","article_published_time":"2026-02-12T11:33:40+00:00","author":"Telinha","twitter_card":"summary_large_image","twitter_misc":{"Escrito por":"Telinha","Tempo estimado de leitura":"1 minuto"},"schema":{"@context":"https:\/\/schema.org","@graph":[{"@type":"Article","@id":"https:\/\/portaltela.pt\/noticias\/2026\/02\/12\/suspeito-de-agressoes-detido-em-cascais-com-armas-proibidas\/#article","isPartOf":{"@id":"https:\/\/portaltela.pt\/noticias\/2026\/02\/12\/suspeito-de-agressoes-detido-em-cascais-com-armas-proibidas\/"},"author":{"name":"Telinha","@id":"https:\/\/portaltela.pt\/#\/schema\/person\/c4278d4a6028830caff9ee44b42d32ed"},"headline":"Suspeito de agress\u00f5es detido em Cascais com armas proibidas","datePublished":"2026-02-12T11:33:40+00:00","mainEntityOfPage":{"@id":"https:\/\/portaltela.pt\/noticias\/2026\/02\/12\/suspeito-de-agressoes-detido-em-cascais-com-armas-proibidas\/"},"wordCount":195,"image":{"@id":"https:\/\/portaltela.pt\/noticias\/2026\/02\/12\/suspeito-de-agressoes-detido-em-cascais-com-armas-proibidas\/#primaryimage"},"thumbnailUrl":"https:\/\/portaltela.pt\/s.01k8rhncp4jt1\/2026\/02\/img_1500x1000uu2026-02-12-10-44-10-2266449.jpg","keywords":["agress\u00f5es","arma de fogo","armas proibidas","Cascais","drogas","Pol\u00edcia de Seguran\u00e7a P\u00fablica"],"articleSection":["Not\u00edcias"],"inLanguage":"pt-PT"},{"@type":"WebPage","@id":"https:\/\/portaltela.pt\/noticias\/2026\/02\/12\/suspeito-de-agressoes-detido-em-cascais-com-armas-proibidas\/","url":"https:\/\/portaltela.pt\/noticias\/2026\/02\/12\/suspeito-de-agressoes-detido-em-cascais-com-armas-proibidas\/","name":"Suspeito de agress\u00f5es detido em Cascais com armas proibidas - Portal Tela Portugal","isPartOf":{"@id":"https:\/\/portaltela.pt\/#website"},"primaryImageOfPage":{"@id":"https:\/\/portaltela.pt\/noticias\/2026\/02\/12\/suspeito-de-agressoes-detido-em-cascais-com-armas-proibidas\/#primaryimage"},"image":{"@id":"https:\/\/portaltela.pt\/noticias\/2026\/02\/12\/suspeito-de-agressoes-detido-em-cascais-com-armas-proibidas\/#primaryimage"},"thumbnailUrl":"https:\/\/portaltela.pt\/s.01k8rhncp4jt1\/2026\/02\/img_1500x1000uu2026-02-12-10-44-10-2266449.jpg","datePublished":"2026-02-12T11:33:40+00:00","author":{"@id":"https:\/\/portaltela.pt\/#\/schema\/person\/c4278d4a6028830caff9ee44b42d32ed"},"breadcrumb":{"@id":"https:\/\/portaltela.pt\/noticias\/2026\/02\/12\/suspeito-de-agressoes-detido-em-cascais-com-armas-proibidas\/#breadcrumb"},"inLanguage":"pt-PT","potentialAction":[{"@type":"ReadAction","target":["https:\/\/portaltela.pt\/noticias\/2026\/02\/12\/suspeito-de-agressoes-detido-em-cascais-com-armas-proibidas\/"]}]},{"@type":"ImageObject","inLanguage":"pt-PT","@id":"https:\/\/portaltela.pt\/noticias\/2026\/02\/12\/suspeito-de-agressoes-detido-em-cascais-com-armas-proibidas\/#primaryimage","url":"https:\/\/portaltela.pt\/s.01k8rhncp4jt1\/2026\/02\/img_1500x1000uu2026-02-12-10-44-10-2266449.jpg","contentUrl":"https:\/\/portaltela.pt\/s.01k8rhncp4jt1\/2026\/02\/img_1500x1000uu2026-02-12-10-44-10-2266449.jpg","width":796,"height":448,"caption":"Apreens\u00e3o de armas de fogo e estupefacientes pela Pol\u00edcia de Seguran\u00e7a P\u00fablica"},{"@type":"BreadcrumbList","@id":"https:\/\/portaltela.pt\/noticias\/2026\/02\/12\/suspeito-de-agressoes-detido-em-cascais-com-armas-proibidas\/#breadcrumb","itemListElement":[{"@type":"ListItem","position":1,"name":"In\u00edcio","item":"https:\/\/portaltela.pt\/"},{"@type":"ListItem","position":2,"name":"Suspeito de agress\u00f5es detido em Cascais com armas proibidas"}]},{"@type":"WebSite","@id":"https:\/\/portaltela.pt\/#website","url":"https:\/\/portaltela.pt\/","name":"Portal Tela Portugal","description":"","potentialAction":[{"@type":"SearchAction","target":{"@type":"EntryPoint","urlTemplate":"https:\/\/portaltela.pt\/?s={search_term_string}"},"query-input":{"@type":"PropertyValueSpecification","valueRequired":true,"valueName":"search_term_string"}}],"inLanguage":"pt-PT"},{"@type":"Person","@id":"https:\/\/portaltela.pt\/#\/schema\/person\/c4278d4a6028830caff9ee44b42d32ed","name":"Telinha","image":{"@type":"ImageObject","inLanguage":"pt-PT","@id":"https:\/\/portaltela.pt\/s.01k8rhncp4jt1\/2025\/11\/talking-bot-125x125.png","url":"https:\/\/portaltela.pt\/s.01k8rhncp4jt1\/2025\/11\/talking-bot-125x125.png","contentUrl":"https:\/\/portaltela.pt\/s.01k8rhncp4jt1\/2025\/11\/talking-bot-125x125.png","caption":"Telinha"},"sameAs":["https:\/\/portaltela.pt\/"],"url":"https:\/\/portaltela.pt\/por\/367410592786\/"}]}},"_links":{"self":[{"href":"https:\/\/portaltela.pt\/api\/wp\/v2\/posts\/209482","targetHints":{"allow":["GET"]}}],"collection":[{"href":"https:\/\/portaltela.pt\/api\/wp\/v2\/posts"}],"about":[{"href":"https:\/\/portaltela.pt\/api\/wp\/v2\/types\/post"}],"author":[{"embeddable":true,"href":"https:\/\/portaltela.pt\/api\/wp\/v2\/users\/2"}],"replies":[{"embeddable":true,"href":"https:\/\/portaltela.pt\/api\/wp\/v2\/comments?post=209482"}],"version-history":[{"count":0,"href":"https:\/\/portaltela.pt\/api\/wp\/v2\/posts\/209482\/revisions"}],"wp:featuredmedia":[{"embeddable":true,"href":"https:\/\/portaltela.pt\/api\/wp\/v2\/media\/209487"}],"wp:attachment":[{"href":"https:\/\/portaltela.pt\/api\/wp\/v2\/media?parent=209482"}],"wp:term":[{"taxonomy":"category","embeddable":true,"href":"https:\/\/portaltela.pt\/api\/wp\/v2\/categories?post=209482"},{"taxonomy":"post_tag","embeddable":true,"href":"https:\/\/portaltela.pt\/api\/wp\/v2\/tags?post=209482"}],"curies":[{"name":"wp","href":"https:\/\/api.w.org\/{rel}","templated":true}]}}