{"id":209478,"date":"2026-02-12T08:34:00","date_gmt":"2026-02-12T11:34:00","guid":{"rendered":"https:\/\/portaltela.pt\/noticias\/2026\/02\/12\/aguas-sobem-em-bacias-no-centro-de-mocambique-alertam-autoridades\/"},"modified":"2026-02-12T08:34:00","modified_gmt":"2026-02-12T11:34:00","slug":"aguas-sobem-em-bacias-no-centro-de-mocambique-alertam-autoridades","status":"publish","type":"post","link":"https:\/\/portaltela.pt\/noticias\/2026\/02\/12\/aguas-sobem-em-bacias-no-centro-de-mocambique-alertam-autoridades\/","title":{"rendered":"\u00c1guas sobem em bacias no centro de Mo\u00e7ambique, alertam autoridades"},"content":{"rendered":"<p>As autoridades mo\u00e7ambicanas alertaram hoje para a subida dos n\u00edveis de \u00e1gua nas bacias dos rios B\u00fazi e Savane, face \u00e0 passagem da tempestade tropical Gezani, que gerou inunda\u00e7\u00f5es moderadas na prov\u00edncia de Sofala, no centro do pa\u00eds. A informa\u00e7\u00e3o foi veiculada pela Lusa.<\/p>\n<p>A subida da \u00e1gua preocupa principalmente as zonas ribeirinhas das bacias mencionadas, onde podem ocorrer cheias de magnitude moderada. Autoridades locais pedem cautela \u00e0 popula\u00e7\u00e3o e \u00e0s comunidades pr\u00f3ximas dos cursos de \u00e1gua.<\/p>\n<p>Fontes oficiais indicam que o fen\u00f3meno decorre no \u00e2mbito da instabilidade resultante de Gezani e que se mant\u00e9m em monitoriza\u00e7\u00e3o constante, com equipas de prote\u00e7\u00e3o civil mobilizadas para acompanhamento e resposta r\u00e1pida.<\/p>\n<p>Situa\u00e7\u00e3o atual<\/p>\n<p>As for\u00e7as locais continuam a acompanhar a evolu\u00e7\u00e3o dos n\u00edveis de \u00e1gua nos principais afluentes, com previs\u00f5es de evolu\u00e7\u00e3o vari\u00e1vel ao longo dos pr\u00f3ximos dias. Dados oficiais devem orientar eventuais medidas de prote\u00e7\u00e3o civil.<\/p>\n<p>Fonte: Ag\u00eancia Lusa.<\/p>\n","protected":false},"excerpt":{"rendered":"<ul>\n<li>Autoridades mo\u00e7ambicanas alertaram para a subida dos n\u00edveis de \u00e1gua nas bacias dos rios B\u00fazi e Savane devido \u00e0 passagem da tempestade tropical Gezani.<\/li>\n<li>Registo de inunda\u00e7\u00f5es moderadas na prov\u00edncia de Sofala, no centro de Mo\u00e7ambique.<\/li>\n<li>A not\u00edcia foi veiculada pela Lusa, Ag\u00eancia de Not\u00edcias de Portugal, em 2017.<\/li>\n<\/ul>\n","protected":false},"author":2,"featured_media":209484,"comment_status":"closed","ping_status":"closed","sticky":false,"template":"","format":"standard","meta":{"footnotes":""},"categories":[1],"tags":[1090,1331,2051,1911,320,3441],"class_list":["post-209478","post","type-post","status-publish","format-standard","has-post-thumbnail","hentry","category-noticias","tag-agua","tag-alagamento","tag-inundacao","tag-mocambique","tag-protecao-civil","tag-sofala"],"yoast_head":"<!-- This site is optimized with the Yoast SEO plugin v27.2 - https:\/\/yoast.com\/product\/yoast-seo-wordpress\/ -->\n<title>\u00c1guas sobem em bacias no centro de Mo\u00e7ambique, alertam autoridades - Portal Tela Portugal<\/title>\n<meta name=\"robots\" content=\"index, follow, max-snippet:-1, max-image-preview:large, max-video-preview:-1\" \/>\n<meta property=\"og:locale\" content=\"pt_PT\" \/>\n<meta property=\"og:type\" content=\"article\" \/>\n<meta property=\"og:title\" content=\"\u00c1guas sobem em bacias no centro de Mo\u00e7ambique, alertam autoridades - Portal Tela Portugal\" \/>\n<meta property=\"og:description\" content=\"Autoridades mo\u00e7ambicanas alertaram para a subida dos n\u00edveis de \u00e1gua nas bacias dos rios B\u00fazi e Savane devido \u00e0 passagem da tempestade tropical Gezani. Registo de inunda\u00e7\u00f5es moderadas na prov\u00edncia de Sofala, no centro de Mo\u00e7ambique. A not\u00edcia foi veiculada pela Lusa, Ag\u00eancia de Not\u00edcias de Portugal, em 2017.\" \/>\n<meta property=\"og:url\" content=\"https:\/\/portaltela.pt\/noticias\/2026\/02\/12\/aguas-sobem-em-bacias-no-centro-de-mocambique-alertam-autoridades\/\" \/>\n<meta property=\"og:site_name\" content=\"Portal Tela Portugal\" \/>\n<meta property=\"article:published_time\" content=\"2026-02-12T11:34:00+00:00\" \/>\n<meta name=\"author\" content=\"Telinha\" \/>\n<meta name=\"twitter:card\" content=\"summary_large_image\" \/>\n<meta name=\"twitter:label1\" content=\"Escrito por\" \/>\n\t<meta name=\"twitter:data1\" content=\"Telinha\" \/>\n\t<meta name=\"twitter:label2\" content=\"Tempo estimado de leitura\" \/>\n\t<meta name=\"twitter:data2\" content=\"1 minuto\" \/>\n<script type=\"application\/ld+json\" class=\"yoast-schema-graph\">{\"@context\":\"https:\/\/schema.org\",\"@graph\":[{\"@type\":\"Article\",\"@id\":\"https:\/\/portaltela.pt\/noticias\/2026\/02\/12\/aguas-sobem-em-bacias-no-centro-de-mocambique-alertam-autoridades\/#article\",\"isPartOf\":{\"@id\":\"https:\/\/portaltela.pt\/noticias\/2026\/02\/12\/aguas-sobem-em-bacias-no-centro-de-mocambique-alertam-autoridades\/\"},\"author\":{\"name\":\"Telinha\",\"@id\":\"https:\/\/portaltela.pt\/#\/schema\/person\/c4278d4a6028830caff9ee44b42d32ed\"},\"headline\":\"\u00c1guas sobem em bacias no centro de Mo\u00e7ambique, alertam autoridades\",\"datePublished\":\"2026-02-12T11:34:00+00:00\",\"mainEntityOfPage\":{\"@id\":\"https:\/\/portaltela.pt\/noticias\/2026\/02\/12\/aguas-sobem-em-bacias-no-centro-de-mocambique-alertam-autoridades\/\"},\"wordCount\":181,\"image\":{\"@id\":\"https:\/\/portaltela.pt\/noticias\/2026\/02\/12\/aguas-sobem-em-bacias-no-centro-de-mocambique-alertam-autoridades\/#primaryimage\"},\"thumbnailUrl\":\"https:\/\/portaltela.pt\/s.01k8rhncp4jt1\/2026\/02\/CACHE_780X1200_ANALOG_WATERMARKED_46500666_2344449_06022026101023.jpg\",\"keywords\":[\"\u00e1gua\",\"alagamento\",\"inunda\u00e7\u00e3o\",\"Mo\u00e7ambique\",\"prote\u00e7\u00e3o civil\",\"Sofala\"],\"articleSection\":[\"Not\u00edcias\"],\"inLanguage\":\"pt-PT\"},{\"@type\":\"WebPage\",\"@id\":\"https:\/\/portaltela.pt\/noticias\/2026\/02\/12\/aguas-sobem-em-bacias-no-centro-de-mocambique-alertam-autoridades\/\",\"url\":\"https:\/\/portaltela.pt\/noticias\/2026\/02\/12\/aguas-sobem-em-bacias-no-centro-de-mocambique-alertam-autoridades\/\",\"name\":\"\u00c1guas sobem em bacias no centro de Mo\u00e7ambique, alertam autoridades - Portal Tela Portugal\",\"isPartOf\":{\"@id\":\"https:\/\/portaltela.pt\/#website\"},\"primaryImageOfPage\":{\"@id\":\"https:\/\/portaltela.pt\/noticias\/2026\/02\/12\/aguas-sobem-em-bacias-no-centro-de-mocambique-alertam-autoridades\/#primaryimage\"},\"image\":{\"@id\":\"https:\/\/portaltela.pt\/noticias\/2026\/02\/12\/aguas-sobem-em-bacias-no-centro-de-mocambique-alertam-autoridades\/#primaryimage\"},\"thumbnailUrl\":\"https:\/\/portaltela.pt\/s.01k8rhncp4jt1\/2026\/02\/CACHE_780X1200_ANALOG_WATERMARKED_46500666_2344449_06022026101023.jpg\",\"datePublished\":\"2026-02-12T11:34:00+00:00\",\"author\":{\"@id\":\"https:\/\/portaltela.pt\/#\/schema\/person\/c4278d4a6028830caff9ee44b42d32ed\"},\"breadcrumb\":{\"@id\":\"https:\/\/portaltela.pt\/noticias\/2026\/02\/12\/aguas-sobem-em-bacias-no-centro-de-mocambique-alertam-autoridades\/#breadcrumb\"},\"inLanguage\":\"pt-PT\",\"potentialAction\":[{\"@type\":\"ReadAction\",\"target\":[\"https:\/\/portaltela.pt\/noticias\/2026\/02\/12\/aguas-sobem-em-bacias-no-centro-de-mocambique-alertam-autoridades\/\"]}]},{\"@type\":\"ImageObject\",\"inLanguage\":\"pt-PT\",\"@id\":\"https:\/\/portaltela.pt\/noticias\/2026\/02\/12\/aguas-sobem-em-bacias-no-centro-de-mocambique-alertam-autoridades\/#primaryimage\",\"url\":\"https:\/\/portaltela.pt\/s.01k8rhncp4jt1\/2026\/02\/CACHE_780X1200_ANALOG_WATERMARKED_46500666_2344449_06022026101023.jpg\",\"contentUrl\":\"https:\/\/portaltela.pt\/s.01k8rhncp4jt1\/2026\/02\/CACHE_780X1200_ANALOG_WATERMARKED_46500666_2344449_06022026101023.jpg\",\"width\":796,\"height\":448,\"caption\":\"Autoridades alertam para subida da \u00e1gua em bacias no centro de Mo\u00e7ambique\"},{\"@type\":\"BreadcrumbList\",\"@id\":\"https:\/\/portaltela.pt\/noticias\/2026\/02\/12\/aguas-sobem-em-bacias-no-centro-de-mocambique-alertam-autoridades\/#breadcrumb\",\"itemListElement\":[{\"@type\":\"ListItem\",\"position\":1,\"name\":\"In\u00edcio\",\"item\":\"https:\/\/portaltela.pt\/\"},{\"@type\":\"ListItem\",\"position\":2,\"name\":\"\u00c1guas sobem em bacias no centro de Mo\u00e7ambique, alertam autoridades\"}]},{\"@type\":\"WebSite\",\"@id\":\"https:\/\/portaltela.pt\/#website\",\"url\":\"https:\/\/portaltela.pt\/\",\"name\":\"Portal Tela Portugal\",\"description\":\"\",\"potentialAction\":[{\"@type\":\"SearchAction\",\"target\":{\"@type\":\"EntryPoint\",\"urlTemplate\":\"https:\/\/portaltela.pt\/?s={search_term_string}\"},\"query-input\":{\"@type\":\"PropertyValueSpecification\",\"valueRequired\":true,\"valueName\":\"search_term_string\"}}],\"inLanguage\":\"pt-PT\"},{\"@type\":\"Person\",\"@id\":\"https:\/\/portaltela.pt\/#\/schema\/person\/c4278d4a6028830caff9ee44b42d32ed\",\"name\":\"Telinha\",\"image\":{\"@type\":\"ImageObject\",\"inLanguage\":\"pt-PT\",\"@id\":\"https:\/\/portaltela.pt\/s.01k8rhncp4jt1\/2025\/11\/talking-bot-125x125.png\",\"url\":\"https:\/\/portaltela.pt\/s.01k8rhncp4jt1\/2025\/11\/talking-bot-125x125.png\",\"contentUrl\":\"https:\/\/portaltela.pt\/s.01k8rhncp4jt1\/2025\/11\/talking-bot-125x125.png\",\"caption\":\"Telinha\"},\"sameAs\":[\"https:\/\/portaltela.pt\/\"],\"url\":\"https:\/\/portaltela.pt\/por\/367410592786\/\"}]}<\/script>\n<!-- \/ Yoast SEO plugin. -->","yoast_head_json":{"title":"\u00c1guas sobem em bacias no centro de Mo\u00e7ambique, alertam autoridades - Portal Tela Portugal","robots":{"index":"index","follow":"follow","max-snippet":"max-snippet:-1","max-image-preview":"max-image-preview:large","max-video-preview":"max-video-preview:-1"},"og_locale":"pt_PT","og_type":"article","og_title":"\u00c1guas sobem em bacias no centro de Mo\u00e7ambique, alertam autoridades - Portal Tela Portugal","og_description":"Autoridades mo\u00e7ambicanas alertaram para a subida dos n\u00edveis de \u00e1gua nas bacias dos rios B\u00fazi e Savane devido \u00e0 passagem da tempestade tropical Gezani. Registo de inunda\u00e7\u00f5es moderadas na prov\u00edncia de Sofala, no centro de Mo\u00e7ambique. A not\u00edcia foi veiculada pela Lusa, Ag\u00eancia de Not\u00edcias de Portugal, em 2017.","og_url":"https:\/\/portaltela.pt\/noticias\/2026\/02\/12\/aguas-sobem-em-bacias-no-centro-de-mocambique-alertam-autoridades\/","og_site_name":"Portal Tela Portugal","article_published_time":"2026-02-12T11:34:00+00:00","author":"Telinha","twitter_card":"summary_large_image","twitter_misc":{"Escrito por":"Telinha","Tempo estimado de leitura":"1 minuto"},"schema":{"@context":"https:\/\/schema.org","@graph":[{"@type":"Article","@id":"https:\/\/portaltela.pt\/noticias\/2026\/02\/12\/aguas-sobem-em-bacias-no-centro-de-mocambique-alertam-autoridades\/#article","isPartOf":{"@id":"https:\/\/portaltela.pt\/noticias\/2026\/02\/12\/aguas-sobem-em-bacias-no-centro-de-mocambique-alertam-autoridades\/"},"author":{"name":"Telinha","@id":"https:\/\/portaltela.pt\/#\/schema\/person\/c4278d4a6028830caff9ee44b42d32ed"},"headline":"\u00c1guas sobem em bacias no centro de Mo\u00e7ambique, alertam autoridades","datePublished":"2026-02-12T11:34:00+00:00","mainEntityOfPage":{"@id":"https:\/\/portaltela.pt\/noticias\/2026\/02\/12\/aguas-sobem-em-bacias-no-centro-de-mocambique-alertam-autoridades\/"},"wordCount":181,"image":{"@id":"https:\/\/portaltela.pt\/noticias\/2026\/02\/12\/aguas-sobem-em-bacias-no-centro-de-mocambique-alertam-autoridades\/#primaryimage"},"thumbnailUrl":"https:\/\/portaltela.pt\/s.01k8rhncp4jt1\/2026\/02\/CACHE_780X1200_ANALOG_WATERMARKED_46500666_2344449_06022026101023.jpg","keywords":["\u00e1gua","alagamento","inunda\u00e7\u00e3o","Mo\u00e7ambique","prote\u00e7\u00e3o civil","Sofala"],"articleSection":["Not\u00edcias"],"inLanguage":"pt-PT"},{"@type":"WebPage","@id":"https:\/\/portaltela.pt\/noticias\/2026\/02\/12\/aguas-sobem-em-bacias-no-centro-de-mocambique-alertam-autoridades\/","url":"https:\/\/portaltela.pt\/noticias\/2026\/02\/12\/aguas-sobem-em-bacias-no-centro-de-mocambique-alertam-autoridades\/","name":"\u00c1guas sobem em bacias no centro de Mo\u00e7ambique, alertam autoridades - Portal Tela Portugal","isPartOf":{"@id":"https:\/\/portaltela.pt\/#website"},"primaryImageOfPage":{"@id":"https:\/\/portaltela.pt\/noticias\/2026\/02\/12\/aguas-sobem-em-bacias-no-centro-de-mocambique-alertam-autoridades\/#primaryimage"},"image":{"@id":"https:\/\/portaltela.pt\/noticias\/2026\/02\/12\/aguas-sobem-em-bacias-no-centro-de-mocambique-alertam-autoridades\/#primaryimage"},"thumbnailUrl":"https:\/\/portaltela.pt\/s.01k8rhncp4jt1\/2026\/02\/CACHE_780X1200_ANALOG_WATERMARKED_46500666_2344449_06022026101023.jpg","datePublished":"2026-02-12T11:34:00+00:00","author":{"@id":"https:\/\/portaltela.pt\/#\/schema\/person\/c4278d4a6028830caff9ee44b42d32ed"},"breadcrumb":{"@id":"https:\/\/portaltela.pt\/noticias\/2026\/02\/12\/aguas-sobem-em-bacias-no-centro-de-mocambique-alertam-autoridades\/#breadcrumb"},"inLanguage":"pt-PT","potentialAction":[{"@type":"ReadAction","target":["https:\/\/portaltela.pt\/noticias\/2026\/02\/12\/aguas-sobem-em-bacias-no-centro-de-mocambique-alertam-autoridades\/"]}]},{"@type":"ImageObject","inLanguage":"pt-PT","@id":"https:\/\/portaltela.pt\/noticias\/2026\/02\/12\/aguas-sobem-em-bacias-no-centro-de-mocambique-alertam-autoridades\/#primaryimage","url":"https:\/\/portaltela.pt\/s.01k8rhncp4jt1\/2026\/02\/CACHE_780X1200_ANALOG_WATERMARKED_46500666_2344449_06022026101023.jpg","contentUrl":"https:\/\/portaltela.pt\/s.01k8rhncp4jt1\/2026\/02\/CACHE_780X1200_ANALOG_WATERMARKED_46500666_2344449_06022026101023.jpg","width":796,"height":448,"caption":"Autoridades alertam para subida da \u00e1gua em bacias no centro de Mo\u00e7ambique"},{"@type":"BreadcrumbList","@id":"https:\/\/portaltela.pt\/noticias\/2026\/02\/12\/aguas-sobem-em-bacias-no-centro-de-mocambique-alertam-autoridades\/#breadcrumb","itemListElement":[{"@type":"ListItem","position":1,"name":"In\u00edcio","item":"https:\/\/portaltela.pt\/"},{"@type":"ListItem","position":2,"name":"\u00c1guas sobem em bacias no centro de Mo\u00e7ambique, alertam autoridades"}]},{"@type":"WebSite","@id":"https:\/\/portaltela.pt\/#website","url":"https:\/\/portaltela.pt\/","name":"Portal Tela Portugal","description":"","potentialAction":[{"@type":"SearchAction","target":{"@type":"EntryPoint","urlTemplate":"https:\/\/portaltela.pt\/?s={search_term_string}"},"query-input":{"@type":"PropertyValueSpecification","valueRequired":true,"valueName":"search_term_string"}}],"inLanguage":"pt-PT"},{"@type":"Person","@id":"https:\/\/portaltela.pt\/#\/schema\/person\/c4278d4a6028830caff9ee44b42d32ed","name":"Telinha","image":{"@type":"ImageObject","inLanguage":"pt-PT","@id":"https:\/\/portaltela.pt\/s.01k8rhncp4jt1\/2025\/11\/talking-bot-125x125.png","url":"https:\/\/portaltela.pt\/s.01k8rhncp4jt1\/2025\/11\/talking-bot-125x125.png","contentUrl":"https:\/\/portaltela.pt\/s.01k8rhncp4jt1\/2025\/11\/talking-bot-125x125.png","caption":"Telinha"},"sameAs":["https:\/\/portaltela.pt\/"],"url":"https:\/\/portaltela.pt\/por\/367410592786\/"}]}},"_links":{"self":[{"href":"https:\/\/portaltela.pt\/api\/wp\/v2\/posts\/209478","targetHints":{"allow":["GET"]}}],"collection":[{"href":"https:\/\/portaltela.pt\/api\/wp\/v2\/posts"}],"about":[{"href":"https:\/\/portaltela.pt\/api\/wp\/v2\/types\/post"}],"author":[{"embeddable":true,"href":"https:\/\/portaltela.pt\/api\/wp\/v2\/users\/2"}],"replies":[{"embeddable":true,"href":"https:\/\/portaltela.pt\/api\/wp\/v2\/comments?post=209478"}],"version-history":[{"count":0,"href":"https:\/\/portaltela.pt\/api\/wp\/v2\/posts\/209478\/revisions"}],"wp:featuredmedia":[{"embeddable":true,"href":"https:\/\/portaltela.pt\/api\/wp\/v2\/media\/209484"}],"wp:attachment":[{"href":"https:\/\/portaltela.pt\/api\/wp\/v2\/media?parent=209478"}],"wp:term":[{"taxonomy":"category","embeddable":true,"href":"https:\/\/portaltela.pt\/api\/wp\/v2\/categories?post=209478"},{"taxonomy":"post_tag","embeddable":true,"href":"https:\/\/portaltela.pt\/api\/wp\/v2\/tags?post=209478"}],"curies":[{"name":"wp","href":"https:\/\/api.w.org\/{rel}","templated":true}]}}