{"id":209458,"date":"2026-02-12T08:19:00","date_gmt":"2026-02-12T11:19:00","guid":{"rendered":"https:\/\/portaltela.pt\/noticias\/2026\/02\/12\/explosao-em-veiculo-eletrico-leva-a-evacuacao-de-edificio-da-nos-no-parque-das-nacoes\/"},"modified":"2026-02-12T08:19:00","modified_gmt":"2026-02-12T11:19:00","slug":"explosao-em-veiculo-eletrico-leva-a-evacuacao-de-edificio-da-nos-no-parque-das-nacoes","status":"publish","type":"post","link":"https:\/\/portaltela.pt\/noticias\/2026\/02\/12\/explosao-em-veiculo-eletrico-leva-a-evacuacao-de-edificio-da-nos-no-parque-das-nacoes\/","title":{"rendered":"Explos\u00e3o em ve\u00edculo el\u00e9trico leva \u00e0 evacua\u00e7\u00e3o de edif\u00edcio da NOS no Parque das Na\u00e7\u00f5es"},"content":{"rendered":"<p>Uma explos\u00e3o seguida de inc\u00eandio numa viatura el\u00e9trica levou \u00e0 evacua\u00e7\u00e3o do edif\u00edcio da NOS, localizado no Parque das Na\u00e7\u00f5es, em Lisboa. O incidente ocorreu na manh\u00e3 desta quinta-feira.<\/p>\n<p>Segundo o Regimento de Sapadores Bombeiros, o alerta foi dado \u00e0s 10h41 e o fogo aconteceu numa das garagens subterr\u00e2neas. Devido ao volume de fumo, a evacua\u00e7\u00e3o foi ordenada como medida de precau\u00e7\u00e3o e decorreu sem incidentes.<\/p>\n<p>No local trabalham 18 operacionais apoiados por cinco viaturas. N\u00e3o h\u00e1 registo de feridos. A interven\u00e7\u00e3o mant\u00e9m-se em curso para isolar o fogo e assegurar a seguran\u00e7a na \u00e1rea.<\/p>\n","protected":false},"excerpt":{"rendered":"<ul>\n<li>Explos\u00e3o seguida de inc\u00eandio numa viatura el\u00e9trica obrigou a evacuar o edif\u00edcio da NOS, no Parque das Na\u00e7\u00f5es, em Lisboa.<\/li>\n<li>Alerta foi dado \u00e0s 10h41 pelo Regimento de Sapadores Bombeiros, com fogo numa garagem de um piso subterr\u00e2neo.<\/li>\n<li>Por precau\u00e7\u00e3o, a evacua\u00e7\u00e3o decorreu sem incidentes devido ao volume de fumo.<\/li>\n<li>No local trabalham 18 operacionais apoiados por cinco viaturas.<\/li>\n<li>N\u00e3o h\u00e1 feridos a registar.<\/li>\n<\/ul>\n","protected":false},"author":2,"featured_media":209462,"comment_status":"closed","ping_status":"closed","sticky":false,"template":"","format":"standard","meta":{"footnotes":""},"categories":[1],"tags":[971,2938,3571,1438,981,3715],"class_list":["post-209458","post","type-post","status-publish","format-standard","has-post-thumbnail","hentry","category-noticias","tag-bombeiros","tag-evacuacao","tag-explosoes","tag-incendio","tag-lisboa","tag-parque-das-nacoes"],"yoast_head":"<!-- This site is optimized with the Yoast SEO plugin v27.2 - https:\/\/yoast.com\/product\/yoast-seo-wordpress\/ -->\n<title>Explos\u00e3o em ve\u00edculo el\u00e9trico leva \u00e0 evacua\u00e7\u00e3o de edif\u00edcio da NOS no Parque das Na\u00e7\u00f5es - Portal Tela Portugal<\/title>\n<meta name=\"robots\" content=\"index, follow, max-snippet:-1, max-image-preview:large, max-video-preview:-1\" \/>\n<meta property=\"og:locale\" content=\"pt_PT\" \/>\n<meta property=\"og:type\" content=\"article\" \/>\n<meta property=\"og:title\" content=\"Explos\u00e3o em ve\u00edculo el\u00e9trico leva \u00e0 evacua\u00e7\u00e3o de edif\u00edcio da NOS no Parque das Na\u00e7\u00f5es - Portal Tela Portugal\" \/>\n<meta property=\"og:description\" content=\"Explos\u00e3o seguida de inc\u00eandio numa viatura el\u00e9trica obrigou a evacuar o edif\u00edcio da NOS, no Parque das Na\u00e7\u00f5es, em Lisboa. Alerta foi dado \u00e0s 10h41 pelo Regimento de Sapadores Bombeiros, com fogo numa garagem de um piso subterr\u00e2neo. Por precau\u00e7\u00e3o, a evacua\u00e7\u00e3o decorreu sem incidentes devido ao volume de fumo. No local trabalham 18 operacionais apoiados por cinco viaturas. N\u00e3o h\u00e1 feridos a registar.\" \/>\n<meta property=\"og:url\" content=\"https:\/\/portaltela.pt\/noticias\/2026\/02\/12\/explosao-em-veiculo-eletrico-leva-a-evacuacao-de-edificio-da-nos-no-parque-das-nacoes\/\" \/>\n<meta property=\"og:site_name\" content=\"Portal Tela Portugal\" \/>\n<meta property=\"article:published_time\" content=\"2026-02-12T11:19:00+00:00\" \/>\n<meta name=\"author\" content=\"Telinha\" \/>\n<meta name=\"twitter:card\" content=\"summary_large_image\" \/>\n<meta name=\"twitter:label1\" content=\"Escrito por\" \/>\n\t<meta name=\"twitter:data1\" content=\"Telinha\" \/>\n\t<meta name=\"twitter:label2\" content=\"Tempo estimado de leitura\" \/>\n\t<meta name=\"twitter:data2\" content=\"1 minuto\" \/>\n<script type=\"application\/ld+json\" class=\"yoast-schema-graph\">{\"@context\":\"https:\/\/schema.org\",\"@graph\":[{\"@type\":\"Article\",\"@id\":\"https:\/\/portaltela.pt\/noticias\/2026\/02\/12\/explosao-em-veiculo-eletrico-leva-a-evacuacao-de-edificio-da-nos-no-parque-das-nacoes\/#article\",\"isPartOf\":{\"@id\":\"https:\/\/portaltela.pt\/noticias\/2026\/02\/12\/explosao-em-veiculo-eletrico-leva-a-evacuacao-de-edificio-da-nos-no-parque-das-nacoes\/\"},\"author\":{\"name\":\"Telinha\",\"@id\":\"https:\/\/portaltela.pt\/#\/schema\/person\/c4278d4a6028830caff9ee44b42d32ed\"},\"headline\":\"Explos\u00e3o em ve\u00edculo el\u00e9trico leva \u00e0 evacua\u00e7\u00e3o de edif\u00edcio da NOS no Parque das Na\u00e7\u00f5es\",\"datePublished\":\"2026-02-12T11:19:00+00:00\",\"mainEntityOfPage\":{\"@id\":\"https:\/\/portaltela.pt\/noticias\/2026\/02\/12\/explosao-em-veiculo-eletrico-leva-a-evacuacao-de-edificio-da-nos-no-parque-das-nacoes\/\"},\"wordCount\":126,\"image\":{\"@id\":\"https:\/\/portaltela.pt\/noticias\/2026\/02\/12\/explosao-em-veiculo-eletrico-leva-a-evacuacao-de-edificio-da-nos-no-parque-das-nacoes\/#primaryimage\"},\"thumbnailUrl\":\"https:\/\/portaltela.pt\/s.01k8rhncp4jt1\/2026\/02\/img_1500x1000uu2025-06-07-09-29-21-2214656.jpg\",\"keywords\":[\"bombeiros\",\"evacua\u00e7\u00e3o\",\"explos\u00f5es\",\"inc\u00eandio\",\"Lisboa\",\"Parque das Na\u00e7\u00f5es\"],\"articleSection\":[\"Not\u00edcias\"],\"inLanguage\":\"pt-PT\"},{\"@type\":\"WebPage\",\"@id\":\"https:\/\/portaltela.pt\/noticias\/2026\/02\/12\/explosao-em-veiculo-eletrico-leva-a-evacuacao-de-edificio-da-nos-no-parque-das-nacoes\/\",\"url\":\"https:\/\/portaltela.pt\/noticias\/2026\/02\/12\/explosao-em-veiculo-eletrico-leva-a-evacuacao-de-edificio-da-nos-no-parque-das-nacoes\/\",\"name\":\"Explos\u00e3o em ve\u00edculo el\u00e9trico leva \u00e0 evacua\u00e7\u00e3o de edif\u00edcio da NOS no Parque das Na\u00e7\u00f5es - Portal Tela Portugal\",\"isPartOf\":{\"@id\":\"https:\/\/portaltela.pt\/#website\"},\"primaryImageOfPage\":{\"@id\":\"https:\/\/portaltela.pt\/noticias\/2026\/02\/12\/explosao-em-veiculo-eletrico-leva-a-evacuacao-de-edificio-da-nos-no-parque-das-nacoes\/#primaryimage\"},\"image\":{\"@id\":\"https:\/\/portaltela.pt\/noticias\/2026\/02\/12\/explosao-em-veiculo-eletrico-leva-a-evacuacao-de-edificio-da-nos-no-parque-das-nacoes\/#primaryimage\"},\"thumbnailUrl\":\"https:\/\/portaltela.pt\/s.01k8rhncp4jt1\/2026\/02\/img_1500x1000uu2025-06-07-09-29-21-2214656.jpg\",\"datePublished\":\"2026-02-12T11:19:00+00:00\",\"author\":{\"@id\":\"https:\/\/portaltela.pt\/#\/schema\/person\/c4278d4a6028830caff9ee44b42d32ed\"},\"breadcrumb\":{\"@id\":\"https:\/\/portaltela.pt\/noticias\/2026\/02\/12\/explosao-em-veiculo-eletrico-leva-a-evacuacao-de-edificio-da-nos-no-parque-das-nacoes\/#breadcrumb\"},\"inLanguage\":\"pt-PT\",\"potentialAction\":[{\"@type\":\"ReadAction\",\"target\":[\"https:\/\/portaltela.pt\/noticias\/2026\/02\/12\/explosao-em-veiculo-eletrico-leva-a-evacuacao-de-edificio-da-nos-no-parque-das-nacoes\/\"]}]},{\"@type\":\"ImageObject\",\"inLanguage\":\"pt-PT\",\"@id\":\"https:\/\/portaltela.pt\/noticias\/2026\/02\/12\/explosao-em-veiculo-eletrico-leva-a-evacuacao-de-edificio-da-nos-no-parque-das-nacoes\/#primaryimage\",\"url\":\"https:\/\/portaltela.pt\/s.01k8rhncp4jt1\/2026\/02\/img_1500x1000uu2025-06-07-09-29-21-2214656.jpg\",\"contentUrl\":\"https:\/\/portaltela.pt\/s.01k8rhncp4jt1\/2026\/02\/img_1500x1000uu2025-06-07-09-29-21-2214656.jpg\",\"width\":796,\"height\":448,\"caption\":\"Bombeiros Sapadores de Lisboa tentam extinguir inc\u00eandio\"},{\"@type\":\"BreadcrumbList\",\"@id\":\"https:\/\/portaltela.pt\/noticias\/2026\/02\/12\/explosao-em-veiculo-eletrico-leva-a-evacuacao-de-edificio-da-nos-no-parque-das-nacoes\/#breadcrumb\",\"itemListElement\":[{\"@type\":\"ListItem\",\"position\":1,\"name\":\"In\u00edcio\",\"item\":\"https:\/\/portaltela.pt\/\"},{\"@type\":\"ListItem\",\"position\":2,\"name\":\"Explos\u00e3o em ve\u00edculo el\u00e9trico leva \u00e0 evacua\u00e7\u00e3o de edif\u00edcio da NOS no Parque das Na\u00e7\u00f5es\"}]},{\"@type\":\"WebSite\",\"@id\":\"https:\/\/portaltela.pt\/#website\",\"url\":\"https:\/\/portaltela.pt\/\",\"name\":\"Portal Tela Portugal\",\"description\":\"\",\"potentialAction\":[{\"@type\":\"SearchAction\",\"target\":{\"@type\":\"EntryPoint\",\"urlTemplate\":\"https:\/\/portaltela.pt\/?s={search_term_string}\"},\"query-input\":{\"@type\":\"PropertyValueSpecification\",\"valueRequired\":true,\"valueName\":\"search_term_string\"}}],\"inLanguage\":\"pt-PT\"},{\"@type\":\"Person\",\"@id\":\"https:\/\/portaltela.pt\/#\/schema\/person\/c4278d4a6028830caff9ee44b42d32ed\",\"name\":\"Telinha\",\"image\":{\"@type\":\"ImageObject\",\"inLanguage\":\"pt-PT\",\"@id\":\"https:\/\/portaltela.pt\/s.01k8rhncp4jt1\/2025\/11\/talking-bot-125x125.png\",\"url\":\"https:\/\/portaltela.pt\/s.01k8rhncp4jt1\/2025\/11\/talking-bot-125x125.png\",\"contentUrl\":\"https:\/\/portaltela.pt\/s.01k8rhncp4jt1\/2025\/11\/talking-bot-125x125.png\",\"caption\":\"Telinha\"},\"sameAs\":[\"https:\/\/portaltela.pt\/\"],\"url\":\"https:\/\/portaltela.pt\/por\/367410592786\/\"}]}<\/script>\n<!-- \/ Yoast SEO plugin. -->","yoast_head_json":{"title":"Explos\u00e3o em ve\u00edculo el\u00e9trico leva \u00e0 evacua\u00e7\u00e3o de edif\u00edcio da NOS no Parque das Na\u00e7\u00f5es - Portal Tela Portugal","robots":{"index":"index","follow":"follow","max-snippet":"max-snippet:-1","max-image-preview":"max-image-preview:large","max-video-preview":"max-video-preview:-1"},"og_locale":"pt_PT","og_type":"article","og_title":"Explos\u00e3o em ve\u00edculo el\u00e9trico leva \u00e0 evacua\u00e7\u00e3o de edif\u00edcio da NOS no Parque das Na\u00e7\u00f5es - Portal Tela Portugal","og_description":"Explos\u00e3o seguida de inc\u00eandio numa viatura el\u00e9trica obrigou a evacuar o edif\u00edcio da NOS, no Parque das Na\u00e7\u00f5es, em Lisboa. Alerta foi dado \u00e0s 10h41 pelo Regimento de Sapadores Bombeiros, com fogo numa garagem de um piso subterr\u00e2neo. Por precau\u00e7\u00e3o, a evacua\u00e7\u00e3o decorreu sem incidentes devido ao volume de fumo. No local trabalham 18 operacionais apoiados por cinco viaturas. N\u00e3o h\u00e1 feridos a registar.","og_url":"https:\/\/portaltela.pt\/noticias\/2026\/02\/12\/explosao-em-veiculo-eletrico-leva-a-evacuacao-de-edificio-da-nos-no-parque-das-nacoes\/","og_site_name":"Portal Tela Portugal","article_published_time":"2026-02-12T11:19:00+00:00","author":"Telinha","twitter_card":"summary_large_image","twitter_misc":{"Escrito por":"Telinha","Tempo estimado de leitura":"1 minuto"},"schema":{"@context":"https:\/\/schema.org","@graph":[{"@type":"Article","@id":"https:\/\/portaltela.pt\/noticias\/2026\/02\/12\/explosao-em-veiculo-eletrico-leva-a-evacuacao-de-edificio-da-nos-no-parque-das-nacoes\/#article","isPartOf":{"@id":"https:\/\/portaltela.pt\/noticias\/2026\/02\/12\/explosao-em-veiculo-eletrico-leva-a-evacuacao-de-edificio-da-nos-no-parque-das-nacoes\/"},"author":{"name":"Telinha","@id":"https:\/\/portaltela.pt\/#\/schema\/person\/c4278d4a6028830caff9ee44b42d32ed"},"headline":"Explos\u00e3o em ve\u00edculo el\u00e9trico leva \u00e0 evacua\u00e7\u00e3o de edif\u00edcio da NOS no Parque das Na\u00e7\u00f5es","datePublished":"2026-02-12T11:19:00+00:00","mainEntityOfPage":{"@id":"https:\/\/portaltela.pt\/noticias\/2026\/02\/12\/explosao-em-veiculo-eletrico-leva-a-evacuacao-de-edificio-da-nos-no-parque-das-nacoes\/"},"wordCount":126,"image":{"@id":"https:\/\/portaltela.pt\/noticias\/2026\/02\/12\/explosao-em-veiculo-eletrico-leva-a-evacuacao-de-edificio-da-nos-no-parque-das-nacoes\/#primaryimage"},"thumbnailUrl":"https:\/\/portaltela.pt\/s.01k8rhncp4jt1\/2026\/02\/img_1500x1000uu2025-06-07-09-29-21-2214656.jpg","keywords":["bombeiros","evacua\u00e7\u00e3o","explos\u00f5es","inc\u00eandio","Lisboa","Parque das Na\u00e7\u00f5es"],"articleSection":["Not\u00edcias"],"inLanguage":"pt-PT"},{"@type":"WebPage","@id":"https:\/\/portaltela.pt\/noticias\/2026\/02\/12\/explosao-em-veiculo-eletrico-leva-a-evacuacao-de-edificio-da-nos-no-parque-das-nacoes\/","url":"https:\/\/portaltela.pt\/noticias\/2026\/02\/12\/explosao-em-veiculo-eletrico-leva-a-evacuacao-de-edificio-da-nos-no-parque-das-nacoes\/","name":"Explos\u00e3o em ve\u00edculo el\u00e9trico leva \u00e0 evacua\u00e7\u00e3o de edif\u00edcio da NOS no Parque das Na\u00e7\u00f5es - Portal Tela Portugal","isPartOf":{"@id":"https:\/\/portaltela.pt\/#website"},"primaryImageOfPage":{"@id":"https:\/\/portaltela.pt\/noticias\/2026\/02\/12\/explosao-em-veiculo-eletrico-leva-a-evacuacao-de-edificio-da-nos-no-parque-das-nacoes\/#primaryimage"},"image":{"@id":"https:\/\/portaltela.pt\/noticias\/2026\/02\/12\/explosao-em-veiculo-eletrico-leva-a-evacuacao-de-edificio-da-nos-no-parque-das-nacoes\/#primaryimage"},"thumbnailUrl":"https:\/\/portaltela.pt\/s.01k8rhncp4jt1\/2026\/02\/img_1500x1000uu2025-06-07-09-29-21-2214656.jpg","datePublished":"2026-02-12T11:19:00+00:00","author":{"@id":"https:\/\/portaltela.pt\/#\/schema\/person\/c4278d4a6028830caff9ee44b42d32ed"},"breadcrumb":{"@id":"https:\/\/portaltela.pt\/noticias\/2026\/02\/12\/explosao-em-veiculo-eletrico-leva-a-evacuacao-de-edificio-da-nos-no-parque-das-nacoes\/#breadcrumb"},"inLanguage":"pt-PT","potentialAction":[{"@type":"ReadAction","target":["https:\/\/portaltela.pt\/noticias\/2026\/02\/12\/explosao-em-veiculo-eletrico-leva-a-evacuacao-de-edificio-da-nos-no-parque-das-nacoes\/"]}]},{"@type":"ImageObject","inLanguage":"pt-PT","@id":"https:\/\/portaltela.pt\/noticias\/2026\/02\/12\/explosao-em-veiculo-eletrico-leva-a-evacuacao-de-edificio-da-nos-no-parque-das-nacoes\/#primaryimage","url":"https:\/\/portaltela.pt\/s.01k8rhncp4jt1\/2026\/02\/img_1500x1000uu2025-06-07-09-29-21-2214656.jpg","contentUrl":"https:\/\/portaltela.pt\/s.01k8rhncp4jt1\/2026\/02\/img_1500x1000uu2025-06-07-09-29-21-2214656.jpg","width":796,"height":448,"caption":"Bombeiros Sapadores de Lisboa tentam extinguir inc\u00eandio"},{"@type":"BreadcrumbList","@id":"https:\/\/portaltela.pt\/noticias\/2026\/02\/12\/explosao-em-veiculo-eletrico-leva-a-evacuacao-de-edificio-da-nos-no-parque-das-nacoes\/#breadcrumb","itemListElement":[{"@type":"ListItem","position":1,"name":"In\u00edcio","item":"https:\/\/portaltela.pt\/"},{"@type":"ListItem","position":2,"name":"Explos\u00e3o em ve\u00edculo el\u00e9trico leva \u00e0 evacua\u00e7\u00e3o de edif\u00edcio da NOS no Parque das Na\u00e7\u00f5es"}]},{"@type":"WebSite","@id":"https:\/\/portaltela.pt\/#website","url":"https:\/\/portaltela.pt\/","name":"Portal Tela Portugal","description":"","potentialAction":[{"@type":"SearchAction","target":{"@type":"EntryPoint","urlTemplate":"https:\/\/portaltela.pt\/?s={search_term_string}"},"query-input":{"@type":"PropertyValueSpecification","valueRequired":true,"valueName":"search_term_string"}}],"inLanguage":"pt-PT"},{"@type":"Person","@id":"https:\/\/portaltela.pt\/#\/schema\/person\/c4278d4a6028830caff9ee44b42d32ed","name":"Telinha","image":{"@type":"ImageObject","inLanguage":"pt-PT","@id":"https:\/\/portaltela.pt\/s.01k8rhncp4jt1\/2025\/11\/talking-bot-125x125.png","url":"https:\/\/portaltela.pt\/s.01k8rhncp4jt1\/2025\/11\/talking-bot-125x125.png","contentUrl":"https:\/\/portaltela.pt\/s.01k8rhncp4jt1\/2025\/11\/talking-bot-125x125.png","caption":"Telinha"},"sameAs":["https:\/\/portaltela.pt\/"],"url":"https:\/\/portaltela.pt\/por\/367410592786\/"}]}},"_links":{"self":[{"href":"https:\/\/portaltela.pt\/api\/wp\/v2\/posts\/209458","targetHints":{"allow":["GET"]}}],"collection":[{"href":"https:\/\/portaltela.pt\/api\/wp\/v2\/posts"}],"about":[{"href":"https:\/\/portaltela.pt\/api\/wp\/v2\/types\/post"}],"author":[{"embeddable":true,"href":"https:\/\/portaltela.pt\/api\/wp\/v2\/users\/2"}],"replies":[{"embeddable":true,"href":"https:\/\/portaltela.pt\/api\/wp\/v2\/comments?post=209458"}],"version-history":[{"count":0,"href":"https:\/\/portaltela.pt\/api\/wp\/v2\/posts\/209458\/revisions"}],"wp:featuredmedia":[{"embeddable":true,"href":"https:\/\/portaltela.pt\/api\/wp\/v2\/media\/209462"}],"wp:attachment":[{"href":"https:\/\/portaltela.pt\/api\/wp\/v2\/media?parent=209458"}],"wp:term":[{"taxonomy":"category","embeddable":true,"href":"https:\/\/portaltela.pt\/api\/wp\/v2\/categories?post=209458"},{"taxonomy":"post_tag","embeddable":true,"href":"https:\/\/portaltela.pt\/api\/wp\/v2\/tags?post=209458"}],"curies":[{"name":"wp","href":"https:\/\/api.w.org\/{rel}","templated":true}]}}