{"id":209450,"date":"2026-02-12T07:57:00","date_gmt":"2026-02-12T10:57:00","guid":{"rendered":"https:\/\/portaltela.pt\/noticias\/2026\/02\/12\/parlamento-aprova-hoje-diploma-para-regular-redes-sociais-a-menores-de-16-anos\/"},"modified":"2026-02-12T07:57:00","modified_gmt":"2026-02-12T10:57:00","slug":"parlamento-aprova-hoje-diploma-para-regular-redes-sociais-a-menores-de-16-anos","status":"publish","type":"post","link":"https:\/\/portaltela.pt\/noticias\/politica\/2026\/02\/12\/parlamento-aprova-hoje-diploma-para-regular-redes-sociais-a-menores-de-16-anos\/","title":{"rendered":"Parlamento aprova hoje diploma para regular redes sociais a menores de 16 anos"},"content":{"rendered":"<p>O Parlamento vai discutir hoje o diploma do PSD que pretende impedir o acesso livre \u00e0s redes sociais por menores at\u00e9 aos 16 anos, exigindo consentimento dos pais ou representantes legais. A proposta, apresentada na generalidade, visa regular a presen\u00e7a de crian\u00e7as nas plataformas digitais, abrindo o tema \u00e0 participa\u00e7\u00e3o de sociedade civil e de outras bancadas.<\/p>\n<p>O texto estabelece uma idade m\u00ednima de 16 anos para acesso aut\u00f3nomo a redes sociais, servi\u00e7os de partilha de v\u00eddeos e meios de comunica\u00e7\u00e3o aberta. Entre os 13 e os 16 anos, o acesso fica dependente de consentimento expresso e verificado dos pais ou respons\u00e1veis. Atualmente, a lei permite consentimento aos 13 anos.<\/p>\n<p>O PSD sustenta que a medida n\u00e3o \u00e9 paternalista, mas visa oferecer ferramentas para que crian\u00e7as e fam\u00edlias controlem o uso das redes. O objetivo \u00e9 reduzir a exposi\u00e7\u00e3o a conte\u00fados inadequados, mantendo um uso prudente das plataformas, segundo o deputado Paulo Marcelo.<\/p>\n<p>Segundo o diploma, contas criadas por crian\u00e7as at\u00e9 aos 13 anos n\u00e3o seriam permitidas e, entre os 13 e os 16 anos, o acesso deveria estar vinculado a mecanismos de verifica\u00e7\u00e3o de idade, como a Chave M\u00f3vel Digital. O partido aponta ainda para funcionalidades que evitem viol\u00eancia, conte\u00fados sexuais precoces e conte\u00fados manipulados.<\/p>\n<p>Estudos internacionais s\u00e3o citados pelo PSD para sustentar que o uso precoce e excessivo de redes sociais pode ter impactos negativos em menores. A proposta n\u00e3o impede a utiliza\u00e7\u00e3o, mas regula para garantir maior responsabilidade e seguran\u00e7a.<\/p>\n<p>Sobre a fiscaliza\u00e7\u00e3o, o PSD prop\u00f5e que a Anacom e a CNPD assegurem o cumprimento, com coopera\u00e7\u00e3o da ARTE para integra\u00e7\u00e3o segura de sistemas de verifica\u00e7\u00e3o de idade. As entidades poderiam emitir orienta\u00e7\u00f5es e aplicar coimas de at\u00e9 dois milh\u00f5es de euros ou 2% do volume de neg\u00f3cios anual.<\/p>\n<p>Caso aprovado, o diploma abrangeria redes como Instagram, Facebook e TikTok, n\u00e3o incluindo, em princ\u00edpio, o WhatsApp, ainda muito utilizado para comunica\u00e7\u00e3o entre pais e filhos. O debate de hoje marca o in\u00edcio de um processo que pode evoluir com contributos da sociedade civil e de outros partidos.<\/p>\n","protected":false},"excerpt":{"rendered":"<ul>\n<li>O Parlamento discute e pode aprovar, em generalidade, um diploma do PSD para regular o acesso de menores at\u00e9 aos 16 anos \u00e0s redes sociais, com consentimento dos pais ou representantes legais.<\/li>\n<li>A proposta estabelece a idade m\u00ednima de 16 anos para acesso aut\u00f3nomo, sendo que entre os 13 e os 16 apenas com consentimento expresso e verificado.<\/li>\n<li>A fiscaliza\u00e7\u00e3o pode depender da Chave M\u00f3vel Digital para identificar a idade, e n\u00e3o \u00e9 poss\u00edvel criar uma conta at\u00e9 aos 13 anos; as plataformas devem ter mecanismos para evitar conte\u00fados nocivos.<\/li>\n<li>A supervis\u00e3o caber\u00e1 \u00e0 Anacom e \u00e0 Comiss\u00e3o Nacional de Prote\u00e7\u00e3o de Dados (CNPD), que podem emitir orienta\u00e7\u00f5es e aplicar coimas at\u00e9 dois milh\u00f5es de euros ou 2% do volume de neg\u00f3cios anual.<\/li>\n<li>Segundo o PSD, ficam abrangidas redes como Instagram, Facebook e TikTok, n\u00e3o incluindo, por exemplo, o WhatsApp; hoje inicia-se um processo com contributos da sociedade civil e de outros partidos.<\/li>\n<\/ul>\n","protected":false},"author":2,"featured_media":209453,"comment_status":"closed","ping_status":"closed","sticky":false,"template":"","format":"standard","meta":{"footnotes":""},"categories":[1,5],"tags":[3195,5161,695,5563,3562,2181],"class_list":["post-209450","post","type-post","status-publish","format-standard","has-post-thumbnail","hentry","category-noticias","category-politica","tag-ciberseguranca","tag-cnpd","tag-fiscalizacao","tag-informacao-publica","tag-privacidade","tag-protecao-de-menores"],"yoast_head":"<!-- This site is optimized with the Yoast SEO plugin v27.2 - https:\/\/yoast.com\/product\/yoast-seo-wordpress\/ -->\n<title>Parlamento aprova hoje diploma para regular redes sociais a menores de 16 anos - Portal Tela Portugal<\/title>\n<meta name=\"robots\" content=\"index, follow, max-snippet:-1, max-image-preview:large, max-video-preview:-1\" \/>\n<meta property=\"og:locale\" content=\"pt_PT\" \/>\n<meta property=\"og:type\" content=\"article\" \/>\n<meta property=\"og:title\" content=\"Parlamento aprova hoje diploma para regular redes sociais a menores de 16 anos - Portal Tela Portugal\" \/>\n<meta property=\"og:description\" content=\"O Parlamento discute e pode aprovar, em generalidade, um diploma do PSD para regular o acesso de menores at\u00e9 aos 16 anos \u00e0s redes sociais, com consentimento dos pais ou representantes legais. A proposta estabelece a idade m\u00ednima de 16 anos para acesso aut\u00f3nomo, sendo que entre os 13 e os 16 apenas com consentimento expresso e verificado. A fiscaliza\u00e7\u00e3o pode depender da Chave M\u00f3vel Digital para identificar a idade, e n\u00e3o \u00e9 poss\u00edvel criar uma conta at\u00e9 aos 13 anos; as plataformas devem ter mecanismos para evitar conte\u00fados nocivos. A supervis\u00e3o caber\u00e1 \u00e0 Anacom e \u00e0 Comiss\u00e3o Nacional de Prote\u00e7\u00e3o de Dados (CNPD), que podem emitir orienta\u00e7\u00f5es e aplicar coimas at\u00e9 dois milh\u00f5es de euros ou 2% do volume de neg\u00f3cios anual. Segundo o PSD, ficam abrangidas redes como Instagram, Facebook e TikTok, n\u00e3o incluindo, por exemplo, o WhatsApp; hoje inicia-se um processo com contributos da sociedade civil e de outros partidos.\" \/>\n<meta property=\"og:url\" content=\"https:\/\/portaltela.pt\/noticias\/2026\/02\/12\/parlamento-aprova-hoje-diploma-para-regular-redes-sociais-a-menores-de-16-anos\/\" \/>\n<meta property=\"og:site_name\" content=\"Portal Tela Portugal\" \/>\n<meta property=\"article:published_time\" content=\"2026-02-12T10:57:00+00:00\" \/>\n<meta name=\"author\" content=\"Telinha\" \/>\n<meta name=\"twitter:card\" content=\"summary_large_image\" \/>\n<meta name=\"twitter:label1\" content=\"Escrito por\" \/>\n\t<meta name=\"twitter:data1\" content=\"Telinha\" \/>\n\t<meta name=\"twitter:label2\" content=\"Tempo estimado de leitura\" \/>\n\t<meta name=\"twitter:data2\" content=\"2 minutos\" \/>\n<script type=\"application\/ld+json\" class=\"yoast-schema-graph\">{\"@context\":\"https:\/\/schema.org\",\"@graph\":[{\"@type\":\"Article\",\"@id\":\"https:\/\/portaltela.pt\/noticias\/2026\/02\/12\/parlamento-aprova-hoje-diploma-para-regular-redes-sociais-a-menores-de-16-anos\/#article\",\"isPartOf\":{\"@id\":\"https:\/\/portaltela.pt\/noticias\/2026\/02\/12\/parlamento-aprova-hoje-diploma-para-regular-redes-sociais-a-menores-de-16-anos\/\"},\"author\":{\"name\":\"Telinha\",\"@id\":\"https:\/\/portaltela.pt\/#\/schema\/person\/c4278d4a6028830caff9ee44b42d32ed\"},\"headline\":\"Parlamento aprova hoje diploma para regular redes sociais a menores de 16 anos\",\"datePublished\":\"2026-02-12T10:57:00+00:00\",\"mainEntityOfPage\":{\"@id\":\"https:\/\/portaltela.pt\/noticias\/2026\/02\/12\/parlamento-aprova-hoje-diploma-para-regular-redes-sociais-a-menores-de-16-anos\/\"},\"wordCount\":377,\"image\":{\"@id\":\"https:\/\/portaltela.pt\/noticias\/2026\/02\/12\/parlamento-aprova-hoje-diploma-para-regular-redes-sociais-a-menores-de-16-anos\/#primaryimage\"},\"thumbnailUrl\":\"https:\/\/portaltela.pt\/s.01k8rhncp4jt1\/2026\/02\/2066599.jpg\",\"keywords\":[\"ciberseguran\u00e7a\",\"CNPD\",\"fiscaliza\u00e7\u00e3o\",\"informa\u00e7\u00e3o p\u00fablica\",\"privacidade\",\"prote\u00e7\u00e3o de menores\"],\"articleSection\":[\"Not\u00edcias\",\"Pol\u00edtica\"],\"inLanguage\":\"pt-PT\"},{\"@type\":\"WebPage\",\"@id\":\"https:\/\/portaltela.pt\/noticias\/2026\/02\/12\/parlamento-aprova-hoje-diploma-para-regular-redes-sociais-a-menores-de-16-anos\/\",\"url\":\"https:\/\/portaltela.pt\/noticias\/2026\/02\/12\/parlamento-aprova-hoje-diploma-para-regular-redes-sociais-a-menores-de-16-anos\/\",\"name\":\"Parlamento aprova hoje diploma para regular redes sociais a menores de 16 anos - Portal Tela Portugal\",\"isPartOf\":{\"@id\":\"https:\/\/portaltela.pt\/#website\"},\"primaryImageOfPage\":{\"@id\":\"https:\/\/portaltela.pt\/noticias\/2026\/02\/12\/parlamento-aprova-hoje-diploma-para-regular-redes-sociais-a-menores-de-16-anos\/#primaryimage\"},\"image\":{\"@id\":\"https:\/\/portaltela.pt\/noticias\/2026\/02\/12\/parlamento-aprova-hoje-diploma-para-regular-redes-sociais-a-menores-de-16-anos\/#primaryimage\"},\"thumbnailUrl\":\"https:\/\/portaltela.pt\/s.01k8rhncp4jt1\/2026\/02\/2066599.jpg\",\"datePublished\":\"2026-02-12T10:57:00+00:00\",\"author\":{\"@id\":\"https:\/\/portaltela.pt\/#\/schema\/person\/c4278d4a6028830caff9ee44b42d32ed\"},\"breadcrumb\":{\"@id\":\"https:\/\/portaltela.pt\/noticias\/2026\/02\/12\/parlamento-aprova-hoje-diploma-para-regular-redes-sociais-a-menores-de-16-anos\/#breadcrumb\"},\"inLanguage\":\"pt-PT\",\"potentialAction\":[{\"@type\":\"ReadAction\",\"target\":[\"https:\/\/portaltela.pt\/noticias\/2026\/02\/12\/parlamento-aprova-hoje-diploma-para-regular-redes-sociais-a-menores-de-16-anos\/\"]}]},{\"@type\":\"ImageObject\",\"inLanguage\":\"pt-PT\",\"@id\":\"https:\/\/portaltela.pt\/noticias\/2026\/02\/12\/parlamento-aprova-hoje-diploma-para-regular-redes-sociais-a-menores-de-16-anos\/#primaryimage\",\"url\":\"https:\/\/portaltela.pt\/s.01k8rhncp4jt1\/2026\/02\/2066599.jpg\",\"contentUrl\":\"https:\/\/portaltela.pt\/s.01k8rhncp4jt1\/2026\/02\/2066599.jpg\",\"width\":796,\"height\":448,\"caption\":\"A bancada do PS mostrou disponibilidade para aprovar o diploma na generalidade\"},{\"@type\":\"BreadcrumbList\",\"@id\":\"https:\/\/portaltela.pt\/noticias\/2026\/02\/12\/parlamento-aprova-hoje-diploma-para-regular-redes-sociais-a-menores-de-16-anos\/#breadcrumb\",\"itemListElement\":[{\"@type\":\"ListItem\",\"position\":1,\"name\":\"In\u00edcio\",\"item\":\"https:\/\/portaltela.pt\/\"},{\"@type\":\"ListItem\",\"position\":2,\"name\":\"Parlamento aprova hoje diploma para regular redes sociais a menores de 16 anos\"}]},{\"@type\":\"WebSite\",\"@id\":\"https:\/\/portaltela.pt\/#website\",\"url\":\"https:\/\/portaltela.pt\/\",\"name\":\"Portal Tela Portugal\",\"description\":\"\",\"potentialAction\":[{\"@type\":\"SearchAction\",\"target\":{\"@type\":\"EntryPoint\",\"urlTemplate\":\"https:\/\/portaltela.pt\/?s={search_term_string}\"},\"query-input\":{\"@type\":\"PropertyValueSpecification\",\"valueRequired\":true,\"valueName\":\"search_term_string\"}}],\"inLanguage\":\"pt-PT\"},{\"@type\":\"Person\",\"@id\":\"https:\/\/portaltela.pt\/#\/schema\/person\/c4278d4a6028830caff9ee44b42d32ed\",\"name\":\"Telinha\",\"image\":{\"@type\":\"ImageObject\",\"inLanguage\":\"pt-PT\",\"@id\":\"https:\/\/portaltela.pt\/s.01k8rhncp4jt1\/2025\/11\/talking-bot-125x125.png\",\"url\":\"https:\/\/portaltela.pt\/s.01k8rhncp4jt1\/2025\/11\/talking-bot-125x125.png\",\"contentUrl\":\"https:\/\/portaltela.pt\/s.01k8rhncp4jt1\/2025\/11\/talking-bot-125x125.png\",\"caption\":\"Telinha\"},\"sameAs\":[\"https:\/\/portaltela.pt\/\"],\"url\":\"https:\/\/portaltela.pt\/por\/367410592786\/\"}]}<\/script>\n<!-- \/ Yoast SEO plugin. -->","yoast_head_json":{"title":"Parlamento aprova hoje diploma para regular redes sociais a menores de 16 anos - Portal Tela Portugal","robots":{"index":"index","follow":"follow","max-snippet":"max-snippet:-1","max-image-preview":"max-image-preview:large","max-video-preview":"max-video-preview:-1"},"og_locale":"pt_PT","og_type":"article","og_title":"Parlamento aprova hoje diploma para regular redes sociais a menores de 16 anos - Portal Tela Portugal","og_description":"O Parlamento discute e pode aprovar, em generalidade, um diploma do PSD para regular o acesso de menores at\u00e9 aos 16 anos \u00e0s redes sociais, com consentimento dos pais ou representantes legais. A proposta estabelece a idade m\u00ednima de 16 anos para acesso aut\u00f3nomo, sendo que entre os 13 e os 16 apenas com consentimento expresso e verificado. A fiscaliza\u00e7\u00e3o pode depender da Chave M\u00f3vel Digital para identificar a idade, e n\u00e3o \u00e9 poss\u00edvel criar uma conta at\u00e9 aos 13 anos; as plataformas devem ter mecanismos para evitar conte\u00fados nocivos. A supervis\u00e3o caber\u00e1 \u00e0 Anacom e \u00e0 Comiss\u00e3o Nacional de Prote\u00e7\u00e3o de Dados (CNPD), que podem emitir orienta\u00e7\u00f5es e aplicar coimas at\u00e9 dois milh\u00f5es de euros ou 2% do volume de neg\u00f3cios anual. Segundo o PSD, ficam abrangidas redes como Instagram, Facebook e TikTok, n\u00e3o incluindo, por exemplo, o WhatsApp; hoje inicia-se um processo com contributos da sociedade civil e de outros partidos.","og_url":"https:\/\/portaltela.pt\/noticias\/2026\/02\/12\/parlamento-aprova-hoje-diploma-para-regular-redes-sociais-a-menores-de-16-anos\/","og_site_name":"Portal Tela Portugal","article_published_time":"2026-02-12T10:57:00+00:00","author":"Telinha","twitter_card":"summary_large_image","twitter_misc":{"Escrito por":"Telinha","Tempo estimado de leitura":"2 minutos"},"schema":{"@context":"https:\/\/schema.org","@graph":[{"@type":"Article","@id":"https:\/\/portaltela.pt\/noticias\/2026\/02\/12\/parlamento-aprova-hoje-diploma-para-regular-redes-sociais-a-menores-de-16-anos\/#article","isPartOf":{"@id":"https:\/\/portaltela.pt\/noticias\/2026\/02\/12\/parlamento-aprova-hoje-diploma-para-regular-redes-sociais-a-menores-de-16-anos\/"},"author":{"name":"Telinha","@id":"https:\/\/portaltela.pt\/#\/schema\/person\/c4278d4a6028830caff9ee44b42d32ed"},"headline":"Parlamento aprova hoje diploma para regular redes sociais a menores de 16 anos","datePublished":"2026-02-12T10:57:00+00:00","mainEntityOfPage":{"@id":"https:\/\/portaltela.pt\/noticias\/2026\/02\/12\/parlamento-aprova-hoje-diploma-para-regular-redes-sociais-a-menores-de-16-anos\/"},"wordCount":377,"image":{"@id":"https:\/\/portaltela.pt\/noticias\/2026\/02\/12\/parlamento-aprova-hoje-diploma-para-regular-redes-sociais-a-menores-de-16-anos\/#primaryimage"},"thumbnailUrl":"https:\/\/portaltela.pt\/s.01k8rhncp4jt1\/2026\/02\/2066599.jpg","keywords":["ciberseguran\u00e7a","CNPD","fiscaliza\u00e7\u00e3o","informa\u00e7\u00e3o p\u00fablica","privacidade","prote\u00e7\u00e3o de menores"],"articleSection":["Not\u00edcias","Pol\u00edtica"],"inLanguage":"pt-PT"},{"@type":"WebPage","@id":"https:\/\/portaltela.pt\/noticias\/2026\/02\/12\/parlamento-aprova-hoje-diploma-para-regular-redes-sociais-a-menores-de-16-anos\/","url":"https:\/\/portaltela.pt\/noticias\/2026\/02\/12\/parlamento-aprova-hoje-diploma-para-regular-redes-sociais-a-menores-de-16-anos\/","name":"Parlamento aprova hoje diploma para regular redes sociais a menores de 16 anos - Portal Tela Portugal","isPartOf":{"@id":"https:\/\/portaltela.pt\/#website"},"primaryImageOfPage":{"@id":"https:\/\/portaltela.pt\/noticias\/2026\/02\/12\/parlamento-aprova-hoje-diploma-para-regular-redes-sociais-a-menores-de-16-anos\/#primaryimage"},"image":{"@id":"https:\/\/portaltela.pt\/noticias\/2026\/02\/12\/parlamento-aprova-hoje-diploma-para-regular-redes-sociais-a-menores-de-16-anos\/#primaryimage"},"thumbnailUrl":"https:\/\/portaltela.pt\/s.01k8rhncp4jt1\/2026\/02\/2066599.jpg","datePublished":"2026-02-12T10:57:00+00:00","author":{"@id":"https:\/\/portaltela.pt\/#\/schema\/person\/c4278d4a6028830caff9ee44b42d32ed"},"breadcrumb":{"@id":"https:\/\/portaltela.pt\/noticias\/2026\/02\/12\/parlamento-aprova-hoje-diploma-para-regular-redes-sociais-a-menores-de-16-anos\/#breadcrumb"},"inLanguage":"pt-PT","potentialAction":[{"@type":"ReadAction","target":["https:\/\/portaltela.pt\/noticias\/2026\/02\/12\/parlamento-aprova-hoje-diploma-para-regular-redes-sociais-a-menores-de-16-anos\/"]}]},{"@type":"ImageObject","inLanguage":"pt-PT","@id":"https:\/\/portaltela.pt\/noticias\/2026\/02\/12\/parlamento-aprova-hoje-diploma-para-regular-redes-sociais-a-menores-de-16-anos\/#primaryimage","url":"https:\/\/portaltela.pt\/s.01k8rhncp4jt1\/2026\/02\/2066599.jpg","contentUrl":"https:\/\/portaltela.pt\/s.01k8rhncp4jt1\/2026\/02\/2066599.jpg","width":796,"height":448,"caption":"A bancada do PS mostrou disponibilidade para aprovar o diploma na generalidade"},{"@type":"BreadcrumbList","@id":"https:\/\/portaltela.pt\/noticias\/2026\/02\/12\/parlamento-aprova-hoje-diploma-para-regular-redes-sociais-a-menores-de-16-anos\/#breadcrumb","itemListElement":[{"@type":"ListItem","position":1,"name":"In\u00edcio","item":"https:\/\/portaltela.pt\/"},{"@type":"ListItem","position":2,"name":"Parlamento aprova hoje diploma para regular redes sociais a menores de 16 anos"}]},{"@type":"WebSite","@id":"https:\/\/portaltela.pt\/#website","url":"https:\/\/portaltela.pt\/","name":"Portal Tela Portugal","description":"","potentialAction":[{"@type":"SearchAction","target":{"@type":"EntryPoint","urlTemplate":"https:\/\/portaltela.pt\/?s={search_term_string}"},"query-input":{"@type":"PropertyValueSpecification","valueRequired":true,"valueName":"search_term_string"}}],"inLanguage":"pt-PT"},{"@type":"Person","@id":"https:\/\/portaltela.pt\/#\/schema\/person\/c4278d4a6028830caff9ee44b42d32ed","name":"Telinha","image":{"@type":"ImageObject","inLanguage":"pt-PT","@id":"https:\/\/portaltela.pt\/s.01k8rhncp4jt1\/2025\/11\/talking-bot-125x125.png","url":"https:\/\/portaltela.pt\/s.01k8rhncp4jt1\/2025\/11\/talking-bot-125x125.png","contentUrl":"https:\/\/portaltela.pt\/s.01k8rhncp4jt1\/2025\/11\/talking-bot-125x125.png","caption":"Telinha"},"sameAs":["https:\/\/portaltela.pt\/"],"url":"https:\/\/portaltela.pt\/por\/367410592786\/"}]}},"_links":{"self":[{"href":"https:\/\/portaltela.pt\/api\/wp\/v2\/posts\/209450","targetHints":{"allow":["GET"]}}],"collection":[{"href":"https:\/\/portaltela.pt\/api\/wp\/v2\/posts"}],"about":[{"href":"https:\/\/portaltela.pt\/api\/wp\/v2\/types\/post"}],"author":[{"embeddable":true,"href":"https:\/\/portaltela.pt\/api\/wp\/v2\/users\/2"}],"replies":[{"embeddable":true,"href":"https:\/\/portaltela.pt\/api\/wp\/v2\/comments?post=209450"}],"version-history":[{"count":0,"href":"https:\/\/portaltela.pt\/api\/wp\/v2\/posts\/209450\/revisions"}],"wp:featuredmedia":[{"embeddable":true,"href":"https:\/\/portaltela.pt\/api\/wp\/v2\/media\/209453"}],"wp:attachment":[{"href":"https:\/\/portaltela.pt\/api\/wp\/v2\/media?parent=209450"}],"wp:term":[{"taxonomy":"category","embeddable":true,"href":"https:\/\/portaltela.pt\/api\/wp\/v2\/categories?post=209450"},{"taxonomy":"post_tag","embeddable":true,"href":"https:\/\/portaltela.pt\/api\/wp\/v2\/tags?post=209450"}],"curies":[{"name":"wp","href":"https:\/\/api.w.org\/{rel}","templated":true}]}}