{"id":209438,"date":"2026-02-12T07:59:00","date_gmt":"2026-02-12T10:59:00","guid":{"rendered":"https:\/\/portaltela.pt\/noticias\/2026\/02\/12\/pedro-duarte-quer-limitar-transito-no-porto-cortes-comecam-na-praca-da-batalha\/"},"modified":"2026-02-12T07:59:00","modified_gmt":"2026-02-12T10:59:00","slug":"pedro-duarte-quer-limitar-transito-no-porto-cortes-comecam-na-praca-da-batalha","status":"publish","type":"post","link":"https:\/\/portaltela.pt\/noticias\/2026\/02\/12\/pedro-duarte-quer-limitar-transito-no-porto-cortes-comecam-na-praca-da-batalha\/","title":{"rendered":"Pedro Duarte quer limitar tr\u00e2nsito no Porto cortes come\u00e7am na Pra\u00e7a da Batalha"},"content":{"rendered":"<p>O presidente da C\u00e2mara do Porto, Pedro Duarte, anunciou planos para limitar o tr\u00e2nsito autom\u00f3vel no centro da cidade de forma gradual, com in\u00edcio ainda neste per\u00edodo. A medida acompanha a aprova\u00e7\u00e3o, por parte do Governo, de restringir o acesso de pesados de mercadorias \u00e0 Via de Cintura Interna (VCI) quando a CREP for desportajada. A implementa\u00e7\u00e3o depende de aspetos t\u00e9cnicos, apontando para mar\u00e7o.<\/p>\n<p>A proposta, apoiada pela \u00c1rea Metropolitana, prev\u00ea proibir pesados na VCI nos mesmos hor\u00e1rios de isen\u00e7\u00e3o de portagens na CREP\/A41. Duarte salienta que a mudan\u00e7a ser\u00e1 faseada para permitir adapta\u00e7\u00e3o dos residentes e visitantes, mantendo o objetivo de reduzir o tr\u00e1fego no centro.<\/p>\n<p>No curto prazo, o primeiro foco ser\u00e1 a Pra\u00e7a da Batalha, com restri\u00e7\u00f5es a fim de fins de semana, segundo o autarca. A medida visa testar o impacto no funcionamento da cidade e na qualidade de vida, reconhecendo a necessidade de a\u00e7\u00f5es imediatas paralelas.<\/p>\n<h3>Plano para o centro<\/h3>\n<p>Duarte defende o aumento significativo dos corredores de bus para facilitar a mobilidade, enquanto se procede ao mapeamento da cidade para identificar locais onde \u00e9 vi\u00e1vel ampliar a rede de transportes p\u00fablicos. O objetivo \u00e9 incentivar o uso de transporte p\u00fablico, reduzindo a depend\u00eancia do carro particular.<\/p>\n<p>O presidente da AMP afirma que muitos autom\u00f3veis que entram na cidade n\u00e3o s\u00e3o de residentes, o que exige pol\u00edticas de mitiga\u00e7\u00e3o para quem vem de fora, em conjunto com os munic\u00edpios vizinhos. A proposta contempla tamb\u00e9m a cria\u00e7\u00e3o de parques subterr\u00e2neos para residentes que necessitem de estacionar.<\/p>\n<p>Tamb\u00e9m se discute a reconvers\u00e3o de estacionamento de superf\u00edcie, com prioridade para estacionamentos na periferia do centro. A ideia \u00e9 manter op\u00e7\u00f5es para quem precisa manter o carro, sem comprometer acesso a zonas residenciais, mantendo a mobilidade pedonal e ciclovias.<\/p>\n<p>O autarca destacou ainda a gest\u00e3o de parques sob responsabilidade da STCP e a possibilidade de internaliza\u00e7\u00e3o de parte da gest\u00e3o por parte da C\u00e2mara, visando maior efici\u00eancia no uso de dinheiros p\u00fablicos. Acompanham as decis\u00f5es novos investimentos no sistema Metro do Porto, com foco em beneficiar o Porto e reduzir ve\u00edculos na cidade.<\/p>\n","protected":false},"excerpt":{"rendered":"<ul>\n<li>O Governo j\u00e1 deu aval \u00e0 sa\u00edda de pesados de mercadorias da Via de Cintura Interna (VCI) quando a CREP for desportajada, com a medida a entrar em vigor possivelmente em mar\u00e7o, coincidente com a isen\u00e7\u00e3o de portagens na CREP nas horas de ponta.<\/li>\n<li>O presidente da C\u00e2mara do Porto, Pedro Duarte, quer limitar o tr\u00e2nsito autom\u00f3vel no centro de forma gradual e ordenada, come\u00e7ando pela Pra\u00e7a da Batalha, possivelmente nos fins de semana.<\/li>\n<li>A estrat\u00e9gia usa o teste gradual para mudar h\u00e1bitos, promovendo transportes p\u00fablicos gratuitos como incentivo a uma mobilidade mais eficiente.<\/li>\n<li>Ser\u00e3o potenciadas obras para aumentar corredores de \u00f4nibus e, depois, adoptadas medidas para quem vem de fora da cidade, incluindo parques de estacionamento na periferia e, eventualmente, mudan\u00e7as na gest\u00e3o dos parques atuais.<\/li>\n<\/ul>\n","protected":false},"author":2,"featured_media":209447,"comment_status":"closed","ping_status":"closed","sticky":false,"template":"","format":"standard","meta":{"footnotes":""},"categories":[1],"tags":[792,1615,3263,982,4535,2891],"class_list":["post-209438","post","type-post","status-publish","format-standard","has-post-thumbnail","hentry","category-noticias","tag-gestao-de-mobilidade","tag-infraestrutura","tag-mobilidade-urbana","tag-porto","tag-transporte-publico","tag-via-publica"],"yoast_head":"<!-- This site is optimized with the Yoast SEO plugin v27.2 - https:\/\/yoast.com\/product\/yoast-seo-wordpress\/ -->\n<title>Pedro Duarte quer limitar tr\u00e2nsito no Porto cortes come\u00e7am na Pra\u00e7a da Batalha - Portal Tela Portugal<\/title>\n<meta name=\"robots\" content=\"index, follow, max-snippet:-1, max-image-preview:large, max-video-preview:-1\" \/>\n<meta property=\"og:locale\" content=\"pt_PT\" \/>\n<meta property=\"og:type\" content=\"article\" \/>\n<meta property=\"og:title\" content=\"Pedro Duarte quer limitar tr\u00e2nsito no Porto cortes come\u00e7am na Pra\u00e7a da Batalha - Portal Tela Portugal\" \/>\n<meta property=\"og:description\" content=\"O Governo j\u00e1 deu aval \u00e0 sa\u00edda de pesados de mercadorias da Via de Cintura Interna (VCI) quando a CREP for desportajada, com a medida a entrar em vigor possivelmente em mar\u00e7o, coincidente com a isen\u00e7\u00e3o de portagens na CREP nas horas de ponta. O presidente da C\u00e2mara do Porto, Pedro Duarte, quer limitar o tr\u00e2nsito autom\u00f3vel no centro de forma gradual e ordenada, come\u00e7ando pela Pra\u00e7a da Batalha, possivelmente nos fins de semana. A estrat\u00e9gia usa o teste gradual para mudar h\u00e1bitos, promovendo transportes p\u00fablicos gratuitos como incentivo a uma mobilidade mais eficiente. Ser\u00e3o potenciadas obras para aumentar corredores de \u00f4nibus e, depois, adoptadas medidas para quem vem de fora da cidade, incluindo parques de estacionamento na periferia e, eventualmente, mudan\u00e7as na gest\u00e3o dos parques atuais.\" \/>\n<meta property=\"og:url\" content=\"https:\/\/portaltela.pt\/noticias\/2026\/02\/12\/pedro-duarte-quer-limitar-transito-no-porto-cortes-comecam-na-praca-da-batalha\/\" \/>\n<meta property=\"og:site_name\" content=\"Portal Tela Portugal\" \/>\n<meta property=\"article:published_time\" content=\"2026-02-12T10:59:00+00:00\" \/>\n<meta name=\"author\" content=\"Telinha\" \/>\n<meta name=\"twitter:card\" content=\"summary_large_image\" \/>\n<meta name=\"twitter:label1\" content=\"Escrito por\" \/>\n\t<meta name=\"twitter:data1\" content=\"Telinha\" \/>\n\t<meta name=\"twitter:label2\" content=\"Tempo estimado de leitura\" \/>\n\t<meta name=\"twitter:data2\" content=\"2 minutos\" \/>\n<script type=\"application\/ld+json\" class=\"yoast-schema-graph\">{\"@context\":\"https:\/\/schema.org\",\"@graph\":[{\"@type\":\"Article\",\"@id\":\"https:\/\/portaltela.pt\/noticias\/2026\/02\/12\/pedro-duarte-quer-limitar-transito-no-porto-cortes-comecam-na-praca-da-batalha\/#article\",\"isPartOf\":{\"@id\":\"https:\/\/portaltela.pt\/noticias\/2026\/02\/12\/pedro-duarte-quer-limitar-transito-no-porto-cortes-comecam-na-praca-da-batalha\/\"},\"author\":{\"name\":\"Telinha\",\"@id\":\"https:\/\/portaltela.pt\/#\/schema\/person\/c4278d4a6028830caff9ee44b42d32ed\"},\"headline\":\"Pedro Duarte quer limitar tr\u00e2nsito no Porto cortes come\u00e7am na Pra\u00e7a da Batalha\",\"datePublished\":\"2026-02-12T10:59:00+00:00\",\"mainEntityOfPage\":{\"@id\":\"https:\/\/portaltela.pt\/noticias\/2026\/02\/12\/pedro-duarte-quer-limitar-transito-no-porto-cortes-comecam-na-praca-da-batalha\/\"},\"wordCount\":399,\"image\":{\"@id\":\"https:\/\/portaltela.pt\/noticias\/2026\/02\/12\/pedro-duarte-quer-limitar-transito-no-porto-cortes-comecam-na-praca-da-batalha\/#primaryimage\"},\"thumbnailUrl\":\"https:\/\/portaltela.pt\/s.01k8rhncp4jt1\/2026\/02\/image-951.jpg\",\"keywords\":[\"gest\u00e3o de mobilidade\",\"infraestrutura\",\"mobilidade urbana\",\"Porto\",\"transporte p\u00fablico\",\"via p\u00fablica\"],\"articleSection\":[\"Not\u00edcias\"],\"inLanguage\":\"pt-PT\"},{\"@type\":\"WebPage\",\"@id\":\"https:\/\/portaltela.pt\/noticias\/2026\/02\/12\/pedro-duarte-quer-limitar-transito-no-porto-cortes-comecam-na-praca-da-batalha\/\",\"url\":\"https:\/\/portaltela.pt\/noticias\/2026\/02\/12\/pedro-duarte-quer-limitar-transito-no-porto-cortes-comecam-na-praca-da-batalha\/\",\"name\":\"Pedro Duarte quer limitar tr\u00e2nsito no Porto cortes come\u00e7am na Pra\u00e7a da Batalha - Portal Tela Portugal\",\"isPartOf\":{\"@id\":\"https:\/\/portaltela.pt\/#website\"},\"primaryImageOfPage\":{\"@id\":\"https:\/\/portaltela.pt\/noticias\/2026\/02\/12\/pedro-duarte-quer-limitar-transito-no-porto-cortes-comecam-na-praca-da-batalha\/#primaryimage\"},\"image\":{\"@id\":\"https:\/\/portaltela.pt\/noticias\/2026\/02\/12\/pedro-duarte-quer-limitar-transito-no-porto-cortes-comecam-na-praca-da-batalha\/#primaryimage\"},\"thumbnailUrl\":\"https:\/\/portaltela.pt\/s.01k8rhncp4jt1\/2026\/02\/image-951.jpg\",\"datePublished\":\"2026-02-12T10:59:00+00:00\",\"author\":{\"@id\":\"https:\/\/portaltela.pt\/#\/schema\/person\/c4278d4a6028830caff9ee44b42d32ed\"},\"breadcrumb\":{\"@id\":\"https:\/\/portaltela.pt\/noticias\/2026\/02\/12\/pedro-duarte-quer-limitar-transito-no-porto-cortes-comecam-na-praca-da-batalha\/#breadcrumb\"},\"inLanguage\":\"pt-PT\",\"potentialAction\":[{\"@type\":\"ReadAction\",\"target\":[\"https:\/\/portaltela.pt\/noticias\/2026\/02\/12\/pedro-duarte-quer-limitar-transito-no-porto-cortes-comecam-na-praca-da-batalha\/\"]}]},{\"@type\":\"ImageObject\",\"inLanguage\":\"pt-PT\",\"@id\":\"https:\/\/portaltela.pt\/noticias\/2026\/02\/12\/pedro-duarte-quer-limitar-transito-no-porto-cortes-comecam-na-praca-da-batalha\/#primaryimage\",\"url\":\"https:\/\/portaltela.pt\/s.01k8rhncp4jt1\/2026\/02\/image-951.jpg\",\"contentUrl\":\"https:\/\/portaltela.pt\/s.01k8rhncp4jt1\/2026\/02\/image-951.jpg\",\"width\":796,\"height\":448,\"caption\":\"Presidente da C\u00e2mara do Porto quer limitar tr\u00e2nsito autom\u00f3vel na cidade\"},{\"@type\":\"BreadcrumbList\",\"@id\":\"https:\/\/portaltela.pt\/noticias\/2026\/02\/12\/pedro-duarte-quer-limitar-transito-no-porto-cortes-comecam-na-praca-da-batalha\/#breadcrumb\",\"itemListElement\":[{\"@type\":\"ListItem\",\"position\":1,\"name\":\"In\u00edcio\",\"item\":\"https:\/\/portaltela.pt\/\"},{\"@type\":\"ListItem\",\"position\":2,\"name\":\"Pedro Duarte quer limitar tr\u00e2nsito no Porto cortes come\u00e7am na Pra\u00e7a da Batalha\"}]},{\"@type\":\"WebSite\",\"@id\":\"https:\/\/portaltela.pt\/#website\",\"url\":\"https:\/\/portaltela.pt\/\",\"name\":\"Portal Tela Portugal\",\"description\":\"\",\"potentialAction\":[{\"@type\":\"SearchAction\",\"target\":{\"@type\":\"EntryPoint\",\"urlTemplate\":\"https:\/\/portaltela.pt\/?s={search_term_string}\"},\"query-input\":{\"@type\":\"PropertyValueSpecification\",\"valueRequired\":true,\"valueName\":\"search_term_string\"}}],\"inLanguage\":\"pt-PT\"},{\"@type\":\"Person\",\"@id\":\"https:\/\/portaltela.pt\/#\/schema\/person\/c4278d4a6028830caff9ee44b42d32ed\",\"name\":\"Telinha\",\"image\":{\"@type\":\"ImageObject\",\"inLanguage\":\"pt-PT\",\"@id\":\"https:\/\/portaltela.pt\/s.01k8rhncp4jt1\/2025\/11\/talking-bot-125x125.png\",\"url\":\"https:\/\/portaltela.pt\/s.01k8rhncp4jt1\/2025\/11\/talking-bot-125x125.png\",\"contentUrl\":\"https:\/\/portaltela.pt\/s.01k8rhncp4jt1\/2025\/11\/talking-bot-125x125.png\",\"caption\":\"Telinha\"},\"sameAs\":[\"https:\/\/portaltela.pt\/\"],\"url\":\"https:\/\/portaltela.pt\/por\/367410592786\/\"}]}<\/script>\n<!-- \/ Yoast SEO plugin. -->","yoast_head_json":{"title":"Pedro Duarte quer limitar tr\u00e2nsito no Porto cortes come\u00e7am na Pra\u00e7a da Batalha - Portal Tela Portugal","robots":{"index":"index","follow":"follow","max-snippet":"max-snippet:-1","max-image-preview":"max-image-preview:large","max-video-preview":"max-video-preview:-1"},"og_locale":"pt_PT","og_type":"article","og_title":"Pedro Duarte quer limitar tr\u00e2nsito no Porto cortes come\u00e7am na Pra\u00e7a da Batalha - Portal Tela Portugal","og_description":"O Governo j\u00e1 deu aval \u00e0 sa\u00edda de pesados de mercadorias da Via de Cintura Interna (VCI) quando a CREP for desportajada, com a medida a entrar em vigor possivelmente em mar\u00e7o, coincidente com a isen\u00e7\u00e3o de portagens na CREP nas horas de ponta. O presidente da C\u00e2mara do Porto, Pedro Duarte, quer limitar o tr\u00e2nsito autom\u00f3vel no centro de forma gradual e ordenada, come\u00e7ando pela Pra\u00e7a da Batalha, possivelmente nos fins de semana. A estrat\u00e9gia usa o teste gradual para mudar h\u00e1bitos, promovendo transportes p\u00fablicos gratuitos como incentivo a uma mobilidade mais eficiente. Ser\u00e3o potenciadas obras para aumentar corredores de \u00f4nibus e, depois, adoptadas medidas para quem vem de fora da cidade, incluindo parques de estacionamento na periferia e, eventualmente, mudan\u00e7as na gest\u00e3o dos parques atuais.","og_url":"https:\/\/portaltela.pt\/noticias\/2026\/02\/12\/pedro-duarte-quer-limitar-transito-no-porto-cortes-comecam-na-praca-da-batalha\/","og_site_name":"Portal Tela Portugal","article_published_time":"2026-02-12T10:59:00+00:00","author":"Telinha","twitter_card":"summary_large_image","twitter_misc":{"Escrito por":"Telinha","Tempo estimado de leitura":"2 minutos"},"schema":{"@context":"https:\/\/schema.org","@graph":[{"@type":"Article","@id":"https:\/\/portaltela.pt\/noticias\/2026\/02\/12\/pedro-duarte-quer-limitar-transito-no-porto-cortes-comecam-na-praca-da-batalha\/#article","isPartOf":{"@id":"https:\/\/portaltela.pt\/noticias\/2026\/02\/12\/pedro-duarte-quer-limitar-transito-no-porto-cortes-comecam-na-praca-da-batalha\/"},"author":{"name":"Telinha","@id":"https:\/\/portaltela.pt\/#\/schema\/person\/c4278d4a6028830caff9ee44b42d32ed"},"headline":"Pedro Duarte quer limitar tr\u00e2nsito no Porto cortes come\u00e7am na Pra\u00e7a da Batalha","datePublished":"2026-02-12T10:59:00+00:00","mainEntityOfPage":{"@id":"https:\/\/portaltela.pt\/noticias\/2026\/02\/12\/pedro-duarte-quer-limitar-transito-no-porto-cortes-comecam-na-praca-da-batalha\/"},"wordCount":399,"image":{"@id":"https:\/\/portaltela.pt\/noticias\/2026\/02\/12\/pedro-duarte-quer-limitar-transito-no-porto-cortes-comecam-na-praca-da-batalha\/#primaryimage"},"thumbnailUrl":"https:\/\/portaltela.pt\/s.01k8rhncp4jt1\/2026\/02\/image-951.jpg","keywords":["gest\u00e3o de mobilidade","infraestrutura","mobilidade urbana","Porto","transporte p\u00fablico","via p\u00fablica"],"articleSection":["Not\u00edcias"],"inLanguage":"pt-PT"},{"@type":"WebPage","@id":"https:\/\/portaltela.pt\/noticias\/2026\/02\/12\/pedro-duarte-quer-limitar-transito-no-porto-cortes-comecam-na-praca-da-batalha\/","url":"https:\/\/portaltela.pt\/noticias\/2026\/02\/12\/pedro-duarte-quer-limitar-transito-no-porto-cortes-comecam-na-praca-da-batalha\/","name":"Pedro Duarte quer limitar tr\u00e2nsito no Porto cortes come\u00e7am na Pra\u00e7a da Batalha - Portal Tela Portugal","isPartOf":{"@id":"https:\/\/portaltela.pt\/#website"},"primaryImageOfPage":{"@id":"https:\/\/portaltela.pt\/noticias\/2026\/02\/12\/pedro-duarte-quer-limitar-transito-no-porto-cortes-comecam-na-praca-da-batalha\/#primaryimage"},"image":{"@id":"https:\/\/portaltela.pt\/noticias\/2026\/02\/12\/pedro-duarte-quer-limitar-transito-no-porto-cortes-comecam-na-praca-da-batalha\/#primaryimage"},"thumbnailUrl":"https:\/\/portaltela.pt\/s.01k8rhncp4jt1\/2026\/02\/image-951.jpg","datePublished":"2026-02-12T10:59:00+00:00","author":{"@id":"https:\/\/portaltela.pt\/#\/schema\/person\/c4278d4a6028830caff9ee44b42d32ed"},"breadcrumb":{"@id":"https:\/\/portaltela.pt\/noticias\/2026\/02\/12\/pedro-duarte-quer-limitar-transito-no-porto-cortes-comecam-na-praca-da-batalha\/#breadcrumb"},"inLanguage":"pt-PT","potentialAction":[{"@type":"ReadAction","target":["https:\/\/portaltela.pt\/noticias\/2026\/02\/12\/pedro-duarte-quer-limitar-transito-no-porto-cortes-comecam-na-praca-da-batalha\/"]}]},{"@type":"ImageObject","inLanguage":"pt-PT","@id":"https:\/\/portaltela.pt\/noticias\/2026\/02\/12\/pedro-duarte-quer-limitar-transito-no-porto-cortes-comecam-na-praca-da-batalha\/#primaryimage","url":"https:\/\/portaltela.pt\/s.01k8rhncp4jt1\/2026\/02\/image-951.jpg","contentUrl":"https:\/\/portaltela.pt\/s.01k8rhncp4jt1\/2026\/02\/image-951.jpg","width":796,"height":448,"caption":"Presidente da C\u00e2mara do Porto quer limitar tr\u00e2nsito autom\u00f3vel na cidade"},{"@type":"BreadcrumbList","@id":"https:\/\/portaltela.pt\/noticias\/2026\/02\/12\/pedro-duarte-quer-limitar-transito-no-porto-cortes-comecam-na-praca-da-batalha\/#breadcrumb","itemListElement":[{"@type":"ListItem","position":1,"name":"In\u00edcio","item":"https:\/\/portaltela.pt\/"},{"@type":"ListItem","position":2,"name":"Pedro Duarte quer limitar tr\u00e2nsito no Porto cortes come\u00e7am na Pra\u00e7a da Batalha"}]},{"@type":"WebSite","@id":"https:\/\/portaltela.pt\/#website","url":"https:\/\/portaltela.pt\/","name":"Portal Tela Portugal","description":"","potentialAction":[{"@type":"SearchAction","target":{"@type":"EntryPoint","urlTemplate":"https:\/\/portaltela.pt\/?s={search_term_string}"},"query-input":{"@type":"PropertyValueSpecification","valueRequired":true,"valueName":"search_term_string"}}],"inLanguage":"pt-PT"},{"@type":"Person","@id":"https:\/\/portaltela.pt\/#\/schema\/person\/c4278d4a6028830caff9ee44b42d32ed","name":"Telinha","image":{"@type":"ImageObject","inLanguage":"pt-PT","@id":"https:\/\/portaltela.pt\/s.01k8rhncp4jt1\/2025\/11\/talking-bot-125x125.png","url":"https:\/\/portaltela.pt\/s.01k8rhncp4jt1\/2025\/11\/talking-bot-125x125.png","contentUrl":"https:\/\/portaltela.pt\/s.01k8rhncp4jt1\/2025\/11\/talking-bot-125x125.png","caption":"Telinha"},"sameAs":["https:\/\/portaltela.pt\/"],"url":"https:\/\/portaltela.pt\/por\/367410592786\/"}]}},"_links":{"self":[{"href":"https:\/\/portaltela.pt\/api\/wp\/v2\/posts\/209438","targetHints":{"allow":["GET"]}}],"collection":[{"href":"https:\/\/portaltela.pt\/api\/wp\/v2\/posts"}],"about":[{"href":"https:\/\/portaltela.pt\/api\/wp\/v2\/types\/post"}],"author":[{"embeddable":true,"href":"https:\/\/portaltela.pt\/api\/wp\/v2\/users\/2"}],"replies":[{"embeddable":true,"href":"https:\/\/portaltela.pt\/api\/wp\/v2\/comments?post=209438"}],"version-history":[{"count":0,"href":"https:\/\/portaltela.pt\/api\/wp\/v2\/posts\/209438\/revisions"}],"wp:featuredmedia":[{"embeddable":true,"href":"https:\/\/portaltela.pt\/api\/wp\/v2\/media\/209447"}],"wp:attachment":[{"href":"https:\/\/portaltela.pt\/api\/wp\/v2\/media?parent=209438"}],"wp:term":[{"taxonomy":"category","embeddable":true,"href":"https:\/\/portaltela.pt\/api\/wp\/v2\/categories?post=209438"},{"taxonomy":"post_tag","embeddable":true,"href":"https:\/\/portaltela.pt\/api\/wp\/v2\/tags?post=209438"}],"curies":[{"name":"wp","href":"https:\/\/api.w.org\/{rel}","templated":true}]}}