{"id":209410,"date":"2026-02-12T07:38:00","date_gmt":"2026-02-12T10:38:00","guid":{"rendered":"https:\/\/portaltela.pt\/noticias\/2026\/02\/12\/ligacoes-de-epstein-com-bilionarios-de-silicon-valley-sob-investigacao\/"},"modified":"2026-02-12T07:38:00","modified_gmt":"2026-02-12T10:38:00","slug":"ligacoes-de-epstein-com-bilionarios-de-silicon-valley-sob-investigacao","status":"publish","type":"post","link":"https:\/\/portaltela.pt\/noticias\/internacional\/2026\/02\/12\/ligacoes-de-epstein-com-bilionarios-de-silicon-valley-sob-investigacao\/","title":{"rendered":"Liga\u00e7\u00f5es de Epstein com bilion\u00e1rios de Silicon Valley sob investiga\u00e7\u00e3o"},"content":{"rendered":"<p>Jeffrey Epstein volta a ganhar foco internacional com novos documentos que revelam liga\u00e7\u00f5es a bilion\u00e1rios de Silicon Valley e magnatas de tecnologia. As informa\u00e7\u00f5es foram tornadas p\u00fablicas por meio de ficheiros do DOJ que envolvem intera\u00e7\u00f5es entre Epstein e figuras de alto perfil. O material n\u00e3o implica crimes por parte dessas pessoas.<\/p>\n<p>Entre os nomes destacados est\u00e3o Elon Musk e Bill Gates, citados em mensagens trocadas com Epstein. O conte\u00fado n\u00e3o confirma visitas aos territ\u00f3rios de Epstein nem qualquer crime com as v\u00edtimas; aponta, apenas, liga\u00e7\u00f5es nas comunica\u00e7\u00f5es. Gates afirma ter conhecido Epstein em 2011, negando encontros sexuais ou visitas \u00e0 ilha do ped\u00f3filo.<\/p>\n<h3>Implica\u00e7\u00f5es e nomes de destaque<\/h3>\n<p>Em mar\u00e7o de 2012 e 2013, Epstein tentou atrair Musk para a ilha Little St. James, de acordo com emails do Departamento de Justi\u00e7a dos EUA. Musk, por sua vez, afirma nunca ter ido \u00e0 ilha e rejeita as mensagens associadas. O magnata nega qualquer participa\u00e7\u00e3o em atividades ilegais.<\/p>\n<p>Bill Gates \u00e9 tamb\u00e9m citado em mensagens n\u00e3o enviadas que sugerem liga\u00e7\u00f5es com Epstein, incluindo refer\u00eancias a conte\u00fados sexuais. Gates afirma ter encontrado Epstein em 2011, mantendo encontros limitados a jantares ao longo de tr\u00eas anos e negando visitas \u00e0 ilha ou envolvimento em crimes.<\/p>\n<p>Richard Branson aparece numa troca de mensagens onde Epstein agradece pela \u201chospitalidade\u201d; Branson diz que o termo utilizado se referia a tr\u00eas adultos da equipa de Epstein, aclarando o contexto. A Virgin j\u00e1 indicou que o termo foi mal interpretado e n\u00e3o envolve atividades il\u00edcitas.<\/p>\n<h3>Outras liga\u00e7\u00f5es relevantes<\/h3>\n<p>O material menciona Sergey Brin, cofundador da Google, que visitou a ilha de Epstein e discutiu jantares em Nova Iorque. Reid Hoffman, ex-presidente do LinkedIn, aparece em registos de viagens a propriedades de Epstein e encontros repetidos ao longo de anos. Hoffman afirma que esteve mais vezes com Epstein do que admitido anteriormente.<\/p>\n<p>As informa\u00e7\u00f5es divulgadas n\u00e3o indicam irregularidades verificadas nem acusa\u00e7\u00f5es formais contra as personalidades mencionadas. O conte\u00fado permanece sob an\u00e1lise de fontes oficiais, sem confirma\u00e7\u00e3o de participa\u00e7\u00e3o crime por parte dos nomes citados.<\/p>\n","protected":false},"excerpt":{"rendered":"<ul>\n<li>Documentos divulgados mostram liga\u00e7\u00f5es de Jeffrey Epstein a v\u00e1rios multimilion\u00e1rios, incluindo nomes de Silicon Valley, sem que haja acusa\u00e7\u00f5es formais at\u00e9 o momento.<\/li>\n<li>Elon Musk \u00e9 citado em mensagens de 2012 e 2013 sobre a \u201cilha dos ped\u00f3filos\u201d; o empres\u00e1rio nega ter ido ao local e desvaloriza as trocas de mensagens.<\/li>\n<li>Bill Gates aparece em mensagens e fotos; ele afirma ter conhecido Epstein em 2011, diz n\u00e3o ter visitado a ilha nem ter encontros sexuais, e reconhece que a associa\u00e7\u00e3o foi um erro.<\/li>\n<li>Richard Branson \u00e9 mencionado em mensagens onde Epstein agradece pela \u201chospitalidade\u201d; o grupo Virgin explicou que o termo \u201char\u00e9m\u201d refere-se a tr\u00eas adultos da equipa de Epstein.<\/li>\n<li>Outros nomes incluem Sergey Brin (cofundador da Google) e Reid Hoffman (LinkedIn); Brin planeou jantares na casa de Epstein e Hoffman frequentou propriedades dele, com encontros ao longo de v\u00e1rios anos.<\/li>\n<\/ul>\n","protected":false},"author":2,"featured_media":209411,"comment_status":"closed","ping_status":"closed","sticky":false,"template":"","format":"standard","meta":{"footnotes":""},"categories":[4,1],"tags":[4962,4972,215,5818,5817,153],"class_list":["post-209410","post","type-post","status-publish","format-standard","has-post-thumbnail","hentry","category-internacional","category-noticias","tag-bill-gates","tag-elon-musk","tag-investigacao","tag-reid-hoffman","tag-sergey-brin","tag-tecnologia"],"yoast_head":"<!-- This site is optimized with the Yoast SEO plugin v27.2 - https:\/\/yoast.com\/product\/yoast-seo-wordpress\/ -->\n<title>Liga\u00e7\u00f5es de Epstein com bilion\u00e1rios de Silicon Valley sob investiga\u00e7\u00e3o - Portal Tela Portugal<\/title>\n<meta name=\"robots\" content=\"index, follow, max-snippet:-1, max-image-preview:large, max-video-preview:-1\" \/>\n<meta property=\"og:locale\" content=\"pt_PT\" \/>\n<meta property=\"og:type\" content=\"article\" \/>\n<meta property=\"og:title\" content=\"Liga\u00e7\u00f5es de Epstein com bilion\u00e1rios de Silicon Valley sob investiga\u00e7\u00e3o - Portal Tela Portugal\" \/>\n<meta property=\"og:description\" content=\"Documentos divulgados mostram liga\u00e7\u00f5es de Jeffrey Epstein a v\u00e1rios multimilion\u00e1rios, incluindo nomes de Silicon Valley, sem que haja acusa\u00e7\u00f5es formais at\u00e9 o momento. Elon Musk \u00e9 citado em mensagens de 2012 e 2013 sobre a \u201cilha dos ped\u00f3filos\u201d; o empres\u00e1rio nega ter ido ao local e desvaloriza as trocas de mensagens. Bill Gates aparece em mensagens e fotos; ele afirma ter conhecido Epstein em 2011, diz n\u00e3o ter visitado a ilha nem ter encontros sexuais, e reconhece que a associa\u00e7\u00e3o foi um erro. Richard Branson \u00e9 mencionado em mensagens onde Epstein agradece pela \u201chospitalidade\u201d; o grupo Virgin explicou que o termo \u201char\u00e9m\u201d refere-se a tr\u00eas adultos da equipa de Epstein. Outros nomes incluem Sergey Brin (cofundador da Google) e Reid Hoffman (LinkedIn); Brin planeou jantares na casa de Epstein e Hoffman frequentou propriedades dele, com encontros ao longo de v\u00e1rios anos.\" \/>\n<meta property=\"og:url\" content=\"https:\/\/portaltela.pt\/noticias\/2026\/02\/12\/ligacoes-de-epstein-com-bilionarios-de-silicon-valley-sob-investigacao\/\" \/>\n<meta property=\"og:site_name\" content=\"Portal Tela Portugal\" \/>\n<meta property=\"article:published_time\" content=\"2026-02-12T10:38:00+00:00\" \/>\n<meta name=\"author\" content=\"Telinha\" \/>\n<meta name=\"twitter:card\" content=\"summary_large_image\" \/>\n<meta name=\"twitter:label1\" content=\"Escrito por\" \/>\n\t<meta name=\"twitter:data1\" content=\"Telinha\" \/>\n\t<meta name=\"twitter:label2\" content=\"Tempo estimado de leitura\" \/>\n\t<meta name=\"twitter:data2\" content=\"2 minutos\" \/>\n<script type=\"application\/ld+json\" class=\"yoast-schema-graph\">{\"@context\":\"https:\/\/schema.org\",\"@graph\":[{\"@type\":\"Article\",\"@id\":\"https:\/\/portaltela.pt\/noticias\/2026\/02\/12\/ligacoes-de-epstein-com-bilionarios-de-silicon-valley-sob-investigacao\/#article\",\"isPartOf\":{\"@id\":\"https:\/\/portaltela.pt\/noticias\/2026\/02\/12\/ligacoes-de-epstein-com-bilionarios-de-silicon-valley-sob-investigacao\/\"},\"author\":{\"name\":\"Telinha\",\"@id\":\"https:\/\/portaltela.pt\/#\/schema\/person\/c4278d4a6028830caff9ee44b42d32ed\"},\"headline\":\"Liga\u00e7\u00f5es de Epstein com bilion\u00e1rios de Silicon Valley sob investiga\u00e7\u00e3o\",\"datePublished\":\"2026-02-12T10:38:00+00:00\",\"mainEntityOfPage\":{\"@id\":\"https:\/\/portaltela.pt\/noticias\/2026\/02\/12\/ligacoes-de-epstein-com-bilionarios-de-silicon-valley-sob-investigacao\/\"},\"wordCount\":376,\"image\":{\"@id\":\"https:\/\/portaltela.pt\/noticias\/2026\/02\/12\/ligacoes-de-epstein-com-bilionarios-de-silicon-valley-sob-investigacao\/#primaryimage\"},\"thumbnailUrl\":\"https:\/\/portaltela.pt\/s.01k8rhncp4jt1\/2026\/02\/img_1280x721uu2026-02-12-10-31-03-2266445.jpg\",\"keywords\":[\"Bill Gates\",\"Elon Musk\",\"investiga\u00e7\u00e3o\",\"Reid Hoffman\",\"Sergey Brin\",\"tecnologia\"],\"articleSection\":[\"Internacional\",\"Not\u00edcias\"],\"inLanguage\":\"pt-PT\"},{\"@type\":\"WebPage\",\"@id\":\"https:\/\/portaltela.pt\/noticias\/2026\/02\/12\/ligacoes-de-epstein-com-bilionarios-de-silicon-valley-sob-investigacao\/\",\"url\":\"https:\/\/portaltela.pt\/noticias\/2026\/02\/12\/ligacoes-de-epstein-com-bilionarios-de-silicon-valley-sob-investigacao\/\",\"name\":\"Liga\u00e7\u00f5es de Epstein com bilion\u00e1rios de Silicon Valley sob investiga\u00e7\u00e3o - Portal Tela Portugal\",\"isPartOf\":{\"@id\":\"https:\/\/portaltela.pt\/#website\"},\"primaryImageOfPage\":{\"@id\":\"https:\/\/portaltela.pt\/noticias\/2026\/02\/12\/ligacoes-de-epstein-com-bilionarios-de-silicon-valley-sob-investigacao\/#primaryimage\"},\"image\":{\"@id\":\"https:\/\/portaltela.pt\/noticias\/2026\/02\/12\/ligacoes-de-epstein-com-bilionarios-de-silicon-valley-sob-investigacao\/#primaryimage\"},\"thumbnailUrl\":\"https:\/\/portaltela.pt\/s.01k8rhncp4jt1\/2026\/02\/img_1280x721uu2026-02-12-10-31-03-2266445.jpg\",\"datePublished\":\"2026-02-12T10:38:00+00:00\",\"author\":{\"@id\":\"https:\/\/portaltela.pt\/#\/schema\/person\/c4278d4a6028830caff9ee44b42d32ed\"},\"breadcrumb\":{\"@id\":\"https:\/\/portaltela.pt\/noticias\/2026\/02\/12\/ligacoes-de-epstein-com-bilionarios-de-silicon-valley-sob-investigacao\/#breadcrumb\"},\"inLanguage\":\"pt-PT\",\"potentialAction\":[{\"@type\":\"ReadAction\",\"target\":[\"https:\/\/portaltela.pt\/noticias\/2026\/02\/12\/ligacoes-de-epstein-com-bilionarios-de-silicon-valley-sob-investigacao\/\"]}]},{\"@type\":\"ImageObject\",\"inLanguage\":\"pt-PT\",\"@id\":\"https:\/\/portaltela.pt\/noticias\/2026\/02\/12\/ligacoes-de-epstein-com-bilionarios-de-silicon-valley-sob-investigacao\/#primaryimage\",\"url\":\"https:\/\/portaltela.pt\/s.01k8rhncp4jt1\/2026\/02\/img_1280x721uu2026-02-12-10-31-03-2266445.jpg\",\"contentUrl\":\"https:\/\/portaltela.pt\/s.01k8rhncp4jt1\/2026\/02\/img_1280x721uu2026-02-12-10-31-03-2266445.jpg\",\"width\":796,\"height\":448,\"caption\":\"Elon Musk\"},{\"@type\":\"BreadcrumbList\",\"@id\":\"https:\/\/portaltela.pt\/noticias\/2026\/02\/12\/ligacoes-de-epstein-com-bilionarios-de-silicon-valley-sob-investigacao\/#breadcrumb\",\"itemListElement\":[{\"@type\":\"ListItem\",\"position\":1,\"name\":\"In\u00edcio\",\"item\":\"https:\/\/portaltela.pt\/\"},{\"@type\":\"ListItem\",\"position\":2,\"name\":\"Liga\u00e7\u00f5es de Epstein com bilion\u00e1rios de Silicon Valley sob investiga\u00e7\u00e3o\"}]},{\"@type\":\"WebSite\",\"@id\":\"https:\/\/portaltela.pt\/#website\",\"url\":\"https:\/\/portaltela.pt\/\",\"name\":\"Portal Tela Portugal\",\"description\":\"\",\"potentialAction\":[{\"@type\":\"SearchAction\",\"target\":{\"@type\":\"EntryPoint\",\"urlTemplate\":\"https:\/\/portaltela.pt\/?s={search_term_string}\"},\"query-input\":{\"@type\":\"PropertyValueSpecification\",\"valueRequired\":true,\"valueName\":\"search_term_string\"}}],\"inLanguage\":\"pt-PT\"},{\"@type\":\"Person\",\"@id\":\"https:\/\/portaltela.pt\/#\/schema\/person\/c4278d4a6028830caff9ee44b42d32ed\",\"name\":\"Telinha\",\"image\":{\"@type\":\"ImageObject\",\"inLanguage\":\"pt-PT\",\"@id\":\"https:\/\/portaltela.pt\/s.01k8rhncp4jt1\/2025\/11\/talking-bot-125x125.png\",\"url\":\"https:\/\/portaltela.pt\/s.01k8rhncp4jt1\/2025\/11\/talking-bot-125x125.png\",\"contentUrl\":\"https:\/\/portaltela.pt\/s.01k8rhncp4jt1\/2025\/11\/talking-bot-125x125.png\",\"caption\":\"Telinha\"},\"sameAs\":[\"https:\/\/portaltela.pt\/\"],\"url\":\"https:\/\/portaltela.pt\/por\/367410592786\/\"}]}<\/script>\n<!-- \/ Yoast SEO plugin. -->","yoast_head_json":{"title":"Liga\u00e7\u00f5es de Epstein com bilion\u00e1rios de Silicon Valley sob investiga\u00e7\u00e3o - Portal Tela Portugal","robots":{"index":"index","follow":"follow","max-snippet":"max-snippet:-1","max-image-preview":"max-image-preview:large","max-video-preview":"max-video-preview:-1"},"og_locale":"pt_PT","og_type":"article","og_title":"Liga\u00e7\u00f5es de Epstein com bilion\u00e1rios de Silicon Valley sob investiga\u00e7\u00e3o - Portal Tela Portugal","og_description":"Documentos divulgados mostram liga\u00e7\u00f5es de Jeffrey Epstein a v\u00e1rios multimilion\u00e1rios, incluindo nomes de Silicon Valley, sem que haja acusa\u00e7\u00f5es formais at\u00e9 o momento. Elon Musk \u00e9 citado em mensagens de 2012 e 2013 sobre a \u201cilha dos ped\u00f3filos\u201d; o empres\u00e1rio nega ter ido ao local e desvaloriza as trocas de mensagens. Bill Gates aparece em mensagens e fotos; ele afirma ter conhecido Epstein em 2011, diz n\u00e3o ter visitado a ilha nem ter encontros sexuais, e reconhece que a associa\u00e7\u00e3o foi um erro. Richard Branson \u00e9 mencionado em mensagens onde Epstein agradece pela \u201chospitalidade\u201d; o grupo Virgin explicou que o termo \u201char\u00e9m\u201d refere-se a tr\u00eas adultos da equipa de Epstein. Outros nomes incluem Sergey Brin (cofundador da Google) e Reid Hoffman (LinkedIn); Brin planeou jantares na casa de Epstein e Hoffman frequentou propriedades dele, com encontros ao longo de v\u00e1rios anos.","og_url":"https:\/\/portaltela.pt\/noticias\/2026\/02\/12\/ligacoes-de-epstein-com-bilionarios-de-silicon-valley-sob-investigacao\/","og_site_name":"Portal Tela Portugal","article_published_time":"2026-02-12T10:38:00+00:00","author":"Telinha","twitter_card":"summary_large_image","twitter_misc":{"Escrito por":"Telinha","Tempo estimado de leitura":"2 minutos"},"schema":{"@context":"https:\/\/schema.org","@graph":[{"@type":"Article","@id":"https:\/\/portaltela.pt\/noticias\/2026\/02\/12\/ligacoes-de-epstein-com-bilionarios-de-silicon-valley-sob-investigacao\/#article","isPartOf":{"@id":"https:\/\/portaltela.pt\/noticias\/2026\/02\/12\/ligacoes-de-epstein-com-bilionarios-de-silicon-valley-sob-investigacao\/"},"author":{"name":"Telinha","@id":"https:\/\/portaltela.pt\/#\/schema\/person\/c4278d4a6028830caff9ee44b42d32ed"},"headline":"Liga\u00e7\u00f5es de Epstein com bilion\u00e1rios de Silicon Valley sob investiga\u00e7\u00e3o","datePublished":"2026-02-12T10:38:00+00:00","mainEntityOfPage":{"@id":"https:\/\/portaltela.pt\/noticias\/2026\/02\/12\/ligacoes-de-epstein-com-bilionarios-de-silicon-valley-sob-investigacao\/"},"wordCount":376,"image":{"@id":"https:\/\/portaltela.pt\/noticias\/2026\/02\/12\/ligacoes-de-epstein-com-bilionarios-de-silicon-valley-sob-investigacao\/#primaryimage"},"thumbnailUrl":"https:\/\/portaltela.pt\/s.01k8rhncp4jt1\/2026\/02\/img_1280x721uu2026-02-12-10-31-03-2266445.jpg","keywords":["Bill Gates","Elon Musk","investiga\u00e7\u00e3o","Reid Hoffman","Sergey Brin","tecnologia"],"articleSection":["Internacional","Not\u00edcias"],"inLanguage":"pt-PT"},{"@type":"WebPage","@id":"https:\/\/portaltela.pt\/noticias\/2026\/02\/12\/ligacoes-de-epstein-com-bilionarios-de-silicon-valley-sob-investigacao\/","url":"https:\/\/portaltela.pt\/noticias\/2026\/02\/12\/ligacoes-de-epstein-com-bilionarios-de-silicon-valley-sob-investigacao\/","name":"Liga\u00e7\u00f5es de Epstein com bilion\u00e1rios de Silicon Valley sob investiga\u00e7\u00e3o - Portal Tela Portugal","isPartOf":{"@id":"https:\/\/portaltela.pt\/#website"},"primaryImageOfPage":{"@id":"https:\/\/portaltela.pt\/noticias\/2026\/02\/12\/ligacoes-de-epstein-com-bilionarios-de-silicon-valley-sob-investigacao\/#primaryimage"},"image":{"@id":"https:\/\/portaltela.pt\/noticias\/2026\/02\/12\/ligacoes-de-epstein-com-bilionarios-de-silicon-valley-sob-investigacao\/#primaryimage"},"thumbnailUrl":"https:\/\/portaltela.pt\/s.01k8rhncp4jt1\/2026\/02\/img_1280x721uu2026-02-12-10-31-03-2266445.jpg","datePublished":"2026-02-12T10:38:00+00:00","author":{"@id":"https:\/\/portaltela.pt\/#\/schema\/person\/c4278d4a6028830caff9ee44b42d32ed"},"breadcrumb":{"@id":"https:\/\/portaltela.pt\/noticias\/2026\/02\/12\/ligacoes-de-epstein-com-bilionarios-de-silicon-valley-sob-investigacao\/#breadcrumb"},"inLanguage":"pt-PT","potentialAction":[{"@type":"ReadAction","target":["https:\/\/portaltela.pt\/noticias\/2026\/02\/12\/ligacoes-de-epstein-com-bilionarios-de-silicon-valley-sob-investigacao\/"]}]},{"@type":"ImageObject","inLanguage":"pt-PT","@id":"https:\/\/portaltela.pt\/noticias\/2026\/02\/12\/ligacoes-de-epstein-com-bilionarios-de-silicon-valley-sob-investigacao\/#primaryimage","url":"https:\/\/portaltela.pt\/s.01k8rhncp4jt1\/2026\/02\/img_1280x721uu2026-02-12-10-31-03-2266445.jpg","contentUrl":"https:\/\/portaltela.pt\/s.01k8rhncp4jt1\/2026\/02\/img_1280x721uu2026-02-12-10-31-03-2266445.jpg","width":796,"height":448,"caption":"Elon Musk"},{"@type":"BreadcrumbList","@id":"https:\/\/portaltela.pt\/noticias\/2026\/02\/12\/ligacoes-de-epstein-com-bilionarios-de-silicon-valley-sob-investigacao\/#breadcrumb","itemListElement":[{"@type":"ListItem","position":1,"name":"In\u00edcio","item":"https:\/\/portaltela.pt\/"},{"@type":"ListItem","position":2,"name":"Liga\u00e7\u00f5es de Epstein com bilion\u00e1rios de Silicon Valley sob investiga\u00e7\u00e3o"}]},{"@type":"WebSite","@id":"https:\/\/portaltela.pt\/#website","url":"https:\/\/portaltela.pt\/","name":"Portal Tela Portugal","description":"","potentialAction":[{"@type":"SearchAction","target":{"@type":"EntryPoint","urlTemplate":"https:\/\/portaltela.pt\/?s={search_term_string}"},"query-input":{"@type":"PropertyValueSpecification","valueRequired":true,"valueName":"search_term_string"}}],"inLanguage":"pt-PT"},{"@type":"Person","@id":"https:\/\/portaltela.pt\/#\/schema\/person\/c4278d4a6028830caff9ee44b42d32ed","name":"Telinha","image":{"@type":"ImageObject","inLanguage":"pt-PT","@id":"https:\/\/portaltela.pt\/s.01k8rhncp4jt1\/2025\/11\/talking-bot-125x125.png","url":"https:\/\/portaltela.pt\/s.01k8rhncp4jt1\/2025\/11\/talking-bot-125x125.png","contentUrl":"https:\/\/portaltela.pt\/s.01k8rhncp4jt1\/2025\/11\/talking-bot-125x125.png","caption":"Telinha"},"sameAs":["https:\/\/portaltela.pt\/"],"url":"https:\/\/portaltela.pt\/por\/367410592786\/"}]}},"_links":{"self":[{"href":"https:\/\/portaltela.pt\/api\/wp\/v2\/posts\/209410","targetHints":{"allow":["GET"]}}],"collection":[{"href":"https:\/\/portaltela.pt\/api\/wp\/v2\/posts"}],"about":[{"href":"https:\/\/portaltela.pt\/api\/wp\/v2\/types\/post"}],"author":[{"embeddable":true,"href":"https:\/\/portaltela.pt\/api\/wp\/v2\/users\/2"}],"replies":[{"embeddable":true,"href":"https:\/\/portaltela.pt\/api\/wp\/v2\/comments?post=209410"}],"version-history":[{"count":0,"href":"https:\/\/portaltela.pt\/api\/wp\/v2\/posts\/209410\/revisions"}],"wp:featuredmedia":[{"embeddable":true,"href":"https:\/\/portaltela.pt\/api\/wp\/v2\/media\/209411"}],"wp:attachment":[{"href":"https:\/\/portaltela.pt\/api\/wp\/v2\/media?parent=209410"}],"wp:term":[{"taxonomy":"category","embeddable":true,"href":"https:\/\/portaltela.pt\/api\/wp\/v2\/categories?post=209410"},{"taxonomy":"post_tag","embeddable":true,"href":"https:\/\/portaltela.pt\/api\/wp\/v2\/tags?post=209410"}],"curies":[{"name":"wp","href":"https:\/\/api.w.org\/{rel}","templated":true}]}}