{"id":209376,"date":"2026-02-12T07:22:29","date_gmt":"2026-02-12T10:22:29","guid":{"rendered":"https:\/\/portaltela.pt\/noticias\/2026\/02\/12\/as-consequencias-negativas-de-trabalhar-a-noite\/"},"modified":"2026-02-12T07:22:29","modified_gmt":"2026-02-12T10:22:29","slug":"as-consequencias-negativas-de-trabalhar-a-noite","status":"publish","type":"post","link":"https:\/\/portaltela.pt\/noticias\/2026\/02\/12\/as-consequencias-negativas-de-trabalhar-a-noite\/","title":{"rendered":"As consequ\u00eancias negativas de trabalhar \u00e0 noite"},"content":{"rendered":"<p>Pessoas que trabalham durante a noite enfrentam impactos significativos no corpo, tanto a curto como a longo prazo. O rel\u00f3gio biol\u00f3gico reage \u00e0 melatonina, horm\u00f4nio que ajuda a preparar o sono, quando anoitece. A atividade laboral noturna come\u00e7a num momento em que o corpo se prepara para descansar.<\/p>\n<p>Especialistas em medicina do trabalho, citados pelo El Espa\u00f1ol, indicam que os ritmos circadianos s\u00e3o est\u00e1veis e que a nocturnidade contraria esse ciclo. O resultado \u00e9 maior cansa\u00e7o e fadiga em quem trabalha durante a noite, face ao sono diurno menos reparador.<\/p>\n<h3>Efeitos no sono e no humor<\/h3>\n<p>Para descansar de forma mais eficaz, evita-se o consumo de estimulantes no in\u00edcio do turno. Ao chegar a casa, recomenda-se um espa\u00e7o escuro, silencioso e evitar a utiliza\u00e7\u00e3o constante do telem\u00f3vel.<\/p>\n<h3>Consequ\u00eancias a curto prazo<\/h3>\n<p>Entre os efeitos mais comuns est\u00e3o dificuldade de adormecer, problemas de concentra\u00e7\u00e3o, altera\u00e7\u00f5es de humor, dores de cabe\u00e7a e dist\u00farbios digestivos. Estes sinais surgem com maior frequ\u00eancia entre quem trabalha \u00e0 noite.<\/p>\n<h3>Riscos a longo prazo e estilo de vida<\/h3>\n<p>A m\u00e9dio prazo podem ocorrer altera\u00e7\u00f5es no peso, altera\u00e7\u00f5es no metabolismo e conv\u00e9m ficar atento a altera\u00e7\u00f5es nos n\u00edveis hormonais, incluindo o estrog\u00e9nio. As rela\u00e7\u00f5es sociais costumam sofrer devido a hor\u00e1rios divergentes.<\/p>\n<h3>Alimenta\u00e7\u00e3o e equil\u00edbrio<\/h3>\n<p>Uma alimenta\u00e7\u00e3o equilibrada \u00e9 essencial para mitigar os efeitos da nocturnidade. Manter rotinas di\u00e1rias, hidratar-se e planejar refei\u00e7\u00f5es ajuda a reduzir o impacto no dia seguinte.<\/p>\n","protected":false},"excerpt":{"rendered":"<ul>\n<li>Trabalhar \u00e0 noite desvia o rel\u00f3gio biol\u00f3gico do corpo, que se prepara para dormir, aumentando a fadiga e afetando o funcionamento nervoso e fisiol\u00f3gico.<\/li>\n<li>Os ritmos circadianos s\u00e3o est\u00e1veis; iniciar a jornada noturna contraria esse ciclo, com efeitos a curto e longo prazo.<\/li>\n<li>Quem trabalha \u00e0 noite costuma sentir mais fadiga e sono diurno menos reparador, o que eleva o stress; evitar estimulantes como caf\u00e9 nas primeiras horas de trabalho.<\/li>\n<li>A curto prazo podem ocorrer dificuldades para adormecer, concentra\u00e7\u00e3o, mem\u00f3ria, dores de cabe\u00e7a e altera\u00e7\u00f5es de humor; a longo prazo existem riscos de problemas cardiovasculares, dist\u00farbios alimentares e altera\u00e7\u00f5es nos n\u00edveis de estrog\u00e9nio.<\/li>\n<li>O isolamento social pode ocorrer; \u00e9 importante manter rotinas di\u00e1rias e uma alimenta\u00e7\u00e3o equilibrada para mitigar os impactos.<\/li>\n<\/ul>\n","protected":false},"author":2,"featured_media":209383,"comment_status":"closed","ping_status":"closed","sticky":false,"template":"","format":"standard","meta":{"footnotes":""},"categories":[1],"tags":[86,3131,3901,4806,172,2201],"class_list":["post-209376","post","type-post","status-publish","format-standard","has-post-thumbnail","hentry","category-noticias","tag-alimentacao","tag-disturbios","tag-horarios","tag-hormonas-e-endocrinas","tag-saude","tag-trabalho"],"yoast_head":"<!-- This site is optimized with the Yoast SEO plugin v27.2 - https:\/\/yoast.com\/product\/yoast-seo-wordpress\/ -->\n<title>As consequ\u00eancias negativas de trabalhar \u00e0 noite - Portal Tela Portugal<\/title>\n<meta name=\"robots\" content=\"index, follow, max-snippet:-1, max-image-preview:large, max-video-preview:-1\" \/>\n<meta property=\"og:locale\" content=\"pt_PT\" \/>\n<meta property=\"og:type\" content=\"article\" \/>\n<meta property=\"og:title\" content=\"As consequ\u00eancias negativas de trabalhar \u00e0 noite - Portal Tela Portugal\" \/>\n<meta property=\"og:description\" content=\"Trabalhar \u00e0 noite desvia o rel\u00f3gio biol\u00f3gico do corpo, que se prepara para dormir, aumentando a fadiga e afetando o funcionamento nervoso e fisiol\u00f3gico. Os ritmos circadianos s\u00e3o est\u00e1veis; iniciar a jornada noturna contraria esse ciclo, com efeitos a curto e longo prazo. Quem trabalha \u00e0 noite costuma sentir mais fadiga e sono diurno menos reparador, o que eleva o stress; evitar estimulantes como caf\u00e9 nas primeiras horas de trabalho. A curto prazo podem ocorrer dificuldades para adormecer, concentra\u00e7\u00e3o, mem\u00f3ria, dores de cabe\u00e7a e altera\u00e7\u00f5es de humor; a longo prazo existem riscos de problemas cardiovasculares, dist\u00farbios alimentares e altera\u00e7\u00f5es nos n\u00edveis de estrog\u00e9nio. O isolamento social pode ocorrer; \u00e9 importante manter rotinas di\u00e1rias e uma alimenta\u00e7\u00e3o equilibrada para mitigar os impactos.\" \/>\n<meta property=\"og:url\" content=\"https:\/\/portaltela.pt\/noticias\/2026\/02\/12\/as-consequencias-negativas-de-trabalhar-a-noite\/\" \/>\n<meta property=\"og:site_name\" content=\"Portal Tela Portugal\" \/>\n<meta property=\"article:published_time\" content=\"2026-02-12T10:22:29+00:00\" \/>\n<meta name=\"author\" content=\"Telinha\" \/>\n<meta name=\"twitter:card\" content=\"summary_large_image\" \/>\n<meta name=\"twitter:label1\" content=\"Escrito por\" \/>\n\t<meta name=\"twitter:data1\" content=\"Telinha\" \/>\n\t<meta name=\"twitter:label2\" content=\"Tempo estimado de leitura\" \/>\n\t<meta name=\"twitter:data2\" content=\"1 minuto\" \/>\n<script type=\"application\/ld+json\" class=\"yoast-schema-graph\">{\"@context\":\"https:\/\/schema.org\",\"@graph\":[{\"@type\":\"Article\",\"@id\":\"https:\/\/portaltela.pt\/noticias\/2026\/02\/12\/as-consequencias-negativas-de-trabalhar-a-noite\/#article\",\"isPartOf\":{\"@id\":\"https:\/\/portaltela.pt\/noticias\/2026\/02\/12\/as-consequencias-negativas-de-trabalhar-a-noite\/\"},\"author\":{\"name\":\"Telinha\",\"@id\":\"https:\/\/portaltela.pt\/#\/schema\/person\/c4278d4a6028830caff9ee44b42d32ed\"},\"headline\":\"As consequ\u00eancias negativas de trabalhar \u00e0 noite\",\"datePublished\":\"2026-02-12T10:22:29+00:00\",\"mainEntityOfPage\":{\"@id\":\"https:\/\/portaltela.pt\/noticias\/2026\/02\/12\/as-consequencias-negativas-de-trabalhar-a-noite\/\"},\"wordCount\":268,\"image\":{\"@id\":\"https:\/\/portaltela.pt\/noticias\/2026\/02\/12\/as-consequencias-negativas-de-trabalhar-a-noite\/#primaryimage\"},\"thumbnailUrl\":\"https:\/\/portaltela.pt\/s.01k8rhncp4jt1\/2026\/02\/img_1500x1000uu2014-06-06-12-16-00-160289.jpg\",\"keywords\":[\"alimenta\u00e7\u00e3o\",\"dist\u00farbios\",\"hor\u00e1rios\",\"hormonas e end\u00f3crinas\",\"sa\u00fade\",\"trabalho\"],\"articleSection\":[\"Not\u00edcias\"],\"inLanguage\":\"pt-PT\"},{\"@type\":\"WebPage\",\"@id\":\"https:\/\/portaltela.pt\/noticias\/2026\/02\/12\/as-consequencias-negativas-de-trabalhar-a-noite\/\",\"url\":\"https:\/\/portaltela.pt\/noticias\/2026\/02\/12\/as-consequencias-negativas-de-trabalhar-a-noite\/\",\"name\":\"As consequ\u00eancias negativas de trabalhar \u00e0 noite - Portal Tela Portugal\",\"isPartOf\":{\"@id\":\"https:\/\/portaltela.pt\/#website\"},\"primaryImageOfPage\":{\"@id\":\"https:\/\/portaltela.pt\/noticias\/2026\/02\/12\/as-consequencias-negativas-de-trabalhar-a-noite\/#primaryimage\"},\"image\":{\"@id\":\"https:\/\/portaltela.pt\/noticias\/2026\/02\/12\/as-consequencias-negativas-de-trabalhar-a-noite\/#primaryimage\"},\"thumbnailUrl\":\"https:\/\/portaltela.pt\/s.01k8rhncp4jt1\/2026\/02\/img_1500x1000uu2014-06-06-12-16-00-160289.jpg\",\"datePublished\":\"2026-02-12T10:22:29+00:00\",\"author\":{\"@id\":\"https:\/\/portaltela.pt\/#\/schema\/person\/c4278d4a6028830caff9ee44b42d32ed\"},\"breadcrumb\":{\"@id\":\"https:\/\/portaltela.pt\/noticias\/2026\/02\/12\/as-consequencias-negativas-de-trabalhar-a-noite\/#breadcrumb\"},\"inLanguage\":\"pt-PT\",\"potentialAction\":[{\"@type\":\"ReadAction\",\"target\":[\"https:\/\/portaltela.pt\/noticias\/2026\/02\/12\/as-consequencias-negativas-de-trabalhar-a-noite\/\"]}]},{\"@type\":\"ImageObject\",\"inLanguage\":\"pt-PT\",\"@id\":\"https:\/\/portaltela.pt\/noticias\/2026\/02\/12\/as-consequencias-negativas-de-trabalhar-a-noite\/#primaryimage\",\"url\":\"https:\/\/portaltela.pt\/s.01k8rhncp4jt1\/2026\/02\/img_1500x1000uu2014-06-06-12-16-00-160289.jpg\",\"contentUrl\":\"https:\/\/portaltela.pt\/s.01k8rhncp4jt1\/2026\/02\/img_1500x1000uu2014-06-06-12-16-00-160289.jpg\",\"width\":796,\"height\":448,\"caption\":\"Trabalho por turnos\"},{\"@type\":\"BreadcrumbList\",\"@id\":\"https:\/\/portaltela.pt\/noticias\/2026\/02\/12\/as-consequencias-negativas-de-trabalhar-a-noite\/#breadcrumb\",\"itemListElement\":[{\"@type\":\"ListItem\",\"position\":1,\"name\":\"In\u00edcio\",\"item\":\"https:\/\/portaltela.pt\/\"},{\"@type\":\"ListItem\",\"position\":2,\"name\":\"As consequ\u00eancias negativas de trabalhar \u00e0 noite\"}]},{\"@type\":\"WebSite\",\"@id\":\"https:\/\/portaltela.pt\/#website\",\"url\":\"https:\/\/portaltela.pt\/\",\"name\":\"Portal Tela Portugal\",\"description\":\"\",\"potentialAction\":[{\"@type\":\"SearchAction\",\"target\":{\"@type\":\"EntryPoint\",\"urlTemplate\":\"https:\/\/portaltela.pt\/?s={search_term_string}\"},\"query-input\":{\"@type\":\"PropertyValueSpecification\",\"valueRequired\":true,\"valueName\":\"search_term_string\"}}],\"inLanguage\":\"pt-PT\"},{\"@type\":\"Person\",\"@id\":\"https:\/\/portaltela.pt\/#\/schema\/person\/c4278d4a6028830caff9ee44b42d32ed\",\"name\":\"Telinha\",\"image\":{\"@type\":\"ImageObject\",\"inLanguage\":\"pt-PT\",\"@id\":\"https:\/\/portaltela.pt\/s.01k8rhncp4jt1\/2025\/11\/talking-bot-125x125.png\",\"url\":\"https:\/\/portaltela.pt\/s.01k8rhncp4jt1\/2025\/11\/talking-bot-125x125.png\",\"contentUrl\":\"https:\/\/portaltela.pt\/s.01k8rhncp4jt1\/2025\/11\/talking-bot-125x125.png\",\"caption\":\"Telinha\"},\"sameAs\":[\"https:\/\/portaltela.pt\/\"],\"url\":\"https:\/\/portaltela.pt\/por\/367410592786\/\"}]}<\/script>\n<!-- \/ Yoast SEO plugin. -->","yoast_head_json":{"title":"As consequ\u00eancias negativas de trabalhar \u00e0 noite - Portal Tela Portugal","robots":{"index":"index","follow":"follow","max-snippet":"max-snippet:-1","max-image-preview":"max-image-preview:large","max-video-preview":"max-video-preview:-1"},"og_locale":"pt_PT","og_type":"article","og_title":"As consequ\u00eancias negativas de trabalhar \u00e0 noite - Portal Tela Portugal","og_description":"Trabalhar \u00e0 noite desvia o rel\u00f3gio biol\u00f3gico do corpo, que se prepara para dormir, aumentando a fadiga e afetando o funcionamento nervoso e fisiol\u00f3gico. Os ritmos circadianos s\u00e3o est\u00e1veis; iniciar a jornada noturna contraria esse ciclo, com efeitos a curto e longo prazo. Quem trabalha \u00e0 noite costuma sentir mais fadiga e sono diurno menos reparador, o que eleva o stress; evitar estimulantes como caf\u00e9 nas primeiras horas de trabalho. A curto prazo podem ocorrer dificuldades para adormecer, concentra\u00e7\u00e3o, mem\u00f3ria, dores de cabe\u00e7a e altera\u00e7\u00f5es de humor; a longo prazo existem riscos de problemas cardiovasculares, dist\u00farbios alimentares e altera\u00e7\u00f5es nos n\u00edveis de estrog\u00e9nio. O isolamento social pode ocorrer; \u00e9 importante manter rotinas di\u00e1rias e uma alimenta\u00e7\u00e3o equilibrada para mitigar os impactos.","og_url":"https:\/\/portaltela.pt\/noticias\/2026\/02\/12\/as-consequencias-negativas-de-trabalhar-a-noite\/","og_site_name":"Portal Tela Portugal","article_published_time":"2026-02-12T10:22:29+00:00","author":"Telinha","twitter_card":"summary_large_image","twitter_misc":{"Escrito por":"Telinha","Tempo estimado de leitura":"1 minuto"},"schema":{"@context":"https:\/\/schema.org","@graph":[{"@type":"Article","@id":"https:\/\/portaltela.pt\/noticias\/2026\/02\/12\/as-consequencias-negativas-de-trabalhar-a-noite\/#article","isPartOf":{"@id":"https:\/\/portaltela.pt\/noticias\/2026\/02\/12\/as-consequencias-negativas-de-trabalhar-a-noite\/"},"author":{"name":"Telinha","@id":"https:\/\/portaltela.pt\/#\/schema\/person\/c4278d4a6028830caff9ee44b42d32ed"},"headline":"As consequ\u00eancias negativas de trabalhar \u00e0 noite","datePublished":"2026-02-12T10:22:29+00:00","mainEntityOfPage":{"@id":"https:\/\/portaltela.pt\/noticias\/2026\/02\/12\/as-consequencias-negativas-de-trabalhar-a-noite\/"},"wordCount":268,"image":{"@id":"https:\/\/portaltela.pt\/noticias\/2026\/02\/12\/as-consequencias-negativas-de-trabalhar-a-noite\/#primaryimage"},"thumbnailUrl":"https:\/\/portaltela.pt\/s.01k8rhncp4jt1\/2026\/02\/img_1500x1000uu2014-06-06-12-16-00-160289.jpg","keywords":["alimenta\u00e7\u00e3o","dist\u00farbios","hor\u00e1rios","hormonas e end\u00f3crinas","sa\u00fade","trabalho"],"articleSection":["Not\u00edcias"],"inLanguage":"pt-PT"},{"@type":"WebPage","@id":"https:\/\/portaltela.pt\/noticias\/2026\/02\/12\/as-consequencias-negativas-de-trabalhar-a-noite\/","url":"https:\/\/portaltela.pt\/noticias\/2026\/02\/12\/as-consequencias-negativas-de-trabalhar-a-noite\/","name":"As consequ\u00eancias negativas de trabalhar \u00e0 noite - Portal Tela Portugal","isPartOf":{"@id":"https:\/\/portaltela.pt\/#website"},"primaryImageOfPage":{"@id":"https:\/\/portaltela.pt\/noticias\/2026\/02\/12\/as-consequencias-negativas-de-trabalhar-a-noite\/#primaryimage"},"image":{"@id":"https:\/\/portaltela.pt\/noticias\/2026\/02\/12\/as-consequencias-negativas-de-trabalhar-a-noite\/#primaryimage"},"thumbnailUrl":"https:\/\/portaltela.pt\/s.01k8rhncp4jt1\/2026\/02\/img_1500x1000uu2014-06-06-12-16-00-160289.jpg","datePublished":"2026-02-12T10:22:29+00:00","author":{"@id":"https:\/\/portaltela.pt\/#\/schema\/person\/c4278d4a6028830caff9ee44b42d32ed"},"breadcrumb":{"@id":"https:\/\/portaltela.pt\/noticias\/2026\/02\/12\/as-consequencias-negativas-de-trabalhar-a-noite\/#breadcrumb"},"inLanguage":"pt-PT","potentialAction":[{"@type":"ReadAction","target":["https:\/\/portaltela.pt\/noticias\/2026\/02\/12\/as-consequencias-negativas-de-trabalhar-a-noite\/"]}]},{"@type":"ImageObject","inLanguage":"pt-PT","@id":"https:\/\/portaltela.pt\/noticias\/2026\/02\/12\/as-consequencias-negativas-de-trabalhar-a-noite\/#primaryimage","url":"https:\/\/portaltela.pt\/s.01k8rhncp4jt1\/2026\/02\/img_1500x1000uu2014-06-06-12-16-00-160289.jpg","contentUrl":"https:\/\/portaltela.pt\/s.01k8rhncp4jt1\/2026\/02\/img_1500x1000uu2014-06-06-12-16-00-160289.jpg","width":796,"height":448,"caption":"Trabalho por turnos"},{"@type":"BreadcrumbList","@id":"https:\/\/portaltela.pt\/noticias\/2026\/02\/12\/as-consequencias-negativas-de-trabalhar-a-noite\/#breadcrumb","itemListElement":[{"@type":"ListItem","position":1,"name":"In\u00edcio","item":"https:\/\/portaltela.pt\/"},{"@type":"ListItem","position":2,"name":"As consequ\u00eancias negativas de trabalhar \u00e0 noite"}]},{"@type":"WebSite","@id":"https:\/\/portaltela.pt\/#website","url":"https:\/\/portaltela.pt\/","name":"Portal Tela Portugal","description":"","potentialAction":[{"@type":"SearchAction","target":{"@type":"EntryPoint","urlTemplate":"https:\/\/portaltela.pt\/?s={search_term_string}"},"query-input":{"@type":"PropertyValueSpecification","valueRequired":true,"valueName":"search_term_string"}}],"inLanguage":"pt-PT"},{"@type":"Person","@id":"https:\/\/portaltela.pt\/#\/schema\/person\/c4278d4a6028830caff9ee44b42d32ed","name":"Telinha","image":{"@type":"ImageObject","inLanguage":"pt-PT","@id":"https:\/\/portaltela.pt\/s.01k8rhncp4jt1\/2025\/11\/talking-bot-125x125.png","url":"https:\/\/portaltela.pt\/s.01k8rhncp4jt1\/2025\/11\/talking-bot-125x125.png","contentUrl":"https:\/\/portaltela.pt\/s.01k8rhncp4jt1\/2025\/11\/talking-bot-125x125.png","caption":"Telinha"},"sameAs":["https:\/\/portaltela.pt\/"],"url":"https:\/\/portaltela.pt\/por\/367410592786\/"}]}},"_links":{"self":[{"href":"https:\/\/portaltela.pt\/api\/wp\/v2\/posts\/209376","targetHints":{"allow":["GET"]}}],"collection":[{"href":"https:\/\/portaltela.pt\/api\/wp\/v2\/posts"}],"about":[{"href":"https:\/\/portaltela.pt\/api\/wp\/v2\/types\/post"}],"author":[{"embeddable":true,"href":"https:\/\/portaltela.pt\/api\/wp\/v2\/users\/2"}],"replies":[{"embeddable":true,"href":"https:\/\/portaltela.pt\/api\/wp\/v2\/comments?post=209376"}],"version-history":[{"count":0,"href":"https:\/\/portaltela.pt\/api\/wp\/v2\/posts\/209376\/revisions"}],"wp:featuredmedia":[{"embeddable":true,"href":"https:\/\/portaltela.pt\/api\/wp\/v2\/media\/209383"}],"wp:attachment":[{"href":"https:\/\/portaltela.pt\/api\/wp\/v2\/media?parent=209376"}],"wp:term":[{"taxonomy":"category","embeddable":true,"href":"https:\/\/portaltela.pt\/api\/wp\/v2\/categories?post=209376"},{"taxonomy":"post_tag","embeddable":true,"href":"https:\/\/portaltela.pt\/api\/wp\/v2\/tags?post=209376"}],"curies":[{"name":"wp","href":"https:\/\/api.w.org\/{rel}","templated":true}]}}