{"id":209375,"date":"2026-02-12T07:23:23","date_gmt":"2026-02-12T10:23:23","guid":{"rendered":"https:\/\/portaltela.pt\/noticias\/2026\/02\/12\/homem-detido-em-serpa-fica-em-prisao-preventiva-por-agressao-a-companheira\/"},"modified":"2026-02-12T07:23:23","modified_gmt":"2026-02-12T10:23:23","slug":"homem-detido-em-serpa-fica-em-prisao-preventiva-por-agressao-a-companheira","status":"publish","type":"post","link":"https:\/\/portaltela.pt\/noticias\/2026\/02\/12\/homem-detido-em-serpa-fica-em-prisao-preventiva-por-agressao-a-companheira\/","title":{"rendered":"Homem detido em Serpa fica em pris\u00e3o preventiva por agress\u00e3o \u00e0 companheira"},"content":{"rendered":"<p>Um homem de 36 anos foi detido pela GNR em Serpa, ficando em pris\u00e3o preventiva por viol\u00eancia dom\u00e9stica contra a companheira, de 30 anos. A deten\u00e7\u00e3o ocorreu na ter\u00e7a-feira, no \u00e2mbito de uma den\u00fancia de viol\u00eancia no distrito de Beja.<\/p>\n<p>Segundo a GNR, o suspeito exercia amea\u00e7as, viol\u00eancia f\u00edsica e psicol\u00f3gica contra a v\u00edtima, no concelho de Serpa. A atua\u00e7\u00e3o policial ocorreu ap\u00f3s a den\u00fancia recebida pelos militares do Posto Territorial de Serpa.<\/p>\n<p>O detido foi apresentado ao Tribunal Judicial de Serpa, que lhe decretou a pris\u00e3o preventiva, a medida de coa\u00e7\u00e3o mais gravosa. A autoridade policial mant\u00e9m a investiga\u00e7\u00e3o em curso para confirmar factos associados ao caso.<\/p>\n<h3>Deten\u00e7\u00e3o e encaminhamento processual<\/h3>\n<p>A GNR sublinha que a viol\u00eancia dom\u00e9stica \u00e9 crime p\u00fablico e que denunciar \u00e9 uma responsabilidade coletiva. O processo prossegue com recolha de elementos probat\u00f3rios e seguintes dilig\u00eancias judiciais.<\/p>\n","protected":false},"excerpt":{"rendered":"<ul>\n<li>Um homem de 36 anos foi detido pela GNR no concelho de Serpa, ap\u00f3s den\u00fancia por viol\u00eancia dom\u00e9stica contra a companheira, de 30 anos, e ficou em pris\u00e3o preventiva.<\/li>\n<li>A deten\u00e7\u00e3o ocorreu na ter\u00e7a-feira, em flagrante, pelo Posto Territorial de Serpa, distrito de Beja.<\/li>\n<li>A investiga\u00e7\u00e3o apurou que o suspeito proferia amea\u00e7as e exercia viol\u00eancia f\u00edsica e psicol\u00f3gica contra a v\u00edtima.<\/li>\n<li>O detido foi presente ao Tribunal Judicial de Serpa, que lhe decretou pris\u00e3o preventiva, a medida de coa\u00e7\u00e3o mais gravosa.<\/li>\n<li>A GNR alerta que a viol\u00eancia dom\u00e9stica \u00e9 um crime p\u00fablico e que denunciar \u00e9 um responsabilidade coletiva.<\/li>\n<\/ul>\n","protected":false},"author":2,"featured_media":209377,"comment_status":"closed","ping_status":"closed","sticky":false,"template":"","format":"standard","meta":{"footnotes":""},"categories":[1],"tags":[2754,943,1380,4343,3120,214],"class_list":["post-209375","post","type-post","status-publish","format-standard","has-post-thumbnail","hentry","category-noticias","tag-agressao","tag-beja","tag-gnr","tag-prisoes","tag-serpa","tag-violencia-domestica"],"yoast_head":"<!-- This site is optimized with the Yoast SEO plugin v27.2 - https:\/\/yoast.com\/product\/yoast-seo-wordpress\/ -->\n<title>Homem detido em Serpa fica em pris\u00e3o preventiva por agress\u00e3o \u00e0 companheira - Portal Tela Portugal<\/title>\n<meta name=\"robots\" content=\"index, follow, max-snippet:-1, max-image-preview:large, max-video-preview:-1\" \/>\n<meta property=\"og:locale\" content=\"pt_PT\" \/>\n<meta property=\"og:type\" content=\"article\" \/>\n<meta property=\"og:title\" content=\"Homem detido em Serpa fica em pris\u00e3o preventiva por agress\u00e3o \u00e0 companheira - Portal Tela Portugal\" \/>\n<meta property=\"og:description\" content=\"Um homem de 36 anos foi detido pela GNR no concelho de Serpa, ap\u00f3s den\u00fancia por viol\u00eancia dom\u00e9stica contra a companheira, de 30 anos, e ficou em pris\u00e3o preventiva. A deten\u00e7\u00e3o ocorreu na ter\u00e7a-feira, em flagrante, pelo Posto Territorial de Serpa, distrito de Beja. A investiga\u00e7\u00e3o apurou que o suspeito proferia amea\u00e7as e exercia viol\u00eancia f\u00edsica e psicol\u00f3gica contra a v\u00edtima. O detido foi presente ao Tribunal Judicial de Serpa, que lhe decretou pris\u00e3o preventiva, a medida de coa\u00e7\u00e3o mais gravosa. A GNR alerta que a viol\u00eancia dom\u00e9stica \u00e9 um crime p\u00fablico e que denunciar \u00e9 um responsabilidade coletiva.\" \/>\n<meta property=\"og:url\" content=\"https:\/\/portaltela.pt\/noticias\/2026\/02\/12\/homem-detido-em-serpa-fica-em-prisao-preventiva-por-agressao-a-companheira\/\" \/>\n<meta property=\"og:site_name\" content=\"Portal Tela Portugal\" \/>\n<meta property=\"article:published_time\" content=\"2026-02-12T10:23:23+00:00\" \/>\n<meta name=\"author\" content=\"Telinha\" \/>\n<meta name=\"twitter:card\" content=\"summary_large_image\" \/>\n<meta name=\"twitter:label1\" content=\"Escrito por\" \/>\n\t<meta name=\"twitter:data1\" content=\"Telinha\" \/>\n\t<meta name=\"twitter:label2\" content=\"Tempo estimado de leitura\" \/>\n\t<meta name=\"twitter:data2\" content=\"1 minuto\" \/>\n<script type=\"application\/ld+json\" class=\"yoast-schema-graph\">{\"@context\":\"https:\/\/schema.org\",\"@graph\":[{\"@type\":\"Article\",\"@id\":\"https:\/\/portaltela.pt\/noticias\/2026\/02\/12\/homem-detido-em-serpa-fica-em-prisao-preventiva-por-agressao-a-companheira\/#article\",\"isPartOf\":{\"@id\":\"https:\/\/portaltela.pt\/noticias\/2026\/02\/12\/homem-detido-em-serpa-fica-em-prisao-preventiva-por-agressao-a-companheira\/\"},\"author\":{\"name\":\"Telinha\",\"@id\":\"https:\/\/portaltela.pt\/#\/schema\/person\/c4278d4a6028830caff9ee44b42d32ed\"},\"headline\":\"Homem detido em Serpa fica em pris\u00e3o preventiva por agress\u00e3o \u00e0 companheira\",\"datePublished\":\"2026-02-12T10:23:23+00:00\",\"mainEntityOfPage\":{\"@id\":\"https:\/\/portaltela.pt\/noticias\/2026\/02\/12\/homem-detido-em-serpa-fica-em-prisao-preventiva-por-agressao-a-companheira\/\"},\"wordCount\":175,\"image\":{\"@id\":\"https:\/\/portaltela.pt\/noticias\/2026\/02\/12\/homem-detido-em-serpa-fica-em-prisao-preventiva-por-agressao-a-companheira\/#primaryimage\"},\"thumbnailUrl\":\"https:\/\/portaltela.pt\/s.01k8rhncp4jt1\/2026\/02\/img_1500x1000uu2023-04-11-17-17-34-1322269-11.jpg\",\"keywords\":[\"agress\u00e3o\",\"Beja\",\"GNR\",\"pris\u00f5es\",\"Serpa\",\"viol\u00eancia dom\u00e9stica\"],\"articleSection\":[\"Not\u00edcias\"],\"inLanguage\":\"pt-PT\"},{\"@type\":\"WebPage\",\"@id\":\"https:\/\/portaltela.pt\/noticias\/2026\/02\/12\/homem-detido-em-serpa-fica-em-prisao-preventiva-por-agressao-a-companheira\/\",\"url\":\"https:\/\/portaltela.pt\/noticias\/2026\/02\/12\/homem-detido-em-serpa-fica-em-prisao-preventiva-por-agressao-a-companheira\/\",\"name\":\"Homem detido em Serpa fica em pris\u00e3o preventiva por agress\u00e3o \u00e0 companheira - Portal Tela Portugal\",\"isPartOf\":{\"@id\":\"https:\/\/portaltela.pt\/#website\"},\"primaryImageOfPage\":{\"@id\":\"https:\/\/portaltela.pt\/noticias\/2026\/02\/12\/homem-detido-em-serpa-fica-em-prisao-preventiva-por-agressao-a-companheira\/#primaryimage\"},\"image\":{\"@id\":\"https:\/\/portaltela.pt\/noticias\/2026\/02\/12\/homem-detido-em-serpa-fica-em-prisao-preventiva-por-agressao-a-companheira\/#primaryimage\"},\"thumbnailUrl\":\"https:\/\/portaltela.pt\/s.01k8rhncp4jt1\/2026\/02\/img_1500x1000uu2023-04-11-17-17-34-1322269-11.jpg\",\"datePublished\":\"2026-02-12T10:23:23+00:00\",\"author\":{\"@id\":\"https:\/\/portaltela.pt\/#\/schema\/person\/c4278d4a6028830caff9ee44b42d32ed\"},\"breadcrumb\":{\"@id\":\"https:\/\/portaltela.pt\/noticias\/2026\/02\/12\/homem-detido-em-serpa-fica-em-prisao-preventiva-por-agressao-a-companheira\/#breadcrumb\"},\"inLanguage\":\"pt-PT\",\"potentialAction\":[{\"@type\":\"ReadAction\",\"target\":[\"https:\/\/portaltela.pt\/noticias\/2026\/02\/12\/homem-detido-em-serpa-fica-em-prisao-preventiva-por-agressao-a-companheira\/\"]}]},{\"@type\":\"ImageObject\",\"inLanguage\":\"pt-PT\",\"@id\":\"https:\/\/portaltela.pt\/noticias\/2026\/02\/12\/homem-detido-em-serpa-fica-em-prisao-preventiva-por-agressao-a-companheira\/#primaryimage\",\"url\":\"https:\/\/portaltela.pt\/s.01k8rhncp4jt1\/2026\/02\/img_1500x1000uu2023-04-11-17-17-34-1322269-11.jpg\",\"contentUrl\":\"https:\/\/portaltela.pt\/s.01k8rhncp4jt1\/2026\/02\/img_1500x1000uu2023-04-11-17-17-34-1322269-11.jpg\",\"width\":796,\"height\":448,\"caption\":\"GNR\"},{\"@type\":\"BreadcrumbList\",\"@id\":\"https:\/\/portaltela.pt\/noticias\/2026\/02\/12\/homem-detido-em-serpa-fica-em-prisao-preventiva-por-agressao-a-companheira\/#breadcrumb\",\"itemListElement\":[{\"@type\":\"ListItem\",\"position\":1,\"name\":\"In\u00edcio\",\"item\":\"https:\/\/portaltela.pt\/\"},{\"@type\":\"ListItem\",\"position\":2,\"name\":\"Homem detido em Serpa fica em pris\u00e3o preventiva por agress\u00e3o \u00e0 companheira\"}]},{\"@type\":\"WebSite\",\"@id\":\"https:\/\/portaltela.pt\/#website\",\"url\":\"https:\/\/portaltela.pt\/\",\"name\":\"Portal Tela Portugal\",\"description\":\"\",\"potentialAction\":[{\"@type\":\"SearchAction\",\"target\":{\"@type\":\"EntryPoint\",\"urlTemplate\":\"https:\/\/portaltela.pt\/?s={search_term_string}\"},\"query-input\":{\"@type\":\"PropertyValueSpecification\",\"valueRequired\":true,\"valueName\":\"search_term_string\"}}],\"inLanguage\":\"pt-PT\"},{\"@type\":\"Person\",\"@id\":\"https:\/\/portaltela.pt\/#\/schema\/person\/c4278d4a6028830caff9ee44b42d32ed\",\"name\":\"Telinha\",\"image\":{\"@type\":\"ImageObject\",\"inLanguage\":\"pt-PT\",\"@id\":\"https:\/\/portaltela.pt\/s.01k8rhncp4jt1\/2025\/11\/talking-bot-125x125.png\",\"url\":\"https:\/\/portaltela.pt\/s.01k8rhncp4jt1\/2025\/11\/talking-bot-125x125.png\",\"contentUrl\":\"https:\/\/portaltela.pt\/s.01k8rhncp4jt1\/2025\/11\/talking-bot-125x125.png\",\"caption\":\"Telinha\"},\"sameAs\":[\"https:\/\/portaltela.pt\/\"],\"url\":\"https:\/\/portaltela.pt\/por\/367410592786\/\"}]}<\/script>\n<!-- \/ Yoast SEO plugin. -->","yoast_head_json":{"title":"Homem detido em Serpa fica em pris\u00e3o preventiva por agress\u00e3o \u00e0 companheira - Portal Tela Portugal","robots":{"index":"index","follow":"follow","max-snippet":"max-snippet:-1","max-image-preview":"max-image-preview:large","max-video-preview":"max-video-preview:-1"},"og_locale":"pt_PT","og_type":"article","og_title":"Homem detido em Serpa fica em pris\u00e3o preventiva por agress\u00e3o \u00e0 companheira - Portal Tela Portugal","og_description":"Um homem de 36 anos foi detido pela GNR no concelho de Serpa, ap\u00f3s den\u00fancia por viol\u00eancia dom\u00e9stica contra a companheira, de 30 anos, e ficou em pris\u00e3o preventiva. A deten\u00e7\u00e3o ocorreu na ter\u00e7a-feira, em flagrante, pelo Posto Territorial de Serpa, distrito de Beja. A investiga\u00e7\u00e3o apurou que o suspeito proferia amea\u00e7as e exercia viol\u00eancia f\u00edsica e psicol\u00f3gica contra a v\u00edtima. O detido foi presente ao Tribunal Judicial de Serpa, que lhe decretou pris\u00e3o preventiva, a medida de coa\u00e7\u00e3o mais gravosa. A GNR alerta que a viol\u00eancia dom\u00e9stica \u00e9 um crime p\u00fablico e que denunciar \u00e9 um responsabilidade coletiva.","og_url":"https:\/\/portaltela.pt\/noticias\/2026\/02\/12\/homem-detido-em-serpa-fica-em-prisao-preventiva-por-agressao-a-companheira\/","og_site_name":"Portal Tela Portugal","article_published_time":"2026-02-12T10:23:23+00:00","author":"Telinha","twitter_card":"summary_large_image","twitter_misc":{"Escrito por":"Telinha","Tempo estimado de leitura":"1 minuto"},"schema":{"@context":"https:\/\/schema.org","@graph":[{"@type":"Article","@id":"https:\/\/portaltela.pt\/noticias\/2026\/02\/12\/homem-detido-em-serpa-fica-em-prisao-preventiva-por-agressao-a-companheira\/#article","isPartOf":{"@id":"https:\/\/portaltela.pt\/noticias\/2026\/02\/12\/homem-detido-em-serpa-fica-em-prisao-preventiva-por-agressao-a-companheira\/"},"author":{"name":"Telinha","@id":"https:\/\/portaltela.pt\/#\/schema\/person\/c4278d4a6028830caff9ee44b42d32ed"},"headline":"Homem detido em Serpa fica em pris\u00e3o preventiva por agress\u00e3o \u00e0 companheira","datePublished":"2026-02-12T10:23:23+00:00","mainEntityOfPage":{"@id":"https:\/\/portaltela.pt\/noticias\/2026\/02\/12\/homem-detido-em-serpa-fica-em-prisao-preventiva-por-agressao-a-companheira\/"},"wordCount":175,"image":{"@id":"https:\/\/portaltela.pt\/noticias\/2026\/02\/12\/homem-detido-em-serpa-fica-em-prisao-preventiva-por-agressao-a-companheira\/#primaryimage"},"thumbnailUrl":"https:\/\/portaltela.pt\/s.01k8rhncp4jt1\/2026\/02\/img_1500x1000uu2023-04-11-17-17-34-1322269-11.jpg","keywords":["agress\u00e3o","Beja","GNR","pris\u00f5es","Serpa","viol\u00eancia dom\u00e9stica"],"articleSection":["Not\u00edcias"],"inLanguage":"pt-PT"},{"@type":"WebPage","@id":"https:\/\/portaltela.pt\/noticias\/2026\/02\/12\/homem-detido-em-serpa-fica-em-prisao-preventiva-por-agressao-a-companheira\/","url":"https:\/\/portaltela.pt\/noticias\/2026\/02\/12\/homem-detido-em-serpa-fica-em-prisao-preventiva-por-agressao-a-companheira\/","name":"Homem detido em Serpa fica em pris\u00e3o preventiva por agress\u00e3o \u00e0 companheira - Portal Tela Portugal","isPartOf":{"@id":"https:\/\/portaltela.pt\/#website"},"primaryImageOfPage":{"@id":"https:\/\/portaltela.pt\/noticias\/2026\/02\/12\/homem-detido-em-serpa-fica-em-prisao-preventiva-por-agressao-a-companheira\/#primaryimage"},"image":{"@id":"https:\/\/portaltela.pt\/noticias\/2026\/02\/12\/homem-detido-em-serpa-fica-em-prisao-preventiva-por-agressao-a-companheira\/#primaryimage"},"thumbnailUrl":"https:\/\/portaltela.pt\/s.01k8rhncp4jt1\/2026\/02\/img_1500x1000uu2023-04-11-17-17-34-1322269-11.jpg","datePublished":"2026-02-12T10:23:23+00:00","author":{"@id":"https:\/\/portaltela.pt\/#\/schema\/person\/c4278d4a6028830caff9ee44b42d32ed"},"breadcrumb":{"@id":"https:\/\/portaltela.pt\/noticias\/2026\/02\/12\/homem-detido-em-serpa-fica-em-prisao-preventiva-por-agressao-a-companheira\/#breadcrumb"},"inLanguage":"pt-PT","potentialAction":[{"@type":"ReadAction","target":["https:\/\/portaltela.pt\/noticias\/2026\/02\/12\/homem-detido-em-serpa-fica-em-prisao-preventiva-por-agressao-a-companheira\/"]}]},{"@type":"ImageObject","inLanguage":"pt-PT","@id":"https:\/\/portaltela.pt\/noticias\/2026\/02\/12\/homem-detido-em-serpa-fica-em-prisao-preventiva-por-agressao-a-companheira\/#primaryimage","url":"https:\/\/portaltela.pt\/s.01k8rhncp4jt1\/2026\/02\/img_1500x1000uu2023-04-11-17-17-34-1322269-11.jpg","contentUrl":"https:\/\/portaltela.pt\/s.01k8rhncp4jt1\/2026\/02\/img_1500x1000uu2023-04-11-17-17-34-1322269-11.jpg","width":796,"height":448,"caption":"GNR"},{"@type":"BreadcrumbList","@id":"https:\/\/portaltela.pt\/noticias\/2026\/02\/12\/homem-detido-em-serpa-fica-em-prisao-preventiva-por-agressao-a-companheira\/#breadcrumb","itemListElement":[{"@type":"ListItem","position":1,"name":"In\u00edcio","item":"https:\/\/portaltela.pt\/"},{"@type":"ListItem","position":2,"name":"Homem detido em Serpa fica em pris\u00e3o preventiva por agress\u00e3o \u00e0 companheira"}]},{"@type":"WebSite","@id":"https:\/\/portaltela.pt\/#website","url":"https:\/\/portaltela.pt\/","name":"Portal Tela Portugal","description":"","potentialAction":[{"@type":"SearchAction","target":{"@type":"EntryPoint","urlTemplate":"https:\/\/portaltela.pt\/?s={search_term_string}"},"query-input":{"@type":"PropertyValueSpecification","valueRequired":true,"valueName":"search_term_string"}}],"inLanguage":"pt-PT"},{"@type":"Person","@id":"https:\/\/portaltela.pt\/#\/schema\/person\/c4278d4a6028830caff9ee44b42d32ed","name":"Telinha","image":{"@type":"ImageObject","inLanguage":"pt-PT","@id":"https:\/\/portaltela.pt\/s.01k8rhncp4jt1\/2025\/11\/talking-bot-125x125.png","url":"https:\/\/portaltela.pt\/s.01k8rhncp4jt1\/2025\/11\/talking-bot-125x125.png","contentUrl":"https:\/\/portaltela.pt\/s.01k8rhncp4jt1\/2025\/11\/talking-bot-125x125.png","caption":"Telinha"},"sameAs":["https:\/\/portaltela.pt\/"],"url":"https:\/\/portaltela.pt\/por\/367410592786\/"}]}},"_links":{"self":[{"href":"https:\/\/portaltela.pt\/api\/wp\/v2\/posts\/209375","targetHints":{"allow":["GET"]}}],"collection":[{"href":"https:\/\/portaltela.pt\/api\/wp\/v2\/posts"}],"about":[{"href":"https:\/\/portaltela.pt\/api\/wp\/v2\/types\/post"}],"author":[{"embeddable":true,"href":"https:\/\/portaltela.pt\/api\/wp\/v2\/users\/2"}],"replies":[{"embeddable":true,"href":"https:\/\/portaltela.pt\/api\/wp\/v2\/comments?post=209375"}],"version-history":[{"count":0,"href":"https:\/\/portaltela.pt\/api\/wp\/v2\/posts\/209375\/revisions"}],"wp:featuredmedia":[{"embeddable":true,"href":"https:\/\/portaltela.pt\/api\/wp\/v2\/media\/209377"}],"wp:attachment":[{"href":"https:\/\/portaltela.pt\/api\/wp\/v2\/media?parent=209375"}],"wp:term":[{"taxonomy":"category","embeddable":true,"href":"https:\/\/portaltela.pt\/api\/wp\/v2\/categories?post=209375"},{"taxonomy":"post_tag","embeddable":true,"href":"https:\/\/portaltela.pt\/api\/wp\/v2\/tags?post=209375"}],"curies":[{"name":"wp","href":"https:\/\/api.w.org\/{rel}","templated":true}]}}