{"id":209368,"date":"2026-02-12T07:06:43","date_gmt":"2026-02-12T10:06:43","guid":{"rendered":"https:\/\/portaltela.pt\/noticias\/2026\/02\/12\/calendario-velocipedico-nacional-tera-novidades-alem-de-alteracoes-de-datas\/"},"modified":"2026-02-12T07:06:43","modified_gmt":"2026-02-12T10:06:43","slug":"calendario-velocipedico-nacional-tera-novidades-alem-de-alteracoes-de-datas","status":"publish","type":"post","link":"https:\/\/portaltela.pt\/desporto\/2026\/02\/12\/calendario-velocipedico-nacional-tera-novidades-alem-de-alteracoes-de-datas\/","title":{"rendered":"Calend\u00e1rio velocip\u00e9dico nacional ter\u00e1 novidades al\u00e9m de altera\u00e7\u00f5es de datas"},"content":{"rendered":"<p>O calend\u00e1rio velocip\u00e9dico nacional traz novidades significativas. O Grande Pr\u00e9mio Jornal Not\u00edcias regressa \u00e0s suas datas hist\u00f3ricas, acompanhado pelo nascimento de uma nova prova do mesmo grupo jornal\u00edstico. A temporada come\u00e7a j\u00e1 neste s\u00e1bado com a Cl\u00e1ssica da Figueira.<\/p>\n<p>Entre as mudan\u00e7as, o GP Jornal Not\u00edcias volta a junho, sem perder a identidade hist\u00f3rica. A janela oficial de 2 a 6 de setembro acolhe a nova prova, que substitui a data habitual. O regresso surge numa \u00e9poca de ajustes editoriais no grupo.<\/p>\n<p>A prova rainha mant\u00e9m-se entre 5 e 16 de agosto, com a Volta a Portugal a abrir depois de assegurar o calend\u00e1rio. O Douro Internacional fica para 28 a 30 de agosto, ap\u00f3s a 87.\u00aa Volta a Portugal. A Prova de Abertura foi adiada de 07 de fevereiro para 14 de mar\u00e7o, por mau tempo.<\/p>\n<h3>Calend\u00e1rio detalhado<\/h3>\n<ul>\n<li>14 fev: Figueira Champions Classic &#8212; Cl\u00e1ssica da Figueira.<\/li>\n<li>18-22 fev: 52.\u00aa Volta ao Algarve.<\/li>\n<li>07 mar: Cl\u00e1ssica de Santo Thyrso.<\/li>\n<li>08 mar: Cl\u00e1ssica da Primavera.<\/li>\n<li>14 mar: Prova Regi\u00e3o de Aveiro.<\/li>\n<li>22 mar: Trof\u00e9u Internacional da Arr\u00e1bida.<\/li>\n<li>25-29 mar: 43.\u00aa Volta ao Alentejo.<\/li>\n<li>11 abr: Trof\u00e9u Regi\u00e3o de Coimbra &#8211; Aldeias de Xisto.<\/li>\n<li>12 abr: Cl\u00e1ssica de Viana do Castelo.<\/li>\n<li>23-26 abr: Grande Pr\u00e9mio &#8216;O Jogo&#8217;.<\/li>\n<li>01-03 mai: 11.\u00ba Grande Pr\u00e9mio Anicolor.<\/li>\n<li>20-24 mai: Grande Pr\u00e9mio Internacional Beiras e Serra da Estrela.<\/li>\n<li>04-07 jun: 46.\u00ba Grande Pr\u00e9mio Abimota.<\/li>\n<li>10-14 jun: 35.\u00ba Grande Pr\u00e9mio Jornal de Not\u00edcias.<\/li>\n<li>26-28 jun: Campeonatos Nacionais.<\/li>\n<li>09-12 jul: 49.\u00ba GP Internacional de Torres Vedras &#8211; Trof\u00e9u Joaquim Agostinho.<\/li>\n<li>25 jul: Memorial Bruno Neves.<\/li>\n<li>26 jul: Grande Pr\u00e9mio de Mort\u00e1gua &#8212; Pedro Silva.<\/li>\n<li>05-16 ago: 87.\u00aa Volta a Portugal.<\/li>\n<li>20 ago: Circuito de S\u00e3o Bernardo.<\/li>\n<li>23 ago: Circuito da Malveira.<\/li>\n<li>24 ago: Circuito de Nafarros.<\/li>\n<li>28-30 ago: Grande Pr\u00e9mio Douro Internacional.<\/li>\n<li>02-06 set: GP Internacional TSF-JN.<\/li>\n<li>13 set: 12 Voltas \u00e0 Gafa.<\/li>\n<\/ul>\n","protected":false},"excerpt":{"rendered":"<ul>\n<li>O regresso do Grande Pr\u00e9mio Jornal Not\u00edcias \u00e0s suas datas hist\u00f3ricas e o nascimento do GP Internacional TSF-JN s\u00e3o as principais novidades do calend\u00e1rio velocip\u00e9dico nacional, que arranca com a Cl\u00e1ssica da Figueira.<\/li>\n<li>O GP Internacional TSF-JN realiza-se entre 2 e 6 de setembro, ocupando as datas do Grande Pr\u00e9mio Jornal Not\u00edcias, que regressa a junho (10 a 14).<\/li>\n<li>O Grande Pr\u00e9mio Douro Internacional fica marcado para 28 a 30 de agosto, depois da 87.\u00aa Volta a Portugal, que ocorre de 5 a 16 de agosto.<\/li>\n<li>O calend\u00e1rio encerra com o circuito das 12 Voltas \u00e0 Gafa a 13 de setembro, ap\u00f3s uma pausa de cinco meses, com a abertura da \u00e9poca possivelmente a 14 de mar\u00e7o devido ao mau tempo.<\/li>\n<li>Nos primeiros meses, as duas corridas ProSeries portuguesas s\u00e3o a Cl\u00e1ssica da Figueira (14 fev) e a 52.\u00aa Volta ao Algarve (18-22 fev), coincidindo com atletas de grande express\u00e3o do WorldTour.<\/li>\n<\/ul>\n","protected":false},"author":2,"featured_media":209371,"comment_status":"closed","ping_status":"closed","sticky":false,"template":"","format":"standard","meta":{"footnotes":""},"categories":[21],"tags":[5815,923,152,2681,1014,2235],"class_list":["post-209368","post","type-post","status-publish","format-standard","has-post-thumbnail","hentry","category-desporto","tag-campeonatos-nacionais","tag-ciclismo","tag-desporto","tag-desporto-internacional","tag-portugal","tag-volta-a-portugal"],"yoast_head":"<!-- This site is optimized with the Yoast SEO plugin v27.2 - https:\/\/yoast.com\/product\/yoast-seo-wordpress\/ -->\n<title>Calend\u00e1rio velocip\u00e9dico nacional ter\u00e1 novidades al\u00e9m de altera\u00e7\u00f5es de datas - Portal Tela Portugal<\/title>\n<meta name=\"robots\" content=\"index, follow, max-snippet:-1, max-image-preview:large, max-video-preview:-1\" \/>\n<meta property=\"og:locale\" content=\"pt_PT\" \/>\n<meta property=\"og:type\" content=\"article\" \/>\n<meta property=\"og:title\" content=\"Calend\u00e1rio velocip\u00e9dico nacional ter\u00e1 novidades al\u00e9m de altera\u00e7\u00f5es de datas - Portal Tela Portugal\" \/>\n<meta property=\"og:description\" content=\"O regresso do Grande Pr\u00e9mio Jornal Not\u00edcias \u00e0s suas datas hist\u00f3ricas e o nascimento do GP Internacional TSF-JN s\u00e3o as principais novidades do calend\u00e1rio velocip\u00e9dico nacional, que arranca com a Cl\u00e1ssica da Figueira. O GP Internacional TSF-JN realiza-se entre 2 e 6 de setembro, ocupando as datas do Grande Pr\u00e9mio Jornal Not\u00edcias, que regressa a junho (10 a 14). O Grande Pr\u00e9mio Douro Internacional fica marcado para 28 a 30 de agosto, depois da 87.\u00aa Volta a Portugal, que ocorre de 5 a 16 de agosto. O calend\u00e1rio encerra com o circuito das 12 Voltas \u00e0 Gafa a 13 de setembro, ap\u00f3s uma pausa de cinco meses, com a abertura da \u00e9poca possivelmente a 14 de mar\u00e7o devido ao mau tempo. Nos primeiros meses, as duas corridas ProSeries portuguesas s\u00e3o a Cl\u00e1ssica da Figueira (14 fev) e a 52.\u00aa Volta ao Algarve (18-22 fev), coincidindo com atletas de grande express\u00e3o do WorldTour.\" \/>\n<meta property=\"og:url\" content=\"https:\/\/portaltela.pt\/noticias\/2026\/02\/12\/calendario-velocipedico-nacional-tera-novidades-alem-de-alteracoes-de-datas\/\" \/>\n<meta property=\"og:site_name\" content=\"Portal Tela Portugal\" \/>\n<meta property=\"article:published_time\" content=\"2026-02-12T10:06:43+00:00\" \/>\n<meta name=\"author\" content=\"Telinha\" \/>\n<meta name=\"twitter:card\" content=\"summary_large_image\" \/>\n<meta name=\"twitter:label1\" content=\"Escrito por\" \/>\n\t<meta name=\"twitter:data1\" content=\"Telinha\" \/>\n\t<meta name=\"twitter:label2\" content=\"Tempo estimado de leitura\" \/>\n\t<meta name=\"twitter:data2\" content=\"2 minutos\" \/>\n<script type=\"application\/ld+json\" class=\"yoast-schema-graph\">{\"@context\":\"https:\/\/schema.org\",\"@graph\":[{\"@type\":\"Article\",\"@id\":\"https:\/\/portaltela.pt\/noticias\/2026\/02\/12\/calendario-velocipedico-nacional-tera-novidades-alem-de-alteracoes-de-datas\/#article\",\"isPartOf\":{\"@id\":\"https:\/\/portaltela.pt\/noticias\/2026\/02\/12\/calendario-velocipedico-nacional-tera-novidades-alem-de-alteracoes-de-datas\/\"},\"author\":{\"name\":\"Telinha\",\"@id\":\"https:\/\/portaltela.pt\/#\/schema\/person\/c4278d4a6028830caff9ee44b42d32ed\"},\"headline\":\"Calend\u00e1rio velocip\u00e9dico nacional ter\u00e1 novidades al\u00e9m de altera\u00e7\u00f5es de datas\",\"datePublished\":\"2026-02-12T10:06:43+00:00\",\"mainEntityOfPage\":{\"@id\":\"https:\/\/portaltela.pt\/noticias\/2026\/02\/12\/calendario-velocipedico-nacional-tera-novidades-alem-de-alteracoes-de-datas\/\"},\"wordCount\":325,\"image\":{\"@id\":\"https:\/\/portaltela.pt\/noticias\/2026\/02\/12\/calendario-velocipedico-nacional-tera-novidades-alem-de-alteracoes-de-datas\/#primaryimage\"},\"thumbnailUrl\":\"https:\/\/portaltela.pt\/s.01k8rhncp4jt1\/2026\/02\/img_920x518uu2025-11-27-16-53-11-2405426.jpg\",\"keywords\":[\"Campeonatos Nacionais\",\"ciclismo\",\"desporto\",\"desporto internacional\",\"Portugal\",\"Volta a Portugal\"],\"articleSection\":[\"Desporto\"],\"inLanguage\":\"pt-PT\"},{\"@type\":\"WebPage\",\"@id\":\"https:\/\/portaltela.pt\/noticias\/2026\/02\/12\/calendario-velocipedico-nacional-tera-novidades-alem-de-alteracoes-de-datas\/\",\"url\":\"https:\/\/portaltela.pt\/noticias\/2026\/02\/12\/calendario-velocipedico-nacional-tera-novidades-alem-de-alteracoes-de-datas\/\",\"name\":\"Calend\u00e1rio velocip\u00e9dico nacional ter\u00e1 novidades al\u00e9m de altera\u00e7\u00f5es de datas - Portal Tela Portugal\",\"isPartOf\":{\"@id\":\"https:\/\/portaltela.pt\/#website\"},\"primaryImageOfPage\":{\"@id\":\"https:\/\/portaltela.pt\/noticias\/2026\/02\/12\/calendario-velocipedico-nacional-tera-novidades-alem-de-alteracoes-de-datas\/#primaryimage\"},\"image\":{\"@id\":\"https:\/\/portaltela.pt\/noticias\/2026\/02\/12\/calendario-velocipedico-nacional-tera-novidades-alem-de-alteracoes-de-datas\/#primaryimage\"},\"thumbnailUrl\":\"https:\/\/portaltela.pt\/s.01k8rhncp4jt1\/2026\/02\/img_920x518uu2025-11-27-16-53-11-2405426.jpg\",\"datePublished\":\"2026-02-12T10:06:43+00:00\",\"author\":{\"@id\":\"https:\/\/portaltela.pt\/#\/schema\/person\/c4278d4a6028830caff9ee44b42d32ed\"},\"breadcrumb\":{\"@id\":\"https:\/\/portaltela.pt\/noticias\/2026\/02\/12\/calendario-velocipedico-nacional-tera-novidades-alem-de-alteracoes-de-datas\/#breadcrumb\"},\"inLanguage\":\"pt-PT\",\"potentialAction\":[{\"@type\":\"ReadAction\",\"target\":[\"https:\/\/portaltela.pt\/noticias\/2026\/02\/12\/calendario-velocipedico-nacional-tera-novidades-alem-de-alteracoes-de-datas\/\"]}]},{\"@type\":\"ImageObject\",\"inLanguage\":\"pt-PT\",\"@id\":\"https:\/\/portaltela.pt\/noticias\/2026\/02\/12\/calendario-velocipedico-nacional-tera-novidades-alem-de-alteracoes-de-datas\/#primaryimage\",\"url\":\"https:\/\/portaltela.pt\/s.01k8rhncp4jt1\/2026\/02\/img_920x518uu2025-11-27-16-53-11-2405426.jpg\",\"contentUrl\":\"https:\/\/portaltela.pt\/s.01k8rhncp4jt1\/2026\/02\/img_920x518uu2025-11-27-16-53-11-2405426.jpg\",\"width\":796,\"height\":448,\"caption\":\"mau tempo, inunda\u00e7\u00f5es, tempestade\"},{\"@type\":\"BreadcrumbList\",\"@id\":\"https:\/\/portaltela.pt\/noticias\/2026\/02\/12\/calendario-velocipedico-nacional-tera-novidades-alem-de-alteracoes-de-datas\/#breadcrumb\",\"itemListElement\":[{\"@type\":\"ListItem\",\"position\":1,\"name\":\"In\u00edcio\",\"item\":\"https:\/\/portaltela.pt\/\"},{\"@type\":\"ListItem\",\"position\":2,\"name\":\"Calend\u00e1rio velocip\u00e9dico nacional ter\u00e1 novidades al\u00e9m de altera\u00e7\u00f5es de datas\"}]},{\"@type\":\"WebSite\",\"@id\":\"https:\/\/portaltela.pt\/#website\",\"url\":\"https:\/\/portaltela.pt\/\",\"name\":\"Portal Tela Portugal\",\"description\":\"\",\"potentialAction\":[{\"@type\":\"SearchAction\",\"target\":{\"@type\":\"EntryPoint\",\"urlTemplate\":\"https:\/\/portaltela.pt\/?s={search_term_string}\"},\"query-input\":{\"@type\":\"PropertyValueSpecification\",\"valueRequired\":true,\"valueName\":\"search_term_string\"}}],\"inLanguage\":\"pt-PT\"},{\"@type\":\"Person\",\"@id\":\"https:\/\/portaltela.pt\/#\/schema\/person\/c4278d4a6028830caff9ee44b42d32ed\",\"name\":\"Telinha\",\"image\":{\"@type\":\"ImageObject\",\"inLanguage\":\"pt-PT\",\"@id\":\"https:\/\/portaltela.pt\/s.01k8rhncp4jt1\/2025\/11\/talking-bot-125x125.png\",\"url\":\"https:\/\/portaltela.pt\/s.01k8rhncp4jt1\/2025\/11\/talking-bot-125x125.png\",\"contentUrl\":\"https:\/\/portaltela.pt\/s.01k8rhncp4jt1\/2025\/11\/talking-bot-125x125.png\",\"caption\":\"Telinha\"},\"sameAs\":[\"https:\/\/portaltela.pt\/\"],\"url\":\"https:\/\/portaltela.pt\/por\/367410592786\/\"}]}<\/script>\n<!-- \/ Yoast SEO plugin. -->","yoast_head_json":{"title":"Calend\u00e1rio velocip\u00e9dico nacional ter\u00e1 novidades al\u00e9m de altera\u00e7\u00f5es de datas - Portal Tela Portugal","robots":{"index":"index","follow":"follow","max-snippet":"max-snippet:-1","max-image-preview":"max-image-preview:large","max-video-preview":"max-video-preview:-1"},"og_locale":"pt_PT","og_type":"article","og_title":"Calend\u00e1rio velocip\u00e9dico nacional ter\u00e1 novidades al\u00e9m de altera\u00e7\u00f5es de datas - Portal Tela Portugal","og_description":"O regresso do Grande Pr\u00e9mio Jornal Not\u00edcias \u00e0s suas datas hist\u00f3ricas e o nascimento do GP Internacional TSF-JN s\u00e3o as principais novidades do calend\u00e1rio velocip\u00e9dico nacional, que arranca com a Cl\u00e1ssica da Figueira. O GP Internacional TSF-JN realiza-se entre 2 e 6 de setembro, ocupando as datas do Grande Pr\u00e9mio Jornal Not\u00edcias, que regressa a junho (10 a 14). O Grande Pr\u00e9mio Douro Internacional fica marcado para 28 a 30 de agosto, depois da 87.\u00aa Volta a Portugal, que ocorre de 5 a 16 de agosto. O calend\u00e1rio encerra com o circuito das 12 Voltas \u00e0 Gafa a 13 de setembro, ap\u00f3s uma pausa de cinco meses, com a abertura da \u00e9poca possivelmente a 14 de mar\u00e7o devido ao mau tempo. Nos primeiros meses, as duas corridas ProSeries portuguesas s\u00e3o a Cl\u00e1ssica da Figueira (14 fev) e a 52.\u00aa Volta ao Algarve (18-22 fev), coincidindo com atletas de grande express\u00e3o do WorldTour.","og_url":"https:\/\/portaltela.pt\/noticias\/2026\/02\/12\/calendario-velocipedico-nacional-tera-novidades-alem-de-alteracoes-de-datas\/","og_site_name":"Portal Tela Portugal","article_published_time":"2026-02-12T10:06:43+00:00","author":"Telinha","twitter_card":"summary_large_image","twitter_misc":{"Escrito por":"Telinha","Tempo estimado de leitura":"2 minutos"},"schema":{"@context":"https:\/\/schema.org","@graph":[{"@type":"Article","@id":"https:\/\/portaltela.pt\/noticias\/2026\/02\/12\/calendario-velocipedico-nacional-tera-novidades-alem-de-alteracoes-de-datas\/#article","isPartOf":{"@id":"https:\/\/portaltela.pt\/noticias\/2026\/02\/12\/calendario-velocipedico-nacional-tera-novidades-alem-de-alteracoes-de-datas\/"},"author":{"name":"Telinha","@id":"https:\/\/portaltela.pt\/#\/schema\/person\/c4278d4a6028830caff9ee44b42d32ed"},"headline":"Calend\u00e1rio velocip\u00e9dico nacional ter\u00e1 novidades al\u00e9m de altera\u00e7\u00f5es de datas","datePublished":"2026-02-12T10:06:43+00:00","mainEntityOfPage":{"@id":"https:\/\/portaltela.pt\/noticias\/2026\/02\/12\/calendario-velocipedico-nacional-tera-novidades-alem-de-alteracoes-de-datas\/"},"wordCount":325,"image":{"@id":"https:\/\/portaltela.pt\/noticias\/2026\/02\/12\/calendario-velocipedico-nacional-tera-novidades-alem-de-alteracoes-de-datas\/#primaryimage"},"thumbnailUrl":"https:\/\/portaltela.pt\/s.01k8rhncp4jt1\/2026\/02\/img_920x518uu2025-11-27-16-53-11-2405426.jpg","keywords":["Campeonatos Nacionais","ciclismo","desporto","desporto internacional","Portugal","Volta a Portugal"],"articleSection":["Desporto"],"inLanguage":"pt-PT"},{"@type":"WebPage","@id":"https:\/\/portaltela.pt\/noticias\/2026\/02\/12\/calendario-velocipedico-nacional-tera-novidades-alem-de-alteracoes-de-datas\/","url":"https:\/\/portaltela.pt\/noticias\/2026\/02\/12\/calendario-velocipedico-nacional-tera-novidades-alem-de-alteracoes-de-datas\/","name":"Calend\u00e1rio velocip\u00e9dico nacional ter\u00e1 novidades al\u00e9m de altera\u00e7\u00f5es de datas - Portal Tela Portugal","isPartOf":{"@id":"https:\/\/portaltela.pt\/#website"},"primaryImageOfPage":{"@id":"https:\/\/portaltela.pt\/noticias\/2026\/02\/12\/calendario-velocipedico-nacional-tera-novidades-alem-de-alteracoes-de-datas\/#primaryimage"},"image":{"@id":"https:\/\/portaltela.pt\/noticias\/2026\/02\/12\/calendario-velocipedico-nacional-tera-novidades-alem-de-alteracoes-de-datas\/#primaryimage"},"thumbnailUrl":"https:\/\/portaltela.pt\/s.01k8rhncp4jt1\/2026\/02\/img_920x518uu2025-11-27-16-53-11-2405426.jpg","datePublished":"2026-02-12T10:06:43+00:00","author":{"@id":"https:\/\/portaltela.pt\/#\/schema\/person\/c4278d4a6028830caff9ee44b42d32ed"},"breadcrumb":{"@id":"https:\/\/portaltela.pt\/noticias\/2026\/02\/12\/calendario-velocipedico-nacional-tera-novidades-alem-de-alteracoes-de-datas\/#breadcrumb"},"inLanguage":"pt-PT","potentialAction":[{"@type":"ReadAction","target":["https:\/\/portaltela.pt\/noticias\/2026\/02\/12\/calendario-velocipedico-nacional-tera-novidades-alem-de-alteracoes-de-datas\/"]}]},{"@type":"ImageObject","inLanguage":"pt-PT","@id":"https:\/\/portaltela.pt\/noticias\/2026\/02\/12\/calendario-velocipedico-nacional-tera-novidades-alem-de-alteracoes-de-datas\/#primaryimage","url":"https:\/\/portaltela.pt\/s.01k8rhncp4jt1\/2026\/02\/img_920x518uu2025-11-27-16-53-11-2405426.jpg","contentUrl":"https:\/\/portaltela.pt\/s.01k8rhncp4jt1\/2026\/02\/img_920x518uu2025-11-27-16-53-11-2405426.jpg","width":796,"height":448,"caption":"mau tempo, inunda\u00e7\u00f5es, tempestade"},{"@type":"BreadcrumbList","@id":"https:\/\/portaltela.pt\/noticias\/2026\/02\/12\/calendario-velocipedico-nacional-tera-novidades-alem-de-alteracoes-de-datas\/#breadcrumb","itemListElement":[{"@type":"ListItem","position":1,"name":"In\u00edcio","item":"https:\/\/portaltela.pt\/"},{"@type":"ListItem","position":2,"name":"Calend\u00e1rio velocip\u00e9dico nacional ter\u00e1 novidades al\u00e9m de altera\u00e7\u00f5es de datas"}]},{"@type":"WebSite","@id":"https:\/\/portaltela.pt\/#website","url":"https:\/\/portaltela.pt\/","name":"Portal Tela Portugal","description":"","potentialAction":[{"@type":"SearchAction","target":{"@type":"EntryPoint","urlTemplate":"https:\/\/portaltela.pt\/?s={search_term_string}"},"query-input":{"@type":"PropertyValueSpecification","valueRequired":true,"valueName":"search_term_string"}}],"inLanguage":"pt-PT"},{"@type":"Person","@id":"https:\/\/portaltela.pt\/#\/schema\/person\/c4278d4a6028830caff9ee44b42d32ed","name":"Telinha","image":{"@type":"ImageObject","inLanguage":"pt-PT","@id":"https:\/\/portaltela.pt\/s.01k8rhncp4jt1\/2025\/11\/talking-bot-125x125.png","url":"https:\/\/portaltela.pt\/s.01k8rhncp4jt1\/2025\/11\/talking-bot-125x125.png","contentUrl":"https:\/\/portaltela.pt\/s.01k8rhncp4jt1\/2025\/11\/talking-bot-125x125.png","caption":"Telinha"},"sameAs":["https:\/\/portaltela.pt\/"],"url":"https:\/\/portaltela.pt\/por\/367410592786\/"}]}},"_links":{"self":[{"href":"https:\/\/portaltela.pt\/api\/wp\/v2\/posts\/209368","targetHints":{"allow":["GET"]}}],"collection":[{"href":"https:\/\/portaltela.pt\/api\/wp\/v2\/posts"}],"about":[{"href":"https:\/\/portaltela.pt\/api\/wp\/v2\/types\/post"}],"author":[{"embeddable":true,"href":"https:\/\/portaltela.pt\/api\/wp\/v2\/users\/2"}],"replies":[{"embeddable":true,"href":"https:\/\/portaltela.pt\/api\/wp\/v2\/comments?post=209368"}],"version-history":[{"count":0,"href":"https:\/\/portaltela.pt\/api\/wp\/v2\/posts\/209368\/revisions"}],"wp:featuredmedia":[{"embeddable":true,"href":"https:\/\/portaltela.pt\/api\/wp\/v2\/media\/209371"}],"wp:attachment":[{"href":"https:\/\/portaltela.pt\/api\/wp\/v2\/media?parent=209368"}],"wp:term":[{"taxonomy":"category","embeddable":true,"href":"https:\/\/portaltela.pt\/api\/wp\/v2\/categories?post=209368"},{"taxonomy":"post_tag","embeddable":true,"href":"https:\/\/portaltela.pt\/api\/wp\/v2\/tags?post=209368"}],"curies":[{"name":"wp","href":"https:\/\/api.w.org\/{rel}","templated":true}]}}