{"id":209348,"date":"2026-02-12T06:48:13","date_gmt":"2026-02-12T09:48:13","guid":{"rendered":"https:\/\/portaltela.pt\/noticias\/2026\/02\/12\/caudal-do-tejo-sobe-durante-a-noite-e-exige-atencao-nas-proximas-48-horas\/"},"modified":"2026-02-12T06:48:13","modified_gmt":"2026-02-12T09:48:13","slug":"caudal-do-tejo-sobe-durante-a-noite-e-exige-atencao-nas-proximas-48-horas","status":"publish","type":"post","link":"https:\/\/portaltela.pt\/noticias\/2026\/02\/12\/caudal-do-tejo-sobe-durante-a-noite-e-exige-atencao-nas-proximas-48-horas\/","title":{"rendered":"Caudal do Tejo sobe durante a noite e exige aten\u00e7\u00e3o nas pr\u00f3ximas 48 horas"},"content":{"rendered":"<p>O caudal do rio Tejo voltou a subir durante a noite em Almourol, ultrapassando os 6.000 m3\/s, e poder\u00e1 aproximar-se de 7.000 esta quinta-feira, mantendo-se o alerta vermelho e a exig\u00eancia de m\u00e1xima aten\u00e7\u00e3o nas pr\u00f3ximas 48 horas.<\/p>\n<p>O comandante sub-regional da Prote\u00e7\u00e3o Civil do M\u00e9dio Tejo explicou que o total descarregado pelas tr\u00eas barragens a montante \u00e9 de 6.500 m3\/s e que Almourol est\u00e1 a receber cerca de 6.200 m3\/s. A chuva persistente e as barragens, em Portugal e Espanha, s\u00e3o apontadas como causas.<\/p>\n<p>\u00c0s 07h00, a esta\u00e7\u00e3o de Almourol registava 6.114,45 m3\/s, face a 4.836,61 m3\/s no mesmo per\u00edodo de quarta-feira, refletindo o aumento nas \u00faltimas horas.<\/p>\n<p>As descargas nas barragens a montante somavam 1.125 m3\/s em Castelo de Bode, 496 m3\/s em Pracana e 4.786 m3\/s em Fratel, totalizando 6.407 m3\/s, ainda n\u00e3o refletidos por completo na medi\u00e7\u00e3o de Almourol devido ao atraso na propaga\u00e7\u00e3o da \u00e1gua.<\/p>\n<p>O pico da cheia ocorreu a 5 de fevereiro, com caudal de cerca de 8.600 m3\/s. As autoridades n\u00e3o esperam repetir esse valor, mas admitiram a possibilidade de ficar pr\u00f3ximo do m\u00e1ximo anterior.<\/p>\n<p>O presidente da C\u00e2mara de Abrantes, Manuel Valamatos, afirmou que a situa\u00e7\u00e3o \u00e9 de preocupa\u00e7\u00e3o, com n\u00edveis elevados e ribeiras cheias, e que as pr\u00f3ximas 48 horas ser\u00e3o dif\u00edceis pela chuva cont\u00ednua e pelo impacto nas \u00e1reas alagadas.<\/p>\n<h3>Situa\u00e7\u00e3o atual e perspetivas<\/h3>\n<p>O Plano Especial de Emerg\u00eancia para Cheias na bacia do Tejo mant\u00e9m-se em alerta vermelho. V\u00e1rias vias est\u00e3o cortadas ou condicionadas devido a submers\u00f5es e aluimentos de terra, com solos saturados pela precipita\u00e7\u00e3o.<\/p>\n<h3>Medidas e impacto<\/h3>\n<p>Autoridades refor\u00e7am a necessidade de m\u00e1xima aten\u00e7\u00e3o para a Lez\u00edria do Tejo, j\u00e1 muito afetada. O acompanhamento permanece ativo e as previs\u00f5es indicam continuidade de caudais elevados nas pr\u00f3ximas horas.<\/p>\n","protected":false},"excerpt":{"rendered":"<ul>\n<li>O caudal do rio Tejo subiu durante a noite em Almourol, ultrapassando os 6.000 m\u00b3\/s, com perspetiva de chegar perto de 7.000 esta quinta-feira, mantendo-se o alerta vermelho.<\/li>\n<li>As pr\u00f3ximas 48 horas exigem m\u00e1xima aten\u00e7\u00e3o devido \u00e0 chuva persistente e \u00e0 carga das barragens a montante, em Portugal e Espanha.<\/li>\n<li>\u00c0s sete da manh\u00e3, Almourol registava 6.114,45 m\u00b3\/s, acima dos 4.836,61 m\u00b3\/s de quarta-feira, refletindo o aumento recente.<\/li>\n<li>As descargas nas barragens a montante totalizavam 6.407 m\u00b3\/s (Castelo de Bode: 1.125; Pracana: 496; Fratel: 4.786), ainda com desfasamento temporal na medi\u00e7\u00e3o em Almourol.<\/li>\n<li>O pico m\u00e1ximo desta cheia ocorreu a cinco de fevereiro, perto de 8.600 m\u00b3\/s; n\u00e3o se espera igualar esse valor, mas pode aproximar-se dele, com as zonas alagadas a manterem-se sob press\u00e3o.<\/li>\n<\/ul>\n","protected":false},"author":2,"featured_media":209350,"comment_status":"closed","ping_status":"closed","sticky":false,"template":"","format":"standard","meta":{"footnotes":""},"categories":[1],"tags":[1263,3812,3701,3623,320,5537],"class_list":["post-209348","post","type-post","status-publish","format-standard","has-post-thumbnail","hentry","category-noticias","tag-abrantes","tag-alagamentos","tag-cheias","tag-leziria-do-tejo","tag-protecao-civil","tag-vias-cortadas"],"yoast_head":"<!-- This site is optimized with the Yoast SEO plugin v27.2 - https:\/\/yoast.com\/product\/yoast-seo-wordpress\/ -->\n<title>Caudal do Tejo sobe durante a noite e exige aten\u00e7\u00e3o nas pr\u00f3ximas 48 horas - Portal Tela Portugal<\/title>\n<meta name=\"robots\" content=\"index, follow, max-snippet:-1, max-image-preview:large, max-video-preview:-1\" \/>\n<meta property=\"og:locale\" content=\"pt_PT\" \/>\n<meta property=\"og:type\" content=\"article\" \/>\n<meta property=\"og:title\" content=\"Caudal do Tejo sobe durante a noite e exige aten\u00e7\u00e3o nas pr\u00f3ximas 48 horas - Portal Tela Portugal\" \/>\n<meta property=\"og:description\" content=\"O caudal do rio Tejo subiu durante a noite em Almourol, ultrapassando os 6.000 m\u00b3\/s, com perspetiva de chegar perto de 7.000 esta quinta-feira, mantendo-se o alerta vermelho. As pr\u00f3ximas 48 horas exigem m\u00e1xima aten\u00e7\u00e3o devido \u00e0 chuva persistente e \u00e0 carga das barragens a montante, em Portugal e Espanha. \u00c0s sete da manh\u00e3, Almourol registava 6.114,45 m\u00b3\/s, acima dos 4.836,61 m\u00b3\/s de quarta-feira, refletindo o aumento recente. As descargas nas barragens a montante totalizavam 6.407 m\u00b3\/s (Castelo de Bode: 1.125; Pracana: 496; Fratel: 4.786), ainda com desfasamento temporal na medi\u00e7\u00e3o em Almourol. O pico m\u00e1ximo desta cheia ocorreu a cinco de fevereiro, perto de 8.600 m\u00b3\/s; n\u00e3o se espera igualar esse valor, mas pode aproximar-se dele, com as zonas alagadas a manterem-se sob press\u00e3o.\" \/>\n<meta property=\"og:url\" content=\"https:\/\/portaltela.pt\/noticias\/2026\/02\/12\/caudal-do-tejo-sobe-durante-a-noite-e-exige-atencao-nas-proximas-48-horas\/\" \/>\n<meta property=\"og:site_name\" content=\"Portal Tela Portugal\" \/>\n<meta property=\"article:published_time\" content=\"2026-02-12T09:48:13+00:00\" \/>\n<meta name=\"author\" content=\"Telinha\" \/>\n<meta name=\"twitter:card\" content=\"summary_large_image\" \/>\n<meta name=\"twitter:label1\" content=\"Escrito por\" \/>\n\t<meta name=\"twitter:data1\" content=\"Telinha\" \/>\n\t<meta name=\"twitter:label2\" content=\"Tempo estimado de leitura\" \/>\n\t<meta name=\"twitter:data2\" content=\"2 minutos\" \/>\n<script type=\"application\/ld+json\" class=\"yoast-schema-graph\">{\"@context\":\"https:\/\/schema.org\",\"@graph\":[{\"@type\":\"Article\",\"@id\":\"https:\/\/portaltela.pt\/noticias\/2026\/02\/12\/caudal-do-tejo-sobe-durante-a-noite-e-exige-atencao-nas-proximas-48-horas\/#article\",\"isPartOf\":{\"@id\":\"https:\/\/portaltela.pt\/noticias\/2026\/02\/12\/caudal-do-tejo-sobe-durante-a-noite-e-exige-atencao-nas-proximas-48-horas\/\"},\"author\":{\"name\":\"Telinha\",\"@id\":\"https:\/\/portaltela.pt\/#\/schema\/person\/c4278d4a6028830caff9ee44b42d32ed\"},\"headline\":\"Caudal do Tejo sobe durante a noite e exige aten\u00e7\u00e3o nas pr\u00f3ximas 48 horas\",\"datePublished\":\"2026-02-12T09:48:13+00:00\",\"mainEntityOfPage\":{\"@id\":\"https:\/\/portaltela.pt\/noticias\/2026\/02\/12\/caudal-do-tejo-sobe-durante-a-noite-e-exige-atencao-nas-proximas-48-horas\/\"},\"wordCount\":337,\"image\":{\"@id\":\"https:\/\/portaltela.pt\/noticias\/2026\/02\/12\/caudal-do-tejo-sobe-durante-a-noite-e-exige-atencao-nas-proximas-48-horas\/#primaryimage\"},\"thumbnailUrl\":\"https:\/\/portaltela.pt\/s.01k8rhncp4jt1\/2026\/02\/img_1500x1000uu2026-02-05-12-06-52-2200181-3.jpg\",\"keywords\":[\"Abrantes\",\"alagamentos\",\"cheias\",\"Lez\u00edria do Tejo\",\"prote\u00e7\u00e3o civil\",\"vias cortadas\"],\"articleSection\":[\"Not\u00edcias\"],\"inLanguage\":\"pt-PT\"},{\"@type\":\"WebPage\",\"@id\":\"https:\/\/portaltela.pt\/noticias\/2026\/02\/12\/caudal-do-tejo-sobe-durante-a-noite-e-exige-atencao-nas-proximas-48-horas\/\",\"url\":\"https:\/\/portaltela.pt\/noticias\/2026\/02\/12\/caudal-do-tejo-sobe-durante-a-noite-e-exige-atencao-nas-proximas-48-horas\/\",\"name\":\"Caudal do Tejo sobe durante a noite e exige aten\u00e7\u00e3o nas pr\u00f3ximas 48 horas - Portal Tela Portugal\",\"isPartOf\":{\"@id\":\"https:\/\/portaltela.pt\/#website\"},\"primaryImageOfPage\":{\"@id\":\"https:\/\/portaltela.pt\/noticias\/2026\/02\/12\/caudal-do-tejo-sobe-durante-a-noite-e-exige-atencao-nas-proximas-48-horas\/#primaryimage\"},\"image\":{\"@id\":\"https:\/\/portaltela.pt\/noticias\/2026\/02\/12\/caudal-do-tejo-sobe-durante-a-noite-e-exige-atencao-nas-proximas-48-horas\/#primaryimage\"},\"thumbnailUrl\":\"https:\/\/portaltela.pt\/s.01k8rhncp4jt1\/2026\/02\/img_1500x1000uu2026-02-05-12-06-52-2200181-3.jpg\",\"datePublished\":\"2026-02-12T09:48:13+00:00\",\"author\":{\"@id\":\"https:\/\/portaltela.pt\/#\/schema\/person\/c4278d4a6028830caff9ee44b42d32ed\"},\"breadcrumb\":{\"@id\":\"https:\/\/portaltela.pt\/noticias\/2026\/02\/12\/caudal-do-tejo-sobe-durante-a-noite-e-exige-atencao-nas-proximas-48-horas\/#breadcrumb\"},\"inLanguage\":\"pt-PT\",\"potentialAction\":[{\"@type\":\"ReadAction\",\"target\":[\"https:\/\/portaltela.pt\/noticias\/2026\/02\/12\/caudal-do-tejo-sobe-durante-a-noite-e-exige-atencao-nas-proximas-48-horas\/\"]}]},{\"@type\":\"ImageObject\",\"inLanguage\":\"pt-PT\",\"@id\":\"https:\/\/portaltela.pt\/noticias\/2026\/02\/12\/caudal-do-tejo-sobe-durante-a-noite-e-exige-atencao-nas-proximas-48-horas\/#primaryimage\",\"url\":\"https:\/\/portaltela.pt\/s.01k8rhncp4jt1\/2026\/02\/img_1500x1000uu2026-02-05-12-06-52-2200181-3.jpg\",\"contentUrl\":\"https:\/\/portaltela.pt\/s.01k8rhncp4jt1\/2026\/02\/img_1500x1000uu2026-02-05-12-06-52-2200181-3.jpg\",\"width\":796,\"height\":448,\"caption\":\"Distrito de Santar\u00e9m \u00e9 o mais afetado pela subida do caudal do Rio Tejo\"},{\"@type\":\"BreadcrumbList\",\"@id\":\"https:\/\/portaltela.pt\/noticias\/2026\/02\/12\/caudal-do-tejo-sobe-durante-a-noite-e-exige-atencao-nas-proximas-48-horas\/#breadcrumb\",\"itemListElement\":[{\"@type\":\"ListItem\",\"position\":1,\"name\":\"In\u00edcio\",\"item\":\"https:\/\/portaltela.pt\/\"},{\"@type\":\"ListItem\",\"position\":2,\"name\":\"Caudal do Tejo sobe durante a noite e exige aten\u00e7\u00e3o nas pr\u00f3ximas 48 horas\"}]},{\"@type\":\"WebSite\",\"@id\":\"https:\/\/portaltela.pt\/#website\",\"url\":\"https:\/\/portaltela.pt\/\",\"name\":\"Portal Tela Portugal\",\"description\":\"\",\"potentialAction\":[{\"@type\":\"SearchAction\",\"target\":{\"@type\":\"EntryPoint\",\"urlTemplate\":\"https:\/\/portaltela.pt\/?s={search_term_string}\"},\"query-input\":{\"@type\":\"PropertyValueSpecification\",\"valueRequired\":true,\"valueName\":\"search_term_string\"}}],\"inLanguage\":\"pt-PT\"},{\"@type\":\"Person\",\"@id\":\"https:\/\/portaltela.pt\/#\/schema\/person\/c4278d4a6028830caff9ee44b42d32ed\",\"name\":\"Telinha\",\"image\":{\"@type\":\"ImageObject\",\"inLanguage\":\"pt-PT\",\"@id\":\"https:\/\/portaltela.pt\/s.01k8rhncp4jt1\/2025\/11\/talking-bot-125x125.png\",\"url\":\"https:\/\/portaltela.pt\/s.01k8rhncp4jt1\/2025\/11\/talking-bot-125x125.png\",\"contentUrl\":\"https:\/\/portaltela.pt\/s.01k8rhncp4jt1\/2025\/11\/talking-bot-125x125.png\",\"caption\":\"Telinha\"},\"sameAs\":[\"https:\/\/portaltela.pt\/\"],\"url\":\"https:\/\/portaltela.pt\/por\/367410592786\/\"}]}<\/script>\n<!-- \/ Yoast SEO plugin. -->","yoast_head_json":{"title":"Caudal do Tejo sobe durante a noite e exige aten\u00e7\u00e3o nas pr\u00f3ximas 48 horas - Portal Tela Portugal","robots":{"index":"index","follow":"follow","max-snippet":"max-snippet:-1","max-image-preview":"max-image-preview:large","max-video-preview":"max-video-preview:-1"},"og_locale":"pt_PT","og_type":"article","og_title":"Caudal do Tejo sobe durante a noite e exige aten\u00e7\u00e3o nas pr\u00f3ximas 48 horas - Portal Tela Portugal","og_description":"O caudal do rio Tejo subiu durante a noite em Almourol, ultrapassando os 6.000 m\u00b3\/s, com perspetiva de chegar perto de 7.000 esta quinta-feira, mantendo-se o alerta vermelho. As pr\u00f3ximas 48 horas exigem m\u00e1xima aten\u00e7\u00e3o devido \u00e0 chuva persistente e \u00e0 carga das barragens a montante, em Portugal e Espanha. \u00c0s sete da manh\u00e3, Almourol registava 6.114,45 m\u00b3\/s, acima dos 4.836,61 m\u00b3\/s de quarta-feira, refletindo o aumento recente. As descargas nas barragens a montante totalizavam 6.407 m\u00b3\/s (Castelo de Bode: 1.125; Pracana: 496; Fratel: 4.786), ainda com desfasamento temporal na medi\u00e7\u00e3o em Almourol. O pico m\u00e1ximo desta cheia ocorreu a cinco de fevereiro, perto de 8.600 m\u00b3\/s; n\u00e3o se espera igualar esse valor, mas pode aproximar-se dele, com as zonas alagadas a manterem-se sob press\u00e3o.","og_url":"https:\/\/portaltela.pt\/noticias\/2026\/02\/12\/caudal-do-tejo-sobe-durante-a-noite-e-exige-atencao-nas-proximas-48-horas\/","og_site_name":"Portal Tela Portugal","article_published_time":"2026-02-12T09:48:13+00:00","author":"Telinha","twitter_card":"summary_large_image","twitter_misc":{"Escrito por":"Telinha","Tempo estimado de leitura":"2 minutos"},"schema":{"@context":"https:\/\/schema.org","@graph":[{"@type":"Article","@id":"https:\/\/portaltela.pt\/noticias\/2026\/02\/12\/caudal-do-tejo-sobe-durante-a-noite-e-exige-atencao-nas-proximas-48-horas\/#article","isPartOf":{"@id":"https:\/\/portaltela.pt\/noticias\/2026\/02\/12\/caudal-do-tejo-sobe-durante-a-noite-e-exige-atencao-nas-proximas-48-horas\/"},"author":{"name":"Telinha","@id":"https:\/\/portaltela.pt\/#\/schema\/person\/c4278d4a6028830caff9ee44b42d32ed"},"headline":"Caudal do Tejo sobe durante a noite e exige aten\u00e7\u00e3o nas pr\u00f3ximas 48 horas","datePublished":"2026-02-12T09:48:13+00:00","mainEntityOfPage":{"@id":"https:\/\/portaltela.pt\/noticias\/2026\/02\/12\/caudal-do-tejo-sobe-durante-a-noite-e-exige-atencao-nas-proximas-48-horas\/"},"wordCount":337,"image":{"@id":"https:\/\/portaltela.pt\/noticias\/2026\/02\/12\/caudal-do-tejo-sobe-durante-a-noite-e-exige-atencao-nas-proximas-48-horas\/#primaryimage"},"thumbnailUrl":"https:\/\/portaltela.pt\/s.01k8rhncp4jt1\/2026\/02\/img_1500x1000uu2026-02-05-12-06-52-2200181-3.jpg","keywords":["Abrantes","alagamentos","cheias","Lez\u00edria do Tejo","prote\u00e7\u00e3o civil","vias cortadas"],"articleSection":["Not\u00edcias"],"inLanguage":"pt-PT"},{"@type":"WebPage","@id":"https:\/\/portaltela.pt\/noticias\/2026\/02\/12\/caudal-do-tejo-sobe-durante-a-noite-e-exige-atencao-nas-proximas-48-horas\/","url":"https:\/\/portaltela.pt\/noticias\/2026\/02\/12\/caudal-do-tejo-sobe-durante-a-noite-e-exige-atencao-nas-proximas-48-horas\/","name":"Caudal do Tejo sobe durante a noite e exige aten\u00e7\u00e3o nas pr\u00f3ximas 48 horas - Portal Tela Portugal","isPartOf":{"@id":"https:\/\/portaltela.pt\/#website"},"primaryImageOfPage":{"@id":"https:\/\/portaltela.pt\/noticias\/2026\/02\/12\/caudal-do-tejo-sobe-durante-a-noite-e-exige-atencao-nas-proximas-48-horas\/#primaryimage"},"image":{"@id":"https:\/\/portaltela.pt\/noticias\/2026\/02\/12\/caudal-do-tejo-sobe-durante-a-noite-e-exige-atencao-nas-proximas-48-horas\/#primaryimage"},"thumbnailUrl":"https:\/\/portaltela.pt\/s.01k8rhncp4jt1\/2026\/02\/img_1500x1000uu2026-02-05-12-06-52-2200181-3.jpg","datePublished":"2026-02-12T09:48:13+00:00","author":{"@id":"https:\/\/portaltela.pt\/#\/schema\/person\/c4278d4a6028830caff9ee44b42d32ed"},"breadcrumb":{"@id":"https:\/\/portaltela.pt\/noticias\/2026\/02\/12\/caudal-do-tejo-sobe-durante-a-noite-e-exige-atencao-nas-proximas-48-horas\/#breadcrumb"},"inLanguage":"pt-PT","potentialAction":[{"@type":"ReadAction","target":["https:\/\/portaltela.pt\/noticias\/2026\/02\/12\/caudal-do-tejo-sobe-durante-a-noite-e-exige-atencao-nas-proximas-48-horas\/"]}]},{"@type":"ImageObject","inLanguage":"pt-PT","@id":"https:\/\/portaltela.pt\/noticias\/2026\/02\/12\/caudal-do-tejo-sobe-durante-a-noite-e-exige-atencao-nas-proximas-48-horas\/#primaryimage","url":"https:\/\/portaltela.pt\/s.01k8rhncp4jt1\/2026\/02\/img_1500x1000uu2026-02-05-12-06-52-2200181-3.jpg","contentUrl":"https:\/\/portaltela.pt\/s.01k8rhncp4jt1\/2026\/02\/img_1500x1000uu2026-02-05-12-06-52-2200181-3.jpg","width":796,"height":448,"caption":"Distrito de Santar\u00e9m \u00e9 o mais afetado pela subida do caudal do Rio Tejo"},{"@type":"BreadcrumbList","@id":"https:\/\/portaltela.pt\/noticias\/2026\/02\/12\/caudal-do-tejo-sobe-durante-a-noite-e-exige-atencao-nas-proximas-48-horas\/#breadcrumb","itemListElement":[{"@type":"ListItem","position":1,"name":"In\u00edcio","item":"https:\/\/portaltela.pt\/"},{"@type":"ListItem","position":2,"name":"Caudal do Tejo sobe durante a noite e exige aten\u00e7\u00e3o nas pr\u00f3ximas 48 horas"}]},{"@type":"WebSite","@id":"https:\/\/portaltela.pt\/#website","url":"https:\/\/portaltela.pt\/","name":"Portal Tela Portugal","description":"","potentialAction":[{"@type":"SearchAction","target":{"@type":"EntryPoint","urlTemplate":"https:\/\/portaltela.pt\/?s={search_term_string}"},"query-input":{"@type":"PropertyValueSpecification","valueRequired":true,"valueName":"search_term_string"}}],"inLanguage":"pt-PT"},{"@type":"Person","@id":"https:\/\/portaltela.pt\/#\/schema\/person\/c4278d4a6028830caff9ee44b42d32ed","name":"Telinha","image":{"@type":"ImageObject","inLanguage":"pt-PT","@id":"https:\/\/portaltela.pt\/s.01k8rhncp4jt1\/2025\/11\/talking-bot-125x125.png","url":"https:\/\/portaltela.pt\/s.01k8rhncp4jt1\/2025\/11\/talking-bot-125x125.png","contentUrl":"https:\/\/portaltela.pt\/s.01k8rhncp4jt1\/2025\/11\/talking-bot-125x125.png","caption":"Telinha"},"sameAs":["https:\/\/portaltela.pt\/"],"url":"https:\/\/portaltela.pt\/por\/367410592786\/"}]}},"_links":{"self":[{"href":"https:\/\/portaltela.pt\/api\/wp\/v2\/posts\/209348","targetHints":{"allow":["GET"]}}],"collection":[{"href":"https:\/\/portaltela.pt\/api\/wp\/v2\/posts"}],"about":[{"href":"https:\/\/portaltela.pt\/api\/wp\/v2\/types\/post"}],"author":[{"embeddable":true,"href":"https:\/\/portaltela.pt\/api\/wp\/v2\/users\/2"}],"replies":[{"embeddable":true,"href":"https:\/\/portaltela.pt\/api\/wp\/v2\/comments?post=209348"}],"version-history":[{"count":0,"href":"https:\/\/portaltela.pt\/api\/wp\/v2\/posts\/209348\/revisions"}],"wp:featuredmedia":[{"embeddable":true,"href":"https:\/\/portaltela.pt\/api\/wp\/v2\/media\/209350"}],"wp:attachment":[{"href":"https:\/\/portaltela.pt\/api\/wp\/v2\/media?parent=209348"}],"wp:term":[{"taxonomy":"category","embeddable":true,"href":"https:\/\/portaltela.pt\/api\/wp\/v2\/categories?post=209348"},{"taxonomy":"post_tag","embeddable":true,"href":"https:\/\/portaltela.pt\/api\/wp\/v2\/tags?post=209348"}],"curies":[{"name":"wp","href":"https:\/\/api.w.org\/{rel}","templated":true}]}}