{"id":209347,"date":"2026-02-12T06:56:00","date_gmt":"2026-02-12T09:56:00","guid":{"rendered":"https:\/\/portaltela.pt\/noticias\/2026\/02\/12\/mike-tyson-torna-se-embaixador-da-politica-nutricional-do-governo-trump\/"},"modified":"2026-02-12T06:56:00","modified_gmt":"2026-02-12T09:56:00","slug":"mike-tyson-torna-se-embaixador-da-politica-nutricional-do-governo-trump","status":"publish","type":"post","link":"https:\/\/portaltela.pt\/noticias\/2026\/02\/12\/mike-tyson-torna-se-embaixador-da-politica-nutricional-do-governo-trump\/","title":{"rendered":"Mike Tyson torna-se embaixador da pol\u00edtica nutricional do Governo Trump"},"content":{"rendered":"<p>Mike Tyson tornou-se embaixador da campanha nutricional do Governo dos EUA, liderado por Donald Trump. A iniciativa, chamada Coma Comida de Verdade, lan\u00e7ou o seu primeiro an\u00fancio durante o Super Bowl, \u00e9poca em que muitos norte-americanos consomem alimentos ultraprocessados.<\/p>\n<p>O ex-campe\u00e3o dos pesados participou numa apresenta\u00e7\u00e3o p\u00fablica dedicada ao combate aos ultraprocessados. A campanha incentiva a prioridade de alimentos n\u00e3o processados, como vegetais, carne e l\u00e1cteos, em vez de snacks, bolos e refrigerantes.<\/p>\n<p>Tyson descreveu a a\u00e7\u00e3o como a mais importante da vida, destacando o impacto de padr\u00f5es alimentares na sa\u00fade. O l\u00edder de sa\u00fade do governo, Robert Kennedy Jr., tamb\u00e9m participou do evento.<\/p>\n<p>O v\u00eddeo publicit\u00e1rio em preto e branco, exibido no Super Bowl, inclui o relato pessoal do pugilista sobre a sua alimenta\u00e7\u00e3o e desafios de sa\u00fade. Tyson mencionou a experi\u00eancia da sua irm\u00e3 Denise, que morreu aos 25 anos por obesidade e ataque card\u00edaco.<\/p>\n<p>O evento ocorreu em Washington, com a presen\u00e7a de figuras da \u00e1rea de sa\u00fade p\u00fablica. Tyson explicou a origem do seu interesse pela nutri\u00e7\u00e3o, citando a sua cidade natal, Brownsville, no Brooklyn, como contexto de h\u00e1bitos alimentares locais.<\/p>\n<p>Contexto de sa\u00fade p\u00fablica aponta que os EUA ocupam posi\u00e7\u00e3o relevante no consumo de calorias provenientes de ultraprocessados. Especialistas associam esse padr\u00e3o a riscos de obesidade, diabetes e doen\u00e7as card\u00edacas.<\/p>\n<p>A iniciativa tem recebido elogios de v\u00e1rios profissionais de sa\u00fade, que veem na campanha uma forma de promover escolhas mais saud\u00e1veis. Contudo, alguns moderam o entusiasmo, levantando preocupa\u00e7\u00f5es sobre a \u00eanfase em prote\u00ednas animais e latic\u00ednios integrais.<\/p>\n<p>Autoridades destacam que a comunica\u00e7\u00e3o p\u00fablica busca reduzir a exposi\u00e7\u00e3o a aditivos e a\u00e7\u00facares, promovendo uma mudan\u00e7a de h\u00e1bitos. A avalia\u00e7\u00e3o de efic\u00e1cia ainda depende de dados futuros e de ades\u00e3o do p\u00fablico.<\/p>\n","protected":false},"excerpt":{"rendered":"<ul>\n<li>Mike Tyson tornou-se rosto da campanha publicit\u00e1ria &#8220;Coma Comida de Verdade&#8221; do Governo Trump; o primeiro an\u00fancio foi lan\u00e7ado no Super Bowl.<\/li>\n<li>Tyson participou num evento oficial promovido pelo governo de Donald Trump dedicado ao combate aos alimentos ultraprocessados; afirmou que \u00e9 \u201ca luta mais importante da minha vida\u201d.<\/li>\n<li>No v\u00eddeo em preto e branco exibido durante o Super Bowl, Tyson incentiva a prioridade de alimentos n\u00e3o processados, como vegetais, carnes e produtos l\u00e1cteos, em detrimento de bolos industriais, snacks e refrigerantes, referindo as suas pr\u00f3prias dificuldades.<\/li>\n<li>Tyson explicou que vem de Brownsville, em Brooklyn, onde os alimentos ultraprocessados eram a norma, e mencionou a morte da irm\u00e3 Denise aos 25 anos por obesidade.<\/li>\n<li>Autoridades de sa\u00fade dos Estados Unidos indicam que o pa\u00eds est\u00e1 entre os que mais consomem calorias de ultraprocessados, com riscos de obesidade, diabetes e doen\u00e7as cardiovasculares; alguns especialistas temem influ\u00eancia de lobbies agr\u00edcolas na orienta\u00e7\u00e3o.<\/li>\n<\/ul>\n","protected":false},"author":2,"featured_media":209349,"comment_status":"closed","ping_status":"closed","sticky":false,"template":"","format":"standard","meta":{"footnotes":""},"categories":[1],"tags":[86,5814,2802,915,5649,271],"class_list":["post-209347","post","type-post","status-publish","format-standard","has-post-thumbnail","hentry","category-noticias","tag-alimentacao","tag-diabetes","tag-doenca-cardiaca","tag-nutricao","tag-obesidade","tag-saude-publica"],"yoast_head":"<!-- This site is optimized with the Yoast SEO plugin v27.2 - https:\/\/yoast.com\/product\/yoast-seo-wordpress\/ -->\n<title>Mike Tyson torna-se embaixador da pol\u00edtica nutricional do Governo Trump - Portal Tela Portugal<\/title>\n<meta name=\"robots\" content=\"index, follow, max-snippet:-1, max-image-preview:large, max-video-preview:-1\" \/>\n<meta property=\"og:locale\" content=\"pt_PT\" \/>\n<meta property=\"og:type\" content=\"article\" \/>\n<meta property=\"og:title\" content=\"Mike Tyson torna-se embaixador da pol\u00edtica nutricional do Governo Trump - Portal Tela Portugal\" \/>\n<meta property=\"og:description\" content=\"Mike Tyson tornou-se rosto da campanha publicit\u00e1ria &quot;Coma Comida de Verdade&quot; do Governo Trump; o primeiro an\u00fancio foi lan\u00e7ado no Super Bowl. Tyson participou num evento oficial promovido pelo governo de Donald Trump dedicado ao combate aos alimentos ultraprocessados; afirmou que \u00e9 \u201ca luta mais importante da minha vida\u201d. No v\u00eddeo em preto e branco exibido durante o Super Bowl, Tyson incentiva a prioridade de alimentos n\u00e3o processados, como vegetais, carnes e produtos l\u00e1cteos, em detrimento de bolos industriais, snacks e refrigerantes, referindo as suas pr\u00f3prias dificuldades. Tyson explicou que vem de Brownsville, em Brooklyn, onde os alimentos ultraprocessados eram a norma, e mencionou a morte da irm\u00e3 Denise aos 25 anos por obesidade. Autoridades de sa\u00fade dos Estados Unidos indicam que o pa\u00eds est\u00e1 entre os que mais consomem calorias de ultraprocessados, com riscos de obesidade, diabetes e doen\u00e7as cardiovasculares; alguns especialistas temem influ\u00eancia de lobbies agr\u00edcolas na orienta\u00e7\u00e3o.\" \/>\n<meta property=\"og:url\" content=\"https:\/\/portaltela.pt\/noticias\/2026\/02\/12\/mike-tyson-torna-se-embaixador-da-politica-nutricional-do-governo-trump\/\" \/>\n<meta property=\"og:site_name\" content=\"Portal Tela Portugal\" \/>\n<meta property=\"article:published_time\" content=\"2026-02-12T09:56:00+00:00\" \/>\n<meta name=\"author\" content=\"Telinha\" \/>\n<meta name=\"twitter:card\" content=\"summary_large_image\" \/>\n<meta name=\"twitter:label1\" content=\"Escrito por\" \/>\n\t<meta name=\"twitter:data1\" content=\"Telinha\" \/>\n\t<meta name=\"twitter:label2\" content=\"Tempo estimado de leitura\" \/>\n\t<meta name=\"twitter:data2\" content=\"2 minutos\" \/>\n<script type=\"application\/ld+json\" class=\"yoast-schema-graph\">{\"@context\":\"https:\/\/schema.org\",\"@graph\":[{\"@type\":\"Article\",\"@id\":\"https:\/\/portaltela.pt\/noticias\/2026\/02\/12\/mike-tyson-torna-se-embaixador-da-politica-nutricional-do-governo-trump\/#article\",\"isPartOf\":{\"@id\":\"https:\/\/portaltela.pt\/noticias\/2026\/02\/12\/mike-tyson-torna-se-embaixador-da-politica-nutricional-do-governo-trump\/\"},\"author\":{\"name\":\"Telinha\",\"@id\":\"https:\/\/portaltela.pt\/#\/schema\/person\/c4278d4a6028830caff9ee44b42d32ed\"},\"headline\":\"Mike Tyson torna-se embaixador da pol\u00edtica nutricional do Governo Trump\",\"datePublished\":\"2026-02-12T09:56:00+00:00\",\"mainEntityOfPage\":{\"@id\":\"https:\/\/portaltela.pt\/noticias\/2026\/02\/12\/mike-tyson-torna-se-embaixador-da-politica-nutricional-do-governo-trump\/\"},\"wordCount\":341,\"image\":{\"@id\":\"https:\/\/portaltela.pt\/noticias\/2026\/02\/12\/mike-tyson-torna-se-embaixador-da-politica-nutricional-do-governo-trump\/#primaryimage\"},\"thumbnailUrl\":\"https:\/\/portaltela.pt\/s.01k8rhncp4jt1\/2026\/02\/c5ce89a3-0f4a-45e2-b6cf-c3d20e0fb7f8_1200x675.jpg\",\"keywords\":[\"alimenta\u00e7\u00e3o\",\"diabetes\",\"doen\u00e7a card\u00edaca\",\"nutri\u00e7\u00e3o\",\"obesidade\",\"sa\u00fade p\u00fablica\"],\"articleSection\":[\"Not\u00edcias\"],\"inLanguage\":\"pt-PT\"},{\"@type\":\"WebPage\",\"@id\":\"https:\/\/portaltela.pt\/noticias\/2026\/02\/12\/mike-tyson-torna-se-embaixador-da-politica-nutricional-do-governo-trump\/\",\"url\":\"https:\/\/portaltela.pt\/noticias\/2026\/02\/12\/mike-tyson-torna-se-embaixador-da-politica-nutricional-do-governo-trump\/\",\"name\":\"Mike Tyson torna-se embaixador da pol\u00edtica nutricional do Governo Trump - Portal Tela Portugal\",\"isPartOf\":{\"@id\":\"https:\/\/portaltela.pt\/#website\"},\"primaryImageOfPage\":{\"@id\":\"https:\/\/portaltela.pt\/noticias\/2026\/02\/12\/mike-tyson-torna-se-embaixador-da-politica-nutricional-do-governo-trump\/#primaryimage\"},\"image\":{\"@id\":\"https:\/\/portaltela.pt\/noticias\/2026\/02\/12\/mike-tyson-torna-se-embaixador-da-politica-nutricional-do-governo-trump\/#primaryimage\"},\"thumbnailUrl\":\"https:\/\/portaltela.pt\/s.01k8rhncp4jt1\/2026\/02\/c5ce89a3-0f4a-45e2-b6cf-c3d20e0fb7f8_1200x675.jpg\",\"datePublished\":\"2026-02-12T09:56:00+00:00\",\"author\":{\"@id\":\"https:\/\/portaltela.pt\/#\/schema\/person\/c4278d4a6028830caff9ee44b42d32ed\"},\"breadcrumb\":{\"@id\":\"https:\/\/portaltela.pt\/noticias\/2026\/02\/12\/mike-tyson-torna-se-embaixador-da-politica-nutricional-do-governo-trump\/#breadcrumb\"},\"inLanguage\":\"pt-PT\",\"potentialAction\":[{\"@type\":\"ReadAction\",\"target\":[\"https:\/\/portaltela.pt\/noticias\/2026\/02\/12\/mike-tyson-torna-se-embaixador-da-politica-nutricional-do-governo-trump\/\"]}]},{\"@type\":\"ImageObject\",\"inLanguage\":\"pt-PT\",\"@id\":\"https:\/\/portaltela.pt\/noticias\/2026\/02\/12\/mike-tyson-torna-se-embaixador-da-politica-nutricional-do-governo-trump\/#primaryimage\",\"url\":\"https:\/\/portaltela.pt\/s.01k8rhncp4jt1\/2026\/02\/c5ce89a3-0f4a-45e2-b6cf-c3d20e0fb7f8_1200x675.jpg\",\"contentUrl\":\"https:\/\/portaltela.pt\/s.01k8rhncp4jt1\/2026\/02\/c5ce89a3-0f4a-45e2-b6cf-c3d20e0fb7f8_1200x675.jpg\",\"width\":796,\"height\":448,\"caption\":\"Tyson na apresenta\u00e7\u00e3o da campanha\"},{\"@type\":\"BreadcrumbList\",\"@id\":\"https:\/\/portaltela.pt\/noticias\/2026\/02\/12\/mike-tyson-torna-se-embaixador-da-politica-nutricional-do-governo-trump\/#breadcrumb\",\"itemListElement\":[{\"@type\":\"ListItem\",\"position\":1,\"name\":\"In\u00edcio\",\"item\":\"https:\/\/portaltela.pt\/\"},{\"@type\":\"ListItem\",\"position\":2,\"name\":\"Mike Tyson torna-se embaixador da pol\u00edtica nutricional do Governo Trump\"}]},{\"@type\":\"WebSite\",\"@id\":\"https:\/\/portaltela.pt\/#website\",\"url\":\"https:\/\/portaltela.pt\/\",\"name\":\"Portal Tela Portugal\",\"description\":\"\",\"potentialAction\":[{\"@type\":\"SearchAction\",\"target\":{\"@type\":\"EntryPoint\",\"urlTemplate\":\"https:\/\/portaltela.pt\/?s={search_term_string}\"},\"query-input\":{\"@type\":\"PropertyValueSpecification\",\"valueRequired\":true,\"valueName\":\"search_term_string\"}}],\"inLanguage\":\"pt-PT\"},{\"@type\":\"Person\",\"@id\":\"https:\/\/portaltela.pt\/#\/schema\/person\/c4278d4a6028830caff9ee44b42d32ed\",\"name\":\"Telinha\",\"image\":{\"@type\":\"ImageObject\",\"inLanguage\":\"pt-PT\",\"@id\":\"https:\/\/portaltela.pt\/s.01k8rhncp4jt1\/2025\/11\/talking-bot-125x125.png\",\"url\":\"https:\/\/portaltela.pt\/s.01k8rhncp4jt1\/2025\/11\/talking-bot-125x125.png\",\"contentUrl\":\"https:\/\/portaltela.pt\/s.01k8rhncp4jt1\/2025\/11\/talking-bot-125x125.png\",\"caption\":\"Telinha\"},\"sameAs\":[\"https:\/\/portaltela.pt\/\"],\"url\":\"https:\/\/portaltela.pt\/por\/367410592786\/\"}]}<\/script>\n<!-- \/ Yoast SEO plugin. -->","yoast_head_json":{"title":"Mike Tyson torna-se embaixador da pol\u00edtica nutricional do Governo Trump - Portal Tela Portugal","robots":{"index":"index","follow":"follow","max-snippet":"max-snippet:-1","max-image-preview":"max-image-preview:large","max-video-preview":"max-video-preview:-1"},"og_locale":"pt_PT","og_type":"article","og_title":"Mike Tyson torna-se embaixador da pol\u00edtica nutricional do Governo Trump - Portal Tela Portugal","og_description":"Mike Tyson tornou-se rosto da campanha publicit\u00e1ria \"Coma Comida de Verdade\" do Governo Trump; o primeiro an\u00fancio foi lan\u00e7ado no Super Bowl. Tyson participou num evento oficial promovido pelo governo de Donald Trump dedicado ao combate aos alimentos ultraprocessados; afirmou que \u00e9 \u201ca luta mais importante da minha vida\u201d. No v\u00eddeo em preto e branco exibido durante o Super Bowl, Tyson incentiva a prioridade de alimentos n\u00e3o processados, como vegetais, carnes e produtos l\u00e1cteos, em detrimento de bolos industriais, snacks e refrigerantes, referindo as suas pr\u00f3prias dificuldades. Tyson explicou que vem de Brownsville, em Brooklyn, onde os alimentos ultraprocessados eram a norma, e mencionou a morte da irm\u00e3 Denise aos 25 anos por obesidade. Autoridades de sa\u00fade dos Estados Unidos indicam que o pa\u00eds est\u00e1 entre os que mais consomem calorias de ultraprocessados, com riscos de obesidade, diabetes e doen\u00e7as cardiovasculares; alguns especialistas temem influ\u00eancia de lobbies agr\u00edcolas na orienta\u00e7\u00e3o.","og_url":"https:\/\/portaltela.pt\/noticias\/2026\/02\/12\/mike-tyson-torna-se-embaixador-da-politica-nutricional-do-governo-trump\/","og_site_name":"Portal Tela Portugal","article_published_time":"2026-02-12T09:56:00+00:00","author":"Telinha","twitter_card":"summary_large_image","twitter_misc":{"Escrito por":"Telinha","Tempo estimado de leitura":"2 minutos"},"schema":{"@context":"https:\/\/schema.org","@graph":[{"@type":"Article","@id":"https:\/\/portaltela.pt\/noticias\/2026\/02\/12\/mike-tyson-torna-se-embaixador-da-politica-nutricional-do-governo-trump\/#article","isPartOf":{"@id":"https:\/\/portaltela.pt\/noticias\/2026\/02\/12\/mike-tyson-torna-se-embaixador-da-politica-nutricional-do-governo-trump\/"},"author":{"name":"Telinha","@id":"https:\/\/portaltela.pt\/#\/schema\/person\/c4278d4a6028830caff9ee44b42d32ed"},"headline":"Mike Tyson torna-se embaixador da pol\u00edtica nutricional do Governo Trump","datePublished":"2026-02-12T09:56:00+00:00","mainEntityOfPage":{"@id":"https:\/\/portaltela.pt\/noticias\/2026\/02\/12\/mike-tyson-torna-se-embaixador-da-politica-nutricional-do-governo-trump\/"},"wordCount":341,"image":{"@id":"https:\/\/portaltela.pt\/noticias\/2026\/02\/12\/mike-tyson-torna-se-embaixador-da-politica-nutricional-do-governo-trump\/#primaryimage"},"thumbnailUrl":"https:\/\/portaltela.pt\/s.01k8rhncp4jt1\/2026\/02\/c5ce89a3-0f4a-45e2-b6cf-c3d20e0fb7f8_1200x675.jpg","keywords":["alimenta\u00e7\u00e3o","diabetes","doen\u00e7a card\u00edaca","nutri\u00e7\u00e3o","obesidade","sa\u00fade p\u00fablica"],"articleSection":["Not\u00edcias"],"inLanguage":"pt-PT"},{"@type":"WebPage","@id":"https:\/\/portaltela.pt\/noticias\/2026\/02\/12\/mike-tyson-torna-se-embaixador-da-politica-nutricional-do-governo-trump\/","url":"https:\/\/portaltela.pt\/noticias\/2026\/02\/12\/mike-tyson-torna-se-embaixador-da-politica-nutricional-do-governo-trump\/","name":"Mike Tyson torna-se embaixador da pol\u00edtica nutricional do Governo Trump - Portal Tela Portugal","isPartOf":{"@id":"https:\/\/portaltela.pt\/#website"},"primaryImageOfPage":{"@id":"https:\/\/portaltela.pt\/noticias\/2026\/02\/12\/mike-tyson-torna-se-embaixador-da-politica-nutricional-do-governo-trump\/#primaryimage"},"image":{"@id":"https:\/\/portaltela.pt\/noticias\/2026\/02\/12\/mike-tyson-torna-se-embaixador-da-politica-nutricional-do-governo-trump\/#primaryimage"},"thumbnailUrl":"https:\/\/portaltela.pt\/s.01k8rhncp4jt1\/2026\/02\/c5ce89a3-0f4a-45e2-b6cf-c3d20e0fb7f8_1200x675.jpg","datePublished":"2026-02-12T09:56:00+00:00","author":{"@id":"https:\/\/portaltela.pt\/#\/schema\/person\/c4278d4a6028830caff9ee44b42d32ed"},"breadcrumb":{"@id":"https:\/\/portaltela.pt\/noticias\/2026\/02\/12\/mike-tyson-torna-se-embaixador-da-politica-nutricional-do-governo-trump\/#breadcrumb"},"inLanguage":"pt-PT","potentialAction":[{"@type":"ReadAction","target":["https:\/\/portaltela.pt\/noticias\/2026\/02\/12\/mike-tyson-torna-se-embaixador-da-politica-nutricional-do-governo-trump\/"]}]},{"@type":"ImageObject","inLanguage":"pt-PT","@id":"https:\/\/portaltela.pt\/noticias\/2026\/02\/12\/mike-tyson-torna-se-embaixador-da-politica-nutricional-do-governo-trump\/#primaryimage","url":"https:\/\/portaltela.pt\/s.01k8rhncp4jt1\/2026\/02\/c5ce89a3-0f4a-45e2-b6cf-c3d20e0fb7f8_1200x675.jpg","contentUrl":"https:\/\/portaltela.pt\/s.01k8rhncp4jt1\/2026\/02\/c5ce89a3-0f4a-45e2-b6cf-c3d20e0fb7f8_1200x675.jpg","width":796,"height":448,"caption":"Tyson na apresenta\u00e7\u00e3o da campanha"},{"@type":"BreadcrumbList","@id":"https:\/\/portaltela.pt\/noticias\/2026\/02\/12\/mike-tyson-torna-se-embaixador-da-politica-nutricional-do-governo-trump\/#breadcrumb","itemListElement":[{"@type":"ListItem","position":1,"name":"In\u00edcio","item":"https:\/\/portaltela.pt\/"},{"@type":"ListItem","position":2,"name":"Mike Tyson torna-se embaixador da pol\u00edtica nutricional do Governo Trump"}]},{"@type":"WebSite","@id":"https:\/\/portaltela.pt\/#website","url":"https:\/\/portaltela.pt\/","name":"Portal Tela Portugal","description":"","potentialAction":[{"@type":"SearchAction","target":{"@type":"EntryPoint","urlTemplate":"https:\/\/portaltela.pt\/?s={search_term_string}"},"query-input":{"@type":"PropertyValueSpecification","valueRequired":true,"valueName":"search_term_string"}}],"inLanguage":"pt-PT"},{"@type":"Person","@id":"https:\/\/portaltela.pt\/#\/schema\/person\/c4278d4a6028830caff9ee44b42d32ed","name":"Telinha","image":{"@type":"ImageObject","inLanguage":"pt-PT","@id":"https:\/\/portaltela.pt\/s.01k8rhncp4jt1\/2025\/11\/talking-bot-125x125.png","url":"https:\/\/portaltela.pt\/s.01k8rhncp4jt1\/2025\/11\/talking-bot-125x125.png","contentUrl":"https:\/\/portaltela.pt\/s.01k8rhncp4jt1\/2025\/11\/talking-bot-125x125.png","caption":"Telinha"},"sameAs":["https:\/\/portaltela.pt\/"],"url":"https:\/\/portaltela.pt\/por\/367410592786\/"}]}},"_links":{"self":[{"href":"https:\/\/portaltela.pt\/api\/wp\/v2\/posts\/209347","targetHints":{"allow":["GET"]}}],"collection":[{"href":"https:\/\/portaltela.pt\/api\/wp\/v2\/posts"}],"about":[{"href":"https:\/\/portaltela.pt\/api\/wp\/v2\/types\/post"}],"author":[{"embeddable":true,"href":"https:\/\/portaltela.pt\/api\/wp\/v2\/users\/2"}],"replies":[{"embeddable":true,"href":"https:\/\/portaltela.pt\/api\/wp\/v2\/comments?post=209347"}],"version-history":[{"count":0,"href":"https:\/\/portaltela.pt\/api\/wp\/v2\/posts\/209347\/revisions"}],"wp:featuredmedia":[{"embeddable":true,"href":"https:\/\/portaltela.pt\/api\/wp\/v2\/media\/209349"}],"wp:attachment":[{"href":"https:\/\/portaltela.pt\/api\/wp\/v2\/media?parent=209347"}],"wp:term":[{"taxonomy":"category","embeddable":true,"href":"https:\/\/portaltela.pt\/api\/wp\/v2\/categories?post=209347"},{"taxonomy":"post_tag","embeddable":true,"href":"https:\/\/portaltela.pt\/api\/wp\/v2\/tags?post=209347"}],"curies":[{"name":"wp","href":"https:\/\/api.w.org\/{rel}","templated":true}]}}