{"id":209341,"date":"2026-02-12T06:39:19","date_gmt":"2026-02-12T09:39:19","guid":{"rendered":"https:\/\/portaltela.pt\/noticias\/2026\/02\/12\/skeletonista-ucraniano-banido-dos-jogos-de-inverno-por-capacete-em-honra-de-mortos\/"},"modified":"2026-02-12T06:39:19","modified_gmt":"2026-02-12T09:39:19","slug":"skeletonista-ucraniano-banido-dos-jogos-de-inverno-por-capacete-em-honra-de-mortos","status":"publish","type":"post","link":"https:\/\/portaltela.pt\/desporto\/2026\/02\/12\/skeletonista-ucraniano-banido-dos-jogos-de-inverno-por-capacete-em-honra-de-mortos\/","title":{"rendered":"Skeletonista ucraniano banido dos Jogos de Inverno por capacete em honra de mortos"},"content":{"rendered":"<p>O atleta ucraniano Vladyslav Heraskevych foi banido dos Jogos Ol\u00edmpicos de Inverno Milano-Cortina2026 por se recusar a usar um capacete que n\u00e3o o seu, decorado para homenagear atletas mortos na guerra contra a R\u00fassia. A decis\u00e3o ocorreu durante a competi\u00e7\u00e3o na cidade italiana de Mil\u00e3o-Cortina, em pleno evento.<\/p>\n<p>A presidente do Comit\u00e9 Ol\u00edmpico Internacional, <strong>Kirsty Coventry<\/strong>, reuniu-se com o atleta no topo da pista cerca de uma hora antes do in\u00edcio da prova, sem sucesso na obten\u00e7\u00e3o de um capacete mais neutro. A reuni\u00e3o ocorreu apenas dias ap\u00f3s o an\u00fancio da proibi\u00e7\u00e3o.<\/p>\n<p>O capacete em quest\u00e3o mostra as caras de mais de 20 atletas e treinadores ucranianos falecidos desde o in\u00edcio da invas\u00e3o russa, em 24 de fevereiro de 2022. A pe\u00e7a foi alvo de cr\u00edticas e de contextualiza\u00e7\u00e3o pol\u00edtica durante o evento.<\/p>\n<p>O COI justificou a proibi\u00e7\u00e3o pela regra que impede posicionamentos ou declara\u00e7\u00f5es de teor pol\u00edtico nas competi\u00e7\u00f5es ol\u00edmpicas. A institui\u00e7\u00e3o pretende manter o foco na competi\u00e7\u00e3o, sem manifesta\u00e7\u00f5es externas ao desporto.<\/p>\n<p>Para Heraskevych, o capacete n\u00e3o viola as regras do COI. O atleta j\u00e1 afirmou que planeia apresentar recurso \u00e0 Federa\u00e7\u00e3o Internacional de Bobsleigh e Skeleton e, adicionalmente, uma apela\u00e7\u00e3o ao Tribunal Arbitral do Desporto (<strong>CAS<\/strong>).<\/p>\n<p>A decis\u00e3o segue o hist\u00f3rico do jogador, que j\u00e1 tinha sido repreendido nos Jogos Ol\u00edmpicos de Pequim2022 por segurar um cartaz com o pedido de fim da guerra, considerado um apelo \u00e0 paz pela organiza\u00e7\u00e3o. A nova tomada de posi\u00e7\u00e3o mant\u00e9m o foco na disputa esportiva.<\/p>\n","protected":false},"excerpt":{"rendered":"<ul>\n<li>O atleta ucraniano de skeleton Vladyslav Heraskevych foi banido dos Jogos Ol\u00edmpicos de Inverno Milano-Cortina 2026 por se recusar a usar um capacete distinto, que honrava atletas mortos na guerra com a R\u00fassia.<\/li>\n<li>A presidente do Comit\u00e9 Ol\u00edmpico Internacional (COI), Kirsty Coventry, reuniu-se com o atleta pouco antes do arranque da prova, sem sucesso em conseguir um capacete mais neutro.<\/li>\n<li>Heraskevych afirmou sentir um vazio e disse que pretende recorrer \u00e0 Federa\u00e7\u00e3o Internacional de Bobsled e Skeleton, bem como ao Tribunal Arbitral do Desporto (CAS).<\/li>\n<li>O capacete em quest\u00e3o exibe as caras de mais de vinte atletas e treinadores ucranianos que morreram desde o in\u00edcio da invas\u00e3o russa, em 24 de fevereiro de 2022.<\/li>\n<li>O COI justificou a proibi\u00e7\u00e3o com a norma que pro\u00edbe posicionamentos ou declara\u00e7\u00f5es de teor pol\u00edtico nas competi\u00e7\u00f5es, e recordou que j\u00e1 repreendeu o atleta em Pequim 2022 por segurar um cartaz que pedia o fim da guerra, considerado apelo \u00e0 Paz.<\/li>\n<\/ul>\n","protected":false},"author":2,"featured_media":209342,"comment_status":"closed","ping_status":"closed","sticky":false,"template":"","format":"standard","meta":{"footnotes":""},"categories":[21],"tags":[5813,4688,152,2832,3110,2134],"class_list":["post-209341","post","type-post","status-publish","format-standard","has-post-thumbnail","hentry","category-desporto","tag-cas","tag-comite-olimpico-internacional","tag-desporto","tag-politica","tag-russia","tag-ucrania"],"yoast_head":"<!-- This site is optimized with the Yoast SEO plugin v27.2 - https:\/\/yoast.com\/product\/yoast-seo-wordpress\/ -->\n<title>Skeletonista ucraniano banido dos Jogos de Inverno por capacete em honra de mortos - Portal Tela Portugal<\/title>\n<meta name=\"robots\" content=\"index, follow, max-snippet:-1, max-image-preview:large, max-video-preview:-1\" \/>\n<meta property=\"og:locale\" content=\"pt_PT\" \/>\n<meta property=\"og:type\" content=\"article\" \/>\n<meta property=\"og:title\" content=\"Skeletonista ucraniano banido dos Jogos de Inverno por capacete em honra de mortos - Portal Tela Portugal\" \/>\n<meta property=\"og:description\" content=\"O atleta ucraniano de skeleton Vladyslav Heraskevych foi banido dos Jogos Ol\u00edmpicos de Inverno Milano-Cortina 2026 por se recusar a usar um capacete distinto, que honrava atletas mortos na guerra com a R\u00fassia. A presidente do Comit\u00e9 Ol\u00edmpico Internacional (COI), Kirsty Coventry, reuniu-se com o atleta pouco antes do arranque da prova, sem sucesso em conseguir um capacete mais neutro. Heraskevych afirmou sentir um vazio e disse que pretende recorrer \u00e0 Federa\u00e7\u00e3o Internacional de Bobsled e Skeleton, bem como ao Tribunal Arbitral do Desporto (CAS). O capacete em quest\u00e3o exibe as caras de mais de vinte atletas e treinadores ucranianos que morreram desde o in\u00edcio da invas\u00e3o russa, em 24 de fevereiro de 2022. O COI justificou a proibi\u00e7\u00e3o com a norma que pro\u00edbe posicionamentos ou declara\u00e7\u00f5es de teor pol\u00edtico nas competi\u00e7\u00f5es, e recordou que j\u00e1 repreendeu o atleta em Pequim 2022 por segurar um cartaz que pedia o fim da guerra, considerado apelo \u00e0 Paz.\" \/>\n<meta property=\"og:url\" content=\"https:\/\/portaltela.pt\/noticias\/2026\/02\/12\/skeletonista-ucraniano-banido-dos-jogos-de-inverno-por-capacete-em-honra-de-mortos\/\" \/>\n<meta property=\"og:site_name\" content=\"Portal Tela Portugal\" \/>\n<meta property=\"article:published_time\" content=\"2026-02-12T09:39:19+00:00\" \/>\n<meta name=\"author\" content=\"Telinha\" \/>\n<meta name=\"twitter:card\" content=\"summary_large_image\" \/>\n<meta name=\"twitter:label1\" content=\"Escrito por\" \/>\n\t<meta name=\"twitter:data1\" content=\"Telinha\" \/>\n\t<meta name=\"twitter:label2\" content=\"Tempo estimado de leitura\" \/>\n\t<meta name=\"twitter:data2\" content=\"1 minuto\" \/>\n<script type=\"application\/ld+json\" class=\"yoast-schema-graph\">{\"@context\":\"https:\/\/schema.org\",\"@graph\":[{\"@type\":\"Article\",\"@id\":\"https:\/\/portaltela.pt\/noticias\/2026\/02\/12\/skeletonista-ucraniano-banido-dos-jogos-de-inverno-por-capacete-em-honra-de-mortos\/#article\",\"isPartOf\":{\"@id\":\"https:\/\/portaltela.pt\/noticias\/2026\/02\/12\/skeletonista-ucraniano-banido-dos-jogos-de-inverno-por-capacete-em-honra-de-mortos\/\"},\"author\":{\"name\":\"Telinha\",\"@id\":\"https:\/\/portaltela.pt\/#\/schema\/person\/c4278d4a6028830caff9ee44b42d32ed\"},\"headline\":\"Skeletonista ucraniano banido dos Jogos de Inverno por capacete em honra de mortos\",\"datePublished\":\"2026-02-12T09:39:19+00:00\",\"mainEntityOfPage\":{\"@id\":\"https:\/\/portaltela.pt\/noticias\/2026\/02\/12\/skeletonista-ucraniano-banido-dos-jogos-de-inverno-por-capacete-em-honra-de-mortos\/\"},\"wordCount\":290,\"image\":{\"@id\":\"https:\/\/portaltela.pt\/noticias\/2026\/02\/12\/skeletonista-ucraniano-banido-dos-jogos-de-inverno-por-capacete-em-honra-de-mortos\/#primaryimage\"},\"thumbnailUrl\":\"https:\/\/portaltela.pt\/s.01k8rhncp4jt1\/2026\/02\/img_1200x721uu2026-02-12-08-36-09-2421096-1.jpg\",\"keywords\":[\"CAS\",\"Comit\u00e9 Ol\u00edmpico Internacional\",\"desporto\",\"pol\u00edtica\",\"R\u00fassia\",\"Ucr\u00e2nia\"],\"articleSection\":[\"Desporto\"],\"inLanguage\":\"pt-PT\"},{\"@type\":\"WebPage\",\"@id\":\"https:\/\/portaltela.pt\/noticias\/2026\/02\/12\/skeletonista-ucraniano-banido-dos-jogos-de-inverno-por-capacete-em-honra-de-mortos\/\",\"url\":\"https:\/\/portaltela.pt\/noticias\/2026\/02\/12\/skeletonista-ucraniano-banido-dos-jogos-de-inverno-por-capacete-em-honra-de-mortos\/\",\"name\":\"Skeletonista ucraniano banido dos Jogos de Inverno por capacete em honra de mortos - Portal Tela Portugal\",\"isPartOf\":{\"@id\":\"https:\/\/portaltela.pt\/#website\"},\"primaryImageOfPage\":{\"@id\":\"https:\/\/portaltela.pt\/noticias\/2026\/02\/12\/skeletonista-ucraniano-banido-dos-jogos-de-inverno-por-capacete-em-honra-de-mortos\/#primaryimage\"},\"image\":{\"@id\":\"https:\/\/portaltela.pt\/noticias\/2026\/02\/12\/skeletonista-ucraniano-banido-dos-jogos-de-inverno-por-capacete-em-honra-de-mortos\/#primaryimage\"},\"thumbnailUrl\":\"https:\/\/portaltela.pt\/s.01k8rhncp4jt1\/2026\/02\/img_1200x721uu2026-02-12-08-36-09-2421096-1.jpg\",\"datePublished\":\"2026-02-12T09:39:19+00:00\",\"author\":{\"@id\":\"https:\/\/portaltela.pt\/#\/schema\/person\/c4278d4a6028830caff9ee44b42d32ed\"},\"breadcrumb\":{\"@id\":\"https:\/\/portaltela.pt\/noticias\/2026\/02\/12\/skeletonista-ucraniano-banido-dos-jogos-de-inverno-por-capacete-em-honra-de-mortos\/#breadcrumb\"},\"inLanguage\":\"pt-PT\",\"potentialAction\":[{\"@type\":\"ReadAction\",\"target\":[\"https:\/\/portaltela.pt\/noticias\/2026\/02\/12\/skeletonista-ucraniano-banido-dos-jogos-de-inverno-por-capacete-em-honra-de-mortos\/\"]}]},{\"@type\":\"ImageObject\",\"inLanguage\":\"pt-PT\",\"@id\":\"https:\/\/portaltela.pt\/noticias\/2026\/02\/12\/skeletonista-ucraniano-banido-dos-jogos-de-inverno-por-capacete-em-honra-de-mortos\/#primaryimage\",\"url\":\"https:\/\/portaltela.pt\/s.01k8rhncp4jt1\/2026\/02\/img_1200x721uu2026-02-12-08-36-09-2421096-1.jpg\",\"contentUrl\":\"https:\/\/portaltela.pt\/s.01k8rhncp4jt1\/2026\/02\/img_1200x721uu2026-02-12-08-36-09-2421096-1.jpg\",\"width\":796,\"height\":448,\"caption\":\"Atleta ucraniano de 'skeleton' banido dos Jogos Ol\u00edmpicos de Inverno por capacete a honrar mortos da guerra\"},{\"@type\":\"BreadcrumbList\",\"@id\":\"https:\/\/portaltela.pt\/noticias\/2026\/02\/12\/skeletonista-ucraniano-banido-dos-jogos-de-inverno-por-capacete-em-honra-de-mortos\/#breadcrumb\",\"itemListElement\":[{\"@type\":\"ListItem\",\"position\":1,\"name\":\"In\u00edcio\",\"item\":\"https:\/\/portaltela.pt\/\"},{\"@type\":\"ListItem\",\"position\":2,\"name\":\"Skeletonista ucraniano banido dos Jogos de Inverno por capacete em honra de mortos\"}]},{\"@type\":\"WebSite\",\"@id\":\"https:\/\/portaltela.pt\/#website\",\"url\":\"https:\/\/portaltela.pt\/\",\"name\":\"Portal Tela Portugal\",\"description\":\"\",\"potentialAction\":[{\"@type\":\"SearchAction\",\"target\":{\"@type\":\"EntryPoint\",\"urlTemplate\":\"https:\/\/portaltela.pt\/?s={search_term_string}\"},\"query-input\":{\"@type\":\"PropertyValueSpecification\",\"valueRequired\":true,\"valueName\":\"search_term_string\"}}],\"inLanguage\":\"pt-PT\"},{\"@type\":\"Person\",\"@id\":\"https:\/\/portaltela.pt\/#\/schema\/person\/c4278d4a6028830caff9ee44b42d32ed\",\"name\":\"Telinha\",\"image\":{\"@type\":\"ImageObject\",\"inLanguage\":\"pt-PT\",\"@id\":\"https:\/\/portaltela.pt\/s.01k8rhncp4jt1\/2025\/11\/talking-bot-125x125.png\",\"url\":\"https:\/\/portaltela.pt\/s.01k8rhncp4jt1\/2025\/11\/talking-bot-125x125.png\",\"contentUrl\":\"https:\/\/portaltela.pt\/s.01k8rhncp4jt1\/2025\/11\/talking-bot-125x125.png\",\"caption\":\"Telinha\"},\"sameAs\":[\"https:\/\/portaltela.pt\/\"],\"url\":\"https:\/\/portaltela.pt\/por\/367410592786\/\"}]}<\/script>\n<!-- \/ Yoast SEO plugin. -->","yoast_head_json":{"title":"Skeletonista ucraniano banido dos Jogos de Inverno por capacete em honra de mortos - Portal Tela Portugal","robots":{"index":"index","follow":"follow","max-snippet":"max-snippet:-1","max-image-preview":"max-image-preview:large","max-video-preview":"max-video-preview:-1"},"og_locale":"pt_PT","og_type":"article","og_title":"Skeletonista ucraniano banido dos Jogos de Inverno por capacete em honra de mortos - Portal Tela Portugal","og_description":"O atleta ucraniano de skeleton Vladyslav Heraskevych foi banido dos Jogos Ol\u00edmpicos de Inverno Milano-Cortina 2026 por se recusar a usar um capacete distinto, que honrava atletas mortos na guerra com a R\u00fassia. A presidente do Comit\u00e9 Ol\u00edmpico Internacional (COI), Kirsty Coventry, reuniu-se com o atleta pouco antes do arranque da prova, sem sucesso em conseguir um capacete mais neutro. Heraskevych afirmou sentir um vazio e disse que pretende recorrer \u00e0 Federa\u00e7\u00e3o Internacional de Bobsled e Skeleton, bem como ao Tribunal Arbitral do Desporto (CAS). O capacete em quest\u00e3o exibe as caras de mais de vinte atletas e treinadores ucranianos que morreram desde o in\u00edcio da invas\u00e3o russa, em 24 de fevereiro de 2022. O COI justificou a proibi\u00e7\u00e3o com a norma que pro\u00edbe posicionamentos ou declara\u00e7\u00f5es de teor pol\u00edtico nas competi\u00e7\u00f5es, e recordou que j\u00e1 repreendeu o atleta em Pequim 2022 por segurar um cartaz que pedia o fim da guerra, considerado apelo \u00e0 Paz.","og_url":"https:\/\/portaltela.pt\/noticias\/2026\/02\/12\/skeletonista-ucraniano-banido-dos-jogos-de-inverno-por-capacete-em-honra-de-mortos\/","og_site_name":"Portal Tela Portugal","article_published_time":"2026-02-12T09:39:19+00:00","author":"Telinha","twitter_card":"summary_large_image","twitter_misc":{"Escrito por":"Telinha","Tempo estimado de leitura":"1 minuto"},"schema":{"@context":"https:\/\/schema.org","@graph":[{"@type":"Article","@id":"https:\/\/portaltela.pt\/noticias\/2026\/02\/12\/skeletonista-ucraniano-banido-dos-jogos-de-inverno-por-capacete-em-honra-de-mortos\/#article","isPartOf":{"@id":"https:\/\/portaltela.pt\/noticias\/2026\/02\/12\/skeletonista-ucraniano-banido-dos-jogos-de-inverno-por-capacete-em-honra-de-mortos\/"},"author":{"name":"Telinha","@id":"https:\/\/portaltela.pt\/#\/schema\/person\/c4278d4a6028830caff9ee44b42d32ed"},"headline":"Skeletonista ucraniano banido dos Jogos de Inverno por capacete em honra de mortos","datePublished":"2026-02-12T09:39:19+00:00","mainEntityOfPage":{"@id":"https:\/\/portaltela.pt\/noticias\/2026\/02\/12\/skeletonista-ucraniano-banido-dos-jogos-de-inverno-por-capacete-em-honra-de-mortos\/"},"wordCount":290,"image":{"@id":"https:\/\/portaltela.pt\/noticias\/2026\/02\/12\/skeletonista-ucraniano-banido-dos-jogos-de-inverno-por-capacete-em-honra-de-mortos\/#primaryimage"},"thumbnailUrl":"https:\/\/portaltela.pt\/s.01k8rhncp4jt1\/2026\/02\/img_1200x721uu2026-02-12-08-36-09-2421096-1.jpg","keywords":["CAS","Comit\u00e9 Ol\u00edmpico Internacional","desporto","pol\u00edtica","R\u00fassia","Ucr\u00e2nia"],"articleSection":["Desporto"],"inLanguage":"pt-PT"},{"@type":"WebPage","@id":"https:\/\/portaltela.pt\/noticias\/2026\/02\/12\/skeletonista-ucraniano-banido-dos-jogos-de-inverno-por-capacete-em-honra-de-mortos\/","url":"https:\/\/portaltela.pt\/noticias\/2026\/02\/12\/skeletonista-ucraniano-banido-dos-jogos-de-inverno-por-capacete-em-honra-de-mortos\/","name":"Skeletonista ucraniano banido dos Jogos de Inverno por capacete em honra de mortos - Portal Tela Portugal","isPartOf":{"@id":"https:\/\/portaltela.pt\/#website"},"primaryImageOfPage":{"@id":"https:\/\/portaltela.pt\/noticias\/2026\/02\/12\/skeletonista-ucraniano-banido-dos-jogos-de-inverno-por-capacete-em-honra-de-mortos\/#primaryimage"},"image":{"@id":"https:\/\/portaltela.pt\/noticias\/2026\/02\/12\/skeletonista-ucraniano-banido-dos-jogos-de-inverno-por-capacete-em-honra-de-mortos\/#primaryimage"},"thumbnailUrl":"https:\/\/portaltela.pt\/s.01k8rhncp4jt1\/2026\/02\/img_1200x721uu2026-02-12-08-36-09-2421096-1.jpg","datePublished":"2026-02-12T09:39:19+00:00","author":{"@id":"https:\/\/portaltela.pt\/#\/schema\/person\/c4278d4a6028830caff9ee44b42d32ed"},"breadcrumb":{"@id":"https:\/\/portaltela.pt\/noticias\/2026\/02\/12\/skeletonista-ucraniano-banido-dos-jogos-de-inverno-por-capacete-em-honra-de-mortos\/#breadcrumb"},"inLanguage":"pt-PT","potentialAction":[{"@type":"ReadAction","target":["https:\/\/portaltela.pt\/noticias\/2026\/02\/12\/skeletonista-ucraniano-banido-dos-jogos-de-inverno-por-capacete-em-honra-de-mortos\/"]}]},{"@type":"ImageObject","inLanguage":"pt-PT","@id":"https:\/\/portaltela.pt\/noticias\/2026\/02\/12\/skeletonista-ucraniano-banido-dos-jogos-de-inverno-por-capacete-em-honra-de-mortos\/#primaryimage","url":"https:\/\/portaltela.pt\/s.01k8rhncp4jt1\/2026\/02\/img_1200x721uu2026-02-12-08-36-09-2421096-1.jpg","contentUrl":"https:\/\/portaltela.pt\/s.01k8rhncp4jt1\/2026\/02\/img_1200x721uu2026-02-12-08-36-09-2421096-1.jpg","width":796,"height":448,"caption":"Atleta ucraniano de 'skeleton' banido dos Jogos Ol\u00edmpicos de Inverno por capacete a honrar mortos da guerra"},{"@type":"BreadcrumbList","@id":"https:\/\/portaltela.pt\/noticias\/2026\/02\/12\/skeletonista-ucraniano-banido-dos-jogos-de-inverno-por-capacete-em-honra-de-mortos\/#breadcrumb","itemListElement":[{"@type":"ListItem","position":1,"name":"In\u00edcio","item":"https:\/\/portaltela.pt\/"},{"@type":"ListItem","position":2,"name":"Skeletonista ucraniano banido dos Jogos de Inverno por capacete em honra de mortos"}]},{"@type":"WebSite","@id":"https:\/\/portaltela.pt\/#website","url":"https:\/\/portaltela.pt\/","name":"Portal Tela Portugal","description":"","potentialAction":[{"@type":"SearchAction","target":{"@type":"EntryPoint","urlTemplate":"https:\/\/portaltela.pt\/?s={search_term_string}"},"query-input":{"@type":"PropertyValueSpecification","valueRequired":true,"valueName":"search_term_string"}}],"inLanguage":"pt-PT"},{"@type":"Person","@id":"https:\/\/portaltela.pt\/#\/schema\/person\/c4278d4a6028830caff9ee44b42d32ed","name":"Telinha","image":{"@type":"ImageObject","inLanguage":"pt-PT","@id":"https:\/\/portaltela.pt\/s.01k8rhncp4jt1\/2025\/11\/talking-bot-125x125.png","url":"https:\/\/portaltela.pt\/s.01k8rhncp4jt1\/2025\/11\/talking-bot-125x125.png","contentUrl":"https:\/\/portaltela.pt\/s.01k8rhncp4jt1\/2025\/11\/talking-bot-125x125.png","caption":"Telinha"},"sameAs":["https:\/\/portaltela.pt\/"],"url":"https:\/\/portaltela.pt\/por\/367410592786\/"}]}},"_links":{"self":[{"href":"https:\/\/portaltela.pt\/api\/wp\/v2\/posts\/209341","targetHints":{"allow":["GET"]}}],"collection":[{"href":"https:\/\/portaltela.pt\/api\/wp\/v2\/posts"}],"about":[{"href":"https:\/\/portaltela.pt\/api\/wp\/v2\/types\/post"}],"author":[{"embeddable":true,"href":"https:\/\/portaltela.pt\/api\/wp\/v2\/users\/2"}],"replies":[{"embeddable":true,"href":"https:\/\/portaltela.pt\/api\/wp\/v2\/comments?post=209341"}],"version-history":[{"count":0,"href":"https:\/\/portaltela.pt\/api\/wp\/v2\/posts\/209341\/revisions"}],"wp:featuredmedia":[{"embeddable":true,"href":"https:\/\/portaltela.pt\/api\/wp\/v2\/media\/209342"}],"wp:attachment":[{"href":"https:\/\/portaltela.pt\/api\/wp\/v2\/media?parent=209341"}],"wp:term":[{"taxonomy":"category","embeddable":true,"href":"https:\/\/portaltela.pt\/api\/wp\/v2\/categories?post=209341"},{"taxonomy":"post_tag","embeddable":true,"href":"https:\/\/portaltela.pt\/api\/wp\/v2\/tags?post=209341"}],"curies":[{"name":"wp","href":"https:\/\/api.w.org\/{rel}","templated":true}]}}