{"id":209292,"date":"2026-02-12T06:01:28","date_gmt":"2026-02-12T09:01:28","guid":{"rendered":"https:\/\/portaltela.pt\/noticias\/2026\/02\/12\/juros-da-divida-de-portugal-sobem-para-2-5-e-10-anos\/"},"modified":"2026-02-12T06:01:28","modified_gmt":"2026-02-12T09:01:28","slug":"juros-da-divida-de-portugal-sobem-para-2-5-e-10-anos","status":"publish","type":"post","link":"https:\/\/portaltela.pt\/noticias\/2026\/02\/12\/juros-da-divida-de-portugal-sobem-para-2-5-e-10-anos\/","title":{"rendered":"Juros da d\u00edvida de Portugal sobem para 2, 5 e 10 anos"},"content":{"rendered":"<p>Cerca das 08h40 em Lisboa, os juros da d\u00edvida de Portugal a 10 anos subiam para 3,152%, face a 3,144% na quarta-feira. Tamb\u00e9m registaram aumentos os juros a cinco anos, para 2,554% (2,547% previamente), e a dois anos, para 2,099% (2,092% na sess\u00e3o anterior).<\/p>\n<p>Os dados mostram uma subida nos rendimentos dos t\u00edtulos portugueses ao longo da curva, num exerc\u00edcio de negocia\u00e7\u00e3o que acompanha movimentos do mercado de d\u00edvida europeia.<\/p>\n<p>Tamb\u00e9m em territ\u00f3rio europeu, o rendimento da obriga\u00e7\u00e3o alem\u00e3 a 10 anos \u2014 considerada a mais segura da regi\u00e3o \u2014 subiu para 2,803%, comparativamente a 2,791% na quarta-feira.<\/p>\n","protected":false},"excerpt":{"rendered":"<ul>\n<li>Cerca das 08h40 em Lisboa, os juros a 10 anos de Portugal subiam para 3,152% (3,144% na quarta-feira).<\/li>\n<li>Os juros a 5 anos subiam para 2,554% (2,547%).<\/li>\n<li>Os juros a 2 anos subiam para 2,099% (2,092%).<\/li>\n<li>A yield da obriga\u00e7\u00e3o alem\u00e3 a 10 anos tamb\u00e9m subia, para 2,803% (2,791%).<\/li>\n<\/ul>\n","protected":false},"author":2,"featured_media":209296,"comment_status":"closed","ping_status":"closed","sticky":false,"template":"","format":"standard","meta":{"footnotes":""},"categories":[1],"tags":[4674,3104,28,3861,2487,1014],"class_list":["post-209292","post","type-post","status-publish","format-standard","has-post-thumbnail","hentry","category-noticias","tag-divida-publica","tag-divida-soberana","tag-economia","tag-economia-internacional","tag-europa","tag-portugal"],"yoast_head":"<!-- This site is optimized with the Yoast SEO plugin v27.2 - https:\/\/yoast.com\/product\/yoast-seo-wordpress\/ -->\n<title>Juros da d\u00edvida de Portugal sobem para 2, 5 e 10 anos - Portal Tela Portugal<\/title>\n<meta name=\"robots\" content=\"index, follow, max-snippet:-1, max-image-preview:large, max-video-preview:-1\" \/>\n<meta property=\"og:locale\" content=\"pt_PT\" \/>\n<meta property=\"og:type\" content=\"article\" \/>\n<meta property=\"og:title\" content=\"Juros da d\u00edvida de Portugal sobem para 2, 5 e 10 anos - Portal Tela Portugal\" \/>\n<meta property=\"og:description\" content=\"Cerca das 08h40 em Lisboa, os juros a 10 anos de Portugal subiam para 3,152% (3,144% na quarta-feira). Os juros a 5 anos subiam para 2,554% (2,547%). Os juros a 2 anos subiam para 2,099% (2,092%). A yield da obriga\u00e7\u00e3o alem\u00e3 a 10 anos tamb\u00e9m subia, para 2,803% (2,791%).\" \/>\n<meta property=\"og:url\" content=\"https:\/\/portaltela.pt\/noticias\/2026\/02\/12\/juros-da-divida-de-portugal-sobem-para-2-5-e-10-anos\/\" \/>\n<meta property=\"og:site_name\" content=\"Portal Tela Portugal\" \/>\n<meta property=\"article:published_time\" content=\"2026-02-12T09:01:28+00:00\" \/>\n<meta name=\"author\" content=\"Telinha\" \/>\n<meta name=\"twitter:card\" content=\"summary_large_image\" \/>\n<meta name=\"twitter:label1\" content=\"Escrito por\" \/>\n\t<meta name=\"twitter:data1\" content=\"Telinha\" \/>\n<script type=\"application\/ld+json\" class=\"yoast-schema-graph\">{\"@context\":\"https:\/\/schema.org\",\"@graph\":[{\"@type\":\"Article\",\"@id\":\"https:\/\/portaltela.pt\/noticias\/2026\/02\/12\/juros-da-divida-de-portugal-sobem-para-2-5-e-10-anos\/#article\",\"isPartOf\":{\"@id\":\"https:\/\/portaltela.pt\/noticias\/2026\/02\/12\/juros-da-divida-de-portugal-sobem-para-2-5-e-10-anos\/\"},\"author\":{\"name\":\"Telinha\",\"@id\":\"https:\/\/portaltela.pt\/#\/schema\/person\/c4278d4a6028830caff9ee44b42d32ed\"},\"headline\":\"Juros da d\u00edvida de Portugal sobem para 2, 5 e 10 anos\",\"datePublished\":\"2026-02-12T09:01:28+00:00\",\"mainEntityOfPage\":{\"@id\":\"https:\/\/portaltela.pt\/noticias\/2026\/02\/12\/juros-da-divida-de-portugal-sobem-para-2-5-e-10-anos\/\"},\"wordCount\":107,\"image\":{\"@id\":\"https:\/\/portaltela.pt\/noticias\/2026\/02\/12\/juros-da-divida-de-portugal-sobem-para-2-5-e-10-anos\/#primaryimage\"},\"thumbnailUrl\":\"https:\/\/portaltela.pt\/s.01k8rhncp4jt1\/2026\/02\/img_1500x1000uu2013-07-03-09-08-00-309233.jpg\",\"keywords\":[\"d\u00edvida p\u00fablica\",\"d\u00edvida soberana\",\"economia\",\"economia internacional\",\"Europa\",\"Portugal\"],\"articleSection\":[\"Not\u00edcias\"],\"inLanguage\":\"pt-PT\"},{\"@type\":\"WebPage\",\"@id\":\"https:\/\/portaltela.pt\/noticias\/2026\/02\/12\/juros-da-divida-de-portugal-sobem-para-2-5-e-10-anos\/\",\"url\":\"https:\/\/portaltela.pt\/noticias\/2026\/02\/12\/juros-da-divida-de-portugal-sobem-para-2-5-e-10-anos\/\",\"name\":\"Juros da d\u00edvida de Portugal sobem para 2, 5 e 10 anos - Portal Tela Portugal\",\"isPartOf\":{\"@id\":\"https:\/\/portaltela.pt\/#website\"},\"primaryImageOfPage\":{\"@id\":\"https:\/\/portaltela.pt\/noticias\/2026\/02\/12\/juros-da-divida-de-portugal-sobem-para-2-5-e-10-anos\/#primaryimage\"},\"image\":{\"@id\":\"https:\/\/portaltela.pt\/noticias\/2026\/02\/12\/juros-da-divida-de-portugal-sobem-para-2-5-e-10-anos\/#primaryimage\"},\"thumbnailUrl\":\"https:\/\/portaltela.pt\/s.01k8rhncp4jt1\/2026\/02\/img_1500x1000uu2013-07-03-09-08-00-309233.jpg\",\"datePublished\":\"2026-02-12T09:01:28+00:00\",\"author\":{\"@id\":\"https:\/\/portaltela.pt\/#\/schema\/person\/c4278d4a6028830caff9ee44b42d32ed\"},\"breadcrumb\":{\"@id\":\"https:\/\/portaltela.pt\/noticias\/2026\/02\/12\/juros-da-divida-de-portugal-sobem-para-2-5-e-10-anos\/#breadcrumb\"},\"inLanguage\":\"pt-PT\",\"potentialAction\":[{\"@type\":\"ReadAction\",\"target\":[\"https:\/\/portaltela.pt\/noticias\/2026\/02\/12\/juros-da-divida-de-portugal-sobem-para-2-5-e-10-anos\/\"]}]},{\"@type\":\"ImageObject\",\"inLanguage\":\"pt-PT\",\"@id\":\"https:\/\/portaltela.pt\/noticias\/2026\/02\/12\/juros-da-divida-de-portugal-sobem-para-2-5-e-10-anos\/#primaryimage\",\"url\":\"https:\/\/portaltela.pt\/s.01k8rhncp4jt1\/2026\/02\/img_1500x1000uu2013-07-03-09-08-00-309233.jpg\",\"contentUrl\":\"https:\/\/portaltela.pt\/s.01k8rhncp4jt1\/2026\/02\/img_1500x1000uu2013-07-03-09-08-00-309233.jpg\",\"width\":796,\"height\":448,\"caption\":\"Dinheiro\"},{\"@type\":\"BreadcrumbList\",\"@id\":\"https:\/\/portaltela.pt\/noticias\/2026\/02\/12\/juros-da-divida-de-portugal-sobem-para-2-5-e-10-anos\/#breadcrumb\",\"itemListElement\":[{\"@type\":\"ListItem\",\"position\":1,\"name\":\"In\u00edcio\",\"item\":\"https:\/\/portaltela.pt\/\"},{\"@type\":\"ListItem\",\"position\":2,\"name\":\"Juros da d\u00edvida de Portugal sobem para 2, 5 e 10 anos\"}]},{\"@type\":\"WebSite\",\"@id\":\"https:\/\/portaltela.pt\/#website\",\"url\":\"https:\/\/portaltela.pt\/\",\"name\":\"Portal Tela Portugal\",\"description\":\"\",\"potentialAction\":[{\"@type\":\"SearchAction\",\"target\":{\"@type\":\"EntryPoint\",\"urlTemplate\":\"https:\/\/portaltela.pt\/?s={search_term_string}\"},\"query-input\":{\"@type\":\"PropertyValueSpecification\",\"valueRequired\":true,\"valueName\":\"search_term_string\"}}],\"inLanguage\":\"pt-PT\"},{\"@type\":\"Person\",\"@id\":\"https:\/\/portaltela.pt\/#\/schema\/person\/c4278d4a6028830caff9ee44b42d32ed\",\"name\":\"Telinha\",\"image\":{\"@type\":\"ImageObject\",\"inLanguage\":\"pt-PT\",\"@id\":\"https:\/\/portaltela.pt\/s.01k8rhncp4jt1\/2025\/11\/talking-bot-125x125.png\",\"url\":\"https:\/\/portaltela.pt\/s.01k8rhncp4jt1\/2025\/11\/talking-bot-125x125.png\",\"contentUrl\":\"https:\/\/portaltela.pt\/s.01k8rhncp4jt1\/2025\/11\/talking-bot-125x125.png\",\"caption\":\"Telinha\"},\"sameAs\":[\"https:\/\/portaltela.pt\/\"],\"url\":\"https:\/\/portaltela.pt\/por\/367410592786\/\"}]}<\/script>\n<!-- \/ Yoast SEO plugin. -->","yoast_head_json":{"title":"Juros da d\u00edvida de Portugal sobem para 2, 5 e 10 anos - Portal Tela Portugal","robots":{"index":"index","follow":"follow","max-snippet":"max-snippet:-1","max-image-preview":"max-image-preview:large","max-video-preview":"max-video-preview:-1"},"og_locale":"pt_PT","og_type":"article","og_title":"Juros da d\u00edvida de Portugal sobem para 2, 5 e 10 anos - Portal Tela Portugal","og_description":"Cerca das 08h40 em Lisboa, os juros a 10 anos de Portugal subiam para 3,152% (3,144% na quarta-feira). Os juros a 5 anos subiam para 2,554% (2,547%). Os juros a 2 anos subiam para 2,099% (2,092%). A yield da obriga\u00e7\u00e3o alem\u00e3 a 10 anos tamb\u00e9m subia, para 2,803% (2,791%).","og_url":"https:\/\/portaltela.pt\/noticias\/2026\/02\/12\/juros-da-divida-de-portugal-sobem-para-2-5-e-10-anos\/","og_site_name":"Portal Tela Portugal","article_published_time":"2026-02-12T09:01:28+00:00","author":"Telinha","twitter_card":"summary_large_image","twitter_misc":{"Escrito por":"Telinha"},"schema":{"@context":"https:\/\/schema.org","@graph":[{"@type":"Article","@id":"https:\/\/portaltela.pt\/noticias\/2026\/02\/12\/juros-da-divida-de-portugal-sobem-para-2-5-e-10-anos\/#article","isPartOf":{"@id":"https:\/\/portaltela.pt\/noticias\/2026\/02\/12\/juros-da-divida-de-portugal-sobem-para-2-5-e-10-anos\/"},"author":{"name":"Telinha","@id":"https:\/\/portaltela.pt\/#\/schema\/person\/c4278d4a6028830caff9ee44b42d32ed"},"headline":"Juros da d\u00edvida de Portugal sobem para 2, 5 e 10 anos","datePublished":"2026-02-12T09:01:28+00:00","mainEntityOfPage":{"@id":"https:\/\/portaltela.pt\/noticias\/2026\/02\/12\/juros-da-divida-de-portugal-sobem-para-2-5-e-10-anos\/"},"wordCount":107,"image":{"@id":"https:\/\/portaltela.pt\/noticias\/2026\/02\/12\/juros-da-divida-de-portugal-sobem-para-2-5-e-10-anos\/#primaryimage"},"thumbnailUrl":"https:\/\/portaltela.pt\/s.01k8rhncp4jt1\/2026\/02\/img_1500x1000uu2013-07-03-09-08-00-309233.jpg","keywords":["d\u00edvida p\u00fablica","d\u00edvida soberana","economia","economia internacional","Europa","Portugal"],"articleSection":["Not\u00edcias"],"inLanguage":"pt-PT"},{"@type":"WebPage","@id":"https:\/\/portaltela.pt\/noticias\/2026\/02\/12\/juros-da-divida-de-portugal-sobem-para-2-5-e-10-anos\/","url":"https:\/\/portaltela.pt\/noticias\/2026\/02\/12\/juros-da-divida-de-portugal-sobem-para-2-5-e-10-anos\/","name":"Juros da d\u00edvida de Portugal sobem para 2, 5 e 10 anos - Portal Tela Portugal","isPartOf":{"@id":"https:\/\/portaltela.pt\/#website"},"primaryImageOfPage":{"@id":"https:\/\/portaltela.pt\/noticias\/2026\/02\/12\/juros-da-divida-de-portugal-sobem-para-2-5-e-10-anos\/#primaryimage"},"image":{"@id":"https:\/\/portaltela.pt\/noticias\/2026\/02\/12\/juros-da-divida-de-portugal-sobem-para-2-5-e-10-anos\/#primaryimage"},"thumbnailUrl":"https:\/\/portaltela.pt\/s.01k8rhncp4jt1\/2026\/02\/img_1500x1000uu2013-07-03-09-08-00-309233.jpg","datePublished":"2026-02-12T09:01:28+00:00","author":{"@id":"https:\/\/portaltela.pt\/#\/schema\/person\/c4278d4a6028830caff9ee44b42d32ed"},"breadcrumb":{"@id":"https:\/\/portaltela.pt\/noticias\/2026\/02\/12\/juros-da-divida-de-portugal-sobem-para-2-5-e-10-anos\/#breadcrumb"},"inLanguage":"pt-PT","potentialAction":[{"@type":"ReadAction","target":["https:\/\/portaltela.pt\/noticias\/2026\/02\/12\/juros-da-divida-de-portugal-sobem-para-2-5-e-10-anos\/"]}]},{"@type":"ImageObject","inLanguage":"pt-PT","@id":"https:\/\/portaltela.pt\/noticias\/2026\/02\/12\/juros-da-divida-de-portugal-sobem-para-2-5-e-10-anos\/#primaryimage","url":"https:\/\/portaltela.pt\/s.01k8rhncp4jt1\/2026\/02\/img_1500x1000uu2013-07-03-09-08-00-309233.jpg","contentUrl":"https:\/\/portaltela.pt\/s.01k8rhncp4jt1\/2026\/02\/img_1500x1000uu2013-07-03-09-08-00-309233.jpg","width":796,"height":448,"caption":"Dinheiro"},{"@type":"BreadcrumbList","@id":"https:\/\/portaltela.pt\/noticias\/2026\/02\/12\/juros-da-divida-de-portugal-sobem-para-2-5-e-10-anos\/#breadcrumb","itemListElement":[{"@type":"ListItem","position":1,"name":"In\u00edcio","item":"https:\/\/portaltela.pt\/"},{"@type":"ListItem","position":2,"name":"Juros da d\u00edvida de Portugal sobem para 2, 5 e 10 anos"}]},{"@type":"WebSite","@id":"https:\/\/portaltela.pt\/#website","url":"https:\/\/portaltela.pt\/","name":"Portal Tela Portugal","description":"","potentialAction":[{"@type":"SearchAction","target":{"@type":"EntryPoint","urlTemplate":"https:\/\/portaltela.pt\/?s={search_term_string}"},"query-input":{"@type":"PropertyValueSpecification","valueRequired":true,"valueName":"search_term_string"}}],"inLanguage":"pt-PT"},{"@type":"Person","@id":"https:\/\/portaltela.pt\/#\/schema\/person\/c4278d4a6028830caff9ee44b42d32ed","name":"Telinha","image":{"@type":"ImageObject","inLanguage":"pt-PT","@id":"https:\/\/portaltela.pt\/s.01k8rhncp4jt1\/2025\/11\/talking-bot-125x125.png","url":"https:\/\/portaltela.pt\/s.01k8rhncp4jt1\/2025\/11\/talking-bot-125x125.png","contentUrl":"https:\/\/portaltela.pt\/s.01k8rhncp4jt1\/2025\/11\/talking-bot-125x125.png","caption":"Telinha"},"sameAs":["https:\/\/portaltela.pt\/"],"url":"https:\/\/portaltela.pt\/por\/367410592786\/"}]}},"_links":{"self":[{"href":"https:\/\/portaltela.pt\/api\/wp\/v2\/posts\/209292","targetHints":{"allow":["GET"]}}],"collection":[{"href":"https:\/\/portaltela.pt\/api\/wp\/v2\/posts"}],"about":[{"href":"https:\/\/portaltela.pt\/api\/wp\/v2\/types\/post"}],"author":[{"embeddable":true,"href":"https:\/\/portaltela.pt\/api\/wp\/v2\/users\/2"}],"replies":[{"embeddable":true,"href":"https:\/\/portaltela.pt\/api\/wp\/v2\/comments?post=209292"}],"version-history":[{"count":0,"href":"https:\/\/portaltela.pt\/api\/wp\/v2\/posts\/209292\/revisions"}],"wp:featuredmedia":[{"embeddable":true,"href":"https:\/\/portaltela.pt\/api\/wp\/v2\/media\/209296"}],"wp:attachment":[{"href":"https:\/\/portaltela.pt\/api\/wp\/v2\/media?parent=209292"}],"wp:term":[{"taxonomy":"category","embeddable":true,"href":"https:\/\/portaltela.pt\/api\/wp\/v2\/categories?post=209292"},{"taxonomy":"post_tag","embeddable":true,"href":"https:\/\/portaltela.pt\/api\/wp\/v2\/tags?post=209292"}],"curies":[{"name":"wp","href":"https:\/\/api.w.org\/{rel}","templated":true}]}}