{"id":209280,"date":"2026-02-12T05:50:00","date_gmt":"2026-02-12T08:50:00","guid":{"rendered":"https:\/\/portaltela.pt\/noticias\/2026\/02\/12\/psicologo-de-leiria-lanca-livro-para-lidar-com-o-medo-das-criancas-em-perigo\/"},"modified":"2026-02-12T05:50:00","modified_gmt":"2026-02-12T08:50:00","slug":"psicologo-de-leiria-lanca-livro-para-lidar-com-o-medo-das-criancas-em-perigo","status":"publish","type":"post","link":"https:\/\/portaltela.pt\/noticias\/2026\/02\/12\/psicologo-de-leiria-lanca-livro-para-lidar-com-o-medo-das-criancas-em-perigo\/","title":{"rendered":"Psic\u00f3logo de Leiria lan\u00e7a livro para lidar com o medo das crian\u00e7as em perigo"},"content":{"rendered":"<p>Ricardo Cardoso, psic\u00f3logo de Leiria, lan\u00e7ou o ebook infantil O vento barulhento, uma ferramenta para lidar com o medo das crian\u00e7as em contexto de perigo. A obra surge na sequ\u00eancia de epis\u00f3dios de calamidade na zona Centro, especialmente em Leiria, vividos a 28 de janeiro.<\/p>\n<p>O livro, ilustrado com recurso a Intelig\u00eancia Artificial, fica publicamente dispon\u00edvel online a partir de hoje. Visa ajudar crian\u00e7as a compreender, expresar e regular o medo, e destina-se principalmente a educadores, pais e escolas.<\/p>\n<p>Cardoso, especializado em gest\u00e3o de emo\u00e7\u00f5es, partiu da experi\u00eancia com o filho mais velho para transmitir que o medo \u00e9 um aliado frente ao perigo. O objetivo \u00e9 oferecer uma abordagem educativa, com base cient\u00edfica, para tratar o tema em contexto escolar.<\/p>\n<h3>Disponibilidade e objetivos<\/h3>\n<p>O autor enviou o ebook a todos os agrupamentos de escolas de Leiria. A partir de hoje pode ser descarregado gratuitamente em www.mental4kids.pt, parceria que promove a sa\u00fade mental infantil e o neurodesenvolvimento.<\/p>\n<p>O psic\u00f3logo aponta que o texto ajuda a desmistificar situa\u00e7\u00f5es de calamidade. Contudo, alerta para a possibilidade de surgirem sinais de stress p\u00f3s-traum\u00e1tico alguns meses ap\u00f3s o evento.<\/p>\n<p>Em caso de sintomas graves, \u00e9 recomendada a interven\u00e7\u00e3o de gabinetes de psicologia e de profissionais especializados. O objetivo \u00e9 apoiar crian\u00e7as, educadores e fam\u00edlias na gest\u00e3o emocional durante o per\u00edodo p\u00f3s-crise.<\/p>\n","protected":false},"excerpt":{"rendered":"<ul>\n<li>O psic\u00f3logo Ricardo Cardoso, de Leiria, lan\u00e7ou o ebook infantil &#8220;O vento barulhento&#8221; para ajudar crian\u00e7as a lidar com o medo em contextos de perigo.<\/li>\n<li>A obra, ilustrada com apoio de Intelig\u00eancia Artificial, fica dispon\u00edvel gratuitamente online a partir desta quinta-feira, para ajudar crian\u00e7as a compreender, expressar e regular o medo ap\u00f3s situa\u00e7\u00f5es reais.<\/li>\n<li>O livro resulta da experi\u00eancia vivida na noite de dia 28 de janeiro e dos acontecimentos na zona Centro, com foco especial em Leiria, destinando-se a pais, educadores e escolas.<\/li>\n<li>Cardoso defende que o medo \u00e9 um aliado que avisa do perigo e que \u00e9 importante ensinar crian\u00e7as a verbalizar os pensamentos de medo para regular a emo\u00e7\u00e3o.<\/li>\n<li>O t\u00edtulo j\u00e1 foi enviado aos agrupamentos de escolas de Leiria e pode ser descarregado gratuitamente em mental4kids.pt; especialistas alertam para poss\u00edveis sinais de stress p\u00f3s-traum\u00e1tico em meses seguintes e recomendam interven\u00e7\u00e3o caso surjam sintomas graves.<\/li>\n<\/ul>\n","protected":false},"author":2,"featured_media":209281,"comment_status":"closed","ping_status":"closed","sticky":false,"template":"","format":"standard","meta":{"footnotes":""},"categories":[1],"tags":[163,51,1385,2249,55,5545],"class_list":["post-209280","post","type-post","status-publish","format-standard","has-post-thumbnail","hentry","category-noticias","tag-educacao","tag-inteligencia-artificial","tag-leiria","tag-psicologia","tag-saude-mental","tag-zona-centro"],"yoast_head":"<!-- This site is optimized with the Yoast SEO plugin v27.2 - https:\/\/yoast.com\/product\/yoast-seo-wordpress\/ -->\n<title>Psic\u00f3logo de Leiria lan\u00e7a livro para lidar com o medo das crian\u00e7as em perigo - Portal Tela Portugal<\/title>\n<meta name=\"robots\" content=\"index, follow, max-snippet:-1, max-image-preview:large, max-video-preview:-1\" \/>\n<meta property=\"og:locale\" content=\"pt_PT\" \/>\n<meta property=\"og:type\" content=\"article\" \/>\n<meta property=\"og:title\" content=\"Psic\u00f3logo de Leiria lan\u00e7a livro para lidar com o medo das crian\u00e7as em perigo - Portal Tela Portugal\" \/>\n<meta property=\"og:description\" content=\"O psic\u00f3logo Ricardo Cardoso, de Leiria, lan\u00e7ou o ebook infantil &quot;O vento barulhento&quot; para ajudar crian\u00e7as a lidar com o medo em contextos de perigo. A obra, ilustrada com apoio de Intelig\u00eancia Artificial, fica dispon\u00edvel gratuitamente online a partir desta quinta-feira, para ajudar crian\u00e7as a compreender, expressar e regular o medo ap\u00f3s situa\u00e7\u00f5es reais. O livro resulta da experi\u00eancia vivida na noite de dia 28 de janeiro e dos acontecimentos na zona Centro, com foco especial em Leiria, destinando-se a pais, educadores e escolas. Cardoso defende que o medo \u00e9 um aliado que avisa do perigo e que \u00e9 importante ensinar crian\u00e7as a verbalizar os pensamentos de medo para regular a emo\u00e7\u00e3o. O t\u00edtulo j\u00e1 foi enviado aos agrupamentos de escolas de Leiria e pode ser descarregado gratuitamente em mental4kids.pt; especialistas alertam para poss\u00edveis sinais de stress p\u00f3s-traum\u00e1tico em meses seguintes e recomendam interven\u00e7\u00e3o caso surjam sintomas graves.\" \/>\n<meta property=\"og:url\" content=\"https:\/\/portaltela.pt\/noticias\/2026\/02\/12\/psicologo-de-leiria-lanca-livro-para-lidar-com-o-medo-das-criancas-em-perigo\/\" \/>\n<meta property=\"og:site_name\" content=\"Portal Tela Portugal\" \/>\n<meta property=\"article:published_time\" content=\"2026-02-12T08:50:00+00:00\" \/>\n<meta name=\"author\" content=\"Telinha\" \/>\n<meta name=\"twitter:card\" content=\"summary_large_image\" \/>\n<meta name=\"twitter:label1\" content=\"Escrito por\" \/>\n\t<meta name=\"twitter:data1\" content=\"Telinha\" \/>\n\t<meta name=\"twitter:label2\" content=\"Tempo estimado de leitura\" \/>\n\t<meta name=\"twitter:data2\" content=\"1 minuto\" \/>\n<script type=\"application\/ld+json\" class=\"yoast-schema-graph\">{\"@context\":\"https:\/\/schema.org\",\"@graph\":[{\"@type\":\"Article\",\"@id\":\"https:\/\/portaltela.pt\/noticias\/2026\/02\/12\/psicologo-de-leiria-lanca-livro-para-lidar-com-o-medo-das-criancas-em-perigo\/#article\",\"isPartOf\":{\"@id\":\"https:\/\/portaltela.pt\/noticias\/2026\/02\/12\/psicologo-de-leiria-lanca-livro-para-lidar-com-o-medo-das-criancas-em-perigo\/\"},\"author\":{\"name\":\"Telinha\",\"@id\":\"https:\/\/portaltela.pt\/#\/schema\/person\/c4278d4a6028830caff9ee44b42d32ed\"},\"headline\":\"Psic\u00f3logo de Leiria lan\u00e7a livro para lidar com o medo das crian\u00e7as em perigo\",\"datePublished\":\"2026-02-12T08:50:00+00:00\",\"mainEntityOfPage\":{\"@id\":\"https:\/\/portaltela.pt\/noticias\/2026\/02\/12\/psicologo-de-leiria-lanca-livro-para-lidar-com-o-medo-das-criancas-em-perigo\/\"},\"wordCount\":256,\"image\":{\"@id\":\"https:\/\/portaltela.pt\/noticias\/2026\/02\/12\/psicologo-de-leiria-lanca-livro-para-lidar-com-o-medo-das-criancas-em-perigo\/#primaryimage\"},\"thumbnailUrl\":\"https:\/\/portaltela.pt\/s.01k8rhncp4jt1\/2026\/02\/img_1500x1000uu2022-03-26-19-31-35-1134400.jpg\",\"keywords\":[\"educa\u00e7\u00e3o\",\"intelig\u00eancia artificial\",\"Leiria\",\"psicologia\",\"sa\u00fade mental\",\"Zona Centro\"],\"articleSection\":[\"Not\u00edcias\"],\"inLanguage\":\"pt-PT\"},{\"@type\":\"WebPage\",\"@id\":\"https:\/\/portaltela.pt\/noticias\/2026\/02\/12\/psicologo-de-leiria-lanca-livro-para-lidar-com-o-medo-das-criancas-em-perigo\/\",\"url\":\"https:\/\/portaltela.pt\/noticias\/2026\/02\/12\/psicologo-de-leiria-lanca-livro-para-lidar-com-o-medo-das-criancas-em-perigo\/\",\"name\":\"Psic\u00f3logo de Leiria lan\u00e7a livro para lidar com o medo das crian\u00e7as em perigo - Portal Tela Portugal\",\"isPartOf\":{\"@id\":\"https:\/\/portaltela.pt\/#website\"},\"primaryImageOfPage\":{\"@id\":\"https:\/\/portaltela.pt\/noticias\/2026\/02\/12\/psicologo-de-leiria-lanca-livro-para-lidar-com-o-medo-das-criancas-em-perigo\/#primaryimage\"},\"image\":{\"@id\":\"https:\/\/portaltela.pt\/noticias\/2026\/02\/12\/psicologo-de-leiria-lanca-livro-para-lidar-com-o-medo-das-criancas-em-perigo\/#primaryimage\"},\"thumbnailUrl\":\"https:\/\/portaltela.pt\/s.01k8rhncp4jt1\/2026\/02\/img_1500x1000uu2022-03-26-19-31-35-1134400.jpg\",\"datePublished\":\"2026-02-12T08:50:00+00:00\",\"author\":{\"@id\":\"https:\/\/portaltela.pt\/#\/schema\/person\/c4278d4a6028830caff9ee44b42d32ed\"},\"breadcrumb\":{\"@id\":\"https:\/\/portaltela.pt\/noticias\/2026\/02\/12\/psicologo-de-leiria-lanca-livro-para-lidar-com-o-medo-das-criancas-em-perigo\/#breadcrumb\"},\"inLanguage\":\"pt-PT\",\"potentialAction\":[{\"@type\":\"ReadAction\",\"target\":[\"https:\/\/portaltela.pt\/noticias\/2026\/02\/12\/psicologo-de-leiria-lanca-livro-para-lidar-com-o-medo-das-criancas-em-perigo\/\"]}]},{\"@type\":\"ImageObject\",\"inLanguage\":\"pt-PT\",\"@id\":\"https:\/\/portaltela.pt\/noticias\/2026\/02\/12\/psicologo-de-leiria-lanca-livro-para-lidar-com-o-medo-das-criancas-em-perigo\/#primaryimage\",\"url\":\"https:\/\/portaltela.pt\/s.01k8rhncp4jt1\/2026\/02\/img_1500x1000uu2022-03-26-19-31-35-1134400.jpg\",\"contentUrl\":\"https:\/\/portaltela.pt\/s.01k8rhncp4jt1\/2026\/02\/img_1500x1000uu2022-03-26-19-31-35-1134400.jpg\",\"width\":796,\"height\":448,\"caption\":\"Crian\u00e7as\"},{\"@type\":\"BreadcrumbList\",\"@id\":\"https:\/\/portaltela.pt\/noticias\/2026\/02\/12\/psicologo-de-leiria-lanca-livro-para-lidar-com-o-medo-das-criancas-em-perigo\/#breadcrumb\",\"itemListElement\":[{\"@type\":\"ListItem\",\"position\":1,\"name\":\"In\u00edcio\",\"item\":\"https:\/\/portaltela.pt\/\"},{\"@type\":\"ListItem\",\"position\":2,\"name\":\"Psic\u00f3logo de Leiria lan\u00e7a livro para lidar com o medo das crian\u00e7as em perigo\"}]},{\"@type\":\"WebSite\",\"@id\":\"https:\/\/portaltela.pt\/#website\",\"url\":\"https:\/\/portaltela.pt\/\",\"name\":\"Portal Tela Portugal\",\"description\":\"\",\"potentialAction\":[{\"@type\":\"SearchAction\",\"target\":{\"@type\":\"EntryPoint\",\"urlTemplate\":\"https:\/\/portaltela.pt\/?s={search_term_string}\"},\"query-input\":{\"@type\":\"PropertyValueSpecification\",\"valueRequired\":true,\"valueName\":\"search_term_string\"}}],\"inLanguage\":\"pt-PT\"},{\"@type\":\"Person\",\"@id\":\"https:\/\/portaltela.pt\/#\/schema\/person\/c4278d4a6028830caff9ee44b42d32ed\",\"name\":\"Telinha\",\"image\":{\"@type\":\"ImageObject\",\"inLanguage\":\"pt-PT\",\"@id\":\"https:\/\/portaltela.pt\/s.01k8rhncp4jt1\/2025\/11\/talking-bot-125x125.png\",\"url\":\"https:\/\/portaltela.pt\/s.01k8rhncp4jt1\/2025\/11\/talking-bot-125x125.png\",\"contentUrl\":\"https:\/\/portaltela.pt\/s.01k8rhncp4jt1\/2025\/11\/talking-bot-125x125.png\",\"caption\":\"Telinha\"},\"sameAs\":[\"https:\/\/portaltela.pt\/\"],\"url\":\"https:\/\/portaltela.pt\/por\/367410592786\/\"}]}<\/script>\n<!-- \/ Yoast SEO plugin. -->","yoast_head_json":{"title":"Psic\u00f3logo de Leiria lan\u00e7a livro para lidar com o medo das crian\u00e7as em perigo - Portal Tela Portugal","robots":{"index":"index","follow":"follow","max-snippet":"max-snippet:-1","max-image-preview":"max-image-preview:large","max-video-preview":"max-video-preview:-1"},"og_locale":"pt_PT","og_type":"article","og_title":"Psic\u00f3logo de Leiria lan\u00e7a livro para lidar com o medo das crian\u00e7as em perigo - Portal Tela Portugal","og_description":"O psic\u00f3logo Ricardo Cardoso, de Leiria, lan\u00e7ou o ebook infantil \"O vento barulhento\" para ajudar crian\u00e7as a lidar com o medo em contextos de perigo. A obra, ilustrada com apoio de Intelig\u00eancia Artificial, fica dispon\u00edvel gratuitamente online a partir desta quinta-feira, para ajudar crian\u00e7as a compreender, expressar e regular o medo ap\u00f3s situa\u00e7\u00f5es reais. O livro resulta da experi\u00eancia vivida na noite de dia 28 de janeiro e dos acontecimentos na zona Centro, com foco especial em Leiria, destinando-se a pais, educadores e escolas. Cardoso defende que o medo \u00e9 um aliado que avisa do perigo e que \u00e9 importante ensinar crian\u00e7as a verbalizar os pensamentos de medo para regular a emo\u00e7\u00e3o. O t\u00edtulo j\u00e1 foi enviado aos agrupamentos de escolas de Leiria e pode ser descarregado gratuitamente em mental4kids.pt; especialistas alertam para poss\u00edveis sinais de stress p\u00f3s-traum\u00e1tico em meses seguintes e recomendam interven\u00e7\u00e3o caso surjam sintomas graves.","og_url":"https:\/\/portaltela.pt\/noticias\/2026\/02\/12\/psicologo-de-leiria-lanca-livro-para-lidar-com-o-medo-das-criancas-em-perigo\/","og_site_name":"Portal Tela Portugal","article_published_time":"2026-02-12T08:50:00+00:00","author":"Telinha","twitter_card":"summary_large_image","twitter_misc":{"Escrito por":"Telinha","Tempo estimado de leitura":"1 minuto"},"schema":{"@context":"https:\/\/schema.org","@graph":[{"@type":"Article","@id":"https:\/\/portaltela.pt\/noticias\/2026\/02\/12\/psicologo-de-leiria-lanca-livro-para-lidar-com-o-medo-das-criancas-em-perigo\/#article","isPartOf":{"@id":"https:\/\/portaltela.pt\/noticias\/2026\/02\/12\/psicologo-de-leiria-lanca-livro-para-lidar-com-o-medo-das-criancas-em-perigo\/"},"author":{"name":"Telinha","@id":"https:\/\/portaltela.pt\/#\/schema\/person\/c4278d4a6028830caff9ee44b42d32ed"},"headline":"Psic\u00f3logo de Leiria lan\u00e7a livro para lidar com o medo das crian\u00e7as em perigo","datePublished":"2026-02-12T08:50:00+00:00","mainEntityOfPage":{"@id":"https:\/\/portaltela.pt\/noticias\/2026\/02\/12\/psicologo-de-leiria-lanca-livro-para-lidar-com-o-medo-das-criancas-em-perigo\/"},"wordCount":256,"image":{"@id":"https:\/\/portaltela.pt\/noticias\/2026\/02\/12\/psicologo-de-leiria-lanca-livro-para-lidar-com-o-medo-das-criancas-em-perigo\/#primaryimage"},"thumbnailUrl":"https:\/\/portaltela.pt\/s.01k8rhncp4jt1\/2026\/02\/img_1500x1000uu2022-03-26-19-31-35-1134400.jpg","keywords":["educa\u00e7\u00e3o","intelig\u00eancia artificial","Leiria","psicologia","sa\u00fade mental","Zona Centro"],"articleSection":["Not\u00edcias"],"inLanguage":"pt-PT"},{"@type":"WebPage","@id":"https:\/\/portaltela.pt\/noticias\/2026\/02\/12\/psicologo-de-leiria-lanca-livro-para-lidar-com-o-medo-das-criancas-em-perigo\/","url":"https:\/\/portaltela.pt\/noticias\/2026\/02\/12\/psicologo-de-leiria-lanca-livro-para-lidar-com-o-medo-das-criancas-em-perigo\/","name":"Psic\u00f3logo de Leiria lan\u00e7a livro para lidar com o medo das crian\u00e7as em perigo - Portal Tela Portugal","isPartOf":{"@id":"https:\/\/portaltela.pt\/#website"},"primaryImageOfPage":{"@id":"https:\/\/portaltela.pt\/noticias\/2026\/02\/12\/psicologo-de-leiria-lanca-livro-para-lidar-com-o-medo-das-criancas-em-perigo\/#primaryimage"},"image":{"@id":"https:\/\/portaltela.pt\/noticias\/2026\/02\/12\/psicologo-de-leiria-lanca-livro-para-lidar-com-o-medo-das-criancas-em-perigo\/#primaryimage"},"thumbnailUrl":"https:\/\/portaltela.pt\/s.01k8rhncp4jt1\/2026\/02\/img_1500x1000uu2022-03-26-19-31-35-1134400.jpg","datePublished":"2026-02-12T08:50:00+00:00","author":{"@id":"https:\/\/portaltela.pt\/#\/schema\/person\/c4278d4a6028830caff9ee44b42d32ed"},"breadcrumb":{"@id":"https:\/\/portaltela.pt\/noticias\/2026\/02\/12\/psicologo-de-leiria-lanca-livro-para-lidar-com-o-medo-das-criancas-em-perigo\/#breadcrumb"},"inLanguage":"pt-PT","potentialAction":[{"@type":"ReadAction","target":["https:\/\/portaltela.pt\/noticias\/2026\/02\/12\/psicologo-de-leiria-lanca-livro-para-lidar-com-o-medo-das-criancas-em-perigo\/"]}]},{"@type":"ImageObject","inLanguage":"pt-PT","@id":"https:\/\/portaltela.pt\/noticias\/2026\/02\/12\/psicologo-de-leiria-lanca-livro-para-lidar-com-o-medo-das-criancas-em-perigo\/#primaryimage","url":"https:\/\/portaltela.pt\/s.01k8rhncp4jt1\/2026\/02\/img_1500x1000uu2022-03-26-19-31-35-1134400.jpg","contentUrl":"https:\/\/portaltela.pt\/s.01k8rhncp4jt1\/2026\/02\/img_1500x1000uu2022-03-26-19-31-35-1134400.jpg","width":796,"height":448,"caption":"Crian\u00e7as"},{"@type":"BreadcrumbList","@id":"https:\/\/portaltela.pt\/noticias\/2026\/02\/12\/psicologo-de-leiria-lanca-livro-para-lidar-com-o-medo-das-criancas-em-perigo\/#breadcrumb","itemListElement":[{"@type":"ListItem","position":1,"name":"In\u00edcio","item":"https:\/\/portaltela.pt\/"},{"@type":"ListItem","position":2,"name":"Psic\u00f3logo de Leiria lan\u00e7a livro para lidar com o medo das crian\u00e7as em perigo"}]},{"@type":"WebSite","@id":"https:\/\/portaltela.pt\/#website","url":"https:\/\/portaltela.pt\/","name":"Portal Tela Portugal","description":"","potentialAction":[{"@type":"SearchAction","target":{"@type":"EntryPoint","urlTemplate":"https:\/\/portaltela.pt\/?s={search_term_string}"},"query-input":{"@type":"PropertyValueSpecification","valueRequired":true,"valueName":"search_term_string"}}],"inLanguage":"pt-PT"},{"@type":"Person","@id":"https:\/\/portaltela.pt\/#\/schema\/person\/c4278d4a6028830caff9ee44b42d32ed","name":"Telinha","image":{"@type":"ImageObject","inLanguage":"pt-PT","@id":"https:\/\/portaltela.pt\/s.01k8rhncp4jt1\/2025\/11\/talking-bot-125x125.png","url":"https:\/\/portaltela.pt\/s.01k8rhncp4jt1\/2025\/11\/talking-bot-125x125.png","contentUrl":"https:\/\/portaltela.pt\/s.01k8rhncp4jt1\/2025\/11\/talking-bot-125x125.png","caption":"Telinha"},"sameAs":["https:\/\/portaltela.pt\/"],"url":"https:\/\/portaltela.pt\/por\/367410592786\/"}]}},"_links":{"self":[{"href":"https:\/\/portaltela.pt\/api\/wp\/v2\/posts\/209280","targetHints":{"allow":["GET"]}}],"collection":[{"href":"https:\/\/portaltela.pt\/api\/wp\/v2\/posts"}],"about":[{"href":"https:\/\/portaltela.pt\/api\/wp\/v2\/types\/post"}],"author":[{"embeddable":true,"href":"https:\/\/portaltela.pt\/api\/wp\/v2\/users\/2"}],"replies":[{"embeddable":true,"href":"https:\/\/portaltela.pt\/api\/wp\/v2\/comments?post=209280"}],"version-history":[{"count":0,"href":"https:\/\/portaltela.pt\/api\/wp\/v2\/posts\/209280\/revisions"}],"wp:featuredmedia":[{"embeddable":true,"href":"https:\/\/portaltela.pt\/api\/wp\/v2\/media\/209281"}],"wp:attachment":[{"href":"https:\/\/portaltela.pt\/api\/wp\/v2\/media?parent=209280"}],"wp:term":[{"taxonomy":"category","embeddable":true,"href":"https:\/\/portaltela.pt\/api\/wp\/v2\/categories?post=209280"},{"taxonomy":"post_tag","embeddable":true,"href":"https:\/\/portaltela.pt\/api\/wp\/v2\/tags?post=209280"}],"curies":[{"name":"wp","href":"https:\/\/api.w.org\/{rel}","templated":true}]}}