{"id":209276,"date":"2026-02-12T05:46:00","date_gmt":"2026-02-12T08:46:00","guid":{"rendered":"https:\/\/portaltela.pt\/noticias\/2026\/02\/12\/nao-se-pode-colocar-o-fc-porto-como-vilao-benfica-e-sporting-tambem-erram\/"},"modified":"2026-02-12T05:46:00","modified_gmt":"2026-02-12T08:46:00","slug":"nao-se-pode-colocar-o-fc-porto-como-vilao-benfica-e-sporting-tambem-erram","status":"publish","type":"post","link":"https:\/\/portaltela.pt\/desporto\/futebol\/2026\/02\/12\/nao-se-pode-colocar-o-fc-porto-como-vilao-benfica-e-sporting-tambem-erram\/","title":{"rendered":"N\u00e3o se pode colocar o FC Porto como vil\u00e3o; Benfica e Sporting tamb\u00e9m erram"},"content":{"rendered":"<p>S\u00e9rgio Krithinas, diretor executivo de Record, analisou a pol\u00e9mica associada ao cl\u00e1ssico entre FC Porto, Benfica e Sporting no programa Record na Hora, dispon\u00edvel no Now. O respons\u00e1vel destacou a necessidade de evitar leitura simplista sobre os comportamentos dos clubes.<\/p>\n<p>No espa\u00e7o televisivo, Krithinas referiu que n\u00e3o se pode olhar para o FC Porto como \u00fanico clube problem\u00e1tico, argumentando que Benfica e Sporting tamb\u00e9m t\u00eam epis\u00f3dios considerados inenarr\u00e1veis. A an\u00e1lise incidiu sobre o papel dos tr\u00eas em manipulate\u00e7\u00f5es de narrativa e refor\u00e7ou a exig\u00eancia de crit\u00e9rios isentos de avalia\u00e7\u00f5es.<\/p>\n<p>Durante o programa, o comentador manteve o tom cr\u00edtico e frisou que a pol\u00e9mica n\u00e3o se limita a uma apenas institui\u00e7\u00e3o, mas envolve a\u00e7\u00f5es de v\u00e1rios clubes. A discuss\u00e3o ocorreu no Now, no \u00e2mbito de uma edi\u00e7\u00e3o dedicada ao cl\u00e1ssico entre grandes emblemas nacionais.<\/p>\n<h3>Contexto da an\u00e1lise<\/h3>\n<p>O executivo da Record sublinhou que a responsabilidade deve ser partilhada entre as institui\u00e7\u00f5es, jornalistas e dirigentes desportivos. A conversa procurou enquadrar os epis\u00f3dios em pol\u00edticas de conduta e em padr\u00f5es de comunica\u00e7\u00e3o desportiva.<\/p>\n<h3>Implica\u00e7\u00f5es para a cobertura<\/h3>\n<p>Segundo Krithinas, a cobertura medi\u00e1tica precisa evitar generaliza\u00e7\u00f5es sobre os clubes. O foco deve ser a verifica\u00e7\u00e3o de factos, a clareza nas informa\u00e7\u00f5es e o tratamento igualit\u00e1rio entre FC Porto, Benfica e Sporting.<\/p>\n","protected":false},"excerpt":{"rendered":"<ul>\n<li>S\u00e9rgio Krithinas, diretor executivo do Record, comenta a pol\u00e9mica no cl\u00e1ssico no programa Record na Hora, dispon\u00edvel no Now.<\/li>\n<li>Krithinas aponta o FC Porto como parte da pol\u00e9mica.<\/li>\n<li>O dirigente tamb\u00e9m menciona o Benfica e o Sporting como envolvidos.<\/li>\n<li>A an\u00e1lise foi feita durante a transmiss\u00e3o do programa Record na Hora.<\/li>\n<\/ul>\n","protected":false},"author":2,"featured_media":209278,"comment_status":"closed","ping_status":"closed","sticky":false,"template":"","format":"standard","meta":{"footnotes":""},"categories":[21,24],"tags":[555,1946,32,5707,982,1652],"class_list":["post-209276","post","type-post","status-publish","format-standard","has-post-thumbnail","hentry","category-desporto","category-futebol","tag-assuntos-de-futebol","tag-benfica","tag-futebol","tag-jornalistas","tag-porto","tag-sporting"],"yoast_head":"<!-- This site is optimized with the Yoast SEO plugin v27.2 - https:\/\/yoast.com\/product\/yoast-seo-wordpress\/ -->\n<title>N\u00e3o se pode colocar o FC Porto como vil\u00e3o; Benfica e Sporting tamb\u00e9m erram - Portal Tela Portugal<\/title>\n<meta name=\"robots\" content=\"index, follow, max-snippet:-1, max-image-preview:large, max-video-preview:-1\" \/>\n<meta property=\"og:locale\" content=\"pt_PT\" \/>\n<meta property=\"og:type\" content=\"article\" \/>\n<meta property=\"og:title\" content=\"N\u00e3o se pode colocar o FC Porto como vil\u00e3o; Benfica e Sporting tamb\u00e9m erram - Portal Tela Portugal\" \/>\n<meta property=\"og:description\" content=\"S\u00e9rgio Krithinas, diretor executivo do Record, comenta a pol\u00e9mica no cl\u00e1ssico no programa Record na Hora, dispon\u00edvel no Now. Krithinas aponta o FC Porto como parte da pol\u00e9mica. O dirigente tamb\u00e9m menciona o Benfica e o Sporting como envolvidos. A an\u00e1lise foi feita durante a transmiss\u00e3o do programa Record na Hora.\" \/>\n<meta property=\"og:url\" content=\"https:\/\/portaltela.pt\/noticias\/2026\/02\/12\/nao-se-pode-colocar-o-fc-porto-como-vilao-benfica-e-sporting-tambem-erram\/\" \/>\n<meta property=\"og:site_name\" content=\"Portal Tela Portugal\" \/>\n<meta property=\"article:published_time\" content=\"2026-02-12T08:46:00+00:00\" \/>\n<meta name=\"author\" content=\"Telinha\" \/>\n<meta name=\"twitter:card\" content=\"summary_large_image\" \/>\n<meta name=\"twitter:label1\" content=\"Escrito por\" \/>\n\t<meta name=\"twitter:data1\" content=\"Telinha\" \/>\n\t<meta name=\"twitter:label2\" content=\"Tempo estimado de leitura\" \/>\n\t<meta name=\"twitter:data2\" content=\"1 minuto\" \/>\n<script type=\"application\/ld+json\" class=\"yoast-schema-graph\">{\"@context\":\"https:\/\/schema.org\",\"@graph\":[{\"@type\":\"Article\",\"@id\":\"https:\/\/portaltela.pt\/noticias\/2026\/02\/12\/nao-se-pode-colocar-o-fc-porto-como-vilao-benfica-e-sporting-tambem-erram\/#article\",\"isPartOf\":{\"@id\":\"https:\/\/portaltela.pt\/noticias\/2026\/02\/12\/nao-se-pode-colocar-o-fc-porto-como-vilao-benfica-e-sporting-tambem-erram\/\"},\"author\":{\"name\":\"Telinha\",\"@id\":\"https:\/\/portaltela.pt\/#\/schema\/person\/c4278d4a6028830caff9ee44b42d32ed\"},\"headline\":\"N\u00e3o se pode colocar o FC Porto como vil\u00e3o; Benfica e Sporting tamb\u00e9m erram\",\"datePublished\":\"2026-02-12T08:46:00+00:00\",\"mainEntityOfPage\":{\"@id\":\"https:\/\/portaltela.pt\/noticias\/2026\/02\/12\/nao-se-pode-colocar-o-fc-porto-como-vilao-benfica-e-sporting-tambem-erram\/\"},\"wordCount\":264,\"image\":{\"@id\":\"https:\/\/portaltela.pt\/noticias\/2026\/02\/12\/nao-se-pode-colocar-o-fc-porto-como-vilao-benfica-e-sporting-tambem-erram\/#primaryimage\"},\"thumbnailUrl\":\"https:\/\/portaltela.pt\/s.01k8rhncp4jt1\/2026\/02\/img_1200x721uu2026-02-11-22-47-10-2421070.jpg\",\"keywords\":[\"assuntos de futebol\",\"Benfica\",\"futebol\",\"jornalistas\",\"Porto\",\"Sporting\"],\"articleSection\":[\"Desporto\",\"Futebol\"],\"inLanguage\":\"pt-PT\"},{\"@type\":\"WebPage\",\"@id\":\"https:\/\/portaltela.pt\/noticias\/2026\/02\/12\/nao-se-pode-colocar-o-fc-porto-como-vilao-benfica-e-sporting-tambem-erram\/\",\"url\":\"https:\/\/portaltela.pt\/noticias\/2026\/02\/12\/nao-se-pode-colocar-o-fc-porto-como-vilao-benfica-e-sporting-tambem-erram\/\",\"name\":\"N\u00e3o se pode colocar o FC Porto como vil\u00e3o; Benfica e Sporting tamb\u00e9m erram - Portal Tela Portugal\",\"isPartOf\":{\"@id\":\"https:\/\/portaltela.pt\/#website\"},\"primaryImageOfPage\":{\"@id\":\"https:\/\/portaltela.pt\/noticias\/2026\/02\/12\/nao-se-pode-colocar-o-fc-porto-como-vilao-benfica-e-sporting-tambem-erram\/#primaryimage\"},\"image\":{\"@id\":\"https:\/\/portaltela.pt\/noticias\/2026\/02\/12\/nao-se-pode-colocar-o-fc-porto-como-vilao-benfica-e-sporting-tambem-erram\/#primaryimage\"},\"thumbnailUrl\":\"https:\/\/portaltela.pt\/s.01k8rhncp4jt1\/2026\/02\/img_1200x721uu2026-02-11-22-47-10-2421070.jpg\",\"datePublished\":\"2026-02-12T08:46:00+00:00\",\"author\":{\"@id\":\"https:\/\/portaltela.pt\/#\/schema\/person\/c4278d4a6028830caff9ee44b42d32ed\"},\"breadcrumb\":{\"@id\":\"https:\/\/portaltela.pt\/noticias\/2026\/02\/12\/nao-se-pode-colocar-o-fc-porto-como-vilao-benfica-e-sporting-tambem-erram\/#breadcrumb\"},\"inLanguage\":\"pt-PT\",\"potentialAction\":[{\"@type\":\"ReadAction\",\"target\":[\"https:\/\/portaltela.pt\/noticias\/2026\/02\/12\/nao-se-pode-colocar-o-fc-porto-como-vilao-benfica-e-sporting-tambem-erram\/\"]}]},{\"@type\":\"ImageObject\",\"inLanguage\":\"pt-PT\",\"@id\":\"https:\/\/portaltela.pt\/noticias\/2026\/02\/12\/nao-se-pode-colocar-o-fc-porto-como-vilao-benfica-e-sporting-tambem-erram\/#primaryimage\",\"url\":\"https:\/\/portaltela.pt\/s.01k8rhncp4jt1\/2026\/02\/img_1200x721uu2026-02-11-22-47-10-2421070.jpg\",\"contentUrl\":\"https:\/\/portaltela.pt\/s.01k8rhncp4jt1\/2026\/02\/img_1200x721uu2026-02-11-22-47-10-2421070.jpg\",\"width\":796,\"height\":448,\"caption\":\"S\u00e9rgio Krithinas, diretor executivo de Record, analisa pol\u00e9mica no cl\u00e1ssico no programa 'Record na Hora' no Now\"},{\"@type\":\"BreadcrumbList\",\"@id\":\"https:\/\/portaltela.pt\/noticias\/2026\/02\/12\/nao-se-pode-colocar-o-fc-porto-como-vilao-benfica-e-sporting-tambem-erram\/#breadcrumb\",\"itemListElement\":[{\"@type\":\"ListItem\",\"position\":1,\"name\":\"In\u00edcio\",\"item\":\"https:\/\/portaltela.pt\/\"},{\"@type\":\"ListItem\",\"position\":2,\"name\":\"N\u00e3o se pode colocar o FC Porto como vil\u00e3o; Benfica e Sporting tamb\u00e9m erram\"}]},{\"@type\":\"WebSite\",\"@id\":\"https:\/\/portaltela.pt\/#website\",\"url\":\"https:\/\/portaltela.pt\/\",\"name\":\"Portal Tela Portugal\",\"description\":\"\",\"potentialAction\":[{\"@type\":\"SearchAction\",\"target\":{\"@type\":\"EntryPoint\",\"urlTemplate\":\"https:\/\/portaltela.pt\/?s={search_term_string}\"},\"query-input\":{\"@type\":\"PropertyValueSpecification\",\"valueRequired\":true,\"valueName\":\"search_term_string\"}}],\"inLanguage\":\"pt-PT\"},{\"@type\":\"Person\",\"@id\":\"https:\/\/portaltela.pt\/#\/schema\/person\/c4278d4a6028830caff9ee44b42d32ed\",\"name\":\"Telinha\",\"image\":{\"@type\":\"ImageObject\",\"inLanguage\":\"pt-PT\",\"@id\":\"https:\/\/portaltela.pt\/s.01k8rhncp4jt1\/2025\/11\/talking-bot-125x125.png\",\"url\":\"https:\/\/portaltela.pt\/s.01k8rhncp4jt1\/2025\/11\/talking-bot-125x125.png\",\"contentUrl\":\"https:\/\/portaltela.pt\/s.01k8rhncp4jt1\/2025\/11\/talking-bot-125x125.png\",\"caption\":\"Telinha\"},\"sameAs\":[\"https:\/\/portaltela.pt\/\"],\"url\":\"https:\/\/portaltela.pt\/por\/367410592786\/\"}]}<\/script>\n<!-- \/ Yoast SEO plugin. -->","yoast_head_json":{"title":"N\u00e3o se pode colocar o FC Porto como vil\u00e3o; Benfica e Sporting tamb\u00e9m erram - Portal Tela Portugal","robots":{"index":"index","follow":"follow","max-snippet":"max-snippet:-1","max-image-preview":"max-image-preview:large","max-video-preview":"max-video-preview:-1"},"og_locale":"pt_PT","og_type":"article","og_title":"N\u00e3o se pode colocar o FC Porto como vil\u00e3o; Benfica e Sporting tamb\u00e9m erram - Portal Tela Portugal","og_description":"S\u00e9rgio Krithinas, diretor executivo do Record, comenta a pol\u00e9mica no cl\u00e1ssico no programa Record na Hora, dispon\u00edvel no Now. Krithinas aponta o FC Porto como parte da pol\u00e9mica. O dirigente tamb\u00e9m menciona o Benfica e o Sporting como envolvidos. A an\u00e1lise foi feita durante a transmiss\u00e3o do programa Record na Hora.","og_url":"https:\/\/portaltela.pt\/noticias\/2026\/02\/12\/nao-se-pode-colocar-o-fc-porto-como-vilao-benfica-e-sporting-tambem-erram\/","og_site_name":"Portal Tela Portugal","article_published_time":"2026-02-12T08:46:00+00:00","author":"Telinha","twitter_card":"summary_large_image","twitter_misc":{"Escrito por":"Telinha","Tempo estimado de leitura":"1 minuto"},"schema":{"@context":"https:\/\/schema.org","@graph":[{"@type":"Article","@id":"https:\/\/portaltela.pt\/noticias\/2026\/02\/12\/nao-se-pode-colocar-o-fc-porto-como-vilao-benfica-e-sporting-tambem-erram\/#article","isPartOf":{"@id":"https:\/\/portaltela.pt\/noticias\/2026\/02\/12\/nao-se-pode-colocar-o-fc-porto-como-vilao-benfica-e-sporting-tambem-erram\/"},"author":{"name":"Telinha","@id":"https:\/\/portaltela.pt\/#\/schema\/person\/c4278d4a6028830caff9ee44b42d32ed"},"headline":"N\u00e3o se pode colocar o FC Porto como vil\u00e3o; Benfica e Sporting tamb\u00e9m erram","datePublished":"2026-02-12T08:46:00+00:00","mainEntityOfPage":{"@id":"https:\/\/portaltela.pt\/noticias\/2026\/02\/12\/nao-se-pode-colocar-o-fc-porto-como-vilao-benfica-e-sporting-tambem-erram\/"},"wordCount":264,"image":{"@id":"https:\/\/portaltela.pt\/noticias\/2026\/02\/12\/nao-se-pode-colocar-o-fc-porto-como-vilao-benfica-e-sporting-tambem-erram\/#primaryimage"},"thumbnailUrl":"https:\/\/portaltela.pt\/s.01k8rhncp4jt1\/2026\/02\/img_1200x721uu2026-02-11-22-47-10-2421070.jpg","keywords":["assuntos de futebol","Benfica","futebol","jornalistas","Porto","Sporting"],"articleSection":["Desporto","Futebol"],"inLanguage":"pt-PT"},{"@type":"WebPage","@id":"https:\/\/portaltela.pt\/noticias\/2026\/02\/12\/nao-se-pode-colocar-o-fc-porto-como-vilao-benfica-e-sporting-tambem-erram\/","url":"https:\/\/portaltela.pt\/noticias\/2026\/02\/12\/nao-se-pode-colocar-o-fc-porto-como-vilao-benfica-e-sporting-tambem-erram\/","name":"N\u00e3o se pode colocar o FC Porto como vil\u00e3o; Benfica e Sporting tamb\u00e9m erram - Portal Tela Portugal","isPartOf":{"@id":"https:\/\/portaltela.pt\/#website"},"primaryImageOfPage":{"@id":"https:\/\/portaltela.pt\/noticias\/2026\/02\/12\/nao-se-pode-colocar-o-fc-porto-como-vilao-benfica-e-sporting-tambem-erram\/#primaryimage"},"image":{"@id":"https:\/\/portaltela.pt\/noticias\/2026\/02\/12\/nao-se-pode-colocar-o-fc-porto-como-vilao-benfica-e-sporting-tambem-erram\/#primaryimage"},"thumbnailUrl":"https:\/\/portaltela.pt\/s.01k8rhncp4jt1\/2026\/02\/img_1200x721uu2026-02-11-22-47-10-2421070.jpg","datePublished":"2026-02-12T08:46:00+00:00","author":{"@id":"https:\/\/portaltela.pt\/#\/schema\/person\/c4278d4a6028830caff9ee44b42d32ed"},"breadcrumb":{"@id":"https:\/\/portaltela.pt\/noticias\/2026\/02\/12\/nao-se-pode-colocar-o-fc-porto-como-vilao-benfica-e-sporting-tambem-erram\/#breadcrumb"},"inLanguage":"pt-PT","potentialAction":[{"@type":"ReadAction","target":["https:\/\/portaltela.pt\/noticias\/2026\/02\/12\/nao-se-pode-colocar-o-fc-porto-como-vilao-benfica-e-sporting-tambem-erram\/"]}]},{"@type":"ImageObject","inLanguage":"pt-PT","@id":"https:\/\/portaltela.pt\/noticias\/2026\/02\/12\/nao-se-pode-colocar-o-fc-porto-como-vilao-benfica-e-sporting-tambem-erram\/#primaryimage","url":"https:\/\/portaltela.pt\/s.01k8rhncp4jt1\/2026\/02\/img_1200x721uu2026-02-11-22-47-10-2421070.jpg","contentUrl":"https:\/\/portaltela.pt\/s.01k8rhncp4jt1\/2026\/02\/img_1200x721uu2026-02-11-22-47-10-2421070.jpg","width":796,"height":448,"caption":"S\u00e9rgio Krithinas, diretor executivo de Record, analisa pol\u00e9mica no cl\u00e1ssico no programa 'Record na Hora' no Now"},{"@type":"BreadcrumbList","@id":"https:\/\/portaltela.pt\/noticias\/2026\/02\/12\/nao-se-pode-colocar-o-fc-porto-como-vilao-benfica-e-sporting-tambem-erram\/#breadcrumb","itemListElement":[{"@type":"ListItem","position":1,"name":"In\u00edcio","item":"https:\/\/portaltela.pt\/"},{"@type":"ListItem","position":2,"name":"N\u00e3o se pode colocar o FC Porto como vil\u00e3o; Benfica e Sporting tamb\u00e9m erram"}]},{"@type":"WebSite","@id":"https:\/\/portaltela.pt\/#website","url":"https:\/\/portaltela.pt\/","name":"Portal Tela Portugal","description":"","potentialAction":[{"@type":"SearchAction","target":{"@type":"EntryPoint","urlTemplate":"https:\/\/portaltela.pt\/?s={search_term_string}"},"query-input":{"@type":"PropertyValueSpecification","valueRequired":true,"valueName":"search_term_string"}}],"inLanguage":"pt-PT"},{"@type":"Person","@id":"https:\/\/portaltela.pt\/#\/schema\/person\/c4278d4a6028830caff9ee44b42d32ed","name":"Telinha","image":{"@type":"ImageObject","inLanguage":"pt-PT","@id":"https:\/\/portaltela.pt\/s.01k8rhncp4jt1\/2025\/11\/talking-bot-125x125.png","url":"https:\/\/portaltela.pt\/s.01k8rhncp4jt1\/2025\/11\/talking-bot-125x125.png","contentUrl":"https:\/\/portaltela.pt\/s.01k8rhncp4jt1\/2025\/11\/talking-bot-125x125.png","caption":"Telinha"},"sameAs":["https:\/\/portaltela.pt\/"],"url":"https:\/\/portaltela.pt\/por\/367410592786\/"}]}},"_links":{"self":[{"href":"https:\/\/portaltela.pt\/api\/wp\/v2\/posts\/209276","targetHints":{"allow":["GET"]}}],"collection":[{"href":"https:\/\/portaltela.pt\/api\/wp\/v2\/posts"}],"about":[{"href":"https:\/\/portaltela.pt\/api\/wp\/v2\/types\/post"}],"author":[{"embeddable":true,"href":"https:\/\/portaltela.pt\/api\/wp\/v2\/users\/2"}],"replies":[{"embeddable":true,"href":"https:\/\/portaltela.pt\/api\/wp\/v2\/comments?post=209276"}],"version-history":[{"count":0,"href":"https:\/\/portaltela.pt\/api\/wp\/v2\/posts\/209276\/revisions"}],"wp:featuredmedia":[{"embeddable":true,"href":"https:\/\/portaltela.pt\/api\/wp\/v2\/media\/209278"}],"wp:attachment":[{"href":"https:\/\/portaltela.pt\/api\/wp\/v2\/media?parent=209276"}],"wp:term":[{"taxonomy":"category","embeddable":true,"href":"https:\/\/portaltela.pt\/api\/wp\/v2\/categories?post=209276"},{"taxonomy":"post_tag","embeddable":true,"href":"https:\/\/portaltela.pt\/api\/wp\/v2\/tags?post=209276"}],"curies":[{"name":"wp","href":"https:\/\/api.w.org\/{rel}","templated":true}]}}