{"id":209261,"date":"2026-02-12T05:42:54","date_gmt":"2026-02-12T08:42:54","guid":{"rendered":"https:\/\/portaltela.pt\/noticias\/2026\/02\/12\/tres-resgatados-apos-ficarem-presos-em-aguas-congeladas-em-nova-iorque\/"},"modified":"2026-02-12T05:42:54","modified_gmt":"2026-02-12T08:42:54","slug":"tres-resgatados-apos-ficarem-presos-em-aguas-congeladas-em-nova-iorque","status":"publish","type":"post","link":"https:\/\/portaltela.pt\/noticias\/2026\/02\/12\/tres-resgatados-apos-ficarem-presos-em-aguas-congeladas-em-nova-iorque\/","title":{"rendered":"Tr\u00eas resgatados ap\u00f3s ficarem presos em \u00e1guas congeladas em Nova Iorque"},"content":{"rendered":"<p>Tr\u00eas pessoas ficaram presas em \u00e1guas congeladas na regi\u00e3o de Far Rockaway, no estado de Nova Iorque, e foram resgatadas por equipas de emerg\u00eancia. A opera\u00e7\u00e3o ocorreu em \u00e1guas pr\u00f3ximas \u00e0 costa, sob condi\u00e7\u00f5es de gelo na superf\u00edcie.<\/p>\n<p>As autoridades n\u00e3o divulgaram a identidade das v\u00edtimas nem detalhes sobre o estado de sa\u00fade ao momento do resgate. LOC tais informa\u00e7\u00f5es podem ser fornecidas pelas equipas de socorro conforme a avalia\u00e7\u00e3o m\u00e9dica posterior.<\/p>\n<p>N\u00e3o foi informado o momento exato do incidente. As autoridades permanecem em posi\u00e7\u00e3o para confirmar circunst\u00e2ncias adicionais do resgate e esclarecer se houve algum ferimento durante a situa\u00e7\u00e3o em Far Rockaway, Queens.<\/p>\n","protected":false},"excerpt":{"rendered":"<ul>\n<li>Equipas de resgate salvaram tr\u00eas pessoas que ficaram presas em \u00e1guas congeladas.<\/li>\n<li>O incidente ocorreu em Far Rockaway, no estado de Nova Iorque.<\/li>\n<li>As v\u00edtimas foram resgatadas com seguran\u00e7a pelas autoridades.<\/li>\n<li>N\u00e3o foram divulgados mais detalhes sobre as circunst\u00e2ncias do resgate.<\/li>\n<\/ul>\n","protected":false},"author":2,"featured_media":209266,"comment_status":"closed","ping_status":"closed","sticky":false,"template":"","format":"standard","meta":{"footnotes":""},"categories":[1],"tags":[5487,2434,1935,5632,1007,4304],"class_list":["post-209261","post","type-post","status-publish","format-standard","has-post-thumbnail","hentry","category-noticias","tag-acidente","tag-aguas","tag-emergencias","tag-nova-iorque","tag-resgate-maritimo","tag-salvamento"],"yoast_head":"<!-- This site is optimized with the Yoast SEO plugin v27.2 - https:\/\/yoast.com\/product\/yoast-seo-wordpress\/ -->\n<title>Tr\u00eas resgatados ap\u00f3s ficarem presos em \u00e1guas congeladas em Nova Iorque - Portal Tela Portugal<\/title>\n<meta name=\"robots\" content=\"index, follow, max-snippet:-1, max-image-preview:large, max-video-preview:-1\" \/>\n<meta property=\"og:locale\" content=\"pt_PT\" \/>\n<meta property=\"og:type\" content=\"article\" \/>\n<meta property=\"og:title\" content=\"Tr\u00eas resgatados ap\u00f3s ficarem presos em \u00e1guas congeladas em Nova Iorque - Portal Tela Portugal\" \/>\n<meta property=\"og:description\" content=\"Equipas de resgate salvaram tr\u00eas pessoas que ficaram presas em \u00e1guas congeladas. O incidente ocorreu em Far Rockaway, no estado de Nova Iorque. As v\u00edtimas foram resgatadas com seguran\u00e7a pelas autoridades. N\u00e3o foram divulgados mais detalhes sobre as circunst\u00e2ncias do resgate.\" \/>\n<meta property=\"og:url\" content=\"https:\/\/portaltela.pt\/noticias\/2026\/02\/12\/tres-resgatados-apos-ficarem-presos-em-aguas-congeladas-em-nova-iorque\/\" \/>\n<meta property=\"og:site_name\" content=\"Portal Tela Portugal\" \/>\n<meta property=\"article:published_time\" content=\"2026-02-12T08:42:54+00:00\" \/>\n<meta name=\"author\" content=\"Telinha\" \/>\n<meta name=\"twitter:card\" content=\"summary_large_image\" \/>\n<meta name=\"twitter:label1\" content=\"Escrito por\" \/>\n\t<meta name=\"twitter:data1\" content=\"Telinha\" \/>\n\t<meta name=\"twitter:label2\" content=\"Tempo estimado de leitura\" \/>\n\t<meta name=\"twitter:data2\" content=\"1 minuto\" \/>\n<script type=\"application\/ld+json\" class=\"yoast-schema-graph\">{\"@context\":\"https:\/\/schema.org\",\"@graph\":[{\"@type\":\"Article\",\"@id\":\"https:\/\/portaltela.pt\/noticias\/2026\/02\/12\/tres-resgatados-apos-ficarem-presos-em-aguas-congeladas-em-nova-iorque\/#article\",\"isPartOf\":{\"@id\":\"https:\/\/portaltela.pt\/noticias\/2026\/02\/12\/tres-resgatados-apos-ficarem-presos-em-aguas-congeladas-em-nova-iorque\/\"},\"author\":{\"name\":\"Telinha\",\"@id\":\"https:\/\/portaltela.pt\/#\/schema\/person\/c4278d4a6028830caff9ee44b42d32ed\"},\"headline\":\"Tr\u00eas resgatados ap\u00f3s ficarem presos em \u00e1guas congeladas em Nova Iorque\",\"datePublished\":\"2026-02-12T08:42:54+00:00\",\"mainEntityOfPage\":{\"@id\":\"https:\/\/portaltela.pt\/noticias\/2026\/02\/12\/tres-resgatados-apos-ficarem-presos-em-aguas-congeladas-em-nova-iorque\/\"},\"wordCount\":133,\"image\":{\"@id\":\"https:\/\/portaltela.pt\/noticias\/2026\/02\/12\/tres-resgatados-apos-ficarem-presos-em-aguas-congeladas-em-nova-iorque\/#primaryimage\"},\"thumbnailUrl\":\"https:\/\/portaltela.pt\/s.01k8rhncp4jt1\/2026\/02\/img_1200x721uu2026-02-12-08-42-01-2421097.jpg\",\"keywords\":[\"acidente\",\"\u00e1guas\",\"emerg\u00eancias\",\"Nova Iorque\",\"Resgate Mar\u00edtimo\",\"salvamento\"],\"articleSection\":[\"Not\u00edcias\"],\"inLanguage\":\"pt-PT\"},{\"@type\":\"WebPage\",\"@id\":\"https:\/\/portaltela.pt\/noticias\/2026\/02\/12\/tres-resgatados-apos-ficarem-presos-em-aguas-congeladas-em-nova-iorque\/\",\"url\":\"https:\/\/portaltela.pt\/noticias\/2026\/02\/12\/tres-resgatados-apos-ficarem-presos-em-aguas-congeladas-em-nova-iorque\/\",\"name\":\"Tr\u00eas resgatados ap\u00f3s ficarem presos em \u00e1guas congeladas em Nova Iorque - Portal Tela Portugal\",\"isPartOf\":{\"@id\":\"https:\/\/portaltela.pt\/#website\"},\"primaryImageOfPage\":{\"@id\":\"https:\/\/portaltela.pt\/noticias\/2026\/02\/12\/tres-resgatados-apos-ficarem-presos-em-aguas-congeladas-em-nova-iorque\/#primaryimage\"},\"image\":{\"@id\":\"https:\/\/portaltela.pt\/noticias\/2026\/02\/12\/tres-resgatados-apos-ficarem-presos-em-aguas-congeladas-em-nova-iorque\/#primaryimage\"},\"thumbnailUrl\":\"https:\/\/portaltela.pt\/s.01k8rhncp4jt1\/2026\/02\/img_1200x721uu2026-02-12-08-42-01-2421097.jpg\",\"datePublished\":\"2026-02-12T08:42:54+00:00\",\"author\":{\"@id\":\"https:\/\/portaltela.pt\/#\/schema\/person\/c4278d4a6028830caff9ee44b42d32ed\"},\"breadcrumb\":{\"@id\":\"https:\/\/portaltela.pt\/noticias\/2026\/02\/12\/tres-resgatados-apos-ficarem-presos-em-aguas-congeladas-em-nova-iorque\/#breadcrumb\"},\"inLanguage\":\"pt-PT\",\"potentialAction\":[{\"@type\":\"ReadAction\",\"target\":[\"https:\/\/portaltela.pt\/noticias\/2026\/02\/12\/tres-resgatados-apos-ficarem-presos-em-aguas-congeladas-em-nova-iorque\/\"]}]},{\"@type\":\"ImageObject\",\"inLanguage\":\"pt-PT\",\"@id\":\"https:\/\/portaltela.pt\/noticias\/2026\/02\/12\/tres-resgatados-apos-ficarem-presos-em-aguas-congeladas-em-nova-iorque\/#primaryimage\",\"url\":\"https:\/\/portaltela.pt\/s.01k8rhncp4jt1\/2026\/02\/img_1200x721uu2026-02-12-08-42-01-2421097.jpg\",\"contentUrl\":\"https:\/\/portaltela.pt\/s.01k8rhncp4jt1\/2026\/02\/img_1200x721uu2026-02-12-08-42-01-2421097.jpg\",\"width\":796,\"height\":448,\"caption\":\"Tr\u00eas pessoas resgatadas ap\u00f3s ficarem presas em \u00e1guas congeladas em Nova Iorque\"},{\"@type\":\"BreadcrumbList\",\"@id\":\"https:\/\/portaltela.pt\/noticias\/2026\/02\/12\/tres-resgatados-apos-ficarem-presos-em-aguas-congeladas-em-nova-iorque\/#breadcrumb\",\"itemListElement\":[{\"@type\":\"ListItem\",\"position\":1,\"name\":\"In\u00edcio\",\"item\":\"https:\/\/portaltela.pt\/\"},{\"@type\":\"ListItem\",\"position\":2,\"name\":\"Tr\u00eas resgatados ap\u00f3s ficarem presos em \u00e1guas congeladas em Nova Iorque\"}]},{\"@type\":\"WebSite\",\"@id\":\"https:\/\/portaltela.pt\/#website\",\"url\":\"https:\/\/portaltela.pt\/\",\"name\":\"Portal Tela Portugal\",\"description\":\"\",\"potentialAction\":[{\"@type\":\"SearchAction\",\"target\":{\"@type\":\"EntryPoint\",\"urlTemplate\":\"https:\/\/portaltela.pt\/?s={search_term_string}\"},\"query-input\":{\"@type\":\"PropertyValueSpecification\",\"valueRequired\":true,\"valueName\":\"search_term_string\"}}],\"inLanguage\":\"pt-PT\"},{\"@type\":\"Person\",\"@id\":\"https:\/\/portaltela.pt\/#\/schema\/person\/c4278d4a6028830caff9ee44b42d32ed\",\"name\":\"Telinha\",\"image\":{\"@type\":\"ImageObject\",\"inLanguage\":\"pt-PT\",\"@id\":\"https:\/\/portaltela.pt\/s.01k8rhncp4jt1\/2025\/11\/talking-bot-125x125.png\",\"url\":\"https:\/\/portaltela.pt\/s.01k8rhncp4jt1\/2025\/11\/talking-bot-125x125.png\",\"contentUrl\":\"https:\/\/portaltela.pt\/s.01k8rhncp4jt1\/2025\/11\/talking-bot-125x125.png\",\"caption\":\"Telinha\"},\"sameAs\":[\"https:\/\/portaltela.pt\/\"],\"url\":\"https:\/\/portaltela.pt\/por\/367410592786\/\"}]}<\/script>\n<!-- \/ Yoast SEO plugin. -->","yoast_head_json":{"title":"Tr\u00eas resgatados ap\u00f3s ficarem presos em \u00e1guas congeladas em Nova Iorque - Portal Tela Portugal","robots":{"index":"index","follow":"follow","max-snippet":"max-snippet:-1","max-image-preview":"max-image-preview:large","max-video-preview":"max-video-preview:-1"},"og_locale":"pt_PT","og_type":"article","og_title":"Tr\u00eas resgatados ap\u00f3s ficarem presos em \u00e1guas congeladas em Nova Iorque - Portal Tela Portugal","og_description":"Equipas de resgate salvaram tr\u00eas pessoas que ficaram presas em \u00e1guas congeladas. O incidente ocorreu em Far Rockaway, no estado de Nova Iorque. As v\u00edtimas foram resgatadas com seguran\u00e7a pelas autoridades. N\u00e3o foram divulgados mais detalhes sobre as circunst\u00e2ncias do resgate.","og_url":"https:\/\/portaltela.pt\/noticias\/2026\/02\/12\/tres-resgatados-apos-ficarem-presos-em-aguas-congeladas-em-nova-iorque\/","og_site_name":"Portal Tela Portugal","article_published_time":"2026-02-12T08:42:54+00:00","author":"Telinha","twitter_card":"summary_large_image","twitter_misc":{"Escrito por":"Telinha","Tempo estimado de leitura":"1 minuto"},"schema":{"@context":"https:\/\/schema.org","@graph":[{"@type":"Article","@id":"https:\/\/portaltela.pt\/noticias\/2026\/02\/12\/tres-resgatados-apos-ficarem-presos-em-aguas-congeladas-em-nova-iorque\/#article","isPartOf":{"@id":"https:\/\/portaltela.pt\/noticias\/2026\/02\/12\/tres-resgatados-apos-ficarem-presos-em-aguas-congeladas-em-nova-iorque\/"},"author":{"name":"Telinha","@id":"https:\/\/portaltela.pt\/#\/schema\/person\/c4278d4a6028830caff9ee44b42d32ed"},"headline":"Tr\u00eas resgatados ap\u00f3s ficarem presos em \u00e1guas congeladas em Nova Iorque","datePublished":"2026-02-12T08:42:54+00:00","mainEntityOfPage":{"@id":"https:\/\/portaltela.pt\/noticias\/2026\/02\/12\/tres-resgatados-apos-ficarem-presos-em-aguas-congeladas-em-nova-iorque\/"},"wordCount":133,"image":{"@id":"https:\/\/portaltela.pt\/noticias\/2026\/02\/12\/tres-resgatados-apos-ficarem-presos-em-aguas-congeladas-em-nova-iorque\/#primaryimage"},"thumbnailUrl":"https:\/\/portaltela.pt\/s.01k8rhncp4jt1\/2026\/02\/img_1200x721uu2026-02-12-08-42-01-2421097.jpg","keywords":["acidente","\u00e1guas","emerg\u00eancias","Nova Iorque","Resgate Mar\u00edtimo","salvamento"],"articleSection":["Not\u00edcias"],"inLanguage":"pt-PT"},{"@type":"WebPage","@id":"https:\/\/portaltela.pt\/noticias\/2026\/02\/12\/tres-resgatados-apos-ficarem-presos-em-aguas-congeladas-em-nova-iorque\/","url":"https:\/\/portaltela.pt\/noticias\/2026\/02\/12\/tres-resgatados-apos-ficarem-presos-em-aguas-congeladas-em-nova-iorque\/","name":"Tr\u00eas resgatados ap\u00f3s ficarem presos em \u00e1guas congeladas em Nova Iorque - Portal Tela Portugal","isPartOf":{"@id":"https:\/\/portaltela.pt\/#website"},"primaryImageOfPage":{"@id":"https:\/\/portaltela.pt\/noticias\/2026\/02\/12\/tres-resgatados-apos-ficarem-presos-em-aguas-congeladas-em-nova-iorque\/#primaryimage"},"image":{"@id":"https:\/\/portaltela.pt\/noticias\/2026\/02\/12\/tres-resgatados-apos-ficarem-presos-em-aguas-congeladas-em-nova-iorque\/#primaryimage"},"thumbnailUrl":"https:\/\/portaltela.pt\/s.01k8rhncp4jt1\/2026\/02\/img_1200x721uu2026-02-12-08-42-01-2421097.jpg","datePublished":"2026-02-12T08:42:54+00:00","author":{"@id":"https:\/\/portaltela.pt\/#\/schema\/person\/c4278d4a6028830caff9ee44b42d32ed"},"breadcrumb":{"@id":"https:\/\/portaltela.pt\/noticias\/2026\/02\/12\/tres-resgatados-apos-ficarem-presos-em-aguas-congeladas-em-nova-iorque\/#breadcrumb"},"inLanguage":"pt-PT","potentialAction":[{"@type":"ReadAction","target":["https:\/\/portaltela.pt\/noticias\/2026\/02\/12\/tres-resgatados-apos-ficarem-presos-em-aguas-congeladas-em-nova-iorque\/"]}]},{"@type":"ImageObject","inLanguage":"pt-PT","@id":"https:\/\/portaltela.pt\/noticias\/2026\/02\/12\/tres-resgatados-apos-ficarem-presos-em-aguas-congeladas-em-nova-iorque\/#primaryimage","url":"https:\/\/portaltela.pt\/s.01k8rhncp4jt1\/2026\/02\/img_1200x721uu2026-02-12-08-42-01-2421097.jpg","contentUrl":"https:\/\/portaltela.pt\/s.01k8rhncp4jt1\/2026\/02\/img_1200x721uu2026-02-12-08-42-01-2421097.jpg","width":796,"height":448,"caption":"Tr\u00eas pessoas resgatadas ap\u00f3s ficarem presas em \u00e1guas congeladas em Nova Iorque"},{"@type":"BreadcrumbList","@id":"https:\/\/portaltela.pt\/noticias\/2026\/02\/12\/tres-resgatados-apos-ficarem-presos-em-aguas-congeladas-em-nova-iorque\/#breadcrumb","itemListElement":[{"@type":"ListItem","position":1,"name":"In\u00edcio","item":"https:\/\/portaltela.pt\/"},{"@type":"ListItem","position":2,"name":"Tr\u00eas resgatados ap\u00f3s ficarem presos em \u00e1guas congeladas em Nova Iorque"}]},{"@type":"WebSite","@id":"https:\/\/portaltela.pt\/#website","url":"https:\/\/portaltela.pt\/","name":"Portal Tela Portugal","description":"","potentialAction":[{"@type":"SearchAction","target":{"@type":"EntryPoint","urlTemplate":"https:\/\/portaltela.pt\/?s={search_term_string}"},"query-input":{"@type":"PropertyValueSpecification","valueRequired":true,"valueName":"search_term_string"}}],"inLanguage":"pt-PT"},{"@type":"Person","@id":"https:\/\/portaltela.pt\/#\/schema\/person\/c4278d4a6028830caff9ee44b42d32ed","name":"Telinha","image":{"@type":"ImageObject","inLanguage":"pt-PT","@id":"https:\/\/portaltela.pt\/s.01k8rhncp4jt1\/2025\/11\/talking-bot-125x125.png","url":"https:\/\/portaltela.pt\/s.01k8rhncp4jt1\/2025\/11\/talking-bot-125x125.png","contentUrl":"https:\/\/portaltela.pt\/s.01k8rhncp4jt1\/2025\/11\/talking-bot-125x125.png","caption":"Telinha"},"sameAs":["https:\/\/portaltela.pt\/"],"url":"https:\/\/portaltela.pt\/por\/367410592786\/"}]}},"_links":{"self":[{"href":"https:\/\/portaltela.pt\/api\/wp\/v2\/posts\/209261","targetHints":{"allow":["GET"]}}],"collection":[{"href":"https:\/\/portaltela.pt\/api\/wp\/v2\/posts"}],"about":[{"href":"https:\/\/portaltela.pt\/api\/wp\/v2\/types\/post"}],"author":[{"embeddable":true,"href":"https:\/\/portaltela.pt\/api\/wp\/v2\/users\/2"}],"replies":[{"embeddable":true,"href":"https:\/\/portaltela.pt\/api\/wp\/v2\/comments?post=209261"}],"version-history":[{"count":0,"href":"https:\/\/portaltela.pt\/api\/wp\/v2\/posts\/209261\/revisions"}],"wp:featuredmedia":[{"embeddable":true,"href":"https:\/\/portaltela.pt\/api\/wp\/v2\/media\/209266"}],"wp:attachment":[{"href":"https:\/\/portaltela.pt\/api\/wp\/v2\/media?parent=209261"}],"wp:term":[{"taxonomy":"category","embeddable":true,"href":"https:\/\/portaltela.pt\/api\/wp\/v2\/categories?post=209261"},{"taxonomy":"post_tag","embeddable":true,"href":"https:\/\/portaltela.pt\/api\/wp\/v2\/tags?post=209261"}],"curies":[{"name":"wp","href":"https:\/\/api.w.org\/{rel}","templated":true}]}}