{"id":209212,"date":"2026-02-12T04:37:55","date_gmt":"2026-02-12T07:37:55","guid":{"rendered":"https:\/\/portaltela.pt\/noticias\/2026\/02\/12\/pedro-duarte-pretende-fechar-sala-de-consumo-assistido-na-pasteleira-porto\/"},"modified":"2026-02-12T04:37:55","modified_gmt":"2026-02-12T07:37:55","slug":"pedro-duarte-pretende-fechar-sala-de-consumo-assistido-na-pasteleira-porto","status":"publish","type":"post","link":"https:\/\/portaltela.pt\/noticias\/politica\/2026\/02\/12\/pedro-duarte-pretende-fechar-sala-de-consumo-assistido-na-pasteleira-porto\/","title":{"rendered":"Pedro Duarte pretende fechar sala de consumo assistido na Pasteleira, Porto"},"content":{"rendered":"<p>Pedro Duarte, presidente da C\u00e2mara do Porto, informou que a sala de consumo assistido no Bairro da Pasteleira deve sair do local entre duas escolas e ficar a ser estudada uma nova localiza\u00e7\u00e3o, em parceria com o Minist\u00e9rio da Sa\u00fade e o cons\u00f3rcio que gere o equipamento. A inten\u00e7\u00e3o \u00e9 repensar a val\u00eancia para melhorar a resposta oferecida.<\/p>\n<p>A autarquia aponta que a proximidade a institui\u00e7\u00f5es como a Funda\u00e7\u00e3o de Serralves e a frequ\u00eancia escolar torna o espa\u00e7o inadequado, com consumos a ocorrer num per\u00edmetro pr\u00f3ximo. O objetivo \u00e9 evitar a aus\u00eancia de acessos e procurar uma solu\u00e7\u00e3o mais adequada ao fen\u00f3meno da toxicodepend\u00eancia.<\/p>\n<p>Os respons\u00e1veis dependem de avalia\u00e7\u00e3o especializada para definir a nova localiza\u00e7\u00e3o. O munic\u00edpio afirma que o local n\u00e3o pode ficar isolado, sem liga\u00e7\u00f5es de acesso, e que a decis\u00e3o dever\u00e1 considerar v\u00e1rios cen\u00e1rios t\u00e9cnicos.<\/p>\n<h3>Seguran\u00e7a e atua\u00e7\u00e3o municipal<\/h3>\n<p>Pedro Duarte afirmou que n\u00e3o teme exigir medidas mais firmes para lidar com situa\u00e7\u00f5es que perturbem a vida p\u00fablica, incluindo a\u00e7\u00f5es contra quem prevarica. O tema ser\u00e1 abordado na pr\u00f3xima reuni\u00e3o do Conselho Municipal de Seguran\u00e7a.<\/p>\n<p>No \u00e2mbito da seguran\u00e7a, o Porto tem promovido refor\u00e7os na pol\u00edcia municipal, com a cria\u00e7\u00e3o de fun\u00e7\u00f5es adicionais, videovigil\u00e2ncia e alargamento da rede de c\u00e2maras. O objetivo \u00e9 aumentar a presen\u00e7a policial nas ruas do concelho.<\/p>\n<p>O autarca indicou que o refor\u00e7o de 80 agentes para a Pol\u00edcia Municipal dever\u00e1 ficar conclu\u00eddo at\u00e9 ao ver\u00e3o, com a confirma\u00e7\u00e3o de progressos pela PSP. A evolu\u00e7\u00e3o tem sido segurada pela gest\u00e3o do or\u00e7amento municipal.<\/p>\n<h3>Abordagem \u00e0 gest\u00e3o urbana e turismo<\/h3>\n<p>O presidente sublinhou que a coopera\u00e7\u00e3o com promotores imobili\u00e1rios pode ajudar a desacelerar a constru\u00e7\u00e3o excessiva, sem impedir o desenvolvimento. A prioridade \u00e9 manter a qualidade de vida na cidade, com a\u00e7\u00f5es dialogadas e instrumentos legais dispon\u00edveis.<\/p>\n<p>Deste modo, o munic\u00edpio pretende rever o Plano Diretor Municipal para ajustar alturas de constru\u00e7\u00e3o e outros par\u00e2metros urban\u00edsticos, evitando situa\u00e7\u00f5es de densifica\u00e7\u00e3o descontrolada. O PDM dever\u00e1 sofrer ajustes pontuais conforme necess\u00e1rio.<\/p>\n<p>Dados da autarquia apontam um volume de 148 processos de empreendimentos tur\u00edsticos em tramita\u00e7\u00e3o no final de 2025, interpretados como sinal de perspetivas positivas para o turismo. O objetivo \u00e9 qualificar a oferta, evitando impactos negativos na vida da cidade.<\/p>\n<p>O respons\u00e1vel acrescentou que o Porto n\u00e3o planeia limitar o turismo, mas sim orient\u00e1-lo para uma pr\u00e1tica mais sustent\u00e1vel. A prioridade \u00e9 manter a cidade atraente para residentes e visitantes, com equil\u00edbrio entre desenvolvimento e qualidade de vida.<\/p>\n","protected":false},"excerpt":{"rendered":"<ul>\n<li>O presidente da C\u00e2mara do Porto, Pedro Duarte, quer retirar a sala de consumo assistido da zona da Pasteleira, junto a duas escolas, para uma nova localiza\u00e7\u00e3o em estudo.<\/li>\n<li>A mudan\u00e7a est\u00e1 a ser analisada em parceria com o Minist\u00e9rio da Sa\u00fade e o cons\u00f3rcio que gere a sala, com o objetivo de melhorar a resposta al\u00e9m da atual.<\/li>\n<li>Duarte afirma que o equipamento n\u00e3o pode ficar \u201ccolado ao muro\u201d da Funda\u00e7\u00e3o de Serralves nem entre duas escolas, e admite necessidade de avalia\u00e7\u00e3o de especialistas para uma localiza\u00e7\u00e3o mais adequada.<\/li>\n<li>O tema ser\u00e1 discutido em breve no Conselho Municipal de Seguran\u00e7a, num contexto de refor\u00e7o de a\u00e7\u00f5es para lidar com a toxicodepend\u00eancia.<\/li>\n<li>O autarca tamb\u00e9m destacou medidas de seguran\u00e7a na cidade, como 27 novas fun\u00e7\u00f5es para a Pol\u00edcia Municipal, mais 117 c\u00e2maras de videovigil\u00e2ncia e refor\u00e7o de at\u00e9 80 agentes, visando melhorar a atua\u00e7\u00e3o policial.<\/li>\n<\/ul>\n","protected":false},"author":2,"featured_media":209214,"comment_status":"closed","ping_status":"closed","sticky":false,"template":"","format":"standard","meta":{"footnotes":""},"categories":[1,5],"tags":[5449,3148,2874,982,3710,169],"class_list":["post-209212","post","type-post","status-publish","format-standard","has-post-thumbnail","hentry","category-noticias","category-politica","tag-camara-municipal","tag-planeamento-urbano","tag-policia-municipal","tag-porto","tag-toxicodependencia","tag-turismo"],"yoast_head":"<!-- This site is optimized with the Yoast SEO plugin v27.2 - https:\/\/yoast.com\/product\/yoast-seo-wordpress\/ -->\n<title>Pedro Duarte pretende fechar sala de consumo assistido na Pasteleira, Porto - Portal Tela Portugal<\/title>\n<meta name=\"robots\" content=\"index, follow, max-snippet:-1, max-image-preview:large, max-video-preview:-1\" \/>\n<meta property=\"og:locale\" content=\"pt_PT\" \/>\n<meta property=\"og:type\" content=\"article\" \/>\n<meta property=\"og:title\" content=\"Pedro Duarte pretende fechar sala de consumo assistido na Pasteleira, Porto - Portal Tela Portugal\" \/>\n<meta property=\"og:description\" content=\"O presidente da C\u00e2mara do Porto, Pedro Duarte, quer retirar a sala de consumo assistido da zona da Pasteleira, junto a duas escolas, para uma nova localiza\u00e7\u00e3o em estudo. A mudan\u00e7a est\u00e1 a ser analisada em parceria com o Minist\u00e9rio da Sa\u00fade e o cons\u00f3rcio que gere a sala, com o objetivo de melhorar a resposta al\u00e9m da atual. Duarte afirma que o equipamento n\u00e3o pode ficar \u201ccolado ao muro\u201d da Funda\u00e7\u00e3o de Serralves nem entre duas escolas, e admite necessidade de avalia\u00e7\u00e3o de especialistas para uma localiza\u00e7\u00e3o mais adequada. O tema ser\u00e1 discutido em breve no Conselho Municipal de Seguran\u00e7a, num contexto de refor\u00e7o de a\u00e7\u00f5es para lidar com a toxicodepend\u00eancia. O autarca tamb\u00e9m destacou medidas de seguran\u00e7a na cidade, como 27 novas fun\u00e7\u00f5es para a Pol\u00edcia Municipal, mais 117 c\u00e2maras de videovigil\u00e2ncia e refor\u00e7o de at\u00e9 80 agentes, visando melhorar a atua\u00e7\u00e3o policial.\" \/>\n<meta property=\"og:url\" content=\"https:\/\/portaltela.pt\/noticias\/2026\/02\/12\/pedro-duarte-pretende-fechar-sala-de-consumo-assistido-na-pasteleira-porto\/\" \/>\n<meta property=\"og:site_name\" content=\"Portal Tela Portugal\" \/>\n<meta property=\"article:published_time\" content=\"2026-02-12T07:37:55+00:00\" \/>\n<meta name=\"author\" content=\"Telinha\" \/>\n<meta name=\"twitter:card\" content=\"summary_large_image\" \/>\n<meta name=\"twitter:label1\" content=\"Escrito por\" \/>\n\t<meta name=\"twitter:data1\" content=\"Telinha\" \/>\n\t<meta name=\"twitter:label2\" content=\"Tempo estimado de leitura\" \/>\n\t<meta name=\"twitter:data2\" content=\"2 minutos\" \/>\n<script type=\"application\/ld+json\" class=\"yoast-schema-graph\">{\"@context\":\"https:\/\/schema.org\",\"@graph\":[{\"@type\":\"Article\",\"@id\":\"https:\/\/portaltela.pt\/noticias\/2026\/02\/12\/pedro-duarte-pretende-fechar-sala-de-consumo-assistido-na-pasteleira-porto\/#article\",\"isPartOf\":{\"@id\":\"https:\/\/portaltela.pt\/noticias\/2026\/02\/12\/pedro-duarte-pretende-fechar-sala-de-consumo-assistido-na-pasteleira-porto\/\"},\"author\":{\"name\":\"Telinha\",\"@id\":\"https:\/\/portaltela.pt\/#\/schema\/person\/c4278d4a6028830caff9ee44b42d32ed\"},\"headline\":\"Pedro Duarte pretende fechar sala de consumo assistido na Pasteleira, Porto\",\"datePublished\":\"2026-02-12T07:37:55+00:00\",\"mainEntityOfPage\":{\"@id\":\"https:\/\/portaltela.pt\/noticias\/2026\/02\/12\/pedro-duarte-pretende-fechar-sala-de-consumo-assistido-na-pasteleira-porto\/\"},\"wordCount\":477,\"image\":{\"@id\":\"https:\/\/portaltela.pt\/noticias\/2026\/02\/12\/pedro-duarte-pretende-fechar-sala-de-consumo-assistido-na-pasteleira-porto\/#primaryimage\"},\"thumbnailUrl\":\"https:\/\/portaltela.pt\/s.01k8rhncp4jt1\/2026\/02\/img_1500x1000uu2026-02-12-07-37-15-2266426.jpg\",\"keywords\":[\"C\u00e2mara Municipal\",\"planeamento urbano\",\"pol\u00edcia municipal\",\"Porto\",\"toxicodepend\u00eancia\",\"turismo\"],\"articleSection\":[\"Not\u00edcias\",\"Pol\u00edtica\"],\"inLanguage\":\"pt-PT\"},{\"@type\":\"WebPage\",\"@id\":\"https:\/\/portaltela.pt\/noticias\/2026\/02\/12\/pedro-duarte-pretende-fechar-sala-de-consumo-assistido-na-pasteleira-porto\/\",\"url\":\"https:\/\/portaltela.pt\/noticias\/2026\/02\/12\/pedro-duarte-pretende-fechar-sala-de-consumo-assistido-na-pasteleira-porto\/\",\"name\":\"Pedro Duarte pretende fechar sala de consumo assistido na Pasteleira, Porto - Portal Tela Portugal\",\"isPartOf\":{\"@id\":\"https:\/\/portaltela.pt\/#website\"},\"primaryImageOfPage\":{\"@id\":\"https:\/\/portaltela.pt\/noticias\/2026\/02\/12\/pedro-duarte-pretende-fechar-sala-de-consumo-assistido-na-pasteleira-porto\/#primaryimage\"},\"image\":{\"@id\":\"https:\/\/portaltela.pt\/noticias\/2026\/02\/12\/pedro-duarte-pretende-fechar-sala-de-consumo-assistido-na-pasteleira-porto\/#primaryimage\"},\"thumbnailUrl\":\"https:\/\/portaltela.pt\/s.01k8rhncp4jt1\/2026\/02\/img_1500x1000uu2026-02-12-07-37-15-2266426.jpg\",\"datePublished\":\"2026-02-12T07:37:55+00:00\",\"author\":{\"@id\":\"https:\/\/portaltela.pt\/#\/schema\/person\/c4278d4a6028830caff9ee44b42d32ed\"},\"breadcrumb\":{\"@id\":\"https:\/\/portaltela.pt\/noticias\/2026\/02\/12\/pedro-duarte-pretende-fechar-sala-de-consumo-assistido-na-pasteleira-porto\/#breadcrumb\"},\"inLanguage\":\"pt-PT\",\"potentialAction\":[{\"@type\":\"ReadAction\",\"target\":[\"https:\/\/portaltela.pt\/noticias\/2026\/02\/12\/pedro-duarte-pretende-fechar-sala-de-consumo-assistido-na-pasteleira-porto\/\"]}]},{\"@type\":\"ImageObject\",\"inLanguage\":\"pt-PT\",\"@id\":\"https:\/\/portaltela.pt\/noticias\/2026\/02\/12\/pedro-duarte-pretende-fechar-sala-de-consumo-assistido-na-pasteleira-porto\/#primaryimage\",\"url\":\"https:\/\/portaltela.pt\/s.01k8rhncp4jt1\/2026\/02\/img_1500x1000uu2026-02-12-07-37-15-2266426.jpg\",\"contentUrl\":\"https:\/\/portaltela.pt\/s.01k8rhncp4jt1\/2026\/02\/img_1500x1000uu2026-02-12-07-37-15-2266426.jpg\",\"width\":796,\"height\":448,\"caption\":\"Pedro Duarte\"},{\"@type\":\"BreadcrumbList\",\"@id\":\"https:\/\/portaltela.pt\/noticias\/2026\/02\/12\/pedro-duarte-pretende-fechar-sala-de-consumo-assistido-na-pasteleira-porto\/#breadcrumb\",\"itemListElement\":[{\"@type\":\"ListItem\",\"position\":1,\"name\":\"In\u00edcio\",\"item\":\"https:\/\/portaltela.pt\/\"},{\"@type\":\"ListItem\",\"position\":2,\"name\":\"Pedro Duarte pretende fechar sala de consumo assistido na Pasteleira, Porto\"}]},{\"@type\":\"WebSite\",\"@id\":\"https:\/\/portaltela.pt\/#website\",\"url\":\"https:\/\/portaltela.pt\/\",\"name\":\"Portal Tela Portugal\",\"description\":\"\",\"potentialAction\":[{\"@type\":\"SearchAction\",\"target\":{\"@type\":\"EntryPoint\",\"urlTemplate\":\"https:\/\/portaltela.pt\/?s={search_term_string}\"},\"query-input\":{\"@type\":\"PropertyValueSpecification\",\"valueRequired\":true,\"valueName\":\"search_term_string\"}}],\"inLanguage\":\"pt-PT\"},{\"@type\":\"Person\",\"@id\":\"https:\/\/portaltela.pt\/#\/schema\/person\/c4278d4a6028830caff9ee44b42d32ed\",\"name\":\"Telinha\",\"image\":{\"@type\":\"ImageObject\",\"inLanguage\":\"pt-PT\",\"@id\":\"https:\/\/portaltela.pt\/s.01k8rhncp4jt1\/2025\/11\/talking-bot-125x125.png\",\"url\":\"https:\/\/portaltela.pt\/s.01k8rhncp4jt1\/2025\/11\/talking-bot-125x125.png\",\"contentUrl\":\"https:\/\/portaltela.pt\/s.01k8rhncp4jt1\/2025\/11\/talking-bot-125x125.png\",\"caption\":\"Telinha\"},\"sameAs\":[\"https:\/\/portaltela.pt\/\"],\"url\":\"https:\/\/portaltela.pt\/por\/367410592786\/\"}]}<\/script>\n<!-- \/ Yoast SEO plugin. -->","yoast_head_json":{"title":"Pedro Duarte pretende fechar sala de consumo assistido na Pasteleira, Porto - Portal Tela Portugal","robots":{"index":"index","follow":"follow","max-snippet":"max-snippet:-1","max-image-preview":"max-image-preview:large","max-video-preview":"max-video-preview:-1"},"og_locale":"pt_PT","og_type":"article","og_title":"Pedro Duarte pretende fechar sala de consumo assistido na Pasteleira, Porto - Portal Tela Portugal","og_description":"O presidente da C\u00e2mara do Porto, Pedro Duarte, quer retirar a sala de consumo assistido da zona da Pasteleira, junto a duas escolas, para uma nova localiza\u00e7\u00e3o em estudo. A mudan\u00e7a est\u00e1 a ser analisada em parceria com o Minist\u00e9rio da Sa\u00fade e o cons\u00f3rcio que gere a sala, com o objetivo de melhorar a resposta al\u00e9m da atual. Duarte afirma que o equipamento n\u00e3o pode ficar \u201ccolado ao muro\u201d da Funda\u00e7\u00e3o de Serralves nem entre duas escolas, e admite necessidade de avalia\u00e7\u00e3o de especialistas para uma localiza\u00e7\u00e3o mais adequada. O tema ser\u00e1 discutido em breve no Conselho Municipal de Seguran\u00e7a, num contexto de refor\u00e7o de a\u00e7\u00f5es para lidar com a toxicodepend\u00eancia. O autarca tamb\u00e9m destacou medidas de seguran\u00e7a na cidade, como 27 novas fun\u00e7\u00f5es para a Pol\u00edcia Municipal, mais 117 c\u00e2maras de videovigil\u00e2ncia e refor\u00e7o de at\u00e9 80 agentes, visando melhorar a atua\u00e7\u00e3o policial.","og_url":"https:\/\/portaltela.pt\/noticias\/2026\/02\/12\/pedro-duarte-pretende-fechar-sala-de-consumo-assistido-na-pasteleira-porto\/","og_site_name":"Portal Tela Portugal","article_published_time":"2026-02-12T07:37:55+00:00","author":"Telinha","twitter_card":"summary_large_image","twitter_misc":{"Escrito por":"Telinha","Tempo estimado de leitura":"2 minutos"},"schema":{"@context":"https:\/\/schema.org","@graph":[{"@type":"Article","@id":"https:\/\/portaltela.pt\/noticias\/2026\/02\/12\/pedro-duarte-pretende-fechar-sala-de-consumo-assistido-na-pasteleira-porto\/#article","isPartOf":{"@id":"https:\/\/portaltela.pt\/noticias\/2026\/02\/12\/pedro-duarte-pretende-fechar-sala-de-consumo-assistido-na-pasteleira-porto\/"},"author":{"name":"Telinha","@id":"https:\/\/portaltela.pt\/#\/schema\/person\/c4278d4a6028830caff9ee44b42d32ed"},"headline":"Pedro Duarte pretende fechar sala de consumo assistido na Pasteleira, Porto","datePublished":"2026-02-12T07:37:55+00:00","mainEntityOfPage":{"@id":"https:\/\/portaltela.pt\/noticias\/2026\/02\/12\/pedro-duarte-pretende-fechar-sala-de-consumo-assistido-na-pasteleira-porto\/"},"wordCount":477,"image":{"@id":"https:\/\/portaltela.pt\/noticias\/2026\/02\/12\/pedro-duarte-pretende-fechar-sala-de-consumo-assistido-na-pasteleira-porto\/#primaryimage"},"thumbnailUrl":"https:\/\/portaltela.pt\/s.01k8rhncp4jt1\/2026\/02\/img_1500x1000uu2026-02-12-07-37-15-2266426.jpg","keywords":["C\u00e2mara Municipal","planeamento urbano","pol\u00edcia municipal","Porto","toxicodepend\u00eancia","turismo"],"articleSection":["Not\u00edcias","Pol\u00edtica"],"inLanguage":"pt-PT"},{"@type":"WebPage","@id":"https:\/\/portaltela.pt\/noticias\/2026\/02\/12\/pedro-duarte-pretende-fechar-sala-de-consumo-assistido-na-pasteleira-porto\/","url":"https:\/\/portaltela.pt\/noticias\/2026\/02\/12\/pedro-duarte-pretende-fechar-sala-de-consumo-assistido-na-pasteleira-porto\/","name":"Pedro Duarte pretende fechar sala de consumo assistido na Pasteleira, Porto - Portal Tela Portugal","isPartOf":{"@id":"https:\/\/portaltela.pt\/#website"},"primaryImageOfPage":{"@id":"https:\/\/portaltela.pt\/noticias\/2026\/02\/12\/pedro-duarte-pretende-fechar-sala-de-consumo-assistido-na-pasteleira-porto\/#primaryimage"},"image":{"@id":"https:\/\/portaltela.pt\/noticias\/2026\/02\/12\/pedro-duarte-pretende-fechar-sala-de-consumo-assistido-na-pasteleira-porto\/#primaryimage"},"thumbnailUrl":"https:\/\/portaltela.pt\/s.01k8rhncp4jt1\/2026\/02\/img_1500x1000uu2026-02-12-07-37-15-2266426.jpg","datePublished":"2026-02-12T07:37:55+00:00","author":{"@id":"https:\/\/portaltela.pt\/#\/schema\/person\/c4278d4a6028830caff9ee44b42d32ed"},"breadcrumb":{"@id":"https:\/\/portaltela.pt\/noticias\/2026\/02\/12\/pedro-duarte-pretende-fechar-sala-de-consumo-assistido-na-pasteleira-porto\/#breadcrumb"},"inLanguage":"pt-PT","potentialAction":[{"@type":"ReadAction","target":["https:\/\/portaltela.pt\/noticias\/2026\/02\/12\/pedro-duarte-pretende-fechar-sala-de-consumo-assistido-na-pasteleira-porto\/"]}]},{"@type":"ImageObject","inLanguage":"pt-PT","@id":"https:\/\/portaltela.pt\/noticias\/2026\/02\/12\/pedro-duarte-pretende-fechar-sala-de-consumo-assistido-na-pasteleira-porto\/#primaryimage","url":"https:\/\/portaltela.pt\/s.01k8rhncp4jt1\/2026\/02\/img_1500x1000uu2026-02-12-07-37-15-2266426.jpg","contentUrl":"https:\/\/portaltela.pt\/s.01k8rhncp4jt1\/2026\/02\/img_1500x1000uu2026-02-12-07-37-15-2266426.jpg","width":796,"height":448,"caption":"Pedro Duarte"},{"@type":"BreadcrumbList","@id":"https:\/\/portaltela.pt\/noticias\/2026\/02\/12\/pedro-duarte-pretende-fechar-sala-de-consumo-assistido-na-pasteleira-porto\/#breadcrumb","itemListElement":[{"@type":"ListItem","position":1,"name":"In\u00edcio","item":"https:\/\/portaltela.pt\/"},{"@type":"ListItem","position":2,"name":"Pedro Duarte pretende fechar sala de consumo assistido na Pasteleira, Porto"}]},{"@type":"WebSite","@id":"https:\/\/portaltela.pt\/#website","url":"https:\/\/portaltela.pt\/","name":"Portal Tela Portugal","description":"","potentialAction":[{"@type":"SearchAction","target":{"@type":"EntryPoint","urlTemplate":"https:\/\/portaltela.pt\/?s={search_term_string}"},"query-input":{"@type":"PropertyValueSpecification","valueRequired":true,"valueName":"search_term_string"}}],"inLanguage":"pt-PT"},{"@type":"Person","@id":"https:\/\/portaltela.pt\/#\/schema\/person\/c4278d4a6028830caff9ee44b42d32ed","name":"Telinha","image":{"@type":"ImageObject","inLanguage":"pt-PT","@id":"https:\/\/portaltela.pt\/s.01k8rhncp4jt1\/2025\/11\/talking-bot-125x125.png","url":"https:\/\/portaltela.pt\/s.01k8rhncp4jt1\/2025\/11\/talking-bot-125x125.png","contentUrl":"https:\/\/portaltela.pt\/s.01k8rhncp4jt1\/2025\/11\/talking-bot-125x125.png","caption":"Telinha"},"sameAs":["https:\/\/portaltela.pt\/"],"url":"https:\/\/portaltela.pt\/por\/367410592786\/"}]}},"_links":{"self":[{"href":"https:\/\/portaltela.pt\/api\/wp\/v2\/posts\/209212","targetHints":{"allow":["GET"]}}],"collection":[{"href":"https:\/\/portaltela.pt\/api\/wp\/v2\/posts"}],"about":[{"href":"https:\/\/portaltela.pt\/api\/wp\/v2\/types\/post"}],"author":[{"embeddable":true,"href":"https:\/\/portaltela.pt\/api\/wp\/v2\/users\/2"}],"replies":[{"embeddable":true,"href":"https:\/\/portaltela.pt\/api\/wp\/v2\/comments?post=209212"}],"version-history":[{"count":0,"href":"https:\/\/portaltela.pt\/api\/wp\/v2\/posts\/209212\/revisions"}],"wp:featuredmedia":[{"embeddable":true,"href":"https:\/\/portaltela.pt\/api\/wp\/v2\/media\/209214"}],"wp:attachment":[{"href":"https:\/\/portaltela.pt\/api\/wp\/v2\/media?parent=209212"}],"wp:term":[{"taxonomy":"category","embeddable":true,"href":"https:\/\/portaltela.pt\/api\/wp\/v2\/categories?post=209212"},{"taxonomy":"post_tag","embeddable":true,"href":"https:\/\/portaltela.pt\/api\/wp\/v2\/tags?post=209212"}],"curies":[{"name":"wp","href":"https:\/\/api.w.org\/{rel}","templated":true}]}}