{"id":209201,"date":"2026-02-12T04:36:00","date_gmt":"2026-02-12T07:36:00","guid":{"rendered":"https:\/\/portaltela.pt\/noticias\/2026\/02\/12\/carnavais-resistem-ao-mau-tempo-e-percorrem-o-pais-de-norte-a-sul\/"},"modified":"2026-02-12T04:36:00","modified_gmt":"2026-02-12T07:36:00","slug":"carnavais-resistem-ao-mau-tempo-e-percorrem-o-pais-de-norte-a-sul","status":"publish","type":"post","link":"https:\/\/portaltela.pt\/noticias\/2026\/02\/12\/carnavais-resistem-ao-mau-tempo-e-percorrem-o-pais-de-norte-a-sul\/","title":{"rendered":"Carnavais resistem ao mau tempo e percorrem o pa\u00eds de norte a sul"},"content":{"rendered":"<p>Ovar investiu este ano cerca de 1,358 milh\u00f5es de euros em eventos de Carnaval e conta com 2300 figurantes, segundo dados locais. Estarreja, Sines, Loul\u00e9 e Loures aparecem entre as zonas que mant\u00eam corsos na rua. O montante global ultrapassa os tr\u00eas milh\u00f5es de euros, com mais participantes em palco.<\/p>\n<p>As festividades ganham for\u00e7a numa altura em que o pa\u00eds enfrenta chuva intenso e tempestades. V\u00e1rias regi\u00f5es registaram preju\u00edzos, o que torna a presen\u00e7a de p\u00fablico nos cortejos uma inc\u00f3gnita para o pr\u00f3ximo domingo e segunda-feira.<\/p>\n<p>A planifica\u00e7\u00e3o nacional aponta que muitos organizadores aumentaram or\u00e7amentos para atrair p\u00fablico e dinamizar a economia local. Em Ovar, o investimento de 1,358 milh\u00f5es permite refor\u00e7ar figurantes e infraestruturas associadas aos desfiles.<\/p>\n<h3>Investimento e participa\u00e7\u00e3o<\/h3>\n<p>O conjunto de munic\u00edpios com carnavais de rua destaca o contributo de bairros e comunidades. Estarreja, Sines, Loul\u00e9 e Loures refletem estrat\u00e9gias semelhantes de mobiliza\u00e7\u00e3o social e cultural, mantendo viva a tradi\u00e7\u00e3o apesar das condi\u00e7\u00f5es meteorol\u00f3gicas adversas.<\/p>\n","protected":false},"excerpt":{"rendered":"<ul>\n<li>Ovar investiu este ano 1,358 milh\u00f5es de euros e conta com 2300 figurantes.<\/li>\n<li>Estarreja, Sines, Loul\u00e9 e Loures s\u00e3o algumas das localidades que mant\u00eam corsos de Carnaval.<\/li>\n<li>O investimento total ultrapassa os tr\u00eas milh\u00f5es de euros e h\u00e1 mais figurantes envolvidos.<\/li>\n<li>Mesmo com chuva, alguns carnavais planeiam levar os cortejos para as ruas no pr\u00f3ximo domingo e segunda-feira.<\/li>\n<li>A aflu\u00eancia \u00e9 incerta, com organiza\u00e7\u00f5es a aumentar or\u00e7amentos para atrair p\u00fablico e dinamizar a economia.<\/li>\n<\/ul>\n","protected":false},"author":2,"featured_media":209204,"comment_status":"closed","ping_status":"closed","sticky":false,"template":"","format":"standard","meta":{"footnotes":""},"categories":[12,1],"tags":[3576,4919,2302,1680,3210,1892],"class_list":["post-209201","post","type-post","status-publish","format-standard","has-post-thumbnail","hentry","category-entretenimento","category-noticias","tag-estarreja","tag-festas","tag-loule","tag-loures","tag-ovar","tag-sines"],"yoast_head":"<!-- This site is optimized with the Yoast SEO plugin v27.2 - https:\/\/yoast.com\/product\/yoast-seo-wordpress\/ -->\n<title>Carnavais resistem ao mau tempo e percorrem o pa\u00eds de norte a sul - Portal Tela Portugal<\/title>\n<meta name=\"robots\" content=\"index, follow, max-snippet:-1, max-image-preview:large, max-video-preview:-1\" \/>\n<meta property=\"og:locale\" content=\"pt_PT\" \/>\n<meta property=\"og:type\" content=\"article\" \/>\n<meta property=\"og:title\" content=\"Carnavais resistem ao mau tempo e percorrem o pa\u00eds de norte a sul - Portal Tela Portugal\" \/>\n<meta property=\"og:description\" content=\"Ovar investiu este ano 1,358 milh\u00f5es de euros e conta com 2300 figurantes. Estarreja, Sines, Loul\u00e9 e Loures s\u00e3o algumas das localidades que mant\u00eam corsos de Carnaval. O investimento total ultrapassa os tr\u00eas milh\u00f5es de euros e h\u00e1 mais figurantes envolvidos. Mesmo com chuva, alguns carnavais planeiam levar os cortejos para as ruas no pr\u00f3ximo domingo e segunda-feira. A aflu\u00eancia \u00e9 incerta, com organiza\u00e7\u00f5es a aumentar or\u00e7amentos para atrair p\u00fablico e dinamizar a economia.\" \/>\n<meta property=\"og:url\" content=\"https:\/\/portaltela.pt\/noticias\/2026\/02\/12\/carnavais-resistem-ao-mau-tempo-e-percorrem-o-pais-de-norte-a-sul\/\" \/>\n<meta property=\"og:site_name\" content=\"Portal Tela Portugal\" \/>\n<meta property=\"article:published_time\" content=\"2026-02-12T07:36:00+00:00\" \/>\n<meta name=\"author\" content=\"Telinha\" \/>\n<meta name=\"twitter:card\" content=\"summary_large_image\" \/>\n<meta name=\"twitter:label1\" content=\"Escrito por\" \/>\n\t<meta name=\"twitter:data1\" content=\"Telinha\" \/>\n\t<meta name=\"twitter:label2\" content=\"Tempo estimado de leitura\" \/>\n\t<meta name=\"twitter:data2\" content=\"1 minuto\" \/>\n<script type=\"application\/ld+json\" class=\"yoast-schema-graph\">{\"@context\":\"https:\/\/schema.org\",\"@graph\":[{\"@type\":\"Article\",\"@id\":\"https:\/\/portaltela.pt\/noticias\/2026\/02\/12\/carnavais-resistem-ao-mau-tempo-e-percorrem-o-pais-de-norte-a-sul\/#article\",\"isPartOf\":{\"@id\":\"https:\/\/portaltela.pt\/noticias\/2026\/02\/12\/carnavais-resistem-ao-mau-tempo-e-percorrem-o-pais-de-norte-a-sul\/\"},\"author\":{\"name\":\"Telinha\",\"@id\":\"https:\/\/portaltela.pt\/#\/schema\/person\/c4278d4a6028830caff9ee44b42d32ed\"},\"headline\":\"Carnavais resistem ao mau tempo e percorrem o pa\u00eds de norte a sul\",\"datePublished\":\"2026-02-12T07:36:00+00:00\",\"mainEntityOfPage\":{\"@id\":\"https:\/\/portaltela.pt\/noticias\/2026\/02\/12\/carnavais-resistem-ao-mau-tempo-e-percorrem-o-pais-de-norte-a-sul\/\"},\"wordCount\":194,\"image\":{\"@id\":\"https:\/\/portaltela.pt\/noticias\/2026\/02\/12\/carnavais-resistem-ao-mau-tempo-e-percorrem-o-pais-de-norte-a-sul\/#primaryimage\"},\"thumbnailUrl\":\"https:\/\/portaltela.pt\/s.01k8rhncp4jt1\/2026\/02\/image-43.webp\",\"keywords\":[\"Estarreja\",\"festas\",\"Loul\u00e9\",\"Loures\",\"Ovar\",\"Sines\"],\"articleSection\":[\"Entretenimento\",\"Not\u00edcias\"],\"inLanguage\":\"pt-PT\"},{\"@type\":\"WebPage\",\"@id\":\"https:\/\/portaltela.pt\/noticias\/2026\/02\/12\/carnavais-resistem-ao-mau-tempo-e-percorrem-o-pais-de-norte-a-sul\/\",\"url\":\"https:\/\/portaltela.pt\/noticias\/2026\/02\/12\/carnavais-resistem-ao-mau-tempo-e-percorrem-o-pais-de-norte-a-sul\/\",\"name\":\"Carnavais resistem ao mau tempo e percorrem o pa\u00eds de norte a sul - Portal Tela Portugal\",\"isPartOf\":{\"@id\":\"https:\/\/portaltela.pt\/#website\"},\"primaryImageOfPage\":{\"@id\":\"https:\/\/portaltela.pt\/noticias\/2026\/02\/12\/carnavais-resistem-ao-mau-tempo-e-percorrem-o-pais-de-norte-a-sul\/#primaryimage\"},\"image\":{\"@id\":\"https:\/\/portaltela.pt\/noticias\/2026\/02\/12\/carnavais-resistem-ao-mau-tempo-e-percorrem-o-pais-de-norte-a-sul\/#primaryimage\"},\"thumbnailUrl\":\"https:\/\/portaltela.pt\/s.01k8rhncp4jt1\/2026\/02\/image-43.webp\",\"datePublished\":\"2026-02-12T07:36:00+00:00\",\"author\":{\"@id\":\"https:\/\/portaltela.pt\/#\/schema\/person\/c4278d4a6028830caff9ee44b42d32ed\"},\"breadcrumb\":{\"@id\":\"https:\/\/portaltela.pt\/noticias\/2026\/02\/12\/carnavais-resistem-ao-mau-tempo-e-percorrem-o-pais-de-norte-a-sul\/#breadcrumb\"},\"inLanguage\":\"pt-PT\",\"potentialAction\":[{\"@type\":\"ReadAction\",\"target\":[\"https:\/\/portaltela.pt\/noticias\/2026\/02\/12\/carnavais-resistem-ao-mau-tempo-e-percorrem-o-pais-de-norte-a-sul\/\"]}]},{\"@type\":\"ImageObject\",\"inLanguage\":\"pt-PT\",\"@id\":\"https:\/\/portaltela.pt\/noticias\/2026\/02\/12\/carnavais-resistem-ao-mau-tempo-e-percorrem-o-pais-de-norte-a-sul\/#primaryimage\",\"url\":\"https:\/\/portaltela.pt\/s.01k8rhncp4jt1\/2026\/02\/image-43.webp\",\"contentUrl\":\"https:\/\/portaltela.pt\/s.01k8rhncp4jt1\/2026\/02\/image-43.webp\",\"width\":1200,\"height\":800,\"caption\":\"Ovar investiu este ano cerca de 1,358 milh\u00f5es de euros e conta 2300 figurantes\"},{\"@type\":\"BreadcrumbList\",\"@id\":\"https:\/\/portaltela.pt\/noticias\/2026\/02\/12\/carnavais-resistem-ao-mau-tempo-e-percorrem-o-pais-de-norte-a-sul\/#breadcrumb\",\"itemListElement\":[{\"@type\":\"ListItem\",\"position\":1,\"name\":\"In\u00edcio\",\"item\":\"https:\/\/portaltela.pt\/\"},{\"@type\":\"ListItem\",\"position\":2,\"name\":\"Carnavais resistem ao mau tempo e percorrem o pa\u00eds de norte a sul\"}]},{\"@type\":\"WebSite\",\"@id\":\"https:\/\/portaltela.pt\/#website\",\"url\":\"https:\/\/portaltela.pt\/\",\"name\":\"Portal Tela Portugal\",\"description\":\"\",\"potentialAction\":[{\"@type\":\"SearchAction\",\"target\":{\"@type\":\"EntryPoint\",\"urlTemplate\":\"https:\/\/portaltela.pt\/?s={search_term_string}\"},\"query-input\":{\"@type\":\"PropertyValueSpecification\",\"valueRequired\":true,\"valueName\":\"search_term_string\"}}],\"inLanguage\":\"pt-PT\"},{\"@type\":\"Person\",\"@id\":\"https:\/\/portaltela.pt\/#\/schema\/person\/c4278d4a6028830caff9ee44b42d32ed\",\"name\":\"Telinha\",\"image\":{\"@type\":\"ImageObject\",\"inLanguage\":\"pt-PT\",\"@id\":\"https:\/\/portaltela.pt\/s.01k8rhncp4jt1\/2025\/11\/talking-bot-125x125.png\",\"url\":\"https:\/\/portaltela.pt\/s.01k8rhncp4jt1\/2025\/11\/talking-bot-125x125.png\",\"contentUrl\":\"https:\/\/portaltela.pt\/s.01k8rhncp4jt1\/2025\/11\/talking-bot-125x125.png\",\"caption\":\"Telinha\"},\"sameAs\":[\"https:\/\/portaltela.pt\/\"],\"url\":\"https:\/\/portaltela.pt\/por\/367410592786\/\"}]}<\/script>\n<!-- \/ Yoast SEO plugin. -->","yoast_head_json":{"title":"Carnavais resistem ao mau tempo e percorrem o pa\u00eds de norte a sul - Portal Tela Portugal","robots":{"index":"index","follow":"follow","max-snippet":"max-snippet:-1","max-image-preview":"max-image-preview:large","max-video-preview":"max-video-preview:-1"},"og_locale":"pt_PT","og_type":"article","og_title":"Carnavais resistem ao mau tempo e percorrem o pa\u00eds de norte a sul - Portal Tela Portugal","og_description":"Ovar investiu este ano 1,358 milh\u00f5es de euros e conta com 2300 figurantes. Estarreja, Sines, Loul\u00e9 e Loures s\u00e3o algumas das localidades que mant\u00eam corsos de Carnaval. O investimento total ultrapassa os tr\u00eas milh\u00f5es de euros e h\u00e1 mais figurantes envolvidos. Mesmo com chuva, alguns carnavais planeiam levar os cortejos para as ruas no pr\u00f3ximo domingo e segunda-feira. A aflu\u00eancia \u00e9 incerta, com organiza\u00e7\u00f5es a aumentar or\u00e7amentos para atrair p\u00fablico e dinamizar a economia.","og_url":"https:\/\/portaltela.pt\/noticias\/2026\/02\/12\/carnavais-resistem-ao-mau-tempo-e-percorrem-o-pais-de-norte-a-sul\/","og_site_name":"Portal Tela Portugal","article_published_time":"2026-02-12T07:36:00+00:00","author":"Telinha","twitter_card":"summary_large_image","twitter_misc":{"Escrito por":"Telinha","Tempo estimado de leitura":"1 minuto"},"schema":{"@context":"https:\/\/schema.org","@graph":[{"@type":"Article","@id":"https:\/\/portaltela.pt\/noticias\/2026\/02\/12\/carnavais-resistem-ao-mau-tempo-e-percorrem-o-pais-de-norte-a-sul\/#article","isPartOf":{"@id":"https:\/\/portaltela.pt\/noticias\/2026\/02\/12\/carnavais-resistem-ao-mau-tempo-e-percorrem-o-pais-de-norte-a-sul\/"},"author":{"name":"Telinha","@id":"https:\/\/portaltela.pt\/#\/schema\/person\/c4278d4a6028830caff9ee44b42d32ed"},"headline":"Carnavais resistem ao mau tempo e percorrem o pa\u00eds de norte a sul","datePublished":"2026-02-12T07:36:00+00:00","mainEntityOfPage":{"@id":"https:\/\/portaltela.pt\/noticias\/2026\/02\/12\/carnavais-resistem-ao-mau-tempo-e-percorrem-o-pais-de-norte-a-sul\/"},"wordCount":194,"image":{"@id":"https:\/\/portaltela.pt\/noticias\/2026\/02\/12\/carnavais-resistem-ao-mau-tempo-e-percorrem-o-pais-de-norte-a-sul\/#primaryimage"},"thumbnailUrl":"https:\/\/portaltela.pt\/s.01k8rhncp4jt1\/2026\/02\/image-43.webp","keywords":["Estarreja","festas","Loul\u00e9","Loures","Ovar","Sines"],"articleSection":["Entretenimento","Not\u00edcias"],"inLanguage":"pt-PT"},{"@type":"WebPage","@id":"https:\/\/portaltela.pt\/noticias\/2026\/02\/12\/carnavais-resistem-ao-mau-tempo-e-percorrem-o-pais-de-norte-a-sul\/","url":"https:\/\/portaltela.pt\/noticias\/2026\/02\/12\/carnavais-resistem-ao-mau-tempo-e-percorrem-o-pais-de-norte-a-sul\/","name":"Carnavais resistem ao mau tempo e percorrem o pa\u00eds de norte a sul - Portal Tela Portugal","isPartOf":{"@id":"https:\/\/portaltela.pt\/#website"},"primaryImageOfPage":{"@id":"https:\/\/portaltela.pt\/noticias\/2026\/02\/12\/carnavais-resistem-ao-mau-tempo-e-percorrem-o-pais-de-norte-a-sul\/#primaryimage"},"image":{"@id":"https:\/\/portaltela.pt\/noticias\/2026\/02\/12\/carnavais-resistem-ao-mau-tempo-e-percorrem-o-pais-de-norte-a-sul\/#primaryimage"},"thumbnailUrl":"https:\/\/portaltela.pt\/s.01k8rhncp4jt1\/2026\/02\/image-43.webp","datePublished":"2026-02-12T07:36:00+00:00","author":{"@id":"https:\/\/portaltela.pt\/#\/schema\/person\/c4278d4a6028830caff9ee44b42d32ed"},"breadcrumb":{"@id":"https:\/\/portaltela.pt\/noticias\/2026\/02\/12\/carnavais-resistem-ao-mau-tempo-e-percorrem-o-pais-de-norte-a-sul\/#breadcrumb"},"inLanguage":"pt-PT","potentialAction":[{"@type":"ReadAction","target":["https:\/\/portaltela.pt\/noticias\/2026\/02\/12\/carnavais-resistem-ao-mau-tempo-e-percorrem-o-pais-de-norte-a-sul\/"]}]},{"@type":"ImageObject","inLanguage":"pt-PT","@id":"https:\/\/portaltela.pt\/noticias\/2026\/02\/12\/carnavais-resistem-ao-mau-tempo-e-percorrem-o-pais-de-norte-a-sul\/#primaryimage","url":"https:\/\/portaltela.pt\/s.01k8rhncp4jt1\/2026\/02\/image-43.webp","contentUrl":"https:\/\/portaltela.pt\/s.01k8rhncp4jt1\/2026\/02\/image-43.webp","width":1200,"height":800,"caption":"Ovar investiu este ano cerca de 1,358 milh\u00f5es de euros e conta 2300 figurantes"},{"@type":"BreadcrumbList","@id":"https:\/\/portaltela.pt\/noticias\/2026\/02\/12\/carnavais-resistem-ao-mau-tempo-e-percorrem-o-pais-de-norte-a-sul\/#breadcrumb","itemListElement":[{"@type":"ListItem","position":1,"name":"In\u00edcio","item":"https:\/\/portaltela.pt\/"},{"@type":"ListItem","position":2,"name":"Carnavais resistem ao mau tempo e percorrem o pa\u00eds de norte a sul"}]},{"@type":"WebSite","@id":"https:\/\/portaltela.pt\/#website","url":"https:\/\/portaltela.pt\/","name":"Portal Tela Portugal","description":"","potentialAction":[{"@type":"SearchAction","target":{"@type":"EntryPoint","urlTemplate":"https:\/\/portaltela.pt\/?s={search_term_string}"},"query-input":{"@type":"PropertyValueSpecification","valueRequired":true,"valueName":"search_term_string"}}],"inLanguage":"pt-PT"},{"@type":"Person","@id":"https:\/\/portaltela.pt\/#\/schema\/person\/c4278d4a6028830caff9ee44b42d32ed","name":"Telinha","image":{"@type":"ImageObject","inLanguage":"pt-PT","@id":"https:\/\/portaltela.pt\/s.01k8rhncp4jt1\/2025\/11\/talking-bot-125x125.png","url":"https:\/\/portaltela.pt\/s.01k8rhncp4jt1\/2025\/11\/talking-bot-125x125.png","contentUrl":"https:\/\/portaltela.pt\/s.01k8rhncp4jt1\/2025\/11\/talking-bot-125x125.png","caption":"Telinha"},"sameAs":["https:\/\/portaltela.pt\/"],"url":"https:\/\/portaltela.pt\/por\/367410592786\/"}]}},"_links":{"self":[{"href":"https:\/\/portaltela.pt\/api\/wp\/v2\/posts\/209201","targetHints":{"allow":["GET"]}}],"collection":[{"href":"https:\/\/portaltela.pt\/api\/wp\/v2\/posts"}],"about":[{"href":"https:\/\/portaltela.pt\/api\/wp\/v2\/types\/post"}],"author":[{"embeddable":true,"href":"https:\/\/portaltela.pt\/api\/wp\/v2\/users\/2"}],"replies":[{"embeddable":true,"href":"https:\/\/portaltela.pt\/api\/wp\/v2\/comments?post=209201"}],"version-history":[{"count":0,"href":"https:\/\/portaltela.pt\/api\/wp\/v2\/posts\/209201\/revisions"}],"wp:featuredmedia":[{"embeddable":true,"href":"https:\/\/portaltela.pt\/api\/wp\/v2\/media\/209204"}],"wp:attachment":[{"href":"https:\/\/portaltela.pt\/api\/wp\/v2\/media?parent=209201"}],"wp:term":[{"taxonomy":"category","embeddable":true,"href":"https:\/\/portaltela.pt\/api\/wp\/v2\/categories?post=209201"},{"taxonomy":"post_tag","embeddable":true,"href":"https:\/\/portaltela.pt\/api\/wp\/v2\/tags?post=209201"}],"curies":[{"name":"wp","href":"https:\/\/api.w.org\/{rel}","templated":true}]}}