{"id":209186,"date":"2026-02-12T04:15:50","date_gmt":"2026-02-12T07:15:50","guid":{"rendered":"https:\/\/portaltela.pt\/noticias\/2026\/02\/12\/parlamento-aprova-diploma-do-psd-para-regular-acesso-de-menores-de-16-as-redes\/"},"modified":"2026-02-12T04:15:50","modified_gmt":"2026-02-12T07:15:50","slug":"parlamento-aprova-diploma-do-psd-para-regular-acesso-de-menores-de-16-as-redes","status":"publish","type":"post","link":"https:\/\/portaltela.pt\/noticias\/politica\/2026\/02\/12\/parlamento-aprova-diploma-do-psd-para-regular-acesso-de-menores-de-16-as-redes\/","title":{"rendered":"Parlamento aprova diploma do PSD para regular acesso de menores de 16 \u00e0s redes"},"content":{"rendered":"<p>Par\u00e1grafo 1<\/p>\n<p>O Parlamento dever\u00e1 discutir nesta quinta-feira na generalidade um diploma do PSD que regula o acesso de menores de 16 anos \u00e0s redes sociais, exigindo consentimento parental para utilizadores entre 13 e 16 anos. A proposta pretende bloquear o acesso livre a plataformas e aumentar as garantias de verifica\u00e7\u00e3o de idade.<\/p>\n<p>Par\u00e1grafo 2<\/p>\n<p>Segundo a proposta, a idade m\u00ednima para acesso aut\u00f3nomo fica fixada em 16 anos; entre 13 e 16 anos apenas com consentimento expresso e verificado pelos pais ou representantes legais. A medida visa regular a presen\u00e7a das crian\u00e7as nas redes sociais.<\/p>\n<p>Par\u00e1grafo 3<\/p>\n<p>O texto \u00e9 apresentado pelo PSD como um processo de participa\u00e7\u00e3o p\u00fablica, com possibilidades de contribui\u00e7\u00f5es da sociedade civil e de outros partidos. O deputado Paulo Marcelo destaca que n\u00e3o se trata de proibir, mas de oferecer ferramentas para um uso mais respons\u00e1vel.<\/p>\n<p>Par\u00e1grafo 4<\/p>\n<p>O diploma exige que plataformas para menores entre 13 e 16 anos apresentem mecanismos para evitar conte\u00fados de viol\u00eancia, sexualiza\u00e7\u00e3o precoce, jogos viciantes e conte\u00fados manipulados. A discuss\u00e3o decorre num contexto de decis\u00f5es regulat\u00f3rias sobre privacidade digital.<\/p>\n<h3>Conte\u00fado do diploma e mecanismos de verifica\u00e7\u00e3o<\/h3>\n<p>Par\u00e1grafo 5<\/p>\n<p>Entre as regras, a cria\u00e7\u00e3o de contas para menores at\u00e9 aos 13 anos fica proibida; entre 13 e 16 anos, o acesso depende de uma identifica\u00e7\u00e3o que utilize a Chave M\u00f3vel Digital ou outra verifica\u00e7\u00e3o equivalente. O objetivo \u00e9 facilitar o controlo parental.<\/p>\n<p>Par\u00e1grafo 6<\/p>\n<p>O PSD aponta que a fiscaliza\u00e7\u00e3o ficar\u00e1 a cargo da Anacom e da CNPD, com articula\u00e7\u00e3o com a ARTE. As entidades podem emitir orienta\u00e7\u00f5es e aplicar coimas de at\u00e9 dois milh\u00f5es de euros ou 2% do volume de neg\u00f3cios anual mundial, conforme o impacto.<\/p>\n<p>Par\u00e1grafo 7<\/p>\n<p>Caso o diploma avance, o alcance abranger\u00e1 redes como Instagram, Facebook e TikTok. Plataformas de mensagens diretas, como o WhatsApp, n\u00e3o ficariam necessariamente sujeitas \u00e0s mesmas regras, conforme a leitura da proposta.<\/p>\n<p>Par\u00e1grafo 8<\/p>\n<p>O PSD j\u00e1 disponibilizou um canal de participa\u00e7\u00e3o p\u00fablica, atrav\u00e9s do correio eletr\u00f3nico criancas.digitais@psd.parlamento.pt, para recolher contributos de cidad\u00e3os, pais, professores e especialistas. O objetivo \u00e9 acelerar a reda\u00e7\u00e3o final da lei.<\/p>\n<p>Par\u00e1grafo 9<\/p>\n<p>Paulo Marcelo destacou que o debate de hoje marca o in\u00edcio de um processo, com ausculta\u00e7\u00e3o de v\u00e1rios agentes. A ideia \u00e9 ter uma lei em vigor em poucas semanas ou meses, sujeita a adapta\u00e7\u00e3o segundo os contributos recebidos.<\/p>\n","protected":false},"excerpt":{"rendered":"<ul>\n<li>O Parlamento vai discutir na generalidade um diploma do PSD que visa regular o acesso de menores entre 13 e 16 anos \u00e0s redes sociais, exigindo consentimento parental expresso verificado.<\/li>\n<li>A proposta define 16 anos como idade m\u00ednima para acesso aut\u00f3nomo, sendo que entre os 13 e os 16 anos o acesso exige consentimento dos pais ou representantes legais. A cria\u00e7\u00e3o de contas para menores at\u00e9 aos 13 fica indispon\u00edvel.<\/li>\n<li>As plataformas deveriam implementar funcionalidades para evitar exposi\u00e7\u00e3o a viol\u00eancia, conte\u00fados sexuais precoces, jogos aditivos, v\u00eddeos e imagens manipuladas, com verifica\u00e7\u00e3o da idade via Chave M\u00f3vel Digital ou mecanismo equivalente.<\/li>\n<li>A fiscaliza\u00e7\u00e3o caberia \u00e0 Autoridade Nacional de Comunica\u00e7\u00f5es (Anacom) e \u00e0 Comiss\u00e3o Nacional de Prote\u00e7\u00e3o de Dados (CNPD), em articula\u00e7\u00e3o com a Ag\u00eancia para a Reforma Tecnol\u00f3gica do Estado (ARTE), com coimas at\u00e9 dois milh\u00f5es de euros ou 2% do volume de neg\u00f3cios mundial.<\/li>\n<li>O PSD pretende ouvir a sociedade civil e outros setores no debate de hoje e prev\u00ea a formula\u00e7\u00e3o de contributos; se aprovado, o diploma poder\u00e1 entrar em vigor em semanas ou meses, abrangendo plataformas como Instagram, Facebook e TikTok, mas n\u00e3o o WhatsApp.<\/li>\n<\/ul>\n","protected":false},"author":2,"featured_media":209189,"comment_status":"closed","ping_status":"closed","sticky":false,"template":"","format":"standard","meta":{"footnotes":""},"categories":[1,5],"tags":[3824,5161,4781,3562,2181,88],"class_list":["post-209186","post","type-post","status-publish","format-standard","has-post-thumbnail","hentry","category-noticias","category-politica","tag-chave-movel-digital","tag-cnpd","tag-identidade-digital-verificavel","tag-privacidade","tag-protecao-de-menores","tag-redes-sociais"],"yoast_head":"<!-- This site is optimized with the Yoast SEO plugin v27.2 - https:\/\/yoast.com\/product\/yoast-seo-wordpress\/ -->\n<title>Parlamento aprova diploma do PSD para regular acesso de menores de 16 \u00e0s redes - Portal Tela Portugal<\/title>\n<meta name=\"robots\" content=\"index, follow, max-snippet:-1, max-image-preview:large, max-video-preview:-1\" \/>\n<meta property=\"og:locale\" content=\"pt_PT\" \/>\n<meta property=\"og:type\" content=\"article\" \/>\n<meta property=\"og:title\" content=\"Parlamento aprova diploma do PSD para regular acesso de menores de 16 \u00e0s redes - Portal Tela Portugal\" \/>\n<meta property=\"og:description\" content=\"O Parlamento vai discutir na generalidade um diploma do PSD que visa regular o acesso de menores entre 13 e 16 anos \u00e0s redes sociais, exigindo consentimento parental expresso verificado. A proposta define 16 anos como idade m\u00ednima para acesso aut\u00f3nomo, sendo que entre os 13 e os 16 anos o acesso exige consentimento dos pais ou representantes legais. A cria\u00e7\u00e3o de contas para menores at\u00e9 aos 13 fica indispon\u00edvel. As plataformas deveriam implementar funcionalidades para evitar exposi\u00e7\u00e3o a viol\u00eancia, conte\u00fados sexuais precoces, jogos aditivos, v\u00eddeos e imagens manipuladas, com verifica\u00e7\u00e3o da idade via Chave M\u00f3vel Digital ou mecanismo equivalente. A fiscaliza\u00e7\u00e3o caberia \u00e0 Autoridade Nacional de Comunica\u00e7\u00f5es (Anacom) e \u00e0 Comiss\u00e3o Nacional de Prote\u00e7\u00e3o de Dados (CNPD), em articula\u00e7\u00e3o com a Ag\u00eancia para a Reforma Tecnol\u00f3gica do Estado (ARTE), com coimas at\u00e9 dois milh\u00f5es de euros ou 2% do volume de neg\u00f3cios mundial. O PSD pretende ouvir a sociedade civil e outros setores no debate de hoje e prev\u00ea a formula\u00e7\u00e3o de contributos; se aprovado, o diploma poder\u00e1 entrar em vigor em semanas ou meses, abrangendo plataformas como Instagram, Facebook e TikTok, mas n\u00e3o o WhatsApp.\" \/>\n<meta property=\"og:url\" content=\"https:\/\/portaltela.pt\/noticias\/2026\/02\/12\/parlamento-aprova-diploma-do-psd-para-regular-acesso-de-menores-de-16-as-redes\/\" \/>\n<meta property=\"og:site_name\" content=\"Portal Tela Portugal\" \/>\n<meta property=\"article:published_time\" content=\"2026-02-12T07:15:50+00:00\" \/>\n<meta name=\"author\" content=\"Telinha\" \/>\n<meta name=\"twitter:card\" content=\"summary_large_image\" \/>\n<meta name=\"twitter:label1\" content=\"Escrito por\" \/>\n\t<meta name=\"twitter:data1\" content=\"Telinha\" \/>\n\t<meta name=\"twitter:label2\" content=\"Tempo estimado de leitura\" \/>\n\t<meta name=\"twitter:data2\" content=\"2 minutos\" \/>\n<script type=\"application\/ld+json\" class=\"yoast-schema-graph\">{\"@context\":\"https:\/\/schema.org\",\"@graph\":[{\"@type\":\"Article\",\"@id\":\"https:\/\/portaltela.pt\/noticias\/2026\/02\/12\/parlamento-aprova-diploma-do-psd-para-regular-acesso-de-menores-de-16-as-redes\/#article\",\"isPartOf\":{\"@id\":\"https:\/\/portaltela.pt\/noticias\/2026\/02\/12\/parlamento-aprova-diploma-do-psd-para-regular-acesso-de-menores-de-16-as-redes\/\"},\"author\":{\"name\":\"Telinha\",\"@id\":\"https:\/\/portaltela.pt\/#\/schema\/person\/c4278d4a6028830caff9ee44b42d32ed\"},\"headline\":\"Parlamento aprova diploma do PSD para regular acesso de menores de 16 \u00e0s redes\",\"datePublished\":\"2026-02-12T07:15:50+00:00\",\"mainEntityOfPage\":{\"@id\":\"https:\/\/portaltela.pt\/noticias\/2026\/02\/12\/parlamento-aprova-diploma-do-psd-para-regular-acesso-de-menores-de-16-as-redes\/\"},\"wordCount\":427,\"image\":{\"@id\":\"https:\/\/portaltela.pt\/noticias\/2026\/02\/12\/parlamento-aprova-diploma-do-psd-para-regular-acesso-de-menores-de-16-as-redes\/#primaryimage\"},\"thumbnailUrl\":\"https:\/\/portaltela.pt\/s.01k8rhncp4jt1\/2026\/02\/img_1500x1000uu2026-02-02-17-18-02-2264262-1.jpg\",\"keywords\":[\"Chave M\u00f3vel Digital\",\"CNPD\",\"identidade digital verific\u00e1vel\",\"privacidade\",\"prote\u00e7\u00e3o de menores\",\"redes sociais\"],\"articleSection\":[\"Not\u00edcias\",\"Pol\u00edtica\"],\"inLanguage\":\"pt-PT\"},{\"@type\":\"WebPage\",\"@id\":\"https:\/\/portaltela.pt\/noticias\/2026\/02\/12\/parlamento-aprova-diploma-do-psd-para-regular-acesso-de-menores-de-16-as-redes\/\",\"url\":\"https:\/\/portaltela.pt\/noticias\/2026\/02\/12\/parlamento-aprova-diploma-do-psd-para-regular-acesso-de-menores-de-16-as-redes\/\",\"name\":\"Parlamento aprova diploma do PSD para regular acesso de menores de 16 \u00e0s redes - Portal Tela Portugal\",\"isPartOf\":{\"@id\":\"https:\/\/portaltela.pt\/#website\"},\"primaryImageOfPage\":{\"@id\":\"https:\/\/portaltela.pt\/noticias\/2026\/02\/12\/parlamento-aprova-diploma-do-psd-para-regular-acesso-de-menores-de-16-as-redes\/#primaryimage\"},\"image\":{\"@id\":\"https:\/\/portaltela.pt\/noticias\/2026\/02\/12\/parlamento-aprova-diploma-do-psd-para-regular-acesso-de-menores-de-16-as-redes\/#primaryimage\"},\"thumbnailUrl\":\"https:\/\/portaltela.pt\/s.01k8rhncp4jt1\/2026\/02\/img_1500x1000uu2026-02-02-17-18-02-2264262-1.jpg\",\"datePublished\":\"2026-02-12T07:15:50+00:00\",\"author\":{\"@id\":\"https:\/\/portaltela.pt\/#\/schema\/person\/c4278d4a6028830caff9ee44b42d32ed\"},\"breadcrumb\":{\"@id\":\"https:\/\/portaltela.pt\/noticias\/2026\/02\/12\/parlamento-aprova-diploma-do-psd-para-regular-acesso-de-menores-de-16-as-redes\/#breadcrumb\"},\"inLanguage\":\"pt-PT\",\"potentialAction\":[{\"@type\":\"ReadAction\",\"target\":[\"https:\/\/portaltela.pt\/noticias\/2026\/02\/12\/parlamento-aprova-diploma-do-psd-para-regular-acesso-de-menores-de-16-as-redes\/\"]}]},{\"@type\":\"ImageObject\",\"inLanguage\":\"pt-PT\",\"@id\":\"https:\/\/portaltela.pt\/noticias\/2026\/02\/12\/parlamento-aprova-diploma-do-psd-para-regular-acesso-de-menores-de-16-as-redes\/#primaryimage\",\"url\":\"https:\/\/portaltela.pt\/s.01k8rhncp4jt1\/2026\/02\/img_1500x1000uu2026-02-02-17-18-02-2264262-1.jpg\",\"contentUrl\":\"https:\/\/portaltela.pt\/s.01k8rhncp4jt1\/2026\/02\/img_1500x1000uu2026-02-02-17-18-02-2264262-1.jpg\",\"width\":796,\"height\":448,\"caption\":\"PSD prop\u00f5e limitar acesso de menores de 16 anos \u00e0s redes sociais\"},{\"@type\":\"BreadcrumbList\",\"@id\":\"https:\/\/portaltela.pt\/noticias\/2026\/02\/12\/parlamento-aprova-diploma-do-psd-para-regular-acesso-de-menores-de-16-as-redes\/#breadcrumb\",\"itemListElement\":[{\"@type\":\"ListItem\",\"position\":1,\"name\":\"In\u00edcio\",\"item\":\"https:\/\/portaltela.pt\/\"},{\"@type\":\"ListItem\",\"position\":2,\"name\":\"Parlamento aprova diploma do PSD para regular acesso de menores de 16 \u00e0s redes\"}]},{\"@type\":\"WebSite\",\"@id\":\"https:\/\/portaltela.pt\/#website\",\"url\":\"https:\/\/portaltela.pt\/\",\"name\":\"Portal Tela Portugal\",\"description\":\"\",\"potentialAction\":[{\"@type\":\"SearchAction\",\"target\":{\"@type\":\"EntryPoint\",\"urlTemplate\":\"https:\/\/portaltela.pt\/?s={search_term_string}\"},\"query-input\":{\"@type\":\"PropertyValueSpecification\",\"valueRequired\":true,\"valueName\":\"search_term_string\"}}],\"inLanguage\":\"pt-PT\"},{\"@type\":\"Person\",\"@id\":\"https:\/\/portaltela.pt\/#\/schema\/person\/c4278d4a6028830caff9ee44b42d32ed\",\"name\":\"Telinha\",\"image\":{\"@type\":\"ImageObject\",\"inLanguage\":\"pt-PT\",\"@id\":\"https:\/\/portaltela.pt\/s.01k8rhncp4jt1\/2025\/11\/talking-bot-125x125.png\",\"url\":\"https:\/\/portaltela.pt\/s.01k8rhncp4jt1\/2025\/11\/talking-bot-125x125.png\",\"contentUrl\":\"https:\/\/portaltela.pt\/s.01k8rhncp4jt1\/2025\/11\/talking-bot-125x125.png\",\"caption\":\"Telinha\"},\"sameAs\":[\"https:\/\/portaltela.pt\/\"],\"url\":\"https:\/\/portaltela.pt\/por\/367410592786\/\"}]}<\/script>\n<!-- \/ Yoast SEO plugin. -->","yoast_head_json":{"title":"Parlamento aprova diploma do PSD para regular acesso de menores de 16 \u00e0s redes - Portal Tela Portugal","robots":{"index":"index","follow":"follow","max-snippet":"max-snippet:-1","max-image-preview":"max-image-preview:large","max-video-preview":"max-video-preview:-1"},"og_locale":"pt_PT","og_type":"article","og_title":"Parlamento aprova diploma do PSD para regular acesso de menores de 16 \u00e0s redes - Portal Tela Portugal","og_description":"O Parlamento vai discutir na generalidade um diploma do PSD que visa regular o acesso de menores entre 13 e 16 anos \u00e0s redes sociais, exigindo consentimento parental expresso verificado. A proposta define 16 anos como idade m\u00ednima para acesso aut\u00f3nomo, sendo que entre os 13 e os 16 anos o acesso exige consentimento dos pais ou representantes legais. A cria\u00e7\u00e3o de contas para menores at\u00e9 aos 13 fica indispon\u00edvel. As plataformas deveriam implementar funcionalidades para evitar exposi\u00e7\u00e3o a viol\u00eancia, conte\u00fados sexuais precoces, jogos aditivos, v\u00eddeos e imagens manipuladas, com verifica\u00e7\u00e3o da idade via Chave M\u00f3vel Digital ou mecanismo equivalente. A fiscaliza\u00e7\u00e3o caberia \u00e0 Autoridade Nacional de Comunica\u00e7\u00f5es (Anacom) e \u00e0 Comiss\u00e3o Nacional de Prote\u00e7\u00e3o de Dados (CNPD), em articula\u00e7\u00e3o com a Ag\u00eancia para a Reforma Tecnol\u00f3gica do Estado (ARTE), com coimas at\u00e9 dois milh\u00f5es de euros ou 2% do volume de neg\u00f3cios mundial. O PSD pretende ouvir a sociedade civil e outros setores no debate de hoje e prev\u00ea a formula\u00e7\u00e3o de contributos; se aprovado, o diploma poder\u00e1 entrar em vigor em semanas ou meses, abrangendo plataformas como Instagram, Facebook e TikTok, mas n\u00e3o o WhatsApp.","og_url":"https:\/\/portaltela.pt\/noticias\/2026\/02\/12\/parlamento-aprova-diploma-do-psd-para-regular-acesso-de-menores-de-16-as-redes\/","og_site_name":"Portal Tela Portugal","article_published_time":"2026-02-12T07:15:50+00:00","author":"Telinha","twitter_card":"summary_large_image","twitter_misc":{"Escrito por":"Telinha","Tempo estimado de leitura":"2 minutos"},"schema":{"@context":"https:\/\/schema.org","@graph":[{"@type":"Article","@id":"https:\/\/portaltela.pt\/noticias\/2026\/02\/12\/parlamento-aprova-diploma-do-psd-para-regular-acesso-de-menores-de-16-as-redes\/#article","isPartOf":{"@id":"https:\/\/portaltela.pt\/noticias\/2026\/02\/12\/parlamento-aprova-diploma-do-psd-para-regular-acesso-de-menores-de-16-as-redes\/"},"author":{"name":"Telinha","@id":"https:\/\/portaltela.pt\/#\/schema\/person\/c4278d4a6028830caff9ee44b42d32ed"},"headline":"Parlamento aprova diploma do PSD para regular acesso de menores de 16 \u00e0s redes","datePublished":"2026-02-12T07:15:50+00:00","mainEntityOfPage":{"@id":"https:\/\/portaltela.pt\/noticias\/2026\/02\/12\/parlamento-aprova-diploma-do-psd-para-regular-acesso-de-menores-de-16-as-redes\/"},"wordCount":427,"image":{"@id":"https:\/\/portaltela.pt\/noticias\/2026\/02\/12\/parlamento-aprova-diploma-do-psd-para-regular-acesso-de-menores-de-16-as-redes\/#primaryimage"},"thumbnailUrl":"https:\/\/portaltela.pt\/s.01k8rhncp4jt1\/2026\/02\/img_1500x1000uu2026-02-02-17-18-02-2264262-1.jpg","keywords":["Chave M\u00f3vel Digital","CNPD","identidade digital verific\u00e1vel","privacidade","prote\u00e7\u00e3o de menores","redes sociais"],"articleSection":["Not\u00edcias","Pol\u00edtica"],"inLanguage":"pt-PT"},{"@type":"WebPage","@id":"https:\/\/portaltela.pt\/noticias\/2026\/02\/12\/parlamento-aprova-diploma-do-psd-para-regular-acesso-de-menores-de-16-as-redes\/","url":"https:\/\/portaltela.pt\/noticias\/2026\/02\/12\/parlamento-aprova-diploma-do-psd-para-regular-acesso-de-menores-de-16-as-redes\/","name":"Parlamento aprova diploma do PSD para regular acesso de menores de 16 \u00e0s redes - Portal Tela Portugal","isPartOf":{"@id":"https:\/\/portaltela.pt\/#website"},"primaryImageOfPage":{"@id":"https:\/\/portaltela.pt\/noticias\/2026\/02\/12\/parlamento-aprova-diploma-do-psd-para-regular-acesso-de-menores-de-16-as-redes\/#primaryimage"},"image":{"@id":"https:\/\/portaltela.pt\/noticias\/2026\/02\/12\/parlamento-aprova-diploma-do-psd-para-regular-acesso-de-menores-de-16-as-redes\/#primaryimage"},"thumbnailUrl":"https:\/\/portaltela.pt\/s.01k8rhncp4jt1\/2026\/02\/img_1500x1000uu2026-02-02-17-18-02-2264262-1.jpg","datePublished":"2026-02-12T07:15:50+00:00","author":{"@id":"https:\/\/portaltela.pt\/#\/schema\/person\/c4278d4a6028830caff9ee44b42d32ed"},"breadcrumb":{"@id":"https:\/\/portaltela.pt\/noticias\/2026\/02\/12\/parlamento-aprova-diploma-do-psd-para-regular-acesso-de-menores-de-16-as-redes\/#breadcrumb"},"inLanguage":"pt-PT","potentialAction":[{"@type":"ReadAction","target":["https:\/\/portaltela.pt\/noticias\/2026\/02\/12\/parlamento-aprova-diploma-do-psd-para-regular-acesso-de-menores-de-16-as-redes\/"]}]},{"@type":"ImageObject","inLanguage":"pt-PT","@id":"https:\/\/portaltela.pt\/noticias\/2026\/02\/12\/parlamento-aprova-diploma-do-psd-para-regular-acesso-de-menores-de-16-as-redes\/#primaryimage","url":"https:\/\/portaltela.pt\/s.01k8rhncp4jt1\/2026\/02\/img_1500x1000uu2026-02-02-17-18-02-2264262-1.jpg","contentUrl":"https:\/\/portaltela.pt\/s.01k8rhncp4jt1\/2026\/02\/img_1500x1000uu2026-02-02-17-18-02-2264262-1.jpg","width":796,"height":448,"caption":"PSD prop\u00f5e limitar acesso de menores de 16 anos \u00e0s redes sociais"},{"@type":"BreadcrumbList","@id":"https:\/\/portaltela.pt\/noticias\/2026\/02\/12\/parlamento-aprova-diploma-do-psd-para-regular-acesso-de-menores-de-16-as-redes\/#breadcrumb","itemListElement":[{"@type":"ListItem","position":1,"name":"In\u00edcio","item":"https:\/\/portaltela.pt\/"},{"@type":"ListItem","position":2,"name":"Parlamento aprova diploma do PSD para regular acesso de menores de 16 \u00e0s redes"}]},{"@type":"WebSite","@id":"https:\/\/portaltela.pt\/#website","url":"https:\/\/portaltela.pt\/","name":"Portal Tela Portugal","description":"","potentialAction":[{"@type":"SearchAction","target":{"@type":"EntryPoint","urlTemplate":"https:\/\/portaltela.pt\/?s={search_term_string}"},"query-input":{"@type":"PropertyValueSpecification","valueRequired":true,"valueName":"search_term_string"}}],"inLanguage":"pt-PT"},{"@type":"Person","@id":"https:\/\/portaltela.pt\/#\/schema\/person\/c4278d4a6028830caff9ee44b42d32ed","name":"Telinha","image":{"@type":"ImageObject","inLanguage":"pt-PT","@id":"https:\/\/portaltela.pt\/s.01k8rhncp4jt1\/2025\/11\/talking-bot-125x125.png","url":"https:\/\/portaltela.pt\/s.01k8rhncp4jt1\/2025\/11\/talking-bot-125x125.png","contentUrl":"https:\/\/portaltela.pt\/s.01k8rhncp4jt1\/2025\/11\/talking-bot-125x125.png","caption":"Telinha"},"sameAs":["https:\/\/portaltela.pt\/"],"url":"https:\/\/portaltela.pt\/por\/367410592786\/"}]}},"_links":{"self":[{"href":"https:\/\/portaltela.pt\/api\/wp\/v2\/posts\/209186","targetHints":{"allow":["GET"]}}],"collection":[{"href":"https:\/\/portaltela.pt\/api\/wp\/v2\/posts"}],"about":[{"href":"https:\/\/portaltela.pt\/api\/wp\/v2\/types\/post"}],"author":[{"embeddable":true,"href":"https:\/\/portaltela.pt\/api\/wp\/v2\/users\/2"}],"replies":[{"embeddable":true,"href":"https:\/\/portaltela.pt\/api\/wp\/v2\/comments?post=209186"}],"version-history":[{"count":0,"href":"https:\/\/portaltela.pt\/api\/wp\/v2\/posts\/209186\/revisions"}],"wp:featuredmedia":[{"embeddable":true,"href":"https:\/\/portaltela.pt\/api\/wp\/v2\/media\/209189"}],"wp:attachment":[{"href":"https:\/\/portaltela.pt\/api\/wp\/v2\/media?parent=209186"}],"wp:term":[{"taxonomy":"category","embeddable":true,"href":"https:\/\/portaltela.pt\/api\/wp\/v2\/categories?post=209186"},{"taxonomy":"post_tag","embeddable":true,"href":"https:\/\/portaltela.pt\/api\/wp\/v2\/tags?post=209186"}],"curies":[{"name":"wp","href":"https:\/\/api.w.org\/{rel}","templated":true}]}}