{"id":209171,"date":"2026-02-11T22:20:00","date_gmt":"2026-02-12T01:20:00","guid":{"rendered":"https:\/\/portaltela.pt\/noticias\/2026\/02\/11\/moedas-passa-a-ter-maioria-absoluta-com-apoio-de-ex-chega\/"},"modified":"2026-02-11T22:20:00","modified_gmt":"2026-02-12T01:20:00","slug":"moedas-passa-a-ter-maioria-absoluta-com-apoio-de-ex-chega","status":"publish","type":"post","link":"https:\/\/portaltela.pt\/noticias\/2026\/02\/11\/moedas-passa-a-ter-maioria-absoluta-com-apoio-de-ex-chega\/","title":{"rendered":"Moedas passa a ter maioria absoluta com apoio de ex-Chega"},"content":{"rendered":"<p>O presidente da C\u00e2mara de Lisboa, <strong>Carlos Moedas<\/strong> (PSD), anunciou, na manh\u00e3 desta quarta-feira, ter chegado a acordo com a ex-vereadora do Chega, <strong>Ana Sim\u00f5es Marques<\/strong>, para formar uma maioria est\u00e1vel no executivo municipal, atribuindo-lhe pelouros. A vereadora independente passa a integrar o governo local, assegurando uma base de apoio mais s\u00f3lida.<\/p>\n<p><strong>Ana Sim\u00f5es Marques<\/strong> passa a liderar compet\u00eancias na \u00e1rea da sa\u00fade e no combate ao desperd\u00edcio alimentar. Al\u00e9m disso, fica respons\u00e1vel pelo grupo de trabalho ligado \u00e0s candidaturas a projectos europeus. O acordo consolida a presen\u00e7a de elementos externos ao PSD no pelouro executivo lisboeta.<\/p>\n<p>A decis\u00e3o surge numa altura em que o munic\u00edpio procurava reduzir a instabilidade no gabinete e acelerar a implementa\u00e7\u00e3o de pol\u00edticas-chave. Moedas comprometeu-se a manter a dire\u00e7\u00e3o pol\u00edticas da c\u00e2mara alinhadas com os objetivos do munic\u00edpio, sem detalhar mudan\u00e7as adicionais para j\u00e1.<\/p>\n<h3>Consolida\u00e7\u00e3o da maioria e pr\u00f3ximos passos<\/h3>\n<p>A entrada de uma ex-membro do Chega no executivo tipifica a amplia\u00e7\u00e3o da maioria pol\u00edtica existente. As compet\u00eancias atribu\u00eddas visam acelerar iniciativas na \u00e1rea da sa\u00fade municipal e a gest\u00e3o de recursos alimentares. O munic\u00edpio pretende ainda dinamizar candidaturas a fundos europeus para projetos locais.<\/p>\n<p>A gest\u00e3o comunal permanece parametrizada pela lideran\u00e7a de Moedas, com o objetivo de manter a estabilidade administrativa. O tema tem gerado aten\u00e7\u00f5es na esfera p\u00fablica, sobretudo pela mudan\u00e7a de alinhamento pol\u00edtico dentro do executivo.<\/p>\n","protected":false},"excerpt":{"rendered":"<ul>\n<li>O presidente da C\u00e2mara de Lisboa, Carlos Moedas (PSD), anunciou na manh\u00e3 desta quarta-feira ter chegado a acordo com Ana Sim\u00f5es Marques, ex-vereadora do Chega, para formar uma maioria est\u00e1vel no executivo.<\/li>\n<li>Ana Sim\u00f5es Marques passa a ter pelouros, com compet\u00eancias nas \u00e1reas da sa\u00fade e do desperd\u00edcio alimentar.<\/li>\n<li>Paralelamente, recebeu tamb\u00e9m compet\u00eancias no grupo de trabalho respons\u00e1vel pelas candidaturas a projectos europeus.<\/li>\n<li>O acordo visa consolidar a maioria municipal, abrindo caminho para decis\u00f5es mais est\u00e1veis na gest\u00e3o da cidade.<\/li>\n<li>O texto n\u00e3o acrescenta novos detalhes sobre eventuais condi\u00e7\u00f5es ou cr\u00edticas relacionadas com o acordo.<\/li>\n<\/ul>\n","protected":false},"author":2,"featured_media":209175,"comment_status":"closed","ping_status":"closed","sticky":false,"template":"","format":"standard","meta":{"footnotes":""},"categories":[1],"tags":[3948,2142,3971,34,981,2832],"class_list":["post-209171","post","type-post","status-publish","format-standard","has-post-thumbnail","hentry","category-noticias","tag-carlos-moedas","tag-chega","tag-fundo-europeus","tag-governo","tag-lisboa","tag-politica"],"yoast_head":"<!-- This site is optimized with the Yoast SEO plugin v27.2 - https:\/\/yoast.com\/product\/yoast-seo-wordpress\/ -->\n<title>Moedas passa a ter maioria absoluta com apoio de ex-Chega - Portal Tela Portugal<\/title>\n<meta name=\"robots\" content=\"index, follow, max-snippet:-1, max-image-preview:large, max-video-preview:-1\" \/>\n<meta property=\"og:locale\" content=\"pt_PT\" \/>\n<meta property=\"og:type\" content=\"article\" \/>\n<meta property=\"og:title\" content=\"Moedas passa a ter maioria absoluta com apoio de ex-Chega - Portal Tela Portugal\" \/>\n<meta property=\"og:description\" content=\"O presidente da C\u00e2mara de Lisboa, Carlos Moedas (PSD), anunciou na manh\u00e3 desta quarta-feira ter chegado a acordo com Ana Sim\u00f5es Marques, ex-vereadora do Chega, para formar uma maioria est\u00e1vel no executivo. Ana Sim\u00f5es Marques passa a ter pelouros, com compet\u00eancias nas \u00e1reas da sa\u00fade e do desperd\u00edcio alimentar. Paralelamente, recebeu tamb\u00e9m compet\u00eancias no grupo de trabalho respons\u00e1vel pelas candidaturas a projectos europeus. O acordo visa consolidar a maioria municipal, abrindo caminho para decis\u00f5es mais est\u00e1veis na gest\u00e3o da cidade. O texto n\u00e3o acrescenta novos detalhes sobre eventuais condi\u00e7\u00f5es ou cr\u00edticas relacionadas com o acordo.\" \/>\n<meta property=\"og:url\" content=\"https:\/\/portaltela.pt\/noticias\/2026\/02\/11\/moedas-passa-a-ter-maioria-absoluta-com-apoio-de-ex-chega\/\" \/>\n<meta property=\"og:site_name\" content=\"Portal Tela Portugal\" \/>\n<meta property=\"article:published_time\" content=\"2026-02-12T01:20:00+00:00\" \/>\n<meta name=\"author\" content=\"Telinha\" \/>\n<meta name=\"twitter:card\" content=\"summary_large_image\" \/>\n<meta name=\"twitter:label1\" content=\"Escrito por\" \/>\n\t<meta name=\"twitter:data1\" content=\"Telinha\" \/>\n\t<meta name=\"twitter:label2\" content=\"Tempo estimado de leitura\" \/>\n\t<meta name=\"twitter:data2\" content=\"1 minuto\" \/>\n<script type=\"application\/ld+json\" class=\"yoast-schema-graph\">{\"@context\":\"https:\/\/schema.org\",\"@graph\":[{\"@type\":\"Article\",\"@id\":\"https:\/\/portaltela.pt\/noticias\/2026\/02\/11\/moedas-passa-a-ter-maioria-absoluta-com-apoio-de-ex-chega\/#article\",\"isPartOf\":{\"@id\":\"https:\/\/portaltela.pt\/noticias\/2026\/02\/11\/moedas-passa-a-ter-maioria-absoluta-com-apoio-de-ex-chega\/\"},\"author\":{\"name\":\"Telinha\",\"@id\":\"https:\/\/portaltela.pt\/#\/schema\/person\/c4278d4a6028830caff9ee44b42d32ed\"},\"headline\":\"Moedas passa a ter maioria absoluta com apoio de ex-Chega\",\"datePublished\":\"2026-02-12T01:20:00+00:00\",\"mainEntityOfPage\":{\"@id\":\"https:\/\/portaltela.pt\/noticias\/2026\/02\/11\/moedas-passa-a-ter-maioria-absoluta-com-apoio-de-ex-chega\/\"},\"wordCount\":269,\"image\":{\"@id\":\"https:\/\/portaltela.pt\/noticias\/2026\/02\/11\/moedas-passa-a-ter-maioria-absoluta-com-apoio-de-ex-chega\/#primaryimage\"},\"thumbnailUrl\":\"https:\/\/portaltela.pt\/s.01k8rhncp4jt1\/2026\/02\/2066585.jpg\",\"keywords\":[\"Carlos Moedas\",\"CHEGA\",\"Fundo Europeus\",\"governo\",\"Lisboa\",\"pol\u00edtica\"],\"articleSection\":[\"Not\u00edcias\"],\"inLanguage\":\"pt-PT\"},{\"@type\":\"WebPage\",\"@id\":\"https:\/\/portaltela.pt\/noticias\/2026\/02\/11\/moedas-passa-a-ter-maioria-absoluta-com-apoio-de-ex-chega\/\",\"url\":\"https:\/\/portaltela.pt\/noticias\/2026\/02\/11\/moedas-passa-a-ter-maioria-absoluta-com-apoio-de-ex-chega\/\",\"name\":\"Moedas passa a ter maioria absoluta com apoio de ex-Chega - Portal Tela Portugal\",\"isPartOf\":{\"@id\":\"https:\/\/portaltela.pt\/#website\"},\"primaryImageOfPage\":{\"@id\":\"https:\/\/portaltela.pt\/noticias\/2026\/02\/11\/moedas-passa-a-ter-maioria-absoluta-com-apoio-de-ex-chega\/#primaryimage\"},\"image\":{\"@id\":\"https:\/\/portaltela.pt\/noticias\/2026\/02\/11\/moedas-passa-a-ter-maioria-absoluta-com-apoio-de-ex-chega\/#primaryimage\"},\"thumbnailUrl\":\"https:\/\/portaltela.pt\/s.01k8rhncp4jt1\/2026\/02\/2066585.jpg\",\"datePublished\":\"2026-02-12T01:20:00+00:00\",\"author\":{\"@id\":\"https:\/\/portaltela.pt\/#\/schema\/person\/c4278d4a6028830caff9ee44b42d32ed\"},\"breadcrumb\":{\"@id\":\"https:\/\/portaltela.pt\/noticias\/2026\/02\/11\/moedas-passa-a-ter-maioria-absoluta-com-apoio-de-ex-chega\/#breadcrumb\"},\"inLanguage\":\"pt-PT\",\"potentialAction\":[{\"@type\":\"ReadAction\",\"target\":[\"https:\/\/portaltela.pt\/noticias\/2026\/02\/11\/moedas-passa-a-ter-maioria-absoluta-com-apoio-de-ex-chega\/\"]}]},{\"@type\":\"ImageObject\",\"inLanguage\":\"pt-PT\",\"@id\":\"https:\/\/portaltela.pt\/noticias\/2026\/02\/11\/moedas-passa-a-ter-maioria-absoluta-com-apoio-de-ex-chega\/#primaryimage\",\"url\":\"https:\/\/portaltela.pt\/s.01k8rhncp4jt1\/2026\/02\/2066585.jpg\",\"contentUrl\":\"https:\/\/portaltela.pt\/s.01k8rhncp4jt1\/2026\/02\/2066585.jpg\",\"width\":796,\"height\":448,\"caption\":\"Photo\"},{\"@type\":\"BreadcrumbList\",\"@id\":\"https:\/\/portaltela.pt\/noticias\/2026\/02\/11\/moedas-passa-a-ter-maioria-absoluta-com-apoio-de-ex-chega\/#breadcrumb\",\"itemListElement\":[{\"@type\":\"ListItem\",\"position\":1,\"name\":\"In\u00edcio\",\"item\":\"https:\/\/portaltela.pt\/\"},{\"@type\":\"ListItem\",\"position\":2,\"name\":\"Moedas passa a ter maioria absoluta com apoio de ex-Chega\"}]},{\"@type\":\"WebSite\",\"@id\":\"https:\/\/portaltela.pt\/#website\",\"url\":\"https:\/\/portaltela.pt\/\",\"name\":\"Portal Tela Portugal\",\"description\":\"\",\"potentialAction\":[{\"@type\":\"SearchAction\",\"target\":{\"@type\":\"EntryPoint\",\"urlTemplate\":\"https:\/\/portaltela.pt\/?s={search_term_string}\"},\"query-input\":{\"@type\":\"PropertyValueSpecification\",\"valueRequired\":true,\"valueName\":\"search_term_string\"}}],\"inLanguage\":\"pt-PT\"},{\"@type\":\"Person\",\"@id\":\"https:\/\/portaltela.pt\/#\/schema\/person\/c4278d4a6028830caff9ee44b42d32ed\",\"name\":\"Telinha\",\"image\":{\"@type\":\"ImageObject\",\"inLanguage\":\"pt-PT\",\"@id\":\"https:\/\/portaltela.pt\/s.01k8rhncp4jt1\/2025\/11\/talking-bot-125x125.png\",\"url\":\"https:\/\/portaltela.pt\/s.01k8rhncp4jt1\/2025\/11\/talking-bot-125x125.png\",\"contentUrl\":\"https:\/\/portaltela.pt\/s.01k8rhncp4jt1\/2025\/11\/talking-bot-125x125.png\",\"caption\":\"Telinha\"},\"sameAs\":[\"https:\/\/portaltela.pt\/\"],\"url\":\"https:\/\/portaltela.pt\/por\/367410592786\/\"}]}<\/script>\n<!-- \/ Yoast SEO plugin. -->","yoast_head_json":{"title":"Moedas passa a ter maioria absoluta com apoio de ex-Chega - Portal Tela Portugal","robots":{"index":"index","follow":"follow","max-snippet":"max-snippet:-1","max-image-preview":"max-image-preview:large","max-video-preview":"max-video-preview:-1"},"og_locale":"pt_PT","og_type":"article","og_title":"Moedas passa a ter maioria absoluta com apoio de ex-Chega - Portal Tela Portugal","og_description":"O presidente da C\u00e2mara de Lisboa, Carlos Moedas (PSD), anunciou na manh\u00e3 desta quarta-feira ter chegado a acordo com Ana Sim\u00f5es Marques, ex-vereadora do Chega, para formar uma maioria est\u00e1vel no executivo. Ana Sim\u00f5es Marques passa a ter pelouros, com compet\u00eancias nas \u00e1reas da sa\u00fade e do desperd\u00edcio alimentar. Paralelamente, recebeu tamb\u00e9m compet\u00eancias no grupo de trabalho respons\u00e1vel pelas candidaturas a projectos europeus. O acordo visa consolidar a maioria municipal, abrindo caminho para decis\u00f5es mais est\u00e1veis na gest\u00e3o da cidade. O texto n\u00e3o acrescenta novos detalhes sobre eventuais condi\u00e7\u00f5es ou cr\u00edticas relacionadas com o acordo.","og_url":"https:\/\/portaltela.pt\/noticias\/2026\/02\/11\/moedas-passa-a-ter-maioria-absoluta-com-apoio-de-ex-chega\/","og_site_name":"Portal Tela Portugal","article_published_time":"2026-02-12T01:20:00+00:00","author":"Telinha","twitter_card":"summary_large_image","twitter_misc":{"Escrito por":"Telinha","Tempo estimado de leitura":"1 minuto"},"schema":{"@context":"https:\/\/schema.org","@graph":[{"@type":"Article","@id":"https:\/\/portaltela.pt\/noticias\/2026\/02\/11\/moedas-passa-a-ter-maioria-absoluta-com-apoio-de-ex-chega\/#article","isPartOf":{"@id":"https:\/\/portaltela.pt\/noticias\/2026\/02\/11\/moedas-passa-a-ter-maioria-absoluta-com-apoio-de-ex-chega\/"},"author":{"name":"Telinha","@id":"https:\/\/portaltela.pt\/#\/schema\/person\/c4278d4a6028830caff9ee44b42d32ed"},"headline":"Moedas passa a ter maioria absoluta com apoio de ex-Chega","datePublished":"2026-02-12T01:20:00+00:00","mainEntityOfPage":{"@id":"https:\/\/portaltela.pt\/noticias\/2026\/02\/11\/moedas-passa-a-ter-maioria-absoluta-com-apoio-de-ex-chega\/"},"wordCount":269,"image":{"@id":"https:\/\/portaltela.pt\/noticias\/2026\/02\/11\/moedas-passa-a-ter-maioria-absoluta-com-apoio-de-ex-chega\/#primaryimage"},"thumbnailUrl":"https:\/\/portaltela.pt\/s.01k8rhncp4jt1\/2026\/02\/2066585.jpg","keywords":["Carlos Moedas","CHEGA","Fundo Europeus","governo","Lisboa","pol\u00edtica"],"articleSection":["Not\u00edcias"],"inLanguage":"pt-PT"},{"@type":"WebPage","@id":"https:\/\/portaltela.pt\/noticias\/2026\/02\/11\/moedas-passa-a-ter-maioria-absoluta-com-apoio-de-ex-chega\/","url":"https:\/\/portaltela.pt\/noticias\/2026\/02\/11\/moedas-passa-a-ter-maioria-absoluta-com-apoio-de-ex-chega\/","name":"Moedas passa a ter maioria absoluta com apoio de ex-Chega - Portal Tela Portugal","isPartOf":{"@id":"https:\/\/portaltela.pt\/#website"},"primaryImageOfPage":{"@id":"https:\/\/portaltela.pt\/noticias\/2026\/02\/11\/moedas-passa-a-ter-maioria-absoluta-com-apoio-de-ex-chega\/#primaryimage"},"image":{"@id":"https:\/\/portaltela.pt\/noticias\/2026\/02\/11\/moedas-passa-a-ter-maioria-absoluta-com-apoio-de-ex-chega\/#primaryimage"},"thumbnailUrl":"https:\/\/portaltela.pt\/s.01k8rhncp4jt1\/2026\/02\/2066585.jpg","datePublished":"2026-02-12T01:20:00+00:00","author":{"@id":"https:\/\/portaltela.pt\/#\/schema\/person\/c4278d4a6028830caff9ee44b42d32ed"},"breadcrumb":{"@id":"https:\/\/portaltela.pt\/noticias\/2026\/02\/11\/moedas-passa-a-ter-maioria-absoluta-com-apoio-de-ex-chega\/#breadcrumb"},"inLanguage":"pt-PT","potentialAction":[{"@type":"ReadAction","target":["https:\/\/portaltela.pt\/noticias\/2026\/02\/11\/moedas-passa-a-ter-maioria-absoluta-com-apoio-de-ex-chega\/"]}]},{"@type":"ImageObject","inLanguage":"pt-PT","@id":"https:\/\/portaltela.pt\/noticias\/2026\/02\/11\/moedas-passa-a-ter-maioria-absoluta-com-apoio-de-ex-chega\/#primaryimage","url":"https:\/\/portaltela.pt\/s.01k8rhncp4jt1\/2026\/02\/2066585.jpg","contentUrl":"https:\/\/portaltela.pt\/s.01k8rhncp4jt1\/2026\/02\/2066585.jpg","width":796,"height":448,"caption":"Photo"},{"@type":"BreadcrumbList","@id":"https:\/\/portaltela.pt\/noticias\/2026\/02\/11\/moedas-passa-a-ter-maioria-absoluta-com-apoio-de-ex-chega\/#breadcrumb","itemListElement":[{"@type":"ListItem","position":1,"name":"In\u00edcio","item":"https:\/\/portaltela.pt\/"},{"@type":"ListItem","position":2,"name":"Moedas passa a ter maioria absoluta com apoio de ex-Chega"}]},{"@type":"WebSite","@id":"https:\/\/portaltela.pt\/#website","url":"https:\/\/portaltela.pt\/","name":"Portal Tela Portugal","description":"","potentialAction":[{"@type":"SearchAction","target":{"@type":"EntryPoint","urlTemplate":"https:\/\/portaltela.pt\/?s={search_term_string}"},"query-input":{"@type":"PropertyValueSpecification","valueRequired":true,"valueName":"search_term_string"}}],"inLanguage":"pt-PT"},{"@type":"Person","@id":"https:\/\/portaltela.pt\/#\/schema\/person\/c4278d4a6028830caff9ee44b42d32ed","name":"Telinha","image":{"@type":"ImageObject","inLanguage":"pt-PT","@id":"https:\/\/portaltela.pt\/s.01k8rhncp4jt1\/2025\/11\/talking-bot-125x125.png","url":"https:\/\/portaltela.pt\/s.01k8rhncp4jt1\/2025\/11\/talking-bot-125x125.png","contentUrl":"https:\/\/portaltela.pt\/s.01k8rhncp4jt1\/2025\/11\/talking-bot-125x125.png","caption":"Telinha"},"sameAs":["https:\/\/portaltela.pt\/"],"url":"https:\/\/portaltela.pt\/por\/367410592786\/"}]}},"_links":{"self":[{"href":"https:\/\/portaltela.pt\/api\/wp\/v2\/posts\/209171","targetHints":{"allow":["GET"]}}],"collection":[{"href":"https:\/\/portaltela.pt\/api\/wp\/v2\/posts"}],"about":[{"href":"https:\/\/portaltela.pt\/api\/wp\/v2\/types\/post"}],"author":[{"embeddable":true,"href":"https:\/\/portaltela.pt\/api\/wp\/v2\/users\/2"}],"replies":[{"embeddable":true,"href":"https:\/\/portaltela.pt\/api\/wp\/v2\/comments?post=209171"}],"version-history":[{"count":0,"href":"https:\/\/portaltela.pt\/api\/wp\/v2\/posts\/209171\/revisions"}],"wp:featuredmedia":[{"embeddable":true,"href":"https:\/\/portaltela.pt\/api\/wp\/v2\/media\/209175"}],"wp:attachment":[{"href":"https:\/\/portaltela.pt\/api\/wp\/v2\/media?parent=209171"}],"wp:term":[{"taxonomy":"category","embeddable":true,"href":"https:\/\/portaltela.pt\/api\/wp\/v2\/categories?post=209171"},{"taxonomy":"post_tag","embeddable":true,"href":"https:\/\/portaltela.pt\/api\/wp\/v2\/tags?post=209171"}],"curies":[{"name":"wp","href":"https:\/\/api.w.org\/{rel}","templated":true}]}}