{"id":209129,"date":"2026-02-11T22:01:04","date_gmt":"2026-02-12T01:01:04","guid":{"rendered":"https:\/\/portaltela.pt\/noticias\/2026\/02\/11\/guerra-cultural-no-reino-unido-reduz-apoio-as-politicas-climaticas\/"},"modified":"2026-02-11T22:01:04","modified_gmt":"2026-02-12T01:01:04","slug":"guerra-cultural-no-reino-unido-reduz-apoio-as-politicas-climaticas","status":"publish","type":"post","link":"https:\/\/portaltela.pt\/noticias\/politica\/2026\/02\/11\/guerra-cultural-no-reino-unido-reduz-apoio-as-politicas-climaticas\/","title":{"rendered":"Guerra cultural no Reino Unido reduz apoio \u00e0s pol\u00edticas clim\u00e1ticas"},"content":{"rendered":"<p>A guerra cultural em torno da neutralidade carb\u00f3nica voltou a dominar o debate p\u00fablico no Reino Unido, traduzindo-se num recuo do apoio \u00e0s pol\u00edticas clim\u00e1ticas. Um inqu\u00e9rito recente indica que os eleitores do Reform UK s\u00e3o o \u00fanico grupo pol\u00edtico sem maioria favor\u00e1vel a atingir a neutralidade at\u00e9 2050 ou antes.<\/p>\n<p>O estudo, realizado pelo Policy Institute do King\u2019s College London, em parceria com Ipsos e o Centre for Climate Change and Social Transformations, avalia atitudes entre 2021 e 2025. Em 2019 o Reino Unido aprovou leis para alcan\u00e7ar a neutralidade carb\u00f3nica at\u00e9 2050, sob a meta de reduzir emiss\u00f5es de gases com efeito de estufa.<\/p>\n<h3>Contexto de press\u00e3o p\u00fablica<\/h3>\n<p>Em 2021, 54% dos brit\u00e2nicos achavam que o governo devia alcan\u00e7ar a neutralidade antes de 2050; hoje, esse valor cai para 29%. A parcela que considera que n\u00e3o \u00e9 necess\u00e1rio atingir a neutralidade at\u00e9 2050 ou que a meta n\u00e3o deve existir subiu de 9% para 26%.<\/p>\n<p>Entre 2024 e 2025, o apoio a pol\u00edticas clim\u00e1ticas como bairros de baixo tr\u00e1fego, impostos sobre voos, subs\u00eddios a ve\u00edculos el\u00e9tricos e um imposto sobre alimentos com impacto ambiental diminuiu. Em termos de opini\u00e3o, j\u00e1 h\u00e1 setores onde a oposi\u00e7\u00e3o supera o apoio.<\/p>\n<h3>Partidos e grupos de eleitores<\/h3>\n<p>Os eleitores do Reform UK em 2024 destacaram-se como o \u00fanico grupo sem maioria favor\u00e1vel \u00e0 neutralidade at\u00e9 2050. Tamb\u00e9m foram os menos inclinados a apoiar pol\u00edticas clim\u00e1ticas adicionais e mostraram menor preocupa\u00e7\u00e3o com as altera\u00e7\u00f5es clim\u00e1ticas.<\/p>\n<p>Entre eleitores conservadores, 49% preferem um partido que abrandar a a\u00e7\u00e3o clim\u00e1tica, contra 39% em 2021. No caso do Reform UK, 68% manifestam essa prefer\u00eancia. Por outro lado, eleitores dos Greens, Liberal Democrats e Labour mant\u00eam tend\u00eancia de apoio a a\u00e7\u00f5es fortes contra as altera\u00e7\u00f5es clim\u00e1ticas.<\/p>\n<p>Ado\u00e7\u00e3o de pol\u00edticas clim\u00e1ticas por faixa et\u00e1ria revela maior oposi\u00e7\u00e3o entre os mais velhos, com 35% a dizer que a meta n\u00e3o \u00e9 necess\u00e1ria ou n\u00e3o deve existir, um aumento de 24 pontos face a 2021. Ainda assim, 64% do eleitorado entende que a neutralidade carb\u00f3nica deve ocorrer at\u00e9 2050 ou mais cedo.<\/p>\n<h3>Perspetivas sobre o cen\u00e1rio pol\u00edtico<\/h3>\n<p>Especialistas associam a reconfigura\u00e7\u00e3o de prioridades p\u00fablicas, onde infla\u00e7\u00e3o, imigra\u00e7\u00e3o e NHS ganham protagonismo, a desvaloriza\u00e7\u00e3o de pol\u00edticas clim\u00e1ticas de implementa\u00e7\u00e3o mais exigente. Segundo o pesquisador, a guerra cultural intensifica o ceticismo perante medidas dif\u00edceis de aplicar.<\/p>\n<h3>Cobertura medi\u00e1tica e comunica\u00e7\u00e3o p\u00fablica<\/h3>\n<p>Poucos meses antes da promulga\u00e7\u00e3o da legisla\u00e7\u00e3o, um estudo sobre a imprensa brit\u00e2nica revelou falhas em ligar a neutralidade carb\u00f3nica \u00e0s altera\u00e7\u00f5es clim\u00e1ticas. Em 2024, 323 artigos mencionaram o termo net zero sem referir altera\u00e7\u00f5es clim\u00e1ticas; cerca de metade foi publicado pelo The Telegraph. O estudo, com 4 027 inquiridos com 16 ou mais anos, foi realizado em agosto de 2025.<\/p>\n","protected":false},"excerpt":{"rendered":"<ul>\n<li>Um inqu\u00e9rito do Policy Institute do King\u2019s College London, Ipsos e Centre for Climate Change and Social Transformations mostra queda no sentido de urg\u00eancia para atingir a neutralidade carb\u00f3nica no Reino Unido entre 2024 e 2025, e menor apoio a pol\u00edticas clim\u00e1ticas.<\/li>\n<li>Em 2019 o Reino Unido aprovou leis para alcan\u00e7ar neutralidade carb\u00f3nica at\u00e9 2050, com metas associadas de emprego verde e crescimento da economia de baixo carbono.<\/li>\n<li>O apoio p\u00fablico desceu de 54% em 2021 para 29% hoje de quem acredita que o governo deve alcan\u00e7ar a neutralidade carb\u00f3nica antes de 2050; a fatia que acha que n\u00e3o \u00e9 necess\u00e1ria ou que n\u00e3o deveria ter essa meta subiu de 9% para 26%.<\/li>\n<li>Os eleitores do Reform UK continuam a ser o \u00fanico grupo sem maioria a apoiar a neutralidade at\u00e9 2050, registando forte contra\u00e7\u00e3o de apoio a pol\u00edticas clim\u00e1ticas; jovens entre 16 e 34 anos tamb\u00e9m reduziram o apoio \u00e0 meta.<\/li>\n<li>Apesar disso, a maioria continua a defender a neutralidade carb\u00f3nica at\u00e9 2050 ou mais cedo (64%), e h\u00e1 uma clivagem crescente entre prefer\u00eancias pol\u00edticas e preocupa\u00e7\u00f5es com pol\u00edticas clim\u00e1ticas.<\/li>\n<\/ul>\n","protected":false},"author":2,"featured_media":209130,"comment_status":"closed","ping_status":"closed","sticky":false,"template":"","format":"standard","meta":{"footnotes":""},"categories":[1,5],"tags":[2665,3613,4591,1843,2832],"class_list":["post-209129","post","type-post","status-publish","format-standard","has-post-thumbnail","hentry","category-noticias","category-politica","tag-alteracoes-climaticas","tag-impostos","tag-inglaterra","tag-neutralidade-carbonica","tag-politica"],"yoast_head":"<!-- This site is optimized with the Yoast SEO plugin v27.2 - https:\/\/yoast.com\/product\/yoast-seo-wordpress\/ -->\n<title>Guerra cultural no Reino Unido reduz apoio \u00e0s pol\u00edticas clim\u00e1ticas - Portal Tela Portugal<\/title>\n<meta name=\"robots\" content=\"index, follow, max-snippet:-1, max-image-preview:large, max-video-preview:-1\" \/>\n<meta property=\"og:locale\" content=\"pt_PT\" \/>\n<meta property=\"og:type\" content=\"article\" \/>\n<meta property=\"og:title\" content=\"Guerra cultural no Reino Unido reduz apoio \u00e0s pol\u00edticas clim\u00e1ticas - Portal Tela Portugal\" \/>\n<meta property=\"og:description\" content=\"Um inqu\u00e9rito do Policy Institute do King\u2019s College London, Ipsos e Centre for Climate Change and Social Transformations mostra queda no sentido de urg\u00eancia para atingir a neutralidade carb\u00f3nica no Reino Unido entre 2024 e 2025, e menor apoio a pol\u00edticas clim\u00e1ticas. Em 2019 o Reino Unido aprovou leis para alcan\u00e7ar neutralidade carb\u00f3nica at\u00e9 2050, com metas associadas de emprego verde e crescimento da economia de baixo carbono. O apoio p\u00fablico desceu de 54% em 2021 para 29% hoje de quem acredita que o governo deve alcan\u00e7ar a neutralidade carb\u00f3nica antes de 2050; a fatia que acha que n\u00e3o \u00e9 necess\u00e1ria ou que n\u00e3o deveria ter essa meta subiu de 9% para 26%. Os eleitores do Reform UK continuam a ser o \u00fanico grupo sem maioria a apoiar a neutralidade at\u00e9 2050, registando forte contra\u00e7\u00e3o de apoio a pol\u00edticas clim\u00e1ticas; jovens entre 16 e 34 anos tamb\u00e9m reduziram o apoio \u00e0 meta. Apesar disso, a maioria continua a defender a neutralidade carb\u00f3nica at\u00e9 2050 ou mais cedo (64%), e h\u00e1 uma clivagem crescente entre prefer\u00eancias pol\u00edticas e preocupa\u00e7\u00f5es com pol\u00edticas clim\u00e1ticas.\" \/>\n<meta property=\"og:url\" content=\"https:\/\/portaltela.pt\/noticias\/2026\/02\/11\/guerra-cultural-no-reino-unido-reduz-apoio-as-politicas-climaticas\/\" \/>\n<meta property=\"og:site_name\" content=\"Portal Tela Portugal\" \/>\n<meta property=\"article:published_time\" content=\"2026-02-12T01:01:04+00:00\" \/>\n<meta name=\"author\" content=\"Telinha\" \/>\n<meta name=\"twitter:card\" content=\"summary_large_image\" \/>\n<meta name=\"twitter:label1\" content=\"Escrito por\" \/>\n\t<meta name=\"twitter:data1\" content=\"Telinha\" \/>\n\t<meta name=\"twitter:label2\" content=\"Tempo estimado de leitura\" \/>\n\t<meta name=\"twitter:data2\" content=\"2 minutos\" \/>\n<script type=\"application\/ld+json\" class=\"yoast-schema-graph\">{\"@context\":\"https:\/\/schema.org\",\"@graph\":[{\"@type\":\"Article\",\"@id\":\"https:\/\/portaltela.pt\/noticias\/2026\/02\/11\/guerra-cultural-no-reino-unido-reduz-apoio-as-politicas-climaticas\/#article\",\"isPartOf\":{\"@id\":\"https:\/\/portaltela.pt\/noticias\/2026\/02\/11\/guerra-cultural-no-reino-unido-reduz-apoio-as-politicas-climaticas\/\"},\"author\":{\"name\":\"Telinha\",\"@id\":\"https:\/\/portaltela.pt\/#\/schema\/person\/c4278d4a6028830caff9ee44b42d32ed\"},\"headline\":\"Guerra cultural no Reino Unido reduz apoio \u00e0s pol\u00edticas clim\u00e1ticas\",\"datePublished\":\"2026-02-12T01:01:04+00:00\",\"mainEntityOfPage\":{\"@id\":\"https:\/\/portaltela.pt\/noticias\/2026\/02\/11\/guerra-cultural-no-reino-unido-reduz-apoio-as-politicas-climaticas\/\"},\"wordCount\":500,\"image\":{\"@id\":\"https:\/\/portaltela.pt\/noticias\/2026\/02\/11\/guerra-cultural-no-reino-unido-reduz-apoio-as-politicas-climaticas\/#primaryimage\"},\"thumbnailUrl\":\"https:\/\/portaltela.pt\/s.01k8rhncp4jt1\/2026\/02\/1536x864_cmsv2_9cd1383a-0bbf-5ddd-b3d6-a264934501a1-9647049.jpg\",\"keywords\":[\"Altera\u00e7\u00f5es Clim\u00e1ticas\",\"impostos\",\"Inglaterra\",\"neutralidade carb\u00f3nica\",\"pol\u00edtica\"],\"articleSection\":[\"Not\u00edcias\",\"Pol\u00edtica\"],\"inLanguage\":\"pt-PT\"},{\"@type\":\"WebPage\",\"@id\":\"https:\/\/portaltela.pt\/noticias\/2026\/02\/11\/guerra-cultural-no-reino-unido-reduz-apoio-as-politicas-climaticas\/\",\"url\":\"https:\/\/portaltela.pt\/noticias\/2026\/02\/11\/guerra-cultural-no-reino-unido-reduz-apoio-as-politicas-climaticas\/\",\"name\":\"Guerra cultural no Reino Unido reduz apoio \u00e0s pol\u00edticas clim\u00e1ticas - Portal Tela Portugal\",\"isPartOf\":{\"@id\":\"https:\/\/portaltela.pt\/#website\"},\"primaryImageOfPage\":{\"@id\":\"https:\/\/portaltela.pt\/noticias\/2026\/02\/11\/guerra-cultural-no-reino-unido-reduz-apoio-as-politicas-climaticas\/#primaryimage\"},\"image\":{\"@id\":\"https:\/\/portaltela.pt\/noticias\/2026\/02\/11\/guerra-cultural-no-reino-unido-reduz-apoio-as-politicas-climaticas\/#primaryimage\"},\"thumbnailUrl\":\"https:\/\/portaltela.pt\/s.01k8rhncp4jt1\/2026\/02\/1536x864_cmsv2_9cd1383a-0bbf-5ddd-b3d6-a264934501a1-9647049.jpg\",\"datePublished\":\"2026-02-12T01:01:04+00:00\",\"author\":{\"@id\":\"https:\/\/portaltela.pt\/#\/schema\/person\/c4278d4a6028830caff9ee44b42d32ed\"},\"breadcrumb\":{\"@id\":\"https:\/\/portaltela.pt\/noticias\/2026\/02\/11\/guerra-cultural-no-reino-unido-reduz-apoio-as-politicas-climaticas\/#breadcrumb\"},\"inLanguage\":\"pt-PT\",\"potentialAction\":[{\"@type\":\"ReadAction\",\"target\":[\"https:\/\/portaltela.pt\/noticias\/2026\/02\/11\/guerra-cultural-no-reino-unido-reduz-apoio-as-politicas-climaticas\/\"]}]},{\"@type\":\"ImageObject\",\"inLanguage\":\"pt-PT\",\"@id\":\"https:\/\/portaltela.pt\/noticias\/2026\/02\/11\/guerra-cultural-no-reino-unido-reduz-apoio-as-politicas-climaticas\/#primaryimage\",\"url\":\"https:\/\/portaltela.pt\/s.01k8rhncp4jt1\/2026\/02\/1536x864_cmsv2_9cd1383a-0bbf-5ddd-b3d6-a264934501a1-9647049.jpg\",\"contentUrl\":\"https:\/\/portaltela.pt\/s.01k8rhncp4jt1\/2026\/02\/1536x864_cmsv2_9cd1383a-0bbf-5ddd-b3d6-a264934501a1-9647049.jpg\",\"width\":796,\"height\":448,\"caption\":\"Estudantes brit\u00e2nicos participam num protesto pela crise clim\u00e1tica em frente ao Parlamento, em Londres, sexta\u2011feira, 12 de abril de 2019\"},{\"@type\":\"BreadcrumbList\",\"@id\":\"https:\/\/portaltela.pt\/noticias\/2026\/02\/11\/guerra-cultural-no-reino-unido-reduz-apoio-as-politicas-climaticas\/#breadcrumb\",\"itemListElement\":[{\"@type\":\"ListItem\",\"position\":1,\"name\":\"In\u00edcio\",\"item\":\"https:\/\/portaltela.pt\/\"},{\"@type\":\"ListItem\",\"position\":2,\"name\":\"Guerra cultural no Reino Unido reduz apoio \u00e0s pol\u00edticas clim\u00e1ticas\"}]},{\"@type\":\"WebSite\",\"@id\":\"https:\/\/portaltela.pt\/#website\",\"url\":\"https:\/\/portaltela.pt\/\",\"name\":\"Portal Tela Portugal\",\"description\":\"\",\"potentialAction\":[{\"@type\":\"SearchAction\",\"target\":{\"@type\":\"EntryPoint\",\"urlTemplate\":\"https:\/\/portaltela.pt\/?s={search_term_string}\"},\"query-input\":{\"@type\":\"PropertyValueSpecification\",\"valueRequired\":true,\"valueName\":\"search_term_string\"}}],\"inLanguage\":\"pt-PT\"},{\"@type\":\"Person\",\"@id\":\"https:\/\/portaltela.pt\/#\/schema\/person\/c4278d4a6028830caff9ee44b42d32ed\",\"name\":\"Telinha\",\"image\":{\"@type\":\"ImageObject\",\"inLanguage\":\"pt-PT\",\"@id\":\"https:\/\/portaltela.pt\/s.01k8rhncp4jt1\/2025\/11\/talking-bot-125x125.png\",\"url\":\"https:\/\/portaltela.pt\/s.01k8rhncp4jt1\/2025\/11\/talking-bot-125x125.png\",\"contentUrl\":\"https:\/\/portaltela.pt\/s.01k8rhncp4jt1\/2025\/11\/talking-bot-125x125.png\",\"caption\":\"Telinha\"},\"sameAs\":[\"https:\/\/portaltela.pt\/\"],\"url\":\"https:\/\/portaltela.pt\/por\/367410592786\/\"}]}<\/script>\n<!-- \/ Yoast SEO plugin. -->","yoast_head_json":{"title":"Guerra cultural no Reino Unido reduz apoio \u00e0s pol\u00edticas clim\u00e1ticas - Portal Tela Portugal","robots":{"index":"index","follow":"follow","max-snippet":"max-snippet:-1","max-image-preview":"max-image-preview:large","max-video-preview":"max-video-preview:-1"},"og_locale":"pt_PT","og_type":"article","og_title":"Guerra cultural no Reino Unido reduz apoio \u00e0s pol\u00edticas clim\u00e1ticas - Portal Tela Portugal","og_description":"Um inqu\u00e9rito do Policy Institute do King\u2019s College London, Ipsos e Centre for Climate Change and Social Transformations mostra queda no sentido de urg\u00eancia para atingir a neutralidade carb\u00f3nica no Reino Unido entre 2024 e 2025, e menor apoio a pol\u00edticas clim\u00e1ticas. Em 2019 o Reino Unido aprovou leis para alcan\u00e7ar neutralidade carb\u00f3nica at\u00e9 2050, com metas associadas de emprego verde e crescimento da economia de baixo carbono. O apoio p\u00fablico desceu de 54% em 2021 para 29% hoje de quem acredita que o governo deve alcan\u00e7ar a neutralidade carb\u00f3nica antes de 2050; a fatia que acha que n\u00e3o \u00e9 necess\u00e1ria ou que n\u00e3o deveria ter essa meta subiu de 9% para 26%. Os eleitores do Reform UK continuam a ser o \u00fanico grupo sem maioria a apoiar a neutralidade at\u00e9 2050, registando forte contra\u00e7\u00e3o de apoio a pol\u00edticas clim\u00e1ticas; jovens entre 16 e 34 anos tamb\u00e9m reduziram o apoio \u00e0 meta. Apesar disso, a maioria continua a defender a neutralidade carb\u00f3nica at\u00e9 2050 ou mais cedo (64%), e h\u00e1 uma clivagem crescente entre prefer\u00eancias pol\u00edticas e preocupa\u00e7\u00f5es com pol\u00edticas clim\u00e1ticas.","og_url":"https:\/\/portaltela.pt\/noticias\/2026\/02\/11\/guerra-cultural-no-reino-unido-reduz-apoio-as-politicas-climaticas\/","og_site_name":"Portal Tela Portugal","article_published_time":"2026-02-12T01:01:04+00:00","author":"Telinha","twitter_card":"summary_large_image","twitter_misc":{"Escrito por":"Telinha","Tempo estimado de leitura":"2 minutos"},"schema":{"@context":"https:\/\/schema.org","@graph":[{"@type":"Article","@id":"https:\/\/portaltela.pt\/noticias\/2026\/02\/11\/guerra-cultural-no-reino-unido-reduz-apoio-as-politicas-climaticas\/#article","isPartOf":{"@id":"https:\/\/portaltela.pt\/noticias\/2026\/02\/11\/guerra-cultural-no-reino-unido-reduz-apoio-as-politicas-climaticas\/"},"author":{"name":"Telinha","@id":"https:\/\/portaltela.pt\/#\/schema\/person\/c4278d4a6028830caff9ee44b42d32ed"},"headline":"Guerra cultural no Reino Unido reduz apoio \u00e0s pol\u00edticas clim\u00e1ticas","datePublished":"2026-02-12T01:01:04+00:00","mainEntityOfPage":{"@id":"https:\/\/portaltela.pt\/noticias\/2026\/02\/11\/guerra-cultural-no-reino-unido-reduz-apoio-as-politicas-climaticas\/"},"wordCount":500,"image":{"@id":"https:\/\/portaltela.pt\/noticias\/2026\/02\/11\/guerra-cultural-no-reino-unido-reduz-apoio-as-politicas-climaticas\/#primaryimage"},"thumbnailUrl":"https:\/\/portaltela.pt\/s.01k8rhncp4jt1\/2026\/02\/1536x864_cmsv2_9cd1383a-0bbf-5ddd-b3d6-a264934501a1-9647049.jpg","keywords":["Altera\u00e7\u00f5es Clim\u00e1ticas","impostos","Inglaterra","neutralidade carb\u00f3nica","pol\u00edtica"],"articleSection":["Not\u00edcias","Pol\u00edtica"],"inLanguage":"pt-PT"},{"@type":"WebPage","@id":"https:\/\/portaltela.pt\/noticias\/2026\/02\/11\/guerra-cultural-no-reino-unido-reduz-apoio-as-politicas-climaticas\/","url":"https:\/\/portaltela.pt\/noticias\/2026\/02\/11\/guerra-cultural-no-reino-unido-reduz-apoio-as-politicas-climaticas\/","name":"Guerra cultural no Reino Unido reduz apoio \u00e0s pol\u00edticas clim\u00e1ticas - Portal Tela Portugal","isPartOf":{"@id":"https:\/\/portaltela.pt\/#website"},"primaryImageOfPage":{"@id":"https:\/\/portaltela.pt\/noticias\/2026\/02\/11\/guerra-cultural-no-reino-unido-reduz-apoio-as-politicas-climaticas\/#primaryimage"},"image":{"@id":"https:\/\/portaltela.pt\/noticias\/2026\/02\/11\/guerra-cultural-no-reino-unido-reduz-apoio-as-politicas-climaticas\/#primaryimage"},"thumbnailUrl":"https:\/\/portaltela.pt\/s.01k8rhncp4jt1\/2026\/02\/1536x864_cmsv2_9cd1383a-0bbf-5ddd-b3d6-a264934501a1-9647049.jpg","datePublished":"2026-02-12T01:01:04+00:00","author":{"@id":"https:\/\/portaltela.pt\/#\/schema\/person\/c4278d4a6028830caff9ee44b42d32ed"},"breadcrumb":{"@id":"https:\/\/portaltela.pt\/noticias\/2026\/02\/11\/guerra-cultural-no-reino-unido-reduz-apoio-as-politicas-climaticas\/#breadcrumb"},"inLanguage":"pt-PT","potentialAction":[{"@type":"ReadAction","target":["https:\/\/portaltela.pt\/noticias\/2026\/02\/11\/guerra-cultural-no-reino-unido-reduz-apoio-as-politicas-climaticas\/"]}]},{"@type":"ImageObject","inLanguage":"pt-PT","@id":"https:\/\/portaltela.pt\/noticias\/2026\/02\/11\/guerra-cultural-no-reino-unido-reduz-apoio-as-politicas-climaticas\/#primaryimage","url":"https:\/\/portaltela.pt\/s.01k8rhncp4jt1\/2026\/02\/1536x864_cmsv2_9cd1383a-0bbf-5ddd-b3d6-a264934501a1-9647049.jpg","contentUrl":"https:\/\/portaltela.pt\/s.01k8rhncp4jt1\/2026\/02\/1536x864_cmsv2_9cd1383a-0bbf-5ddd-b3d6-a264934501a1-9647049.jpg","width":796,"height":448,"caption":"Estudantes brit\u00e2nicos participam num protesto pela crise clim\u00e1tica em frente ao Parlamento, em Londres, sexta\u2011feira, 12 de abril de 2019"},{"@type":"BreadcrumbList","@id":"https:\/\/portaltela.pt\/noticias\/2026\/02\/11\/guerra-cultural-no-reino-unido-reduz-apoio-as-politicas-climaticas\/#breadcrumb","itemListElement":[{"@type":"ListItem","position":1,"name":"In\u00edcio","item":"https:\/\/portaltela.pt\/"},{"@type":"ListItem","position":2,"name":"Guerra cultural no Reino Unido reduz apoio \u00e0s pol\u00edticas clim\u00e1ticas"}]},{"@type":"WebSite","@id":"https:\/\/portaltela.pt\/#website","url":"https:\/\/portaltela.pt\/","name":"Portal Tela Portugal","description":"","potentialAction":[{"@type":"SearchAction","target":{"@type":"EntryPoint","urlTemplate":"https:\/\/portaltela.pt\/?s={search_term_string}"},"query-input":{"@type":"PropertyValueSpecification","valueRequired":true,"valueName":"search_term_string"}}],"inLanguage":"pt-PT"},{"@type":"Person","@id":"https:\/\/portaltela.pt\/#\/schema\/person\/c4278d4a6028830caff9ee44b42d32ed","name":"Telinha","image":{"@type":"ImageObject","inLanguage":"pt-PT","@id":"https:\/\/portaltela.pt\/s.01k8rhncp4jt1\/2025\/11\/talking-bot-125x125.png","url":"https:\/\/portaltela.pt\/s.01k8rhncp4jt1\/2025\/11\/talking-bot-125x125.png","contentUrl":"https:\/\/portaltela.pt\/s.01k8rhncp4jt1\/2025\/11\/talking-bot-125x125.png","caption":"Telinha"},"sameAs":["https:\/\/portaltela.pt\/"],"url":"https:\/\/portaltela.pt\/por\/367410592786\/"}]}},"_links":{"self":[{"href":"https:\/\/portaltela.pt\/api\/wp\/v2\/posts\/209129","targetHints":{"allow":["GET"]}}],"collection":[{"href":"https:\/\/portaltela.pt\/api\/wp\/v2\/posts"}],"about":[{"href":"https:\/\/portaltela.pt\/api\/wp\/v2\/types\/post"}],"author":[{"embeddable":true,"href":"https:\/\/portaltela.pt\/api\/wp\/v2\/users\/2"}],"replies":[{"embeddable":true,"href":"https:\/\/portaltela.pt\/api\/wp\/v2\/comments?post=209129"}],"version-history":[{"count":0,"href":"https:\/\/portaltela.pt\/api\/wp\/v2\/posts\/209129\/revisions"}],"wp:featuredmedia":[{"embeddable":true,"href":"https:\/\/portaltela.pt\/api\/wp\/v2\/media\/209130"}],"wp:attachment":[{"href":"https:\/\/portaltela.pt\/api\/wp\/v2\/media?parent=209129"}],"wp:term":[{"taxonomy":"category","embeddable":true,"href":"https:\/\/portaltela.pt\/api\/wp\/v2\/categories?post=209129"},{"taxonomy":"post_tag","embeddable":true,"href":"https:\/\/portaltela.pt\/api\/wp\/v2\/tags?post=209129"}],"curies":[{"name":"wp","href":"https:\/\/api.w.org\/{rel}","templated":true}]}}