{"id":209089,"date":"2026-02-11T22:30:00","date_gmt":"2026-02-12T01:30:00","guid":{"rendered":"https:\/\/portaltela.pt\/noticias\/2026\/02\/11\/luciana-abreu-realiza-espetaculo-na-marginal-que-liga-figueira-da-foz-e-buarcos\/"},"modified":"2026-02-11T22:30:00","modified_gmt":"2026-02-12T01:30:00","slug":"luciana-abreu-realiza-espetaculo-na-marginal-que-liga-figueira-da-foz-e-buarcos","status":"publish","type":"post","link":"https:\/\/portaltela.pt\/noticias\/2026\/02\/11\/luciana-abreu-realiza-espetaculo-na-marginal-que-liga-figueira-da-foz-e-buarcos\/","title":{"rendered":"Luciana Abreu realiza espet\u00e1culo na marginal que liga Figueira da Foz e Buarcos"},"content":{"rendered":"<p>Na marginal Av. Brasil, que liga Figueira da Foz a Buarcos, realiza-se o Carnaval da cidade, com desfiles de 750 pessoas das escolas de samba e grupos de coletividades do concelho. Luciana Abreu \u00e9 destacada como rainha da festa. O evento est\u00e1 prevista para acontecer ao longo do fim de semana.<\/p>\n<p>Apesar das condi\u00e7\u00f5es meteorol\u00f3gicas desfavor\u00e1veis parautir celebra\u00e7\u00f5es ao ar livre, os organizadores mant\u00eam expectativas de sucesso. Este ano traz novidades que v\u00e3o al\u00e9m do desfile tradicional.<\/p>\n<p>A abertura do desfile vai incluir dois grupos motards, e segue-se um baile popular ap\u00f3s as atua\u00e7\u00f5es das tr\u00eas escolas de samba do concelho. O desfile noturno de s\u00e1bado abre o programa, com repeti\u00e7\u00f5es no domingo e ter\u00e7a-feira.<\/p>\n<h3>Novidades e organiza\u00e7\u00e3o<\/h3>\n<p>A presidente da Junta de Freguesia de Buarcos, Rosa Batista, explica que o Carnaval ter\u00e1 tr\u00eas sess\u00f5es de desfile e que a anima\u00e7\u00e3o j\u00e1 \u00e9 alvo de planeamento cuidadoso. O or\u00e7amento total \u00e9 de 140 mil euros, sendo 85 mil euros assegurados pela autarquia.<\/p>\n<h3>Participantes e finan\u00e7as<\/h3>\n<p>O certame espera atrair mais de 30 mil pessoas ao longo dos dias de Carnaval. A organiza\u00e7\u00e3o envolve grupos de coletividades locais, al\u00e9m das escolas de samba, com a gest\u00e3o de recursos e log\u00edsticas para o fluxo de p\u00fablico.<\/p>\n","protected":false},"excerpt":{"rendered":"<ul>\n<li>O Carnaval da Figueira da Foz realiza-se na Av. Brasil, marginal entre Figueira da Foz e Buarcos, com desfile de 750 pessoas das escolas de samba e grupos do concelho.<\/li>\n<li>A rainha do evento \u00e9 a atriz e apresentadora Luciana Abreu.<\/li>\n<li>Espera-se mais de 30 mil visitantes, apesar das condi\u00e7\u00f5es meteorol\u00f3gicas que n\u00e3o convidam ao ar livre.<\/li>\n<li>O programa traz novidades, incluindo a participa\u00e7\u00e3o de dois grupos motards e um baile popular ap\u00f3s as atua\u00e7\u00f5es das tr\u00eas escolas de samba.<\/li>\n<li>O desfile ocorre no s\u00e1bado, domingo e ter\u00e7a-feira, com um or\u00e7amento total de 140 mil euros, dos quais 85 mil s\u00e3o garantidos pela autarquia.<\/li>\n<\/ul>\n","protected":false},"author":2,"featured_media":209096,"comment_status":"closed","ping_status":"closed","sticky":false,"template":"","format":"standard","meta":{"footnotes":""},"categories":[12,1],"tags":[5443,1595,101,4919,1417],"class_list":["post-209089","post","type-post","status-publish","format-standard","has-post-thumbnail","hentry","category-entretenimento","category-noticias","tag-a-camara-municipal","tag-coletividades","tag-escolas","tag-festas","tag-figueira-da-foz"],"yoast_head":"<!-- This site is optimized with the Yoast SEO plugin v27.2 - https:\/\/yoast.com\/product\/yoast-seo-wordpress\/ -->\n<title>Luciana Abreu realiza espet\u00e1culo na marginal que liga Figueira da Foz e Buarcos - Portal Tela Portugal<\/title>\n<meta name=\"robots\" content=\"index, follow, max-snippet:-1, max-image-preview:large, max-video-preview:-1\" \/>\n<meta property=\"og:locale\" content=\"pt_PT\" \/>\n<meta property=\"og:type\" content=\"article\" \/>\n<meta property=\"og:title\" content=\"Luciana Abreu realiza espet\u00e1culo na marginal que liga Figueira da Foz e Buarcos - Portal Tela Portugal\" \/>\n<meta property=\"og:description\" content=\"O Carnaval da Figueira da Foz realiza-se na Av. Brasil, marginal entre Figueira da Foz e Buarcos, com desfile de 750 pessoas das escolas de samba e grupos do concelho. A rainha do evento \u00e9 a atriz e apresentadora Luciana Abreu. Espera-se mais de 30 mil visitantes, apesar das condi\u00e7\u00f5es meteorol\u00f3gicas que n\u00e3o convidam ao ar livre. O programa traz novidades, incluindo a participa\u00e7\u00e3o de dois grupos motards e um baile popular ap\u00f3s as atua\u00e7\u00f5es das tr\u00eas escolas de samba. O desfile ocorre no s\u00e1bado, domingo e ter\u00e7a-feira, com um or\u00e7amento total de 140 mil euros, dos quais 85 mil s\u00e3o garantidos pela autarquia.\" \/>\n<meta property=\"og:url\" content=\"https:\/\/portaltela.pt\/noticias\/2026\/02\/11\/luciana-abreu-realiza-espetaculo-na-marginal-que-liga-figueira-da-foz-e-buarcos\/\" \/>\n<meta property=\"og:site_name\" content=\"Portal Tela Portugal\" \/>\n<meta property=\"article:published_time\" content=\"2026-02-12T01:30:00+00:00\" \/>\n<meta name=\"author\" content=\"Telinha\" \/>\n<meta name=\"twitter:card\" content=\"summary_large_image\" \/>\n<meta name=\"twitter:label1\" content=\"Escrito por\" \/>\n\t<meta name=\"twitter:data1\" content=\"Telinha\" \/>\n\t<meta name=\"twitter:label2\" content=\"Tempo estimado de leitura\" \/>\n\t<meta name=\"twitter:data2\" content=\"1 minuto\" \/>\n<script type=\"application\/ld+json\" class=\"yoast-schema-graph\">{\"@context\":\"https:\/\/schema.org\",\"@graph\":[{\"@type\":\"Article\",\"@id\":\"https:\/\/portaltela.pt\/noticias\/2026\/02\/11\/luciana-abreu-realiza-espetaculo-na-marginal-que-liga-figueira-da-foz-e-buarcos\/#article\",\"isPartOf\":{\"@id\":\"https:\/\/portaltela.pt\/noticias\/2026\/02\/11\/luciana-abreu-realiza-espetaculo-na-marginal-que-liga-figueira-da-foz-e-buarcos\/\"},\"author\":{\"name\":\"Telinha\",\"@id\":\"https:\/\/portaltela.pt\/#\/schema\/person\/c4278d4a6028830caff9ee44b42d32ed\"},\"headline\":\"Luciana Abreu realiza espet\u00e1culo na marginal que liga Figueira da Foz e Buarcos\",\"datePublished\":\"2026-02-12T01:30:00+00:00\",\"mainEntityOfPage\":{\"@id\":\"https:\/\/portaltela.pt\/noticias\/2026\/02\/11\/luciana-abreu-realiza-espetaculo-na-marginal-que-liga-figueira-da-foz-e-buarcos\/\"},\"wordCount\":235,\"image\":{\"@id\":\"https:\/\/portaltela.pt\/noticias\/2026\/02\/11\/luciana-abreu-realiza-espetaculo-na-marginal-que-liga-figueira-da-foz-e-buarcos\/#primaryimage\"},\"thumbnailUrl\":\"https:\/\/portaltela.pt\/s.01k8rhncp4jt1\/2026\/02\/img_1280x721uu2026-02-11-21-49-24-2266389.jpg\",\"keywords\":[\"A C\u00e2mara Municipal\",\"coletividades\",\"escolas\",\"festas\",\"Figueira da Foz\"],\"articleSection\":[\"Entretenimento\",\"Not\u00edcias\"],\"inLanguage\":\"pt-PT\"},{\"@type\":\"WebPage\",\"@id\":\"https:\/\/portaltela.pt\/noticias\/2026\/02\/11\/luciana-abreu-realiza-espetaculo-na-marginal-que-liga-figueira-da-foz-e-buarcos\/\",\"url\":\"https:\/\/portaltela.pt\/noticias\/2026\/02\/11\/luciana-abreu-realiza-espetaculo-na-marginal-que-liga-figueira-da-foz-e-buarcos\/\",\"name\":\"Luciana Abreu realiza espet\u00e1culo na marginal que liga Figueira da Foz e Buarcos - Portal Tela Portugal\",\"isPartOf\":{\"@id\":\"https:\/\/portaltela.pt\/#website\"},\"primaryImageOfPage\":{\"@id\":\"https:\/\/portaltela.pt\/noticias\/2026\/02\/11\/luciana-abreu-realiza-espetaculo-na-marginal-que-liga-figueira-da-foz-e-buarcos\/#primaryimage\"},\"image\":{\"@id\":\"https:\/\/portaltela.pt\/noticias\/2026\/02\/11\/luciana-abreu-realiza-espetaculo-na-marginal-que-liga-figueira-da-foz-e-buarcos\/#primaryimage\"},\"thumbnailUrl\":\"https:\/\/portaltela.pt\/s.01k8rhncp4jt1\/2026\/02\/img_1280x721uu2026-02-11-21-49-24-2266389.jpg\",\"datePublished\":\"2026-02-12T01:30:00+00:00\",\"author\":{\"@id\":\"https:\/\/portaltela.pt\/#\/schema\/person\/c4278d4a6028830caff9ee44b42d32ed\"},\"breadcrumb\":{\"@id\":\"https:\/\/portaltela.pt\/noticias\/2026\/02\/11\/luciana-abreu-realiza-espetaculo-na-marginal-que-liga-figueira-da-foz-e-buarcos\/#breadcrumb\"},\"inLanguage\":\"pt-PT\",\"potentialAction\":[{\"@type\":\"ReadAction\",\"target\":[\"https:\/\/portaltela.pt\/noticias\/2026\/02\/11\/luciana-abreu-realiza-espetaculo-na-marginal-que-liga-figueira-da-foz-e-buarcos\/\"]}]},{\"@type\":\"ImageObject\",\"inLanguage\":\"pt-PT\",\"@id\":\"https:\/\/portaltela.pt\/noticias\/2026\/02\/11\/luciana-abreu-realiza-espetaculo-na-marginal-que-liga-figueira-da-foz-e-buarcos\/#primaryimage\",\"url\":\"https:\/\/portaltela.pt\/s.01k8rhncp4jt1\/2026\/02\/img_1280x721uu2026-02-11-21-49-24-2266389.jpg\",\"contentUrl\":\"https:\/\/portaltela.pt\/s.01k8rhncp4jt1\/2026\/02\/img_1280x721uu2026-02-11-21-49-24-2266389.jpg\",\"width\":796,\"height\":448,\"caption\":\"Luciana Abreu anima Carnaval na Figueira da Foz.\"},{\"@type\":\"BreadcrumbList\",\"@id\":\"https:\/\/portaltela.pt\/noticias\/2026\/02\/11\/luciana-abreu-realiza-espetaculo-na-marginal-que-liga-figueira-da-foz-e-buarcos\/#breadcrumb\",\"itemListElement\":[{\"@type\":\"ListItem\",\"position\":1,\"name\":\"In\u00edcio\",\"item\":\"https:\/\/portaltela.pt\/\"},{\"@type\":\"ListItem\",\"position\":2,\"name\":\"Luciana Abreu realiza espet\u00e1culo na marginal que liga Figueira da Foz e Buarcos\"}]},{\"@type\":\"WebSite\",\"@id\":\"https:\/\/portaltela.pt\/#website\",\"url\":\"https:\/\/portaltela.pt\/\",\"name\":\"Portal Tela Portugal\",\"description\":\"\",\"potentialAction\":[{\"@type\":\"SearchAction\",\"target\":{\"@type\":\"EntryPoint\",\"urlTemplate\":\"https:\/\/portaltela.pt\/?s={search_term_string}\"},\"query-input\":{\"@type\":\"PropertyValueSpecification\",\"valueRequired\":true,\"valueName\":\"search_term_string\"}}],\"inLanguage\":\"pt-PT\"},{\"@type\":\"Person\",\"@id\":\"https:\/\/portaltela.pt\/#\/schema\/person\/c4278d4a6028830caff9ee44b42d32ed\",\"name\":\"Telinha\",\"image\":{\"@type\":\"ImageObject\",\"inLanguage\":\"pt-PT\",\"@id\":\"https:\/\/portaltela.pt\/s.01k8rhncp4jt1\/2025\/11\/talking-bot-125x125.png\",\"url\":\"https:\/\/portaltela.pt\/s.01k8rhncp4jt1\/2025\/11\/talking-bot-125x125.png\",\"contentUrl\":\"https:\/\/portaltela.pt\/s.01k8rhncp4jt1\/2025\/11\/talking-bot-125x125.png\",\"caption\":\"Telinha\"},\"sameAs\":[\"https:\/\/portaltela.pt\/\"],\"url\":\"https:\/\/portaltela.pt\/por\/367410592786\/\"}]}<\/script>\n<!-- \/ Yoast SEO plugin. -->","yoast_head_json":{"title":"Luciana Abreu realiza espet\u00e1culo na marginal que liga Figueira da Foz e Buarcos - Portal Tela Portugal","robots":{"index":"index","follow":"follow","max-snippet":"max-snippet:-1","max-image-preview":"max-image-preview:large","max-video-preview":"max-video-preview:-1"},"og_locale":"pt_PT","og_type":"article","og_title":"Luciana Abreu realiza espet\u00e1culo na marginal que liga Figueira da Foz e Buarcos - Portal Tela Portugal","og_description":"O Carnaval da Figueira da Foz realiza-se na Av. Brasil, marginal entre Figueira da Foz e Buarcos, com desfile de 750 pessoas das escolas de samba e grupos do concelho. A rainha do evento \u00e9 a atriz e apresentadora Luciana Abreu. Espera-se mais de 30 mil visitantes, apesar das condi\u00e7\u00f5es meteorol\u00f3gicas que n\u00e3o convidam ao ar livre. O programa traz novidades, incluindo a participa\u00e7\u00e3o de dois grupos motards e um baile popular ap\u00f3s as atua\u00e7\u00f5es das tr\u00eas escolas de samba. O desfile ocorre no s\u00e1bado, domingo e ter\u00e7a-feira, com um or\u00e7amento total de 140 mil euros, dos quais 85 mil s\u00e3o garantidos pela autarquia.","og_url":"https:\/\/portaltela.pt\/noticias\/2026\/02\/11\/luciana-abreu-realiza-espetaculo-na-marginal-que-liga-figueira-da-foz-e-buarcos\/","og_site_name":"Portal Tela Portugal","article_published_time":"2026-02-12T01:30:00+00:00","author":"Telinha","twitter_card":"summary_large_image","twitter_misc":{"Escrito por":"Telinha","Tempo estimado de leitura":"1 minuto"},"schema":{"@context":"https:\/\/schema.org","@graph":[{"@type":"Article","@id":"https:\/\/portaltela.pt\/noticias\/2026\/02\/11\/luciana-abreu-realiza-espetaculo-na-marginal-que-liga-figueira-da-foz-e-buarcos\/#article","isPartOf":{"@id":"https:\/\/portaltela.pt\/noticias\/2026\/02\/11\/luciana-abreu-realiza-espetaculo-na-marginal-que-liga-figueira-da-foz-e-buarcos\/"},"author":{"name":"Telinha","@id":"https:\/\/portaltela.pt\/#\/schema\/person\/c4278d4a6028830caff9ee44b42d32ed"},"headline":"Luciana Abreu realiza espet\u00e1culo na marginal que liga Figueira da Foz e Buarcos","datePublished":"2026-02-12T01:30:00+00:00","mainEntityOfPage":{"@id":"https:\/\/portaltela.pt\/noticias\/2026\/02\/11\/luciana-abreu-realiza-espetaculo-na-marginal-que-liga-figueira-da-foz-e-buarcos\/"},"wordCount":235,"image":{"@id":"https:\/\/portaltela.pt\/noticias\/2026\/02\/11\/luciana-abreu-realiza-espetaculo-na-marginal-que-liga-figueira-da-foz-e-buarcos\/#primaryimage"},"thumbnailUrl":"https:\/\/portaltela.pt\/s.01k8rhncp4jt1\/2026\/02\/img_1280x721uu2026-02-11-21-49-24-2266389.jpg","keywords":["A C\u00e2mara Municipal","coletividades","escolas","festas","Figueira da Foz"],"articleSection":["Entretenimento","Not\u00edcias"],"inLanguage":"pt-PT"},{"@type":"WebPage","@id":"https:\/\/portaltela.pt\/noticias\/2026\/02\/11\/luciana-abreu-realiza-espetaculo-na-marginal-que-liga-figueira-da-foz-e-buarcos\/","url":"https:\/\/portaltela.pt\/noticias\/2026\/02\/11\/luciana-abreu-realiza-espetaculo-na-marginal-que-liga-figueira-da-foz-e-buarcos\/","name":"Luciana Abreu realiza espet\u00e1culo na marginal que liga Figueira da Foz e Buarcos - Portal Tela Portugal","isPartOf":{"@id":"https:\/\/portaltela.pt\/#website"},"primaryImageOfPage":{"@id":"https:\/\/portaltela.pt\/noticias\/2026\/02\/11\/luciana-abreu-realiza-espetaculo-na-marginal-que-liga-figueira-da-foz-e-buarcos\/#primaryimage"},"image":{"@id":"https:\/\/portaltela.pt\/noticias\/2026\/02\/11\/luciana-abreu-realiza-espetaculo-na-marginal-que-liga-figueira-da-foz-e-buarcos\/#primaryimage"},"thumbnailUrl":"https:\/\/portaltela.pt\/s.01k8rhncp4jt1\/2026\/02\/img_1280x721uu2026-02-11-21-49-24-2266389.jpg","datePublished":"2026-02-12T01:30:00+00:00","author":{"@id":"https:\/\/portaltela.pt\/#\/schema\/person\/c4278d4a6028830caff9ee44b42d32ed"},"breadcrumb":{"@id":"https:\/\/portaltela.pt\/noticias\/2026\/02\/11\/luciana-abreu-realiza-espetaculo-na-marginal-que-liga-figueira-da-foz-e-buarcos\/#breadcrumb"},"inLanguage":"pt-PT","potentialAction":[{"@type":"ReadAction","target":["https:\/\/portaltela.pt\/noticias\/2026\/02\/11\/luciana-abreu-realiza-espetaculo-na-marginal-que-liga-figueira-da-foz-e-buarcos\/"]}]},{"@type":"ImageObject","inLanguage":"pt-PT","@id":"https:\/\/portaltela.pt\/noticias\/2026\/02\/11\/luciana-abreu-realiza-espetaculo-na-marginal-que-liga-figueira-da-foz-e-buarcos\/#primaryimage","url":"https:\/\/portaltela.pt\/s.01k8rhncp4jt1\/2026\/02\/img_1280x721uu2026-02-11-21-49-24-2266389.jpg","contentUrl":"https:\/\/portaltela.pt\/s.01k8rhncp4jt1\/2026\/02\/img_1280x721uu2026-02-11-21-49-24-2266389.jpg","width":796,"height":448,"caption":"Luciana Abreu anima Carnaval na Figueira da Foz."},{"@type":"BreadcrumbList","@id":"https:\/\/portaltela.pt\/noticias\/2026\/02\/11\/luciana-abreu-realiza-espetaculo-na-marginal-que-liga-figueira-da-foz-e-buarcos\/#breadcrumb","itemListElement":[{"@type":"ListItem","position":1,"name":"In\u00edcio","item":"https:\/\/portaltela.pt\/"},{"@type":"ListItem","position":2,"name":"Luciana Abreu realiza espet\u00e1culo na marginal que liga Figueira da Foz e Buarcos"}]},{"@type":"WebSite","@id":"https:\/\/portaltela.pt\/#website","url":"https:\/\/portaltela.pt\/","name":"Portal Tela Portugal","description":"","potentialAction":[{"@type":"SearchAction","target":{"@type":"EntryPoint","urlTemplate":"https:\/\/portaltela.pt\/?s={search_term_string}"},"query-input":{"@type":"PropertyValueSpecification","valueRequired":true,"valueName":"search_term_string"}}],"inLanguage":"pt-PT"},{"@type":"Person","@id":"https:\/\/portaltela.pt\/#\/schema\/person\/c4278d4a6028830caff9ee44b42d32ed","name":"Telinha","image":{"@type":"ImageObject","inLanguage":"pt-PT","@id":"https:\/\/portaltela.pt\/s.01k8rhncp4jt1\/2025\/11\/talking-bot-125x125.png","url":"https:\/\/portaltela.pt\/s.01k8rhncp4jt1\/2025\/11\/talking-bot-125x125.png","contentUrl":"https:\/\/portaltela.pt\/s.01k8rhncp4jt1\/2025\/11\/talking-bot-125x125.png","caption":"Telinha"},"sameAs":["https:\/\/portaltela.pt\/"],"url":"https:\/\/portaltela.pt\/por\/367410592786\/"}]}},"_links":{"self":[{"href":"https:\/\/portaltela.pt\/api\/wp\/v2\/posts\/209089","targetHints":{"allow":["GET"]}}],"collection":[{"href":"https:\/\/portaltela.pt\/api\/wp\/v2\/posts"}],"about":[{"href":"https:\/\/portaltela.pt\/api\/wp\/v2\/types\/post"}],"author":[{"embeddable":true,"href":"https:\/\/portaltela.pt\/api\/wp\/v2\/users\/2"}],"replies":[{"embeddable":true,"href":"https:\/\/portaltela.pt\/api\/wp\/v2\/comments?post=209089"}],"version-history":[{"count":0,"href":"https:\/\/portaltela.pt\/api\/wp\/v2\/posts\/209089\/revisions"}],"wp:featuredmedia":[{"embeddable":true,"href":"https:\/\/portaltela.pt\/api\/wp\/v2\/media\/209096"}],"wp:attachment":[{"href":"https:\/\/portaltela.pt\/api\/wp\/v2\/media?parent=209089"}],"wp:term":[{"taxonomy":"category","embeddable":true,"href":"https:\/\/portaltela.pt\/api\/wp\/v2\/categories?post=209089"},{"taxonomy":"post_tag","embeddable":true,"href":"https:\/\/portaltela.pt\/api\/wp\/v2\/tags?post=209089"}],"curies":[{"name":"wp","href":"https:\/\/api.w.org\/{rel}","templated":true}]}}