{"id":209083,"date":"2026-02-11T22:30:00","date_gmt":"2026-02-12T01:30:00","guid":{"rendered":"https:\/\/portaltela.pt\/noticias\/2026\/02\/11\/moradia-de-luxo-em-cascais-ligada-a-rota-do-atlantico-arrematada-por-11-milhoes\/"},"modified":"2026-02-11T22:30:00","modified_gmt":"2026-02-12T01:30:00","slug":"moradia-de-luxo-em-cascais-ligada-a-rota-do-atlantico-arrematada-por-11-milhoes","status":"publish","type":"post","link":"https:\/\/portaltela.pt\/noticias\/2026\/02\/11\/moradia-de-luxo-em-cascais-ligada-a-rota-do-atlantico-arrematada-por-11-milhoes\/","title":{"rendered":"Moradia de luxo em Cascais ligada \u00e0 Rota do Atl\u00e2ntico arrematada por 11 milh\u00f5es"},"content":{"rendered":"<p>O leil\u00e3o da moradia T7 da Quinta da Marinha, Cascais, encerrado nesta quarta-feira, registou um lance final de 10.953.499,55 euros. O im\u00f3vel, com vista para o mar, pertence ao antigo ministro das Finan\u00e7as do Congo, Gilbert Ondongo, arguido no processo Rota do Atl\u00e2ntico, onde figuram tamb\u00e9m empres\u00e1rios portugueses.<\/p>\n<p>A casa, de 4480 metros quadrados, tem quatro su\u00edtes e \u00e1reas como sala de cinema com onze poltronas, sala de jogos e garrafeira. O leil\u00e3o foi promovido pelo Gabinete de Administra\u00e7\u00e3o de Bens (GAB), que gere bens apreendidos pela Justi\u00e7a. O valor inicial fixado era de 8,3 milh\u00f5es de euros, com valoriza\u00e7\u00e3o de cerca de 1,7 milh\u00e3o.<\/p>\n<p>No \u00e2mbito do processo, Ondongo \u00e9 acusado de branqueamento de capitais. Al\u00e9m dele, s\u00e3o arguidos os empres\u00e1rios Jos\u00e9 Veiga e Paulo Santana Lopes. Em 2016, a Pol\u00edcia Judici\u00e1ria atuou no local e encontrou cerca de 3 milh\u00f5es de euros e 3 milh\u00f5es de d\u00f3lares em notas. O Minist\u00e9rio P\u00fablico pediu, recentemente, a separa\u00e7\u00e3o entre os processos envolvendo os empres\u00e1rios e os respons\u00e1veis da Rep\u00fablica do Congo.<\/p>\n<h3>Detalhes do im\u00f3vel e avalia\u00e7\u00e3o<\/h3>\n<p>A moradia j\u00e1 tinha sido colocada a leil\u00e3o em 2024, com sa\u00edda prevista de 11,2 milh\u00f5es de euros, mas a venda n\u00e3o se concretizou. O Estado permanece=&#8221;\u00e0 guarda do montante&#8221; at\u00e9 \u00e0 decis\u00e3o final da Justi\u00e7a sobre o destino dos bens.<\/p>\n","protected":false},"excerpt":{"rendered":"<ul>\n<li>O leil\u00e3o da moradia T7 na Quinta da Marinha, Cascais, associada ao antigo ministro das Finan\u00e7as do Congo, fechou com lance final de \u20ac 10.953.499,55, segundo a plataforma E-leiloes.<\/li>\n<li>O im\u00f3vel de 4.480 metros quadrados tem vista para o mar e inclui sala de cinema com onze poltronas, sala de jogos e garrafeira, al\u00e9m de quatro su\u00edtes.<\/li>\n<li>O leil\u00e3o foi promovido pelo Gabinete de Administra\u00e7\u00e3o de Bens, com o valor base de \u20ac 8,3 milh\u00f5es, tendo ocorrido valoriza\u00e7\u00e3o de cerca de \u20ac 1,7 milh\u00e3o.<\/li>\n<li>O Estado fica com o montante at\u00e9 eventual decis\u00e3o final da Justi\u00e7a sobre o destino do im\u00f3vel; Gilbert Ondongo, antigo ministro das Finan\u00e7as do Congo, \u00e9 arguido por branqueamento de capitais no caso Rota do Atl\u00e2ntico.<\/li>\n<li>O processo envolve tamb\u00e9m empres\u00e1rios portugueses Jos\u00e9 Veiga e Paulo Santana Lopes; buscas de 2016 encontraram \u20ac 3 milh\u00f5es e $ 3 milh\u00f5es em notas; houve leil\u00e3o anterior em 2024, com \u20ac 11,2 milh\u00f5es que n\u00e3o se concretizou.<\/li>\n<\/ul>\n","protected":false},"author":2,"featured_media":209088,"comment_status":"closed","ping_status":"closed","sticky":false,"template":"","format":"standard","meta":{"footnotes":""},"categories":[1],"tags":[1570,1111,4780,228,803,769],"class_list":["post-209083","post","type-post","status-publish","format-standard","has-post-thumbnail","hentry","category-noticias","tag-branqueamento","tag-cascais","tag-crime-economico","tag-imobiliario","tag-justica","tag-lavagem-de-capitais"],"yoast_head":"<!-- This site is optimized with the Yoast SEO plugin v27.2 - https:\/\/yoast.com\/product\/yoast-seo-wordpress\/ -->\n<title>Moradia de luxo em Cascais ligada \u00e0 Rota do Atl\u00e2ntico arrematada por 11 milh\u00f5es - Portal Tela Portugal<\/title>\n<meta name=\"robots\" content=\"index, follow, max-snippet:-1, max-image-preview:large, max-video-preview:-1\" \/>\n<meta property=\"og:locale\" content=\"pt_PT\" \/>\n<meta property=\"og:type\" content=\"article\" \/>\n<meta property=\"og:title\" content=\"Moradia de luxo em Cascais ligada \u00e0 Rota do Atl\u00e2ntico arrematada por 11 milh\u00f5es - Portal Tela Portugal\" \/>\n<meta property=\"og:description\" content=\"O leil\u00e3o da moradia T7 na Quinta da Marinha, Cascais, associada ao antigo ministro das Finan\u00e7as do Congo, fechou com lance final de \u20ac 10.953.499,55, segundo a plataforma E-leiloes. O im\u00f3vel de 4.480 metros quadrados tem vista para o mar e inclui sala de cinema com onze poltronas, sala de jogos e garrafeira, al\u00e9m de quatro su\u00edtes. O leil\u00e3o foi promovido pelo Gabinete de Administra\u00e7\u00e3o de Bens, com o valor base de \u20ac 8,3 milh\u00f5es, tendo ocorrido valoriza\u00e7\u00e3o de cerca de \u20ac 1,7 milh\u00e3o. O Estado fica com o montante at\u00e9 eventual decis\u00e3o final da Justi\u00e7a sobre o destino do im\u00f3vel; Gilbert Ondongo, antigo ministro das Finan\u00e7as do Congo, \u00e9 arguido por branqueamento de capitais no caso Rota do Atl\u00e2ntico. O processo envolve tamb\u00e9m empres\u00e1rios portugueses Jos\u00e9 Veiga e Paulo Santana Lopes; buscas de 2016 encontraram \u20ac 3 milh\u00f5es e $ 3 milh\u00f5es em notas; houve leil\u00e3o anterior em 2024, com \u20ac 11,2 milh\u00f5es que n\u00e3o se concretizou.\" \/>\n<meta property=\"og:url\" content=\"https:\/\/portaltela.pt\/noticias\/2026\/02\/11\/moradia-de-luxo-em-cascais-ligada-a-rota-do-atlantico-arrematada-por-11-milhoes\/\" \/>\n<meta property=\"og:site_name\" content=\"Portal Tela Portugal\" \/>\n<meta property=\"article:published_time\" content=\"2026-02-12T01:30:00+00:00\" \/>\n<meta name=\"author\" content=\"Telinha\" \/>\n<meta name=\"twitter:card\" content=\"summary_large_image\" \/>\n<meta name=\"twitter:label1\" content=\"Escrito por\" \/>\n\t<meta name=\"twitter:data1\" content=\"Telinha\" \/>\n\t<meta name=\"twitter:label2\" content=\"Tempo estimado de leitura\" \/>\n\t<meta name=\"twitter:data2\" content=\"1 minuto\" \/>\n<script type=\"application\/ld+json\" class=\"yoast-schema-graph\">{\"@context\":\"https:\/\/schema.org\",\"@graph\":[{\"@type\":\"Article\",\"@id\":\"https:\/\/portaltela.pt\/noticias\/2026\/02\/11\/moradia-de-luxo-em-cascais-ligada-a-rota-do-atlantico-arrematada-por-11-milhoes\/#article\",\"isPartOf\":{\"@id\":\"https:\/\/portaltela.pt\/noticias\/2026\/02\/11\/moradia-de-luxo-em-cascais-ligada-a-rota-do-atlantico-arrematada-por-11-milhoes\/\"},\"author\":{\"name\":\"Telinha\",\"@id\":\"https:\/\/portaltela.pt\/#\/schema\/person\/c4278d4a6028830caff9ee44b42d32ed\"},\"headline\":\"Moradia de luxo em Cascais ligada \u00e0 Rota do Atl\u00e2ntico arrematada por 11 milh\u00f5es\",\"datePublished\":\"2026-02-12T01:30:00+00:00\",\"mainEntityOfPage\":{\"@id\":\"https:\/\/portaltela.pt\/noticias\/2026\/02\/11\/moradia-de-luxo-em-cascais-ligada-a-rota-do-atlantico-arrematada-por-11-milhoes\/\"},\"wordCount\":255,\"image\":{\"@id\":\"https:\/\/portaltela.pt\/noticias\/2026\/02\/11\/moradia-de-luxo-em-cascais-ligada-a-rota-do-atlantico-arrematada-por-11-milhoes\/#primaryimage\"},\"thumbnailUrl\":\"https:\/\/portaltela.pt\/s.01k8rhncp4jt1\/2026\/02\/img_1280x721uu2026-02-01-12-58-48-2263959-1.jpg\",\"keywords\":[\"branqueamento\",\"Cascais\",\"crime econ\u00f3mico\",\"imobili\u00e1rio\",\"justi\u00e7a\",\"lavagem de capitais\"],\"articleSection\":[\"Not\u00edcias\"],\"inLanguage\":\"pt-PT\"},{\"@type\":\"WebPage\",\"@id\":\"https:\/\/portaltela.pt\/noticias\/2026\/02\/11\/moradia-de-luxo-em-cascais-ligada-a-rota-do-atlantico-arrematada-por-11-milhoes\/\",\"url\":\"https:\/\/portaltela.pt\/noticias\/2026\/02\/11\/moradia-de-luxo-em-cascais-ligada-a-rota-do-atlantico-arrematada-por-11-milhoes\/\",\"name\":\"Moradia de luxo em Cascais ligada \u00e0 Rota do Atl\u00e2ntico arrematada por 11 milh\u00f5es - Portal Tela Portugal\",\"isPartOf\":{\"@id\":\"https:\/\/portaltela.pt\/#website\"},\"primaryImageOfPage\":{\"@id\":\"https:\/\/portaltela.pt\/noticias\/2026\/02\/11\/moradia-de-luxo-em-cascais-ligada-a-rota-do-atlantico-arrematada-por-11-milhoes\/#primaryimage\"},\"image\":{\"@id\":\"https:\/\/portaltela.pt\/noticias\/2026\/02\/11\/moradia-de-luxo-em-cascais-ligada-a-rota-do-atlantico-arrematada-por-11-milhoes\/#primaryimage\"},\"thumbnailUrl\":\"https:\/\/portaltela.pt\/s.01k8rhncp4jt1\/2026\/02\/img_1280x721uu2026-02-01-12-58-48-2263959-1.jpg\",\"datePublished\":\"2026-02-12T01:30:00+00:00\",\"author\":{\"@id\":\"https:\/\/portaltela.pt\/#\/schema\/person\/c4278d4a6028830caff9ee44b42d32ed\"},\"breadcrumb\":{\"@id\":\"https:\/\/portaltela.pt\/noticias\/2026\/02\/11\/moradia-de-luxo-em-cascais-ligada-a-rota-do-atlantico-arrematada-por-11-milhoes\/#breadcrumb\"},\"inLanguage\":\"pt-PT\",\"potentialAction\":[{\"@type\":\"ReadAction\",\"target\":[\"https:\/\/portaltela.pt\/noticias\/2026\/02\/11\/moradia-de-luxo-em-cascais-ligada-a-rota-do-atlantico-arrematada-por-11-milhoes\/\"]}]},{\"@type\":\"ImageObject\",\"inLanguage\":\"pt-PT\",\"@id\":\"https:\/\/portaltela.pt\/noticias\/2026\/02\/11\/moradia-de-luxo-em-cascais-ligada-a-rota-do-atlantico-arrematada-por-11-milhoes\/#primaryimage\",\"url\":\"https:\/\/portaltela.pt\/s.01k8rhncp4jt1\/2026\/02\/img_1280x721uu2026-02-01-12-58-48-2263959-1.jpg\",\"contentUrl\":\"https:\/\/portaltela.pt\/s.01k8rhncp4jt1\/2026\/02\/img_1280x721uu2026-02-01-12-58-48-2263959-1.jpg\",\"width\":796,\"height\":448,\"caption\":\"Moradia de luxo em Cascais, onde morava Gilbert Ondongo, arrematada por quase 11 milh\u00f5es de euros\"},{\"@type\":\"BreadcrumbList\",\"@id\":\"https:\/\/portaltela.pt\/noticias\/2026\/02\/11\/moradia-de-luxo-em-cascais-ligada-a-rota-do-atlantico-arrematada-por-11-milhoes\/#breadcrumb\",\"itemListElement\":[{\"@type\":\"ListItem\",\"position\":1,\"name\":\"In\u00edcio\",\"item\":\"https:\/\/portaltela.pt\/\"},{\"@type\":\"ListItem\",\"position\":2,\"name\":\"Moradia de luxo em Cascais ligada \u00e0 Rota do Atl\u00e2ntico arrematada por 11 milh\u00f5es\"}]},{\"@type\":\"WebSite\",\"@id\":\"https:\/\/portaltela.pt\/#website\",\"url\":\"https:\/\/portaltela.pt\/\",\"name\":\"Portal Tela Portugal\",\"description\":\"\",\"potentialAction\":[{\"@type\":\"SearchAction\",\"target\":{\"@type\":\"EntryPoint\",\"urlTemplate\":\"https:\/\/portaltela.pt\/?s={search_term_string}\"},\"query-input\":{\"@type\":\"PropertyValueSpecification\",\"valueRequired\":true,\"valueName\":\"search_term_string\"}}],\"inLanguage\":\"pt-PT\"},{\"@type\":\"Person\",\"@id\":\"https:\/\/portaltela.pt\/#\/schema\/person\/c4278d4a6028830caff9ee44b42d32ed\",\"name\":\"Telinha\",\"image\":{\"@type\":\"ImageObject\",\"inLanguage\":\"pt-PT\",\"@id\":\"https:\/\/portaltela.pt\/s.01k8rhncp4jt1\/2025\/11\/talking-bot-125x125.png\",\"url\":\"https:\/\/portaltela.pt\/s.01k8rhncp4jt1\/2025\/11\/talking-bot-125x125.png\",\"contentUrl\":\"https:\/\/portaltela.pt\/s.01k8rhncp4jt1\/2025\/11\/talking-bot-125x125.png\",\"caption\":\"Telinha\"},\"sameAs\":[\"https:\/\/portaltela.pt\/\"],\"url\":\"https:\/\/portaltela.pt\/por\/367410592786\/\"}]}<\/script>\n<!-- \/ Yoast SEO plugin. -->","yoast_head_json":{"title":"Moradia de luxo em Cascais ligada \u00e0 Rota do Atl\u00e2ntico arrematada por 11 milh\u00f5es - Portal Tela Portugal","robots":{"index":"index","follow":"follow","max-snippet":"max-snippet:-1","max-image-preview":"max-image-preview:large","max-video-preview":"max-video-preview:-1"},"og_locale":"pt_PT","og_type":"article","og_title":"Moradia de luxo em Cascais ligada \u00e0 Rota do Atl\u00e2ntico arrematada por 11 milh\u00f5es - Portal Tela Portugal","og_description":"O leil\u00e3o da moradia T7 na Quinta da Marinha, Cascais, associada ao antigo ministro das Finan\u00e7as do Congo, fechou com lance final de \u20ac 10.953.499,55, segundo a plataforma E-leiloes. O im\u00f3vel de 4.480 metros quadrados tem vista para o mar e inclui sala de cinema com onze poltronas, sala de jogos e garrafeira, al\u00e9m de quatro su\u00edtes. O leil\u00e3o foi promovido pelo Gabinete de Administra\u00e7\u00e3o de Bens, com o valor base de \u20ac 8,3 milh\u00f5es, tendo ocorrido valoriza\u00e7\u00e3o de cerca de \u20ac 1,7 milh\u00e3o. O Estado fica com o montante at\u00e9 eventual decis\u00e3o final da Justi\u00e7a sobre o destino do im\u00f3vel; Gilbert Ondongo, antigo ministro das Finan\u00e7as do Congo, \u00e9 arguido por branqueamento de capitais no caso Rota do Atl\u00e2ntico. O processo envolve tamb\u00e9m empres\u00e1rios portugueses Jos\u00e9 Veiga e Paulo Santana Lopes; buscas de 2016 encontraram \u20ac 3 milh\u00f5es e $ 3 milh\u00f5es em notas; houve leil\u00e3o anterior em 2024, com \u20ac 11,2 milh\u00f5es que n\u00e3o se concretizou.","og_url":"https:\/\/portaltela.pt\/noticias\/2026\/02\/11\/moradia-de-luxo-em-cascais-ligada-a-rota-do-atlantico-arrematada-por-11-milhoes\/","og_site_name":"Portal Tela Portugal","article_published_time":"2026-02-12T01:30:00+00:00","author":"Telinha","twitter_card":"summary_large_image","twitter_misc":{"Escrito por":"Telinha","Tempo estimado de leitura":"1 minuto"},"schema":{"@context":"https:\/\/schema.org","@graph":[{"@type":"Article","@id":"https:\/\/portaltela.pt\/noticias\/2026\/02\/11\/moradia-de-luxo-em-cascais-ligada-a-rota-do-atlantico-arrematada-por-11-milhoes\/#article","isPartOf":{"@id":"https:\/\/portaltela.pt\/noticias\/2026\/02\/11\/moradia-de-luxo-em-cascais-ligada-a-rota-do-atlantico-arrematada-por-11-milhoes\/"},"author":{"name":"Telinha","@id":"https:\/\/portaltela.pt\/#\/schema\/person\/c4278d4a6028830caff9ee44b42d32ed"},"headline":"Moradia de luxo em Cascais ligada \u00e0 Rota do Atl\u00e2ntico arrematada por 11 milh\u00f5es","datePublished":"2026-02-12T01:30:00+00:00","mainEntityOfPage":{"@id":"https:\/\/portaltela.pt\/noticias\/2026\/02\/11\/moradia-de-luxo-em-cascais-ligada-a-rota-do-atlantico-arrematada-por-11-milhoes\/"},"wordCount":255,"image":{"@id":"https:\/\/portaltela.pt\/noticias\/2026\/02\/11\/moradia-de-luxo-em-cascais-ligada-a-rota-do-atlantico-arrematada-por-11-milhoes\/#primaryimage"},"thumbnailUrl":"https:\/\/portaltela.pt\/s.01k8rhncp4jt1\/2026\/02\/img_1280x721uu2026-02-01-12-58-48-2263959-1.jpg","keywords":["branqueamento","Cascais","crime econ\u00f3mico","imobili\u00e1rio","justi\u00e7a","lavagem de capitais"],"articleSection":["Not\u00edcias"],"inLanguage":"pt-PT"},{"@type":"WebPage","@id":"https:\/\/portaltela.pt\/noticias\/2026\/02\/11\/moradia-de-luxo-em-cascais-ligada-a-rota-do-atlantico-arrematada-por-11-milhoes\/","url":"https:\/\/portaltela.pt\/noticias\/2026\/02\/11\/moradia-de-luxo-em-cascais-ligada-a-rota-do-atlantico-arrematada-por-11-milhoes\/","name":"Moradia de luxo em Cascais ligada \u00e0 Rota do Atl\u00e2ntico arrematada por 11 milh\u00f5es - Portal Tela Portugal","isPartOf":{"@id":"https:\/\/portaltela.pt\/#website"},"primaryImageOfPage":{"@id":"https:\/\/portaltela.pt\/noticias\/2026\/02\/11\/moradia-de-luxo-em-cascais-ligada-a-rota-do-atlantico-arrematada-por-11-milhoes\/#primaryimage"},"image":{"@id":"https:\/\/portaltela.pt\/noticias\/2026\/02\/11\/moradia-de-luxo-em-cascais-ligada-a-rota-do-atlantico-arrematada-por-11-milhoes\/#primaryimage"},"thumbnailUrl":"https:\/\/portaltela.pt\/s.01k8rhncp4jt1\/2026\/02\/img_1280x721uu2026-02-01-12-58-48-2263959-1.jpg","datePublished":"2026-02-12T01:30:00+00:00","author":{"@id":"https:\/\/portaltela.pt\/#\/schema\/person\/c4278d4a6028830caff9ee44b42d32ed"},"breadcrumb":{"@id":"https:\/\/portaltela.pt\/noticias\/2026\/02\/11\/moradia-de-luxo-em-cascais-ligada-a-rota-do-atlantico-arrematada-por-11-milhoes\/#breadcrumb"},"inLanguage":"pt-PT","potentialAction":[{"@type":"ReadAction","target":["https:\/\/portaltela.pt\/noticias\/2026\/02\/11\/moradia-de-luxo-em-cascais-ligada-a-rota-do-atlantico-arrematada-por-11-milhoes\/"]}]},{"@type":"ImageObject","inLanguage":"pt-PT","@id":"https:\/\/portaltela.pt\/noticias\/2026\/02\/11\/moradia-de-luxo-em-cascais-ligada-a-rota-do-atlantico-arrematada-por-11-milhoes\/#primaryimage","url":"https:\/\/portaltela.pt\/s.01k8rhncp4jt1\/2026\/02\/img_1280x721uu2026-02-01-12-58-48-2263959-1.jpg","contentUrl":"https:\/\/portaltela.pt\/s.01k8rhncp4jt1\/2026\/02\/img_1280x721uu2026-02-01-12-58-48-2263959-1.jpg","width":796,"height":448,"caption":"Moradia de luxo em Cascais, onde morava Gilbert Ondongo, arrematada por quase 11 milh\u00f5es de euros"},{"@type":"BreadcrumbList","@id":"https:\/\/portaltela.pt\/noticias\/2026\/02\/11\/moradia-de-luxo-em-cascais-ligada-a-rota-do-atlantico-arrematada-por-11-milhoes\/#breadcrumb","itemListElement":[{"@type":"ListItem","position":1,"name":"In\u00edcio","item":"https:\/\/portaltela.pt\/"},{"@type":"ListItem","position":2,"name":"Moradia de luxo em Cascais ligada \u00e0 Rota do Atl\u00e2ntico arrematada por 11 milh\u00f5es"}]},{"@type":"WebSite","@id":"https:\/\/portaltela.pt\/#website","url":"https:\/\/portaltela.pt\/","name":"Portal Tela Portugal","description":"","potentialAction":[{"@type":"SearchAction","target":{"@type":"EntryPoint","urlTemplate":"https:\/\/portaltela.pt\/?s={search_term_string}"},"query-input":{"@type":"PropertyValueSpecification","valueRequired":true,"valueName":"search_term_string"}}],"inLanguage":"pt-PT"},{"@type":"Person","@id":"https:\/\/portaltela.pt\/#\/schema\/person\/c4278d4a6028830caff9ee44b42d32ed","name":"Telinha","image":{"@type":"ImageObject","inLanguage":"pt-PT","@id":"https:\/\/portaltela.pt\/s.01k8rhncp4jt1\/2025\/11\/talking-bot-125x125.png","url":"https:\/\/portaltela.pt\/s.01k8rhncp4jt1\/2025\/11\/talking-bot-125x125.png","contentUrl":"https:\/\/portaltela.pt\/s.01k8rhncp4jt1\/2025\/11\/talking-bot-125x125.png","caption":"Telinha"},"sameAs":["https:\/\/portaltela.pt\/"],"url":"https:\/\/portaltela.pt\/por\/367410592786\/"}]}},"_links":{"self":[{"href":"https:\/\/portaltela.pt\/api\/wp\/v2\/posts\/209083","targetHints":{"allow":["GET"]}}],"collection":[{"href":"https:\/\/portaltela.pt\/api\/wp\/v2\/posts"}],"about":[{"href":"https:\/\/portaltela.pt\/api\/wp\/v2\/types\/post"}],"author":[{"embeddable":true,"href":"https:\/\/portaltela.pt\/api\/wp\/v2\/users\/2"}],"replies":[{"embeddable":true,"href":"https:\/\/portaltela.pt\/api\/wp\/v2\/comments?post=209083"}],"version-history":[{"count":0,"href":"https:\/\/portaltela.pt\/api\/wp\/v2\/posts\/209083\/revisions"}],"wp:featuredmedia":[{"embeddable":true,"href":"https:\/\/portaltela.pt\/api\/wp\/v2\/media\/209088"}],"wp:attachment":[{"href":"https:\/\/portaltela.pt\/api\/wp\/v2\/media?parent=209083"}],"wp:term":[{"taxonomy":"category","embeddable":true,"href":"https:\/\/portaltela.pt\/api\/wp\/v2\/categories?post=209083"},{"taxonomy":"post_tag","embeddable":true,"href":"https:\/\/portaltela.pt\/api\/wp\/v2\/tags?post=209083"}],"curies":[{"name":"wp","href":"https:\/\/api.w.org\/{rel}","templated":true}]}}