{"id":209058,"date":"2026-02-11T21:52:00","date_gmt":"2026-02-12T00:52:00","guid":{"rendered":"https:\/\/portaltela.pt\/noticias\/2026\/02\/11\/derrota-reconhecida-balanco-do-reves-da-equipa\/"},"modified":"2026-02-11T21:52:00","modified_gmt":"2026-02-12T00:52:00","slug":"derrota-reconhecida-balanco-do-reves-da-equipa","status":"publish","type":"post","link":"https:\/\/portaltela.pt\/noticias\/politica\/2026\/02\/11\/derrota-reconhecida-balanco-do-reves-da-equipa\/","title":{"rendered":"Derrota reconhecida: balan\u00e7o do rev\u00e9s da equipa"},"content":{"rendered":"<p>O segundo turno das elei\u00e7\u00f5es presidenciais confirmou a derrota do candidato do Chega. A vit\u00f3ria n\u00e3o foi assegurada, mesmo com a mudan\u00e7a de contexto em rela\u00e7\u00e3o \u00e0 primeira volta. O resultado indica uma derrota clara, independentemente de leituras poss\u00edveis.<\/p>\n<p>Entre os sinais desta conclus\u00e3o, o Chega n\u00e3o atingiu a meta de dois milh\u00f5es de votos e n\u00e3o liderou a direita. A maioria dos eleitores rejeitou as propostas da extrema-direita, mantendo o desafio de representar o que o partido pretende.<\/p>\n<p>De acordo com a an\u00e1lise de dados, o voto \u00fatil e o voto de rejei\u00e7\u00e3o influenciaram o resultado. Em rela\u00e7\u00e3o \u00e0 primeira volta, o Chega manteve 23% dos votos, igual \u00e0 vota\u00e7\u00e3o nas legislativas, mas houve perda de eleitores na compara\u00e7\u00e3o entre voltas.<\/p>\n<h3>An\u00e1lise pol\u00edtica<\/h3>\n<p>O contexto mostra um espa\u00e7o pol\u00edtico consider\u00e1vel no centro, onde muitos votantes procuram modera\u00e7\u00e3o e consensos. A Assembleia de votos sugere que a polariza\u00e7\u00e3o n\u00e3o determina sempre o futuro, refor\u00e7ando a import\u00e2ncia do centro para a estabilidade governativa.<\/p>\n<p>Para o PSD, \u00e9 crucial evitar a agenda radical do Chega e manter a abertura ao centro-esquerda. Aposta na modera\u00e7\u00e3o pode consolidar apoio de eleitores que procuram equil\u00edbrio, sem excluir coliga\u00e7\u00f5es com for\u00e7as democr\u00e1ticas.<\/p>\n<p>No passado, houve subestima\u00e7\u00e3o do crescimento do Chega; hoje, a aten\u00e7\u00e3o concentra-se em n\u00e3o repetir erros. O foco \u00e9 compreender o equil\u00edbrio entre direita moderada e centro, evitando interpreta\u00e7\u00f5es de vit\u00f3ria para o candidato derrotado.<\/p>\n","protected":false},"excerpt":{"rendered":"<ul>\n<li>Na segunda volta, o candidato do Chega foi derrotado, mantendo o sentido de derrota inequ\u00edvoca.<\/li>\n<li>Tinha como meta dois milh\u00f5es de votos, objetivo que n\u00e3o foi atingido, e pretendia liderar a Direita, o que n\u00e3o foi aceite pela maioria dos eleitores de direita.<\/li>\n<li>Alegava defender o povo contra as elites, mas a maioria rejeitou o candidato e as suas propostas.<\/li>\n<li>A evolu\u00e7\u00e3o do Chega entre primeiras e segundas voltas mostra 23% na compara\u00e7\u00e3o com a primeira volta, mantendo o resultado das legislativas e perdendo eleitores.<\/li>\n<li>As elei\u00e7\u00f5es revelam a exist\u00eancia de espa\u00e7o no centro, onde a modera\u00e7\u00e3o e consensos amplos s\u00e3o valorizados, e alertam para n\u00e3o radicalizar agendas no centro-direita.<\/li>\n<\/ul>\n","protected":false},"author":2,"featured_media":209064,"comment_status":"closed","ping_status":"closed","sticky":false,"template":"","format":"standard","meta":{"footnotes":""},"categories":[1,5],"tags":[1309,2142,5808,68,2832,3695],"class_list":["post-209058","post","type-post","status-publish","format-standard","has-post-thumbnail","hentry","category-noticias","category-politica","tag-centro","tag-chega","tag-direita","tag-eleicoes","tag-politica","tag-psd"],"yoast_head":"<!-- This site is optimized with the Yoast SEO plugin v27.2 - https:\/\/yoast.com\/product\/yoast-seo-wordpress\/ -->\n<title>Derrota reconhecida: balan\u00e7o do rev\u00e9s da equipa - Portal Tela Portugal<\/title>\n<meta name=\"robots\" content=\"index, follow, max-snippet:-1, max-image-preview:large, max-video-preview:-1\" \/>\n<meta property=\"og:locale\" content=\"pt_PT\" \/>\n<meta property=\"og:type\" content=\"article\" \/>\n<meta property=\"og:title\" content=\"Derrota reconhecida: balan\u00e7o do rev\u00e9s da equipa - Portal Tela Portugal\" \/>\n<meta property=\"og:description\" content=\"Na segunda volta, o candidato do Chega foi derrotado, mantendo o sentido de derrota inequ\u00edvoca. Tinha como meta dois milh\u00f5es de votos, objetivo que n\u00e3o foi atingido, e pretendia liderar a Direita, o que n\u00e3o foi aceite pela maioria dos eleitores de direita. Alegava defender o povo contra as elites, mas a maioria rejeitou o candidato e as suas propostas. A evolu\u00e7\u00e3o do Chega entre primeiras e segundas voltas mostra 23% na compara\u00e7\u00e3o com a primeira volta, mantendo o resultado das legislativas e perdendo eleitores. As elei\u00e7\u00f5es revelam a exist\u00eancia de espa\u00e7o no centro, onde a modera\u00e7\u00e3o e consensos amplos s\u00e3o valorizados, e alertam para n\u00e3o radicalizar agendas no centro-direita.\" \/>\n<meta property=\"og:url\" content=\"https:\/\/portaltela.pt\/noticias\/2026\/02\/11\/derrota-reconhecida-balanco-do-reves-da-equipa\/\" \/>\n<meta property=\"og:site_name\" content=\"Portal Tela Portugal\" \/>\n<meta property=\"article:published_time\" content=\"2026-02-12T00:52:00+00:00\" \/>\n<meta name=\"author\" content=\"Telinha\" \/>\n<meta name=\"twitter:card\" content=\"summary_large_image\" \/>\n<meta name=\"twitter:label1\" content=\"Escrito por\" \/>\n\t<meta name=\"twitter:data1\" content=\"Telinha\" \/>\n\t<meta name=\"twitter:label2\" content=\"Tempo estimado de leitura\" \/>\n\t<meta name=\"twitter:data2\" content=\"1 minuto\" \/>\n<script type=\"application\/ld+json\" class=\"yoast-schema-graph\">{\"@context\":\"https:\/\/schema.org\",\"@graph\":[{\"@type\":\"Article\",\"@id\":\"https:\/\/portaltela.pt\/noticias\/2026\/02\/11\/derrota-reconhecida-balanco-do-reves-da-equipa\/#article\",\"isPartOf\":{\"@id\":\"https:\/\/portaltela.pt\/noticias\/2026\/02\/11\/derrota-reconhecida-balanco-do-reves-da-equipa\/\"},\"author\":{\"name\":\"Telinha\",\"@id\":\"https:\/\/portaltela.pt\/#\/schema\/person\/c4278d4a6028830caff9ee44b42d32ed\"},\"headline\":\"Derrota reconhecida: balan\u00e7o do rev\u00e9s da equipa\",\"datePublished\":\"2026-02-12T00:52:00+00:00\",\"mainEntityOfPage\":{\"@id\":\"https:\/\/portaltela.pt\/noticias\/2026\/02\/11\/derrota-reconhecida-balanco-do-reves-da-equipa\/\"},\"wordCount\":270,\"image\":{\"@id\":\"https:\/\/portaltela.pt\/noticias\/2026\/02\/11\/derrota-reconhecida-balanco-do-reves-da-equipa\/#primaryimage\"},\"thumbnailUrl\":\"https:\/\/portaltela.pt\/s.01k8rhncp4jt1\/2026\/02\/9def5a22-9641-43b5-a360-c978e49e99fc_1200x675-1.jpg\",\"keywords\":[\"Centro\",\"CHEGA\",\"direita\",\"elei\u00e7\u00f5es\",\"pol\u00edtica\",\"PSD\"],\"articleSection\":[\"Not\u00edcias\",\"Pol\u00edtica\"],\"inLanguage\":\"pt-PT\"},{\"@type\":\"WebPage\",\"@id\":\"https:\/\/portaltela.pt\/noticias\/2026\/02\/11\/derrota-reconhecida-balanco-do-reves-da-equipa\/\",\"url\":\"https:\/\/portaltela.pt\/noticias\/2026\/02\/11\/derrota-reconhecida-balanco-do-reves-da-equipa\/\",\"name\":\"Derrota reconhecida: balan\u00e7o do rev\u00e9s da equipa - Portal Tela Portugal\",\"isPartOf\":{\"@id\":\"https:\/\/portaltela.pt\/#website\"},\"primaryImageOfPage\":{\"@id\":\"https:\/\/portaltela.pt\/noticias\/2026\/02\/11\/derrota-reconhecida-balanco-do-reves-da-equipa\/#primaryimage\"},\"image\":{\"@id\":\"https:\/\/portaltela.pt\/noticias\/2026\/02\/11\/derrota-reconhecida-balanco-do-reves-da-equipa\/#primaryimage\"},\"thumbnailUrl\":\"https:\/\/portaltela.pt\/s.01k8rhncp4jt1\/2026\/02\/9def5a22-9641-43b5-a360-c978e49e99fc_1200x675-1.jpg\",\"datePublished\":\"2026-02-12T00:52:00+00:00\",\"author\":{\"@id\":\"https:\/\/portaltela.pt\/#\/schema\/person\/c4278d4a6028830caff9ee44b42d32ed\"},\"breadcrumb\":{\"@id\":\"https:\/\/portaltela.pt\/noticias\/2026\/02\/11\/derrota-reconhecida-balanco-do-reves-da-equipa\/#breadcrumb\"},\"inLanguage\":\"pt-PT\",\"potentialAction\":[{\"@type\":\"ReadAction\",\"target\":[\"https:\/\/portaltela.pt\/noticias\/2026\/02\/11\/derrota-reconhecida-balanco-do-reves-da-equipa\/\"]}]},{\"@type\":\"ImageObject\",\"inLanguage\":\"pt-PT\",\"@id\":\"https:\/\/portaltela.pt\/noticias\/2026\/02\/11\/derrota-reconhecida-balanco-do-reves-da-equipa\/#primaryimage\",\"url\":\"https:\/\/portaltela.pt\/s.01k8rhncp4jt1\/2026\/02\/9def5a22-9641-43b5-a360-c978e49e99fc_1200x675-1.jpg\",\"contentUrl\":\"https:\/\/portaltela.pt\/s.01k8rhncp4jt1\/2026\/02\/9def5a22-9641-43b5-a360-c978e49e99fc_1200x675-1.jpg\",\"width\":796,\"height\":448,\"caption\":\"Photo\"},{\"@type\":\"BreadcrumbList\",\"@id\":\"https:\/\/portaltela.pt\/noticias\/2026\/02\/11\/derrota-reconhecida-balanco-do-reves-da-equipa\/#breadcrumb\",\"itemListElement\":[{\"@type\":\"ListItem\",\"position\":1,\"name\":\"In\u00edcio\",\"item\":\"https:\/\/portaltela.pt\/\"},{\"@type\":\"ListItem\",\"position\":2,\"name\":\"Derrota reconhecida: balan\u00e7o do rev\u00e9s da equipa\"}]},{\"@type\":\"WebSite\",\"@id\":\"https:\/\/portaltela.pt\/#website\",\"url\":\"https:\/\/portaltela.pt\/\",\"name\":\"Portal Tela Portugal\",\"description\":\"\",\"potentialAction\":[{\"@type\":\"SearchAction\",\"target\":{\"@type\":\"EntryPoint\",\"urlTemplate\":\"https:\/\/portaltela.pt\/?s={search_term_string}\"},\"query-input\":{\"@type\":\"PropertyValueSpecification\",\"valueRequired\":true,\"valueName\":\"search_term_string\"}}],\"inLanguage\":\"pt-PT\"},{\"@type\":\"Person\",\"@id\":\"https:\/\/portaltela.pt\/#\/schema\/person\/c4278d4a6028830caff9ee44b42d32ed\",\"name\":\"Telinha\",\"image\":{\"@type\":\"ImageObject\",\"inLanguage\":\"pt-PT\",\"@id\":\"https:\/\/portaltela.pt\/s.01k8rhncp4jt1\/2025\/11\/talking-bot-125x125.png\",\"url\":\"https:\/\/portaltela.pt\/s.01k8rhncp4jt1\/2025\/11\/talking-bot-125x125.png\",\"contentUrl\":\"https:\/\/portaltela.pt\/s.01k8rhncp4jt1\/2025\/11\/talking-bot-125x125.png\",\"caption\":\"Telinha\"},\"sameAs\":[\"https:\/\/portaltela.pt\/\"],\"url\":\"https:\/\/portaltela.pt\/por\/367410592786\/\"}]}<\/script>\n<!-- \/ Yoast SEO plugin. -->","yoast_head_json":{"title":"Derrota reconhecida: balan\u00e7o do rev\u00e9s da equipa - Portal Tela Portugal","robots":{"index":"index","follow":"follow","max-snippet":"max-snippet:-1","max-image-preview":"max-image-preview:large","max-video-preview":"max-video-preview:-1"},"og_locale":"pt_PT","og_type":"article","og_title":"Derrota reconhecida: balan\u00e7o do rev\u00e9s da equipa - Portal Tela Portugal","og_description":"Na segunda volta, o candidato do Chega foi derrotado, mantendo o sentido de derrota inequ\u00edvoca. Tinha como meta dois milh\u00f5es de votos, objetivo que n\u00e3o foi atingido, e pretendia liderar a Direita, o que n\u00e3o foi aceite pela maioria dos eleitores de direita. Alegava defender o povo contra as elites, mas a maioria rejeitou o candidato e as suas propostas. A evolu\u00e7\u00e3o do Chega entre primeiras e segundas voltas mostra 23% na compara\u00e7\u00e3o com a primeira volta, mantendo o resultado das legislativas e perdendo eleitores. As elei\u00e7\u00f5es revelam a exist\u00eancia de espa\u00e7o no centro, onde a modera\u00e7\u00e3o e consensos amplos s\u00e3o valorizados, e alertam para n\u00e3o radicalizar agendas no centro-direita.","og_url":"https:\/\/portaltela.pt\/noticias\/2026\/02\/11\/derrota-reconhecida-balanco-do-reves-da-equipa\/","og_site_name":"Portal Tela Portugal","article_published_time":"2026-02-12T00:52:00+00:00","author":"Telinha","twitter_card":"summary_large_image","twitter_misc":{"Escrito por":"Telinha","Tempo estimado de leitura":"1 minuto"},"schema":{"@context":"https:\/\/schema.org","@graph":[{"@type":"Article","@id":"https:\/\/portaltela.pt\/noticias\/2026\/02\/11\/derrota-reconhecida-balanco-do-reves-da-equipa\/#article","isPartOf":{"@id":"https:\/\/portaltela.pt\/noticias\/2026\/02\/11\/derrota-reconhecida-balanco-do-reves-da-equipa\/"},"author":{"name":"Telinha","@id":"https:\/\/portaltela.pt\/#\/schema\/person\/c4278d4a6028830caff9ee44b42d32ed"},"headline":"Derrota reconhecida: balan\u00e7o do rev\u00e9s da equipa","datePublished":"2026-02-12T00:52:00+00:00","mainEntityOfPage":{"@id":"https:\/\/portaltela.pt\/noticias\/2026\/02\/11\/derrota-reconhecida-balanco-do-reves-da-equipa\/"},"wordCount":270,"image":{"@id":"https:\/\/portaltela.pt\/noticias\/2026\/02\/11\/derrota-reconhecida-balanco-do-reves-da-equipa\/#primaryimage"},"thumbnailUrl":"https:\/\/portaltela.pt\/s.01k8rhncp4jt1\/2026\/02\/9def5a22-9641-43b5-a360-c978e49e99fc_1200x675-1.jpg","keywords":["Centro","CHEGA","direita","elei\u00e7\u00f5es","pol\u00edtica","PSD"],"articleSection":["Not\u00edcias","Pol\u00edtica"],"inLanguage":"pt-PT"},{"@type":"WebPage","@id":"https:\/\/portaltela.pt\/noticias\/2026\/02\/11\/derrota-reconhecida-balanco-do-reves-da-equipa\/","url":"https:\/\/portaltela.pt\/noticias\/2026\/02\/11\/derrota-reconhecida-balanco-do-reves-da-equipa\/","name":"Derrota reconhecida: balan\u00e7o do rev\u00e9s da equipa - Portal Tela Portugal","isPartOf":{"@id":"https:\/\/portaltela.pt\/#website"},"primaryImageOfPage":{"@id":"https:\/\/portaltela.pt\/noticias\/2026\/02\/11\/derrota-reconhecida-balanco-do-reves-da-equipa\/#primaryimage"},"image":{"@id":"https:\/\/portaltela.pt\/noticias\/2026\/02\/11\/derrota-reconhecida-balanco-do-reves-da-equipa\/#primaryimage"},"thumbnailUrl":"https:\/\/portaltela.pt\/s.01k8rhncp4jt1\/2026\/02\/9def5a22-9641-43b5-a360-c978e49e99fc_1200x675-1.jpg","datePublished":"2026-02-12T00:52:00+00:00","author":{"@id":"https:\/\/portaltela.pt\/#\/schema\/person\/c4278d4a6028830caff9ee44b42d32ed"},"breadcrumb":{"@id":"https:\/\/portaltela.pt\/noticias\/2026\/02\/11\/derrota-reconhecida-balanco-do-reves-da-equipa\/#breadcrumb"},"inLanguage":"pt-PT","potentialAction":[{"@type":"ReadAction","target":["https:\/\/portaltela.pt\/noticias\/2026\/02\/11\/derrota-reconhecida-balanco-do-reves-da-equipa\/"]}]},{"@type":"ImageObject","inLanguage":"pt-PT","@id":"https:\/\/portaltela.pt\/noticias\/2026\/02\/11\/derrota-reconhecida-balanco-do-reves-da-equipa\/#primaryimage","url":"https:\/\/portaltela.pt\/s.01k8rhncp4jt1\/2026\/02\/9def5a22-9641-43b5-a360-c978e49e99fc_1200x675-1.jpg","contentUrl":"https:\/\/portaltela.pt\/s.01k8rhncp4jt1\/2026\/02\/9def5a22-9641-43b5-a360-c978e49e99fc_1200x675-1.jpg","width":796,"height":448,"caption":"Photo"},{"@type":"BreadcrumbList","@id":"https:\/\/portaltela.pt\/noticias\/2026\/02\/11\/derrota-reconhecida-balanco-do-reves-da-equipa\/#breadcrumb","itemListElement":[{"@type":"ListItem","position":1,"name":"In\u00edcio","item":"https:\/\/portaltela.pt\/"},{"@type":"ListItem","position":2,"name":"Derrota reconhecida: balan\u00e7o do rev\u00e9s da equipa"}]},{"@type":"WebSite","@id":"https:\/\/portaltela.pt\/#website","url":"https:\/\/portaltela.pt\/","name":"Portal Tela Portugal","description":"","potentialAction":[{"@type":"SearchAction","target":{"@type":"EntryPoint","urlTemplate":"https:\/\/portaltela.pt\/?s={search_term_string}"},"query-input":{"@type":"PropertyValueSpecification","valueRequired":true,"valueName":"search_term_string"}}],"inLanguage":"pt-PT"},{"@type":"Person","@id":"https:\/\/portaltela.pt\/#\/schema\/person\/c4278d4a6028830caff9ee44b42d32ed","name":"Telinha","image":{"@type":"ImageObject","inLanguage":"pt-PT","@id":"https:\/\/portaltela.pt\/s.01k8rhncp4jt1\/2025\/11\/talking-bot-125x125.png","url":"https:\/\/portaltela.pt\/s.01k8rhncp4jt1\/2025\/11\/talking-bot-125x125.png","contentUrl":"https:\/\/portaltela.pt\/s.01k8rhncp4jt1\/2025\/11\/talking-bot-125x125.png","caption":"Telinha"},"sameAs":["https:\/\/portaltela.pt\/"],"url":"https:\/\/portaltela.pt\/por\/367410592786\/"}]}},"_links":{"self":[{"href":"https:\/\/portaltela.pt\/api\/wp\/v2\/posts\/209058","targetHints":{"allow":["GET"]}}],"collection":[{"href":"https:\/\/portaltela.pt\/api\/wp\/v2\/posts"}],"about":[{"href":"https:\/\/portaltela.pt\/api\/wp\/v2\/types\/post"}],"author":[{"embeddable":true,"href":"https:\/\/portaltela.pt\/api\/wp\/v2\/users\/2"}],"replies":[{"embeddable":true,"href":"https:\/\/portaltela.pt\/api\/wp\/v2\/comments?post=209058"}],"version-history":[{"count":0,"href":"https:\/\/portaltela.pt\/api\/wp\/v2\/posts\/209058\/revisions"}],"wp:featuredmedia":[{"embeddable":true,"href":"https:\/\/portaltela.pt\/api\/wp\/v2\/media\/209064"}],"wp:attachment":[{"href":"https:\/\/portaltela.pt\/api\/wp\/v2\/media?parent=209058"}],"wp:term":[{"taxonomy":"category","embeddable":true,"href":"https:\/\/portaltela.pt\/api\/wp\/v2\/categories?post=209058"},{"taxonomy":"post_tag","embeddable":true,"href":"https:\/\/portaltela.pt\/api\/wp\/v2\/tags?post=209058"}],"curies":[{"name":"wp","href":"https:\/\/api.w.org\/{rel}","templated":true}]}}