{"id":209056,"date":"2026-02-11T13:47:00","date_gmt":"2026-02-11T16:47:00","guid":{"rendered":"https:\/\/portaltela.pt\/noticias\/2026\/02\/11\/ue-encerra-isencao-aduaneira-em-encomendas-ate-150-euros-e-cria-taxa-de-3-euros\/"},"modified":"2026-02-11T13:47:00","modified_gmt":"2026-02-11T16:47:00","slug":"ue-encerra-isencao-aduaneira-em-encomendas-ate-150-euros-e-cria-taxa-de-3-euros","status":"publish","type":"post","link":"https:\/\/portaltela.pt\/noticias\/economia\/2026\/02\/11\/ue-encerra-isencao-aduaneira-em-encomendas-ate-150-euros-e-cria-taxa-de-3-euros\/","title":{"rendered":"UE encerra isen\u00e7\u00e3o aduaneira em encomendas at\u00e9 150 euros e cria taxa de 3 euros"},"content":{"rendered":"<p>A Uni\u00e3o Europeia aprovou hoje novas regras aduaneiras para encomendas pequenas dentro do espa\u00e7o comunit\u00e1rio. A isen\u00e7\u00e3o para bens at\u00e9 150 euros foi eliminada e entrou uma taxa provis\u00f3ria de tr\u00eas euros por remessa.<\/p>\n<p>A medida, anunciada pela Comiss\u00e3o Europeia, visa igualar condi\u00e7\u00f5es entre encomendas nacionais e importadas e refor\u00e7ar a arrecada\u00e7\u00e3o de receitas. O objetivo \u00e9 reduzir abusos e simplificar procedimentos alfand\u00e1rios.<\/p>\n<p>As regras entram em vigor ap\u00f3s publica\u00e7\u00e3o oficial, com efeitos graduais conforme a tramita\u00e7\u00e3o institucional permitir. A mudan\u00e7a altera o tratamento de pequenas encomendas no entreposto da UE.<\/p>\n<h3>Impacto nas encomendas<\/h3>\n<p>A cobran\u00e7a de tr\u00eas euros aplica-se \u00e0s pequenas encomendas sujeitas a despacho aduaneiro, substituindo a isen\u00e7\u00e3o vigente para at\u00e9 150 euros. A medida afeta opera\u00e7\u00f5es de com\u00e9rcio online entre estados-membros.<\/p>\n<p>Consumidores devem esperar, a partir de ent\u00e3o, custos adicionais na chegada de encomendas, dependendo do valor e da natureza da remessa. A iniciativa busca, segundo a UE, maior transpar\u00eancia e equil\u00edbrio fiscal.<\/p>\n","protected":false},"excerpt":{"rendered":"<ul>\n<li>A Uni\u00e3o Europeia aprovou novas regras de direitos aduaneiros para pequenas encomendas no espa\u00e7o comunit\u00e1rio.<\/li>\n<li>Elimina a atual isen\u00e7\u00e3o para bens com valor at\u00e9 150 euros.<\/li>\n<li>Cria uma taxa provis\u00f3ria de tr\u00eas euros.<\/li>\n<li>As regras passam a abranger encomendas que chegam ao territ\u00f3rio da UE.<\/li>\n<li>O conte\u00fado completo est\u00e1 dispon\u00edvel apenas para subscritores.<\/li>\n<\/ul>\n","protected":false},"author":2,"featured_media":209061,"comment_status":"closed","ping_status":"closed","sticky":false,"template":"","format":"standard","meta":{"footnotes":""},"categories":[2,1],"tags":[3055,244,5807,3613,5708,2055],"class_list":["post-209056","post","type-post","status-publish","format-standard","has-post-thumbnail","hentry","category-economia","category-noticias","tag-autoridade-aduaneira","tag-comercio","tag-encomendas","tag-impostos","tag-transparencia-publica","tag-uniao-europeia"],"yoast_head":"<!-- This site is optimized with the Yoast SEO plugin v27.2 - https:\/\/yoast.com\/product\/yoast-seo-wordpress\/ -->\n<title>UE encerra isen\u00e7\u00e3o aduaneira em encomendas at\u00e9 150 euros e cria taxa de 3 euros - Portal Tela Portugal<\/title>\n<meta name=\"robots\" content=\"index, follow, max-snippet:-1, max-image-preview:large, max-video-preview:-1\" \/>\n<meta property=\"og:locale\" content=\"pt_PT\" \/>\n<meta property=\"og:type\" content=\"article\" \/>\n<meta property=\"og:title\" content=\"UE encerra isen\u00e7\u00e3o aduaneira em encomendas at\u00e9 150 euros e cria taxa de 3 euros - Portal Tela Portugal\" \/>\n<meta property=\"og:description\" content=\"A Uni\u00e3o Europeia aprovou novas regras de direitos aduaneiros para pequenas encomendas no espa\u00e7o comunit\u00e1rio. Elimina a atual isen\u00e7\u00e3o para bens com valor at\u00e9 150 euros. Cria uma taxa provis\u00f3ria de tr\u00eas euros. As regras passam a abranger encomendas que chegam ao territ\u00f3rio da UE. O conte\u00fado completo est\u00e1 dispon\u00edvel apenas para subscritores.\" \/>\n<meta property=\"og:url\" content=\"https:\/\/portaltela.pt\/noticias\/2026\/02\/11\/ue-encerra-isencao-aduaneira-em-encomendas-ate-150-euros-e-cria-taxa-de-3-euros\/\" \/>\n<meta property=\"og:site_name\" content=\"Portal Tela Portugal\" \/>\n<meta property=\"article:published_time\" content=\"2026-02-11T16:47:00+00:00\" \/>\n<meta name=\"author\" content=\"Telinha\" \/>\n<meta name=\"twitter:card\" content=\"summary_large_image\" \/>\n<meta name=\"twitter:label1\" content=\"Escrito por\" \/>\n\t<meta name=\"twitter:data1\" content=\"Telinha\" \/>\n\t<meta name=\"twitter:label2\" content=\"Tempo estimado de leitura\" \/>\n\t<meta name=\"twitter:data2\" content=\"1 minuto\" \/>\n<script type=\"application\/ld+json\" class=\"yoast-schema-graph\">{\"@context\":\"https:\/\/schema.org\",\"@graph\":[{\"@type\":\"Article\",\"@id\":\"https:\/\/portaltela.pt\/noticias\/2026\/02\/11\/ue-encerra-isencao-aduaneira-em-encomendas-ate-150-euros-e-cria-taxa-de-3-euros\/#article\",\"isPartOf\":{\"@id\":\"https:\/\/portaltela.pt\/noticias\/2026\/02\/11\/ue-encerra-isencao-aduaneira-em-encomendas-ate-150-euros-e-cria-taxa-de-3-euros\/\"},\"author\":{\"name\":\"Telinha\",\"@id\":\"https:\/\/portaltela.pt\/#\/schema\/person\/c4278d4a6028830caff9ee44b42d32ed\"},\"headline\":\"UE encerra isen\u00e7\u00e3o aduaneira em encomendas at\u00e9 150 euros e cria taxa de 3 euros\",\"datePublished\":\"2026-02-11T16:47:00+00:00\",\"mainEntityOfPage\":{\"@id\":\"https:\/\/portaltela.pt\/noticias\/2026\/02\/11\/ue-encerra-isencao-aduaneira-em-encomendas-ate-150-euros-e-cria-taxa-de-3-euros\/\"},\"wordCount\":190,\"image\":{\"@id\":\"https:\/\/portaltela.pt\/noticias\/2026\/02\/11\/ue-encerra-isencao-aduaneira-em-encomendas-ate-150-euros-e-cria-taxa-de-3-euros\/#primaryimage\"},\"thumbnailUrl\":\"https:\/\/portaltela.pt\/s.01k8rhncp4jt1\/2026\/02\/CACHE_780X1200_ANALOG_WATERMARKED_44758960_1338677_04072025112926.jpg\",\"keywords\":[\"Autoridade Aduaneira\",\"com\u00e9rcio\",\"encomendas\",\"impostos\",\"transpar\u00eancia p\u00fablica\",\"Uni\u00e3o Europeia\"],\"articleSection\":[\"Economia\",\"Not\u00edcias\"],\"inLanguage\":\"pt-PT\"},{\"@type\":\"WebPage\",\"@id\":\"https:\/\/portaltela.pt\/noticias\/2026\/02\/11\/ue-encerra-isencao-aduaneira-em-encomendas-ate-150-euros-e-cria-taxa-de-3-euros\/\",\"url\":\"https:\/\/portaltela.pt\/noticias\/2026\/02\/11\/ue-encerra-isencao-aduaneira-em-encomendas-ate-150-euros-e-cria-taxa-de-3-euros\/\",\"name\":\"UE encerra isen\u00e7\u00e3o aduaneira em encomendas at\u00e9 150 euros e cria taxa de 3 euros - Portal Tela Portugal\",\"isPartOf\":{\"@id\":\"https:\/\/portaltela.pt\/#website\"},\"primaryImageOfPage\":{\"@id\":\"https:\/\/portaltela.pt\/noticias\/2026\/02\/11\/ue-encerra-isencao-aduaneira-em-encomendas-ate-150-euros-e-cria-taxa-de-3-euros\/#primaryimage\"},\"image\":{\"@id\":\"https:\/\/portaltela.pt\/noticias\/2026\/02\/11\/ue-encerra-isencao-aduaneira-em-encomendas-ate-150-euros-e-cria-taxa-de-3-euros\/#primaryimage\"},\"thumbnailUrl\":\"https:\/\/portaltela.pt\/s.01k8rhncp4jt1\/2026\/02\/CACHE_780X1200_ANALOG_WATERMARKED_44758960_1338677_04072025112926.jpg\",\"datePublished\":\"2026-02-11T16:47:00+00:00\",\"author\":{\"@id\":\"https:\/\/portaltela.pt\/#\/schema\/person\/c4278d4a6028830caff9ee44b42d32ed\"},\"breadcrumb\":{\"@id\":\"https:\/\/portaltela.pt\/noticias\/2026\/02\/11\/ue-encerra-isencao-aduaneira-em-encomendas-ate-150-euros-e-cria-taxa-de-3-euros\/#breadcrumb\"},\"inLanguage\":\"pt-PT\",\"potentialAction\":[{\"@type\":\"ReadAction\",\"target\":[\"https:\/\/portaltela.pt\/noticias\/2026\/02\/11\/ue-encerra-isencao-aduaneira-em-encomendas-ate-150-euros-e-cria-taxa-de-3-euros\/\"]}]},{\"@type\":\"ImageObject\",\"inLanguage\":\"pt-PT\",\"@id\":\"https:\/\/portaltela.pt\/noticias\/2026\/02\/11\/ue-encerra-isencao-aduaneira-em-encomendas-ate-150-euros-e-cria-taxa-de-3-euros\/#primaryimage\",\"url\":\"https:\/\/portaltela.pt\/s.01k8rhncp4jt1\/2026\/02\/CACHE_780X1200_ANALOG_WATERMARKED_44758960_1338677_04072025112926.jpg\",\"contentUrl\":\"https:\/\/portaltela.pt\/s.01k8rhncp4jt1\/2026\/02\/CACHE_780X1200_ANALOG_WATERMARKED_44758960_1338677_04072025112926.jpg\",\"width\":796,\"height\":448,\"caption\":\"UE acaba com isen\u00e7\u00e3o aduaneira nas encomendas at\u00e9 150 euros e cria taxa de tr\u00eas euros\"},{\"@type\":\"BreadcrumbList\",\"@id\":\"https:\/\/portaltela.pt\/noticias\/2026\/02\/11\/ue-encerra-isencao-aduaneira-em-encomendas-ate-150-euros-e-cria-taxa-de-3-euros\/#breadcrumb\",\"itemListElement\":[{\"@type\":\"ListItem\",\"position\":1,\"name\":\"In\u00edcio\",\"item\":\"https:\/\/portaltela.pt\/\"},{\"@type\":\"ListItem\",\"position\":2,\"name\":\"UE encerra isen\u00e7\u00e3o aduaneira em encomendas at\u00e9 150 euros e cria taxa de 3 euros\"}]},{\"@type\":\"WebSite\",\"@id\":\"https:\/\/portaltela.pt\/#website\",\"url\":\"https:\/\/portaltela.pt\/\",\"name\":\"Portal Tela Portugal\",\"description\":\"\",\"potentialAction\":[{\"@type\":\"SearchAction\",\"target\":{\"@type\":\"EntryPoint\",\"urlTemplate\":\"https:\/\/portaltela.pt\/?s={search_term_string}\"},\"query-input\":{\"@type\":\"PropertyValueSpecification\",\"valueRequired\":true,\"valueName\":\"search_term_string\"}}],\"inLanguage\":\"pt-PT\"},{\"@type\":\"Person\",\"@id\":\"https:\/\/portaltela.pt\/#\/schema\/person\/c4278d4a6028830caff9ee44b42d32ed\",\"name\":\"Telinha\",\"image\":{\"@type\":\"ImageObject\",\"inLanguage\":\"pt-PT\",\"@id\":\"https:\/\/portaltela.pt\/s.01k8rhncp4jt1\/2025\/11\/talking-bot-125x125.png\",\"url\":\"https:\/\/portaltela.pt\/s.01k8rhncp4jt1\/2025\/11\/talking-bot-125x125.png\",\"contentUrl\":\"https:\/\/portaltela.pt\/s.01k8rhncp4jt1\/2025\/11\/talking-bot-125x125.png\",\"caption\":\"Telinha\"},\"sameAs\":[\"https:\/\/portaltela.pt\/\"],\"url\":\"https:\/\/portaltela.pt\/por\/367410592786\/\"}]}<\/script>\n<!-- \/ Yoast SEO plugin. -->","yoast_head_json":{"title":"UE encerra isen\u00e7\u00e3o aduaneira em encomendas at\u00e9 150 euros e cria taxa de 3 euros - Portal Tela Portugal","robots":{"index":"index","follow":"follow","max-snippet":"max-snippet:-1","max-image-preview":"max-image-preview:large","max-video-preview":"max-video-preview:-1"},"og_locale":"pt_PT","og_type":"article","og_title":"UE encerra isen\u00e7\u00e3o aduaneira em encomendas at\u00e9 150 euros e cria taxa de 3 euros - Portal Tela Portugal","og_description":"A Uni\u00e3o Europeia aprovou novas regras de direitos aduaneiros para pequenas encomendas no espa\u00e7o comunit\u00e1rio. Elimina a atual isen\u00e7\u00e3o para bens com valor at\u00e9 150 euros. Cria uma taxa provis\u00f3ria de tr\u00eas euros. As regras passam a abranger encomendas que chegam ao territ\u00f3rio da UE. O conte\u00fado completo est\u00e1 dispon\u00edvel apenas para subscritores.","og_url":"https:\/\/portaltela.pt\/noticias\/2026\/02\/11\/ue-encerra-isencao-aduaneira-em-encomendas-ate-150-euros-e-cria-taxa-de-3-euros\/","og_site_name":"Portal Tela Portugal","article_published_time":"2026-02-11T16:47:00+00:00","author":"Telinha","twitter_card":"summary_large_image","twitter_misc":{"Escrito por":"Telinha","Tempo estimado de leitura":"1 minuto"},"schema":{"@context":"https:\/\/schema.org","@graph":[{"@type":"Article","@id":"https:\/\/portaltela.pt\/noticias\/2026\/02\/11\/ue-encerra-isencao-aduaneira-em-encomendas-ate-150-euros-e-cria-taxa-de-3-euros\/#article","isPartOf":{"@id":"https:\/\/portaltela.pt\/noticias\/2026\/02\/11\/ue-encerra-isencao-aduaneira-em-encomendas-ate-150-euros-e-cria-taxa-de-3-euros\/"},"author":{"name":"Telinha","@id":"https:\/\/portaltela.pt\/#\/schema\/person\/c4278d4a6028830caff9ee44b42d32ed"},"headline":"UE encerra isen\u00e7\u00e3o aduaneira em encomendas at\u00e9 150 euros e cria taxa de 3 euros","datePublished":"2026-02-11T16:47:00+00:00","mainEntityOfPage":{"@id":"https:\/\/portaltela.pt\/noticias\/2026\/02\/11\/ue-encerra-isencao-aduaneira-em-encomendas-ate-150-euros-e-cria-taxa-de-3-euros\/"},"wordCount":190,"image":{"@id":"https:\/\/portaltela.pt\/noticias\/2026\/02\/11\/ue-encerra-isencao-aduaneira-em-encomendas-ate-150-euros-e-cria-taxa-de-3-euros\/#primaryimage"},"thumbnailUrl":"https:\/\/portaltela.pt\/s.01k8rhncp4jt1\/2026\/02\/CACHE_780X1200_ANALOG_WATERMARKED_44758960_1338677_04072025112926.jpg","keywords":["Autoridade Aduaneira","com\u00e9rcio","encomendas","impostos","transpar\u00eancia p\u00fablica","Uni\u00e3o Europeia"],"articleSection":["Economia","Not\u00edcias"],"inLanguage":"pt-PT"},{"@type":"WebPage","@id":"https:\/\/portaltela.pt\/noticias\/2026\/02\/11\/ue-encerra-isencao-aduaneira-em-encomendas-ate-150-euros-e-cria-taxa-de-3-euros\/","url":"https:\/\/portaltela.pt\/noticias\/2026\/02\/11\/ue-encerra-isencao-aduaneira-em-encomendas-ate-150-euros-e-cria-taxa-de-3-euros\/","name":"UE encerra isen\u00e7\u00e3o aduaneira em encomendas at\u00e9 150 euros e cria taxa de 3 euros - Portal Tela Portugal","isPartOf":{"@id":"https:\/\/portaltela.pt\/#website"},"primaryImageOfPage":{"@id":"https:\/\/portaltela.pt\/noticias\/2026\/02\/11\/ue-encerra-isencao-aduaneira-em-encomendas-ate-150-euros-e-cria-taxa-de-3-euros\/#primaryimage"},"image":{"@id":"https:\/\/portaltela.pt\/noticias\/2026\/02\/11\/ue-encerra-isencao-aduaneira-em-encomendas-ate-150-euros-e-cria-taxa-de-3-euros\/#primaryimage"},"thumbnailUrl":"https:\/\/portaltela.pt\/s.01k8rhncp4jt1\/2026\/02\/CACHE_780X1200_ANALOG_WATERMARKED_44758960_1338677_04072025112926.jpg","datePublished":"2026-02-11T16:47:00+00:00","author":{"@id":"https:\/\/portaltela.pt\/#\/schema\/person\/c4278d4a6028830caff9ee44b42d32ed"},"breadcrumb":{"@id":"https:\/\/portaltela.pt\/noticias\/2026\/02\/11\/ue-encerra-isencao-aduaneira-em-encomendas-ate-150-euros-e-cria-taxa-de-3-euros\/#breadcrumb"},"inLanguage":"pt-PT","potentialAction":[{"@type":"ReadAction","target":["https:\/\/portaltela.pt\/noticias\/2026\/02\/11\/ue-encerra-isencao-aduaneira-em-encomendas-ate-150-euros-e-cria-taxa-de-3-euros\/"]}]},{"@type":"ImageObject","inLanguage":"pt-PT","@id":"https:\/\/portaltela.pt\/noticias\/2026\/02\/11\/ue-encerra-isencao-aduaneira-em-encomendas-ate-150-euros-e-cria-taxa-de-3-euros\/#primaryimage","url":"https:\/\/portaltela.pt\/s.01k8rhncp4jt1\/2026\/02\/CACHE_780X1200_ANALOG_WATERMARKED_44758960_1338677_04072025112926.jpg","contentUrl":"https:\/\/portaltela.pt\/s.01k8rhncp4jt1\/2026\/02\/CACHE_780X1200_ANALOG_WATERMARKED_44758960_1338677_04072025112926.jpg","width":796,"height":448,"caption":"UE acaba com isen\u00e7\u00e3o aduaneira nas encomendas at\u00e9 150 euros e cria taxa de tr\u00eas euros"},{"@type":"BreadcrumbList","@id":"https:\/\/portaltela.pt\/noticias\/2026\/02\/11\/ue-encerra-isencao-aduaneira-em-encomendas-ate-150-euros-e-cria-taxa-de-3-euros\/#breadcrumb","itemListElement":[{"@type":"ListItem","position":1,"name":"In\u00edcio","item":"https:\/\/portaltela.pt\/"},{"@type":"ListItem","position":2,"name":"UE encerra isen\u00e7\u00e3o aduaneira em encomendas at\u00e9 150 euros e cria taxa de 3 euros"}]},{"@type":"WebSite","@id":"https:\/\/portaltela.pt\/#website","url":"https:\/\/portaltela.pt\/","name":"Portal Tela Portugal","description":"","potentialAction":[{"@type":"SearchAction","target":{"@type":"EntryPoint","urlTemplate":"https:\/\/portaltela.pt\/?s={search_term_string}"},"query-input":{"@type":"PropertyValueSpecification","valueRequired":true,"valueName":"search_term_string"}}],"inLanguage":"pt-PT"},{"@type":"Person","@id":"https:\/\/portaltela.pt\/#\/schema\/person\/c4278d4a6028830caff9ee44b42d32ed","name":"Telinha","image":{"@type":"ImageObject","inLanguage":"pt-PT","@id":"https:\/\/portaltela.pt\/s.01k8rhncp4jt1\/2025\/11\/talking-bot-125x125.png","url":"https:\/\/portaltela.pt\/s.01k8rhncp4jt1\/2025\/11\/talking-bot-125x125.png","contentUrl":"https:\/\/portaltela.pt\/s.01k8rhncp4jt1\/2025\/11\/talking-bot-125x125.png","caption":"Telinha"},"sameAs":["https:\/\/portaltela.pt\/"],"url":"https:\/\/portaltela.pt\/por\/367410592786\/"}]}},"_links":{"self":[{"href":"https:\/\/portaltela.pt\/api\/wp\/v2\/posts\/209056","targetHints":{"allow":["GET"]}}],"collection":[{"href":"https:\/\/portaltela.pt\/api\/wp\/v2\/posts"}],"about":[{"href":"https:\/\/portaltela.pt\/api\/wp\/v2\/types\/post"}],"author":[{"embeddable":true,"href":"https:\/\/portaltela.pt\/api\/wp\/v2\/users\/2"}],"replies":[{"embeddable":true,"href":"https:\/\/portaltela.pt\/api\/wp\/v2\/comments?post=209056"}],"version-history":[{"count":0,"href":"https:\/\/portaltela.pt\/api\/wp\/v2\/posts\/209056\/revisions"}],"wp:featuredmedia":[{"embeddable":true,"href":"https:\/\/portaltela.pt\/api\/wp\/v2\/media\/209061"}],"wp:attachment":[{"href":"https:\/\/portaltela.pt\/api\/wp\/v2\/media?parent=209056"}],"wp:term":[{"taxonomy":"category","embeddable":true,"href":"https:\/\/portaltela.pt\/api\/wp\/v2\/categories?post=209056"},{"taxonomy":"post_tag","embeddable":true,"href":"https:\/\/portaltela.pt\/api\/wp\/v2\/tags?post=209056"}],"curies":[{"name":"wp","href":"https:\/\/api.w.org\/{rel}","templated":true}]}}