{"id":209028,"date":"2026-02-11T20:39:51","date_gmt":"2026-02-11T23:39:51","guid":{"rendered":"https:\/\/portaltela.pt\/noticias\/2026\/02\/11\/barcelona-foge-ao-vento-antes-da-meia-final-da-taca-do-rei\/"},"modified":"2026-02-11T20:39:51","modified_gmt":"2026-02-11T23:39:51","slug":"barcelona-foge-ao-vento-antes-da-meia-final-da-taca-do-rei","status":"publish","type":"post","link":"https:\/\/portaltela.pt\/desporto\/futebol\/2026\/02\/11\/barcelona-foge-ao-vento-antes-da-meia-final-da-taca-do-rei\/","title":{"rendered":"Barcelona foge ao vento antes da meia-final da Ta\u00e7a do Rei"},"content":{"rendered":"<p>O Barcelona mitigou o atraso causado pelo mau tempo e alterou os planos a \u00faltimo momento. A equipa catal\u00e3 defronta hoje o Atl\u00e9tico Madrid na primeira m\u00e3o da meia-final da Ta\u00e7a do Rei, marcada para a capital espanhola.<\/p>\n<p>Inicialmente prevista para viajar hoje de manh\u00e3, a comitiva blaugrana seguiu viagem na noite anterior, ap\u00f3s o alerta da Prote\u00e7\u00e3o Civil sobre temporal na Catalunha com rajadas de vento que podem ultrapassar os 100 km\/h.<\/p>\n<p>O t\u00e9cnico Hansi Flick respondeu \u00e0 imprensa sobre cr\u00edticas de suposta facilidade por n\u00e3o enfrentar equipas da La Liga. O treinador enfatizou que \u00e9 preciso respeitar todas as equipas da Ta\u00e7a, incluindo as da divis\u00e3o secund\u00e1ria, citando exemplos recentes.<\/p>\n<p>O Atl\u00e9tico Madrid aposta forte na Ta\u00e7a, vendo no duelo uma oportunidade diante de um cen\u00e1rio de 13 pontos de atraso no campeonato para o l\u00edder Barcelona. Diego Simeone afirmou que jogar em casa implica vencer, como objetivo principal.<\/p>\n<h3>Real Sociedad vence o Ath. Bilbao e aproxima-se da final<\/h3>\n<p>Gon\u00e7alo Guedes confirmou o bom momento ao assistir Turrientes para o golo aos 62 minutos, numa vit\u00f3ria da Real Sociedad frente ao Athletic Bilbao (1-0). O extremo soma 8 golos ou assist\u00eancias em 9 jogos pela equipa basca em 2026, em todas as competi\u00e7\u00f5es.<\/p>\n<p>A equipa basca continua em posi\u00e7\u00e3o favor\u00e1vel na Ta\u00e7a do Rei, com Guedes a manter influ\u00eancia decisiva nos momentos-chave do jogo. A vit\u00f3ria coloca a Real Sociedad numa posi\u00e7\u00e3o pr\u00f3xima da final, com agenda aberta para o que resta da competi\u00e7\u00e3o.<\/p>\n","protected":false},"excerpt":{"rendered":"<ul>\n<li>O Barcelona mudou planos de viagem e efetuou a desloca\u00e7\u00e3o ontem \u00e0 noite para enfrentar o Atl\u00e9tico Madrid na primeira m\u00e3o da meia-final da Ta\u00e7a do Rei, devido ao temporal na Catalunha.<\/li>\n<li>O encontro, marcado para esta noite, confronta-se com previs\u00f5es de rajadas de vento superiores a cem quil\u00f3metros por hora.<\/li>\n<li>O treinador do Barcelona, Hansi Flick, questionou a ideia de o clube chegar \u00e0s meias-finais sem enfrentar equipas da La Liga, referindo que \u00e9 preciso respeitar todas as advers\u00e1rias na Ta\u00e7a.<\/li>\n<li>O Atl\u00e9tico Madrid aposta na vit\u00f3ria em casa para manter vivo o sonho da competi\u00e7\u00e3o, apesar de estar a 13 pontos do l\u00edder no campeonato.<\/li>\n<li>Na mesma jornada, a Real Sociedad venceu o Athletic Bilbao por 1-0, com Gon\u00e7alo Guedes a assistir no golo de Turrientes aos 62 minutos.<\/li>\n<\/ul>\n","protected":false},"author":2,"featured_media":209029,"comment_status":"closed","ping_status":"closed","sticky":false,"template":"","format":"standard","meta":{"footnotes":""},"categories":[21,24],"tags":[2588,3341,2587,32,1789,3083],"class_list":["post-209028","post","type-post","status-publish","format-standard","has-post-thumbnail","hentry","category-desporto","category-futebol","tag-athletic-bilbao","tag-atletico-madrid","tag-barcelona","tag-futebol","tag-la-liga","tag-real-sociedad"],"yoast_head":"<!-- This site is optimized with the Yoast SEO plugin v27.2 - https:\/\/yoast.com\/product\/yoast-seo-wordpress\/ -->\n<title>Barcelona foge ao vento antes da meia-final da Ta\u00e7a do Rei - Portal Tela Portugal<\/title>\n<meta name=\"robots\" content=\"index, follow, max-snippet:-1, max-image-preview:large, max-video-preview:-1\" \/>\n<meta property=\"og:locale\" content=\"pt_PT\" \/>\n<meta property=\"og:type\" content=\"article\" \/>\n<meta property=\"og:title\" content=\"Barcelona foge ao vento antes da meia-final da Ta\u00e7a do Rei - Portal Tela Portugal\" \/>\n<meta property=\"og:description\" content=\"O Barcelona mudou planos de viagem e efetuou a desloca\u00e7\u00e3o ontem \u00e0 noite para enfrentar o Atl\u00e9tico Madrid na primeira m\u00e3o da meia-final da Ta\u00e7a do Rei, devido ao temporal na Catalunha. O encontro, marcado para esta noite, confronta-se com previs\u00f5es de rajadas de vento superiores a cem quil\u00f3metros por hora. O treinador do Barcelona, Hansi Flick, questionou a ideia de o clube chegar \u00e0s meias-finais sem enfrentar equipas da La Liga, referindo que \u00e9 preciso respeitar todas as advers\u00e1rias na Ta\u00e7a. O Atl\u00e9tico Madrid aposta na vit\u00f3ria em casa para manter vivo o sonho da competi\u00e7\u00e3o, apesar de estar a 13 pontos do l\u00edder no campeonato. Na mesma jornada, a Real Sociedad venceu o Athletic Bilbao por 1-0, com Gon\u00e7alo Guedes a assistir no golo de Turrientes aos 62 minutos.\" \/>\n<meta property=\"og:url\" content=\"https:\/\/portaltela.pt\/noticias\/2026\/02\/11\/barcelona-foge-ao-vento-antes-da-meia-final-da-taca-do-rei\/\" \/>\n<meta property=\"og:site_name\" content=\"Portal Tela Portugal\" \/>\n<meta property=\"article:published_time\" content=\"2026-02-11T23:39:51+00:00\" \/>\n<meta name=\"author\" content=\"Telinha\" \/>\n<meta name=\"twitter:card\" content=\"summary_large_image\" \/>\n<meta name=\"twitter:label1\" content=\"Escrito por\" \/>\n\t<meta name=\"twitter:data1\" content=\"Telinha\" \/>\n\t<meta name=\"twitter:label2\" content=\"Tempo estimado de leitura\" \/>\n\t<meta name=\"twitter:data2\" content=\"1 minuto\" \/>\n<script type=\"application\/ld+json\" class=\"yoast-schema-graph\">{\"@context\":\"https:\/\/schema.org\",\"@graph\":[{\"@type\":\"Article\",\"@id\":\"https:\/\/portaltela.pt\/noticias\/2026\/02\/11\/barcelona-foge-ao-vento-antes-da-meia-final-da-taca-do-rei\/#article\",\"isPartOf\":{\"@id\":\"https:\/\/portaltela.pt\/noticias\/2026\/02\/11\/barcelona-foge-ao-vento-antes-da-meia-final-da-taca-do-rei\/\"},\"author\":{\"name\":\"Telinha\",\"@id\":\"https:\/\/portaltela.pt\/#\/schema\/person\/c4278d4a6028830caff9ee44b42d32ed\"},\"headline\":\"Barcelona foge ao vento antes da meia-final da Ta\u00e7a do Rei\",\"datePublished\":\"2026-02-11T23:39:51+00:00\",\"mainEntityOfPage\":{\"@id\":\"https:\/\/portaltela.pt\/noticias\/2026\/02\/11\/barcelona-foge-ao-vento-antes-da-meia-final-da-taca-do-rei\/\"},\"wordCount\":278,\"image\":{\"@id\":\"https:\/\/portaltela.pt\/noticias\/2026\/02\/11\/barcelona-foge-ao-vento-antes-da-meia-final-da-taca-do-rei\/#primaryimage\"},\"thumbnailUrl\":\"https:\/\/portaltela.pt\/s.01k8rhncp4jt1\/2026\/02\/img_920x518uu2026-02-11-23-38-50-2421082.jpg\",\"keywords\":[\"Athletic Bilbao\",\"Atl\u00e9tico Madrid\",\"Barcelona\",\"futebol\",\"La Liga\",\"Real Sociedad\"],\"articleSection\":[\"Desporto\",\"Futebol\"],\"inLanguage\":\"pt-PT\"},{\"@type\":\"WebPage\",\"@id\":\"https:\/\/portaltela.pt\/noticias\/2026\/02\/11\/barcelona-foge-ao-vento-antes-da-meia-final-da-taca-do-rei\/\",\"url\":\"https:\/\/portaltela.pt\/noticias\/2026\/02\/11\/barcelona-foge-ao-vento-antes-da-meia-final-da-taca-do-rei\/\",\"name\":\"Barcelona foge ao vento antes da meia-final da Ta\u00e7a do Rei - Portal Tela Portugal\",\"isPartOf\":{\"@id\":\"https:\/\/portaltela.pt\/#website\"},\"primaryImageOfPage\":{\"@id\":\"https:\/\/portaltela.pt\/noticias\/2026\/02\/11\/barcelona-foge-ao-vento-antes-da-meia-final-da-taca-do-rei\/#primaryimage\"},\"image\":{\"@id\":\"https:\/\/portaltela.pt\/noticias\/2026\/02\/11\/barcelona-foge-ao-vento-antes-da-meia-final-da-taca-do-rei\/#primaryimage\"},\"thumbnailUrl\":\"https:\/\/portaltela.pt\/s.01k8rhncp4jt1\/2026\/02\/img_920x518uu2026-02-11-23-38-50-2421082.jpg\",\"datePublished\":\"2026-02-11T23:39:51+00:00\",\"author\":{\"@id\":\"https:\/\/portaltela.pt\/#\/schema\/person\/c4278d4a6028830caff9ee44b42d32ed\"},\"breadcrumb\":{\"@id\":\"https:\/\/portaltela.pt\/noticias\/2026\/02\/11\/barcelona-foge-ao-vento-antes-da-meia-final-da-taca-do-rei\/#breadcrumb\"},\"inLanguage\":\"pt-PT\",\"potentialAction\":[{\"@type\":\"ReadAction\",\"target\":[\"https:\/\/portaltela.pt\/noticias\/2026\/02\/11\/barcelona-foge-ao-vento-antes-da-meia-final-da-taca-do-rei\/\"]}]},{\"@type\":\"ImageObject\",\"inLanguage\":\"pt-PT\",\"@id\":\"https:\/\/portaltela.pt\/noticias\/2026\/02\/11\/barcelona-foge-ao-vento-antes-da-meia-final-da-taca-do-rei\/#primaryimage\",\"url\":\"https:\/\/portaltela.pt\/s.01k8rhncp4jt1\/2026\/02\/img_920x518uu2026-02-11-23-38-50-2421082.jpg\",\"contentUrl\":\"https:\/\/portaltela.pt\/s.01k8rhncp4jt1\/2026\/02\/img_920x518uu2026-02-11-23-38-50-2421082.jpg\",\"width\":796,\"height\":448,\"caption\":\"Jules Kound\u00e9 durante o treino na v\u00e9spera do cl\u00e1ssico\"},{\"@type\":\"BreadcrumbList\",\"@id\":\"https:\/\/portaltela.pt\/noticias\/2026\/02\/11\/barcelona-foge-ao-vento-antes-da-meia-final-da-taca-do-rei\/#breadcrumb\",\"itemListElement\":[{\"@type\":\"ListItem\",\"position\":1,\"name\":\"In\u00edcio\",\"item\":\"https:\/\/portaltela.pt\/\"},{\"@type\":\"ListItem\",\"position\":2,\"name\":\"Barcelona foge ao vento antes da meia-final da Ta\u00e7a do Rei\"}]},{\"@type\":\"WebSite\",\"@id\":\"https:\/\/portaltela.pt\/#website\",\"url\":\"https:\/\/portaltela.pt\/\",\"name\":\"Portal Tela Portugal\",\"description\":\"\",\"potentialAction\":[{\"@type\":\"SearchAction\",\"target\":{\"@type\":\"EntryPoint\",\"urlTemplate\":\"https:\/\/portaltela.pt\/?s={search_term_string}\"},\"query-input\":{\"@type\":\"PropertyValueSpecification\",\"valueRequired\":true,\"valueName\":\"search_term_string\"}}],\"inLanguage\":\"pt-PT\"},{\"@type\":\"Person\",\"@id\":\"https:\/\/portaltela.pt\/#\/schema\/person\/c4278d4a6028830caff9ee44b42d32ed\",\"name\":\"Telinha\",\"image\":{\"@type\":\"ImageObject\",\"inLanguage\":\"pt-PT\",\"@id\":\"https:\/\/portaltela.pt\/s.01k8rhncp4jt1\/2025\/11\/talking-bot-125x125.png\",\"url\":\"https:\/\/portaltela.pt\/s.01k8rhncp4jt1\/2025\/11\/talking-bot-125x125.png\",\"contentUrl\":\"https:\/\/portaltela.pt\/s.01k8rhncp4jt1\/2025\/11\/talking-bot-125x125.png\",\"caption\":\"Telinha\"},\"sameAs\":[\"https:\/\/portaltela.pt\/\"],\"url\":\"https:\/\/portaltela.pt\/por\/367410592786\/\"}]}<\/script>\n<!-- \/ Yoast SEO plugin. -->","yoast_head_json":{"title":"Barcelona foge ao vento antes da meia-final da Ta\u00e7a do Rei - Portal Tela Portugal","robots":{"index":"index","follow":"follow","max-snippet":"max-snippet:-1","max-image-preview":"max-image-preview:large","max-video-preview":"max-video-preview:-1"},"og_locale":"pt_PT","og_type":"article","og_title":"Barcelona foge ao vento antes da meia-final da Ta\u00e7a do Rei - Portal Tela Portugal","og_description":"O Barcelona mudou planos de viagem e efetuou a desloca\u00e7\u00e3o ontem \u00e0 noite para enfrentar o Atl\u00e9tico Madrid na primeira m\u00e3o da meia-final da Ta\u00e7a do Rei, devido ao temporal na Catalunha. O encontro, marcado para esta noite, confronta-se com previs\u00f5es de rajadas de vento superiores a cem quil\u00f3metros por hora. O treinador do Barcelona, Hansi Flick, questionou a ideia de o clube chegar \u00e0s meias-finais sem enfrentar equipas da La Liga, referindo que \u00e9 preciso respeitar todas as advers\u00e1rias na Ta\u00e7a. O Atl\u00e9tico Madrid aposta na vit\u00f3ria em casa para manter vivo o sonho da competi\u00e7\u00e3o, apesar de estar a 13 pontos do l\u00edder no campeonato. Na mesma jornada, a Real Sociedad venceu o Athletic Bilbao por 1-0, com Gon\u00e7alo Guedes a assistir no golo de Turrientes aos 62 minutos.","og_url":"https:\/\/portaltela.pt\/noticias\/2026\/02\/11\/barcelona-foge-ao-vento-antes-da-meia-final-da-taca-do-rei\/","og_site_name":"Portal Tela Portugal","article_published_time":"2026-02-11T23:39:51+00:00","author":"Telinha","twitter_card":"summary_large_image","twitter_misc":{"Escrito por":"Telinha","Tempo estimado de leitura":"1 minuto"},"schema":{"@context":"https:\/\/schema.org","@graph":[{"@type":"Article","@id":"https:\/\/portaltela.pt\/noticias\/2026\/02\/11\/barcelona-foge-ao-vento-antes-da-meia-final-da-taca-do-rei\/#article","isPartOf":{"@id":"https:\/\/portaltela.pt\/noticias\/2026\/02\/11\/barcelona-foge-ao-vento-antes-da-meia-final-da-taca-do-rei\/"},"author":{"name":"Telinha","@id":"https:\/\/portaltela.pt\/#\/schema\/person\/c4278d4a6028830caff9ee44b42d32ed"},"headline":"Barcelona foge ao vento antes da meia-final da Ta\u00e7a do Rei","datePublished":"2026-02-11T23:39:51+00:00","mainEntityOfPage":{"@id":"https:\/\/portaltela.pt\/noticias\/2026\/02\/11\/barcelona-foge-ao-vento-antes-da-meia-final-da-taca-do-rei\/"},"wordCount":278,"image":{"@id":"https:\/\/portaltela.pt\/noticias\/2026\/02\/11\/barcelona-foge-ao-vento-antes-da-meia-final-da-taca-do-rei\/#primaryimage"},"thumbnailUrl":"https:\/\/portaltela.pt\/s.01k8rhncp4jt1\/2026\/02\/img_920x518uu2026-02-11-23-38-50-2421082.jpg","keywords":["Athletic Bilbao","Atl\u00e9tico Madrid","Barcelona","futebol","La Liga","Real Sociedad"],"articleSection":["Desporto","Futebol"],"inLanguage":"pt-PT"},{"@type":"WebPage","@id":"https:\/\/portaltela.pt\/noticias\/2026\/02\/11\/barcelona-foge-ao-vento-antes-da-meia-final-da-taca-do-rei\/","url":"https:\/\/portaltela.pt\/noticias\/2026\/02\/11\/barcelona-foge-ao-vento-antes-da-meia-final-da-taca-do-rei\/","name":"Barcelona foge ao vento antes da meia-final da Ta\u00e7a do Rei - Portal Tela Portugal","isPartOf":{"@id":"https:\/\/portaltela.pt\/#website"},"primaryImageOfPage":{"@id":"https:\/\/portaltela.pt\/noticias\/2026\/02\/11\/barcelona-foge-ao-vento-antes-da-meia-final-da-taca-do-rei\/#primaryimage"},"image":{"@id":"https:\/\/portaltela.pt\/noticias\/2026\/02\/11\/barcelona-foge-ao-vento-antes-da-meia-final-da-taca-do-rei\/#primaryimage"},"thumbnailUrl":"https:\/\/portaltela.pt\/s.01k8rhncp4jt1\/2026\/02\/img_920x518uu2026-02-11-23-38-50-2421082.jpg","datePublished":"2026-02-11T23:39:51+00:00","author":{"@id":"https:\/\/portaltela.pt\/#\/schema\/person\/c4278d4a6028830caff9ee44b42d32ed"},"breadcrumb":{"@id":"https:\/\/portaltela.pt\/noticias\/2026\/02\/11\/barcelona-foge-ao-vento-antes-da-meia-final-da-taca-do-rei\/#breadcrumb"},"inLanguage":"pt-PT","potentialAction":[{"@type":"ReadAction","target":["https:\/\/portaltela.pt\/noticias\/2026\/02\/11\/barcelona-foge-ao-vento-antes-da-meia-final-da-taca-do-rei\/"]}]},{"@type":"ImageObject","inLanguage":"pt-PT","@id":"https:\/\/portaltela.pt\/noticias\/2026\/02\/11\/barcelona-foge-ao-vento-antes-da-meia-final-da-taca-do-rei\/#primaryimage","url":"https:\/\/portaltela.pt\/s.01k8rhncp4jt1\/2026\/02\/img_920x518uu2026-02-11-23-38-50-2421082.jpg","contentUrl":"https:\/\/portaltela.pt\/s.01k8rhncp4jt1\/2026\/02\/img_920x518uu2026-02-11-23-38-50-2421082.jpg","width":796,"height":448,"caption":"Jules Kound\u00e9 durante o treino na v\u00e9spera do cl\u00e1ssico"},{"@type":"BreadcrumbList","@id":"https:\/\/portaltela.pt\/noticias\/2026\/02\/11\/barcelona-foge-ao-vento-antes-da-meia-final-da-taca-do-rei\/#breadcrumb","itemListElement":[{"@type":"ListItem","position":1,"name":"In\u00edcio","item":"https:\/\/portaltela.pt\/"},{"@type":"ListItem","position":2,"name":"Barcelona foge ao vento antes da meia-final da Ta\u00e7a do Rei"}]},{"@type":"WebSite","@id":"https:\/\/portaltela.pt\/#website","url":"https:\/\/portaltela.pt\/","name":"Portal Tela Portugal","description":"","potentialAction":[{"@type":"SearchAction","target":{"@type":"EntryPoint","urlTemplate":"https:\/\/portaltela.pt\/?s={search_term_string}"},"query-input":{"@type":"PropertyValueSpecification","valueRequired":true,"valueName":"search_term_string"}}],"inLanguage":"pt-PT"},{"@type":"Person","@id":"https:\/\/portaltela.pt\/#\/schema\/person\/c4278d4a6028830caff9ee44b42d32ed","name":"Telinha","image":{"@type":"ImageObject","inLanguage":"pt-PT","@id":"https:\/\/portaltela.pt\/s.01k8rhncp4jt1\/2025\/11\/talking-bot-125x125.png","url":"https:\/\/portaltela.pt\/s.01k8rhncp4jt1\/2025\/11\/talking-bot-125x125.png","contentUrl":"https:\/\/portaltela.pt\/s.01k8rhncp4jt1\/2025\/11\/talking-bot-125x125.png","caption":"Telinha"},"sameAs":["https:\/\/portaltela.pt\/"],"url":"https:\/\/portaltela.pt\/por\/367410592786\/"}]}},"_links":{"self":[{"href":"https:\/\/portaltela.pt\/api\/wp\/v2\/posts\/209028","targetHints":{"allow":["GET"]}}],"collection":[{"href":"https:\/\/portaltela.pt\/api\/wp\/v2\/posts"}],"about":[{"href":"https:\/\/portaltela.pt\/api\/wp\/v2\/types\/post"}],"author":[{"embeddable":true,"href":"https:\/\/portaltela.pt\/api\/wp\/v2\/users\/2"}],"replies":[{"embeddable":true,"href":"https:\/\/portaltela.pt\/api\/wp\/v2\/comments?post=209028"}],"version-history":[{"count":0,"href":"https:\/\/portaltela.pt\/api\/wp\/v2\/posts\/209028\/revisions"}],"wp:featuredmedia":[{"embeddable":true,"href":"https:\/\/portaltela.pt\/api\/wp\/v2\/media\/209029"}],"wp:attachment":[{"href":"https:\/\/portaltela.pt\/api\/wp\/v2\/media?parent=209028"}],"wp:term":[{"taxonomy":"category","embeddable":true,"href":"https:\/\/portaltela.pt\/api\/wp\/v2\/categories?post=209028"},{"taxonomy":"post_tag","embeddable":true,"href":"https:\/\/portaltela.pt\/api\/wp\/v2\/tags?post=209028"}],"curies":[{"name":"wp","href":"https:\/\/api.w.org\/{rel}","templated":true}]}}