{"id":208987,"date":"2026-02-11T19:20:00","date_gmt":"2026-02-11T22:20:00","guid":{"rendered":"https:\/\/portaltela.pt\/noticias\/2026\/02\/11\/automotora-descarrila-em-ponte-de-sor\/"},"modified":"2026-02-11T19:20:00","modified_gmt":"2026-02-11T22:20:00","slug":"automotora-descarrila-em-ponte-de-sor","status":"publish","type":"post","link":"https:\/\/portaltela.pt\/noticias\/2026\/02\/11\/automotora-descarrila-em-ponte-de-sor\/","title":{"rendered":"Automotora descarrila em Ponte de Sor"},"content":{"rendered":"<p>Uma automotora que seguia entre Badajoz e Entroncamento embateu hoje \u00e0s 21h00 numa barreira ca\u00edda junto ao Alto do Padr\u00e3o, entre Ponte de Sor e Bemposta, no concelho de Abrantes. N\u00e3o houve feridos, tendo apenas um rodado sa\u00eddo dos carris.<\/p>\n<p>O comboio saiu de Badajoz \u00e0s 19h41 e tinha como destino o Entroncamento, com hora prevista de chegada \u00e0s 21h26. O impacto provocou a interrup\u00e7\u00e3o da circula\u00e7\u00e3o na Linha do Leste.<\/p>\n<p>A linha ficou interditada, juntando-se \u00e0s restri\u00e7\u00f5es j\u00e1 existentes em outras linhas: Norte entre Coimbra e Soure, Oeste em toda a sua extens\u00e3o, Beira Baixa e o ramal de Alfarelos, por via de vias danificadas ou inundadas.<\/p>\n<p>Esta opera\u00e7\u00e3o tamb\u00e9m afeta a liga\u00e7\u00e3o ferrovi\u00e1ria a Espanha, j\u00e1 que o comboio Celta, que liga Porto a Vigo, permanece suspenso. Desta forma, n\u00e3o est\u00e1 a haver transporte de passageiros entre os dois pa\u00edses no momento.<\/p>\n<p>As autoridades ferrovi\u00e1rias ainda n\u00e3o divulgaram preju\u00edzos humanos ou materiais adicionais. As equipas de manuten\u00e7\u00e3o est\u00e3o a avaliar os danos e a estudar alternativas de encaminhamento para normalizar a circula\u00e7\u00e3o assim que poss\u00edvel.<\/p>\n<p>Fonte: servi\u00e7os de transporte ferrovi\u00e1rio e ag\u00eancias locais acompanharam os acontecimentos.<\/p>\n","protected":false},"excerpt":{"rendered":"<ul>\n<li>A automotora que seguia de Badajoz para Entroncamento embateu numa barreira ca\u00edda no Alto do Padr\u00e3o, entre as esta\u00e7\u00f5es de Ponte de Sor e Bemposta.<\/li>\n<li>N\u00e3o houve feridos e apenas um rodado saltou fora dos carris.<\/li>\n<li>O comboio saiu de Badajoz \u00e0s 19h41 e deveria ter chegado ao Entroncamento \u00e0s 21h26.<\/li>\n<li>A linha do Leste ficou interdita, juntando-se \u00e0s linhas do Norte, Oeste, Beira Baixa e ramal de Alfarelos devido a via danificada ou inundada.<\/li>\n<li>A interrup\u00e7\u00e3o tamb\u00e9m afeta a liga\u00e7\u00e3o a Espanha, com o servi\u00e7o Celta (Porto a Vigo) suspenso e n\u00e3o havendo, neste momento, comboios de passageiros entre os dois pa\u00edses.<\/li>\n<\/ul>\n","protected":false},"author":2,"featured_media":208991,"comment_status":"closed","ping_status":"closed","sticky":false,"template":"","format":"standard","meta":{"footnotes":""},"categories":[1],"tags":[1263,5487,3447,3670,3683,1430],"class_list":["post-208987","post","type-post","status-publish","format-standard","has-post-thumbnail","hentry","category-noticias","tag-abrantes","tag-acidente","tag-acidente-ferroviario","tag-beira-baixa","tag-comboios","tag-entroncamento"],"yoast_head":"<!-- This site is optimized with the Yoast SEO plugin v27.2 - https:\/\/yoast.com\/product\/yoast-seo-wordpress\/ -->\n<title>Automotora descarrila em Ponte de Sor - Portal Tela Portugal<\/title>\n<meta name=\"robots\" content=\"index, follow, max-snippet:-1, max-image-preview:large, max-video-preview:-1\" \/>\n<meta property=\"og:locale\" content=\"pt_PT\" \/>\n<meta property=\"og:type\" content=\"article\" \/>\n<meta property=\"og:title\" content=\"Automotora descarrila em Ponte de Sor - Portal Tela Portugal\" \/>\n<meta property=\"og:description\" content=\"A automotora que seguia de Badajoz para Entroncamento embateu numa barreira ca\u00edda no Alto do Padr\u00e3o, entre as esta\u00e7\u00f5es de Ponte de Sor e Bemposta. N\u00e3o houve feridos e apenas um rodado saltou fora dos carris. O comboio saiu de Badajoz \u00e0s 19h41 e deveria ter chegado ao Entroncamento \u00e0s 21h26. A linha do Leste ficou interdita, juntando-se \u00e0s linhas do Norte, Oeste, Beira Baixa e ramal de Alfarelos devido a via danificada ou inundada. A interrup\u00e7\u00e3o tamb\u00e9m afeta a liga\u00e7\u00e3o a Espanha, com o servi\u00e7o Celta (Porto a Vigo) suspenso e n\u00e3o havendo, neste momento, comboios de passageiros entre os dois pa\u00edses.\" \/>\n<meta property=\"og:url\" content=\"https:\/\/portaltela.pt\/noticias\/2026\/02\/11\/automotora-descarrila-em-ponte-de-sor\/\" \/>\n<meta property=\"og:site_name\" content=\"Portal Tela Portugal\" \/>\n<meta property=\"article:published_time\" content=\"2026-02-11T22:20:00+00:00\" \/>\n<meta name=\"author\" content=\"Telinha\" \/>\n<meta name=\"twitter:card\" content=\"summary_large_image\" \/>\n<meta name=\"twitter:label1\" content=\"Escrito por\" \/>\n\t<meta name=\"twitter:data1\" content=\"Telinha\" \/>\n\t<meta name=\"twitter:label2\" content=\"Tempo estimado de leitura\" \/>\n\t<meta name=\"twitter:data2\" content=\"1 minuto\" \/>\n<script type=\"application\/ld+json\" class=\"yoast-schema-graph\">{\"@context\":\"https:\/\/schema.org\",\"@graph\":[{\"@type\":\"Article\",\"@id\":\"https:\/\/portaltela.pt\/noticias\/2026\/02\/11\/automotora-descarrila-em-ponte-de-sor\/#article\",\"isPartOf\":{\"@id\":\"https:\/\/portaltela.pt\/noticias\/2026\/02\/11\/automotora-descarrila-em-ponte-de-sor\/\"},\"author\":{\"name\":\"Telinha\",\"@id\":\"https:\/\/portaltela.pt\/#\/schema\/person\/c4278d4a6028830caff9ee44b42d32ed\"},\"headline\":\"Automotora descarrila em Ponte de Sor\",\"datePublished\":\"2026-02-11T22:20:00+00:00\",\"mainEntityOfPage\":{\"@id\":\"https:\/\/portaltela.pt\/noticias\/2026\/02\/11\/automotora-descarrila-em-ponte-de-sor\/\"},\"wordCount\":218,\"image\":{\"@id\":\"https:\/\/portaltela.pt\/noticias\/2026\/02\/11\/automotora-descarrila-em-ponte-de-sor\/#primaryimage\"},\"thumbnailUrl\":\"https:\/\/portaltela.pt\/s.01k8rhncp4jt1\/2026\/02\/2066562.jpg\",\"keywords\":[\"Abrantes\",\"acidente\",\"acidente ferrovi\u00e1rio\",\"Beira Baixa\",\"comboios\",\"Entroncamento\"],\"articleSection\":[\"Not\u00edcias\"],\"inLanguage\":\"pt-PT\"},{\"@type\":\"WebPage\",\"@id\":\"https:\/\/portaltela.pt\/noticias\/2026\/02\/11\/automotora-descarrila-em-ponte-de-sor\/\",\"url\":\"https:\/\/portaltela.pt\/noticias\/2026\/02\/11\/automotora-descarrila-em-ponte-de-sor\/\",\"name\":\"Automotora descarrila em Ponte de Sor - Portal Tela Portugal\",\"isPartOf\":{\"@id\":\"https:\/\/portaltela.pt\/#website\"},\"primaryImageOfPage\":{\"@id\":\"https:\/\/portaltela.pt\/noticias\/2026\/02\/11\/automotora-descarrila-em-ponte-de-sor\/#primaryimage\"},\"image\":{\"@id\":\"https:\/\/portaltela.pt\/noticias\/2026\/02\/11\/automotora-descarrila-em-ponte-de-sor\/#primaryimage\"},\"thumbnailUrl\":\"https:\/\/portaltela.pt\/s.01k8rhncp4jt1\/2026\/02\/2066562.jpg\",\"datePublished\":\"2026-02-11T22:20:00+00:00\",\"author\":{\"@id\":\"https:\/\/portaltela.pt\/#\/schema\/person\/c4278d4a6028830caff9ee44b42d32ed\"},\"breadcrumb\":{\"@id\":\"https:\/\/portaltela.pt\/noticias\/2026\/02\/11\/automotora-descarrila-em-ponte-de-sor\/#breadcrumb\"},\"inLanguage\":\"pt-PT\",\"potentialAction\":[{\"@type\":\"ReadAction\",\"target\":[\"https:\/\/portaltela.pt\/noticias\/2026\/02\/11\/automotora-descarrila-em-ponte-de-sor\/\"]}]},{\"@type\":\"ImageObject\",\"inLanguage\":\"pt-PT\",\"@id\":\"https:\/\/portaltela.pt\/noticias\/2026\/02\/11\/automotora-descarrila-em-ponte-de-sor\/#primaryimage\",\"url\":\"https:\/\/portaltela.pt\/s.01k8rhncp4jt1\/2026\/02\/2066562.jpg\",\"contentUrl\":\"https:\/\/portaltela.pt\/s.01k8rhncp4jt1\/2026\/02\/2066562.jpg\",\"width\":796,\"height\":448,\"caption\":\"N\u00e3o houve feridos na sequ\u00eancia do acidente\"},{\"@type\":\"BreadcrumbList\",\"@id\":\"https:\/\/portaltela.pt\/noticias\/2026\/02\/11\/automotora-descarrila-em-ponte-de-sor\/#breadcrumb\",\"itemListElement\":[{\"@type\":\"ListItem\",\"position\":1,\"name\":\"In\u00edcio\",\"item\":\"https:\/\/portaltela.pt\/\"},{\"@type\":\"ListItem\",\"position\":2,\"name\":\"Automotora descarrila em Ponte de Sor\"}]},{\"@type\":\"WebSite\",\"@id\":\"https:\/\/portaltela.pt\/#website\",\"url\":\"https:\/\/portaltela.pt\/\",\"name\":\"Portal Tela Portugal\",\"description\":\"\",\"potentialAction\":[{\"@type\":\"SearchAction\",\"target\":{\"@type\":\"EntryPoint\",\"urlTemplate\":\"https:\/\/portaltela.pt\/?s={search_term_string}\"},\"query-input\":{\"@type\":\"PropertyValueSpecification\",\"valueRequired\":true,\"valueName\":\"search_term_string\"}}],\"inLanguage\":\"pt-PT\"},{\"@type\":\"Person\",\"@id\":\"https:\/\/portaltela.pt\/#\/schema\/person\/c4278d4a6028830caff9ee44b42d32ed\",\"name\":\"Telinha\",\"image\":{\"@type\":\"ImageObject\",\"inLanguage\":\"pt-PT\",\"@id\":\"https:\/\/portaltela.pt\/s.01k8rhncp4jt1\/2025\/11\/talking-bot-125x125.png\",\"url\":\"https:\/\/portaltela.pt\/s.01k8rhncp4jt1\/2025\/11\/talking-bot-125x125.png\",\"contentUrl\":\"https:\/\/portaltela.pt\/s.01k8rhncp4jt1\/2025\/11\/talking-bot-125x125.png\",\"caption\":\"Telinha\"},\"sameAs\":[\"https:\/\/portaltela.pt\/\"],\"url\":\"https:\/\/portaltela.pt\/por\/367410592786\/\"}]}<\/script>\n<!-- \/ Yoast SEO plugin. -->","yoast_head_json":{"title":"Automotora descarrila em Ponte de Sor - Portal Tela Portugal","robots":{"index":"index","follow":"follow","max-snippet":"max-snippet:-1","max-image-preview":"max-image-preview:large","max-video-preview":"max-video-preview:-1"},"og_locale":"pt_PT","og_type":"article","og_title":"Automotora descarrila em Ponte de Sor - Portal Tela Portugal","og_description":"A automotora que seguia de Badajoz para Entroncamento embateu numa barreira ca\u00edda no Alto do Padr\u00e3o, entre as esta\u00e7\u00f5es de Ponte de Sor e Bemposta. N\u00e3o houve feridos e apenas um rodado saltou fora dos carris. O comboio saiu de Badajoz \u00e0s 19h41 e deveria ter chegado ao Entroncamento \u00e0s 21h26. A linha do Leste ficou interdita, juntando-se \u00e0s linhas do Norte, Oeste, Beira Baixa e ramal de Alfarelos devido a via danificada ou inundada. A interrup\u00e7\u00e3o tamb\u00e9m afeta a liga\u00e7\u00e3o a Espanha, com o servi\u00e7o Celta (Porto a Vigo) suspenso e n\u00e3o havendo, neste momento, comboios de passageiros entre os dois pa\u00edses.","og_url":"https:\/\/portaltela.pt\/noticias\/2026\/02\/11\/automotora-descarrila-em-ponte-de-sor\/","og_site_name":"Portal Tela Portugal","article_published_time":"2026-02-11T22:20:00+00:00","author":"Telinha","twitter_card":"summary_large_image","twitter_misc":{"Escrito por":"Telinha","Tempo estimado de leitura":"1 minuto"},"schema":{"@context":"https:\/\/schema.org","@graph":[{"@type":"Article","@id":"https:\/\/portaltela.pt\/noticias\/2026\/02\/11\/automotora-descarrila-em-ponte-de-sor\/#article","isPartOf":{"@id":"https:\/\/portaltela.pt\/noticias\/2026\/02\/11\/automotora-descarrila-em-ponte-de-sor\/"},"author":{"name":"Telinha","@id":"https:\/\/portaltela.pt\/#\/schema\/person\/c4278d4a6028830caff9ee44b42d32ed"},"headline":"Automotora descarrila em Ponte de Sor","datePublished":"2026-02-11T22:20:00+00:00","mainEntityOfPage":{"@id":"https:\/\/portaltela.pt\/noticias\/2026\/02\/11\/automotora-descarrila-em-ponte-de-sor\/"},"wordCount":218,"image":{"@id":"https:\/\/portaltela.pt\/noticias\/2026\/02\/11\/automotora-descarrila-em-ponte-de-sor\/#primaryimage"},"thumbnailUrl":"https:\/\/portaltela.pt\/s.01k8rhncp4jt1\/2026\/02\/2066562.jpg","keywords":["Abrantes","acidente","acidente ferrovi\u00e1rio","Beira Baixa","comboios","Entroncamento"],"articleSection":["Not\u00edcias"],"inLanguage":"pt-PT"},{"@type":"WebPage","@id":"https:\/\/portaltela.pt\/noticias\/2026\/02\/11\/automotora-descarrila-em-ponte-de-sor\/","url":"https:\/\/portaltela.pt\/noticias\/2026\/02\/11\/automotora-descarrila-em-ponte-de-sor\/","name":"Automotora descarrila em Ponte de Sor - Portal Tela Portugal","isPartOf":{"@id":"https:\/\/portaltela.pt\/#website"},"primaryImageOfPage":{"@id":"https:\/\/portaltela.pt\/noticias\/2026\/02\/11\/automotora-descarrila-em-ponte-de-sor\/#primaryimage"},"image":{"@id":"https:\/\/portaltela.pt\/noticias\/2026\/02\/11\/automotora-descarrila-em-ponte-de-sor\/#primaryimage"},"thumbnailUrl":"https:\/\/portaltela.pt\/s.01k8rhncp4jt1\/2026\/02\/2066562.jpg","datePublished":"2026-02-11T22:20:00+00:00","author":{"@id":"https:\/\/portaltela.pt\/#\/schema\/person\/c4278d4a6028830caff9ee44b42d32ed"},"breadcrumb":{"@id":"https:\/\/portaltela.pt\/noticias\/2026\/02\/11\/automotora-descarrila-em-ponte-de-sor\/#breadcrumb"},"inLanguage":"pt-PT","potentialAction":[{"@type":"ReadAction","target":["https:\/\/portaltela.pt\/noticias\/2026\/02\/11\/automotora-descarrila-em-ponte-de-sor\/"]}]},{"@type":"ImageObject","inLanguage":"pt-PT","@id":"https:\/\/portaltela.pt\/noticias\/2026\/02\/11\/automotora-descarrila-em-ponte-de-sor\/#primaryimage","url":"https:\/\/portaltela.pt\/s.01k8rhncp4jt1\/2026\/02\/2066562.jpg","contentUrl":"https:\/\/portaltela.pt\/s.01k8rhncp4jt1\/2026\/02\/2066562.jpg","width":796,"height":448,"caption":"N\u00e3o houve feridos na sequ\u00eancia do acidente"},{"@type":"BreadcrumbList","@id":"https:\/\/portaltela.pt\/noticias\/2026\/02\/11\/automotora-descarrila-em-ponte-de-sor\/#breadcrumb","itemListElement":[{"@type":"ListItem","position":1,"name":"In\u00edcio","item":"https:\/\/portaltela.pt\/"},{"@type":"ListItem","position":2,"name":"Automotora descarrila em Ponte de Sor"}]},{"@type":"WebSite","@id":"https:\/\/portaltela.pt\/#website","url":"https:\/\/portaltela.pt\/","name":"Portal Tela Portugal","description":"","potentialAction":[{"@type":"SearchAction","target":{"@type":"EntryPoint","urlTemplate":"https:\/\/portaltela.pt\/?s={search_term_string}"},"query-input":{"@type":"PropertyValueSpecification","valueRequired":true,"valueName":"search_term_string"}}],"inLanguage":"pt-PT"},{"@type":"Person","@id":"https:\/\/portaltela.pt\/#\/schema\/person\/c4278d4a6028830caff9ee44b42d32ed","name":"Telinha","image":{"@type":"ImageObject","inLanguage":"pt-PT","@id":"https:\/\/portaltela.pt\/s.01k8rhncp4jt1\/2025\/11\/talking-bot-125x125.png","url":"https:\/\/portaltela.pt\/s.01k8rhncp4jt1\/2025\/11\/talking-bot-125x125.png","contentUrl":"https:\/\/portaltela.pt\/s.01k8rhncp4jt1\/2025\/11\/talking-bot-125x125.png","caption":"Telinha"},"sameAs":["https:\/\/portaltela.pt\/"],"url":"https:\/\/portaltela.pt\/por\/367410592786\/"}]}},"_links":{"self":[{"href":"https:\/\/portaltela.pt\/api\/wp\/v2\/posts\/208987","targetHints":{"allow":["GET"]}}],"collection":[{"href":"https:\/\/portaltela.pt\/api\/wp\/v2\/posts"}],"about":[{"href":"https:\/\/portaltela.pt\/api\/wp\/v2\/types\/post"}],"author":[{"embeddable":true,"href":"https:\/\/portaltela.pt\/api\/wp\/v2\/users\/2"}],"replies":[{"embeddable":true,"href":"https:\/\/portaltela.pt\/api\/wp\/v2\/comments?post=208987"}],"version-history":[{"count":0,"href":"https:\/\/portaltela.pt\/api\/wp\/v2\/posts\/208987\/revisions"}],"wp:featuredmedia":[{"embeddable":true,"href":"https:\/\/portaltela.pt\/api\/wp\/v2\/media\/208991"}],"wp:attachment":[{"href":"https:\/\/portaltela.pt\/api\/wp\/v2\/media?parent=208987"}],"wp:term":[{"taxonomy":"category","embeddable":true,"href":"https:\/\/portaltela.pt\/api\/wp\/v2\/categories?post=208987"},{"taxonomy":"post_tag","embeddable":true,"href":"https:\/\/portaltela.pt\/api\/wp\/v2\/tags?post=208987"}],"curies":[{"name":"wp","href":"https:\/\/api.w.org\/{rel}","templated":true}]}}