{"id":208933,"date":"2026-02-11T18:15:43","date_gmt":"2026-02-11T21:15:43","guid":{"rendered":"https:\/\/portaltela.pt\/noticias\/2026\/02\/11\/danilo-pereira-renova-contrato-com-o-al-ittihad\/"},"modified":"2026-02-11T18:15:43","modified_gmt":"2026-02-11T21:15:43","slug":"danilo-pereira-renova-contrato-com-o-al-ittihad","status":"publish","type":"post","link":"https:\/\/portaltela.pt\/desporto\/futebol\/2026\/02\/11\/danilo-pereira-renova-contrato-com-o-al-ittihad\/","title":{"rendered":"Danilo Pereira renova contrato com o Al-Ittihad"},"content":{"rendered":"<p>Danilo Pereira renovou o contrato com o Al-Ittihad, equipa saudita treinada por S\u00e9rgio Concei\u00e7\u00e3o, at\u00e9 2027, com op\u00e7\u00e3o de extens\u00e3o. A confirma\u00e7\u00e3o chega ap\u00f3s a not\u00edcia adiantada pela Record.<\/p>\n<p>O internacional portugu\u00eas, de 34 anos, assinou um v\u00ednculo de um ano, com mais uma \u00e9poca em op\u00e7\u00e3o. A renova\u00e7\u00e3o mant\u00e9m o m\u00e9dio no clube de Jeddah j\u00e1 na segunda temporada, desde a sua chegada \u00e0 Ar\u00e1bia Saudita.<\/p>\n<p>Em declara\u00e7\u00f5es \u00e0 ag\u00eancia Lusa, Danilo expressou satisfa\u00e7\u00e3o pelo prolongamento da liga\u00e7\u00e3o. O atleta destacou ter assumido uma responsabilidade crescente no grupo e refor\u00e7ou estar adaptado \u00e0 regi\u00e3o e \u00e0 cultura.<\/p>\n<p>Aos feitos j\u00e1 alcan\u00e7ados no Al-Ittihad, o jogador recordou a conquista da Liga Saudita e da Ta\u00e7a do Rei na primeira temporada, assim como o regresso \u00e0 Liga dos Campe\u00f5es Asi\u00e1tica. O objetivo \u00e9 acrescentar mais t\u00edtulos.<\/p>\n<p>Perfil do jogador<\/p>\n<p>Danilo Pereira formou-se no Benfica, passou por Arsenal e Estoril, atuou no Parma, Aris e Roda, regressou a Portugal pelo Mar\u00edtimo e transferiu-se para o FC Porto. Seguiu para o Paris Saint-Germain e, desde 2024, representa o Al-Ittihad.<\/p>\n","protected":false},"excerpt":{"rendered":"<ul>\n<li>O internacional portugu\u00eas Danilo Pereira renovou o contrato com o Al-Ittihad at\u00e9 2027, num acordo de um ano com op\u00e7\u00e3o de extens\u00e3o.<\/li>\n<li>A confirma\u00e7\u00e3o veio a p\u00fablico ap\u00f3s a not\u00edcia adiantada pela Record.<\/li>\n<li>Danilo Pereira, de 34 anos, est\u00e1 na segunda temporada pelo clube de Jeddah e afirma j\u00e1 estar adaptado \u00e0 regi\u00e3o e \u00e0 cultura.<\/li>\n<li>Relembra que, na primeira \u00e9poca, o Al-Ittihad conquistou a Liga Saudita e a Ta\u00e7a do Rei, e garantiu o regresso \u00e0 Liga dos Campe\u00f5es asi\u00e1tica.<\/li>\n<li>O jogador venceu o Euro 2016 e a Liga das Na\u00e7\u00f5es de 2019 com a sele\u00e7\u00e3o de Portugal.<\/li>\n<\/ul>\n","protected":false},"author":2,"featured_media":208938,"comment_status":"closed","ping_status":"closed","sticky":false,"template":"","format":"standard","meta":{"footnotes":""},"categories":[21,24],"tags":[1016,5753,32,3338,5549,2050],"class_list":["post-208933","post","type-post","status-publish","format-standard","has-post-thumbnail","hentry","category-desporto","category-futebol","tag-arabia-saudita","tag-danilo-pereira","tag-futebol","tag-futebol-internacional","tag-sergio-conceicao","tag-transferencias"],"yoast_head":"<!-- This site is optimized with the Yoast SEO plugin v27.2 - https:\/\/yoast.com\/product\/yoast-seo-wordpress\/ -->\n<title>Danilo Pereira renova contrato com o Al-Ittihad - Portal Tela Portugal<\/title>\n<meta name=\"robots\" content=\"index, follow, max-snippet:-1, max-image-preview:large, max-video-preview:-1\" \/>\n<meta property=\"og:locale\" content=\"pt_PT\" \/>\n<meta property=\"og:type\" content=\"article\" \/>\n<meta property=\"og:title\" content=\"Danilo Pereira renova contrato com o Al-Ittihad - Portal Tela Portugal\" \/>\n<meta property=\"og:description\" content=\"O internacional portugu\u00eas Danilo Pereira renovou o contrato com o Al-Ittihad at\u00e9 2027, num acordo de um ano com op\u00e7\u00e3o de extens\u00e3o. A confirma\u00e7\u00e3o veio a p\u00fablico ap\u00f3s a not\u00edcia adiantada pela Record. Danilo Pereira, de 34 anos, est\u00e1 na segunda temporada pelo clube de Jeddah e afirma j\u00e1 estar adaptado \u00e0 regi\u00e3o e \u00e0 cultura. Relembra que, na primeira \u00e9poca, o Al-Ittihad conquistou a Liga Saudita e a Ta\u00e7a do Rei, e garantiu o regresso \u00e0 Liga dos Campe\u00f5es asi\u00e1tica. O jogador venceu o Euro 2016 e a Liga das Na\u00e7\u00f5es de 2019 com a sele\u00e7\u00e3o de Portugal.\" \/>\n<meta property=\"og:url\" content=\"https:\/\/portaltela.pt\/noticias\/2026\/02\/11\/danilo-pereira-renova-contrato-com-o-al-ittihad\/\" \/>\n<meta property=\"og:site_name\" content=\"Portal Tela Portugal\" \/>\n<meta property=\"article:published_time\" content=\"2026-02-11T21:15:43+00:00\" \/>\n<meta name=\"author\" content=\"Telinha\" \/>\n<meta name=\"twitter:card\" content=\"summary_large_image\" \/>\n<meta name=\"twitter:label1\" content=\"Escrito por\" \/>\n\t<meta name=\"twitter:data1\" content=\"Telinha\" \/>\n\t<meta name=\"twitter:label2\" content=\"Tempo estimado de leitura\" \/>\n\t<meta name=\"twitter:data2\" content=\"1 minuto\" \/>\n<script type=\"application\/ld+json\" class=\"yoast-schema-graph\">{\"@context\":\"https:\/\/schema.org\",\"@graph\":[{\"@type\":\"Article\",\"@id\":\"https:\/\/portaltela.pt\/noticias\/2026\/02\/11\/danilo-pereira-renova-contrato-com-o-al-ittihad\/#article\",\"isPartOf\":{\"@id\":\"https:\/\/portaltela.pt\/noticias\/2026\/02\/11\/danilo-pereira-renova-contrato-com-o-al-ittihad\/\"},\"author\":{\"name\":\"Telinha\",\"@id\":\"https:\/\/portaltela.pt\/#\/schema\/person\/c4278d4a6028830caff9ee44b42d32ed\"},\"headline\":\"Danilo Pereira renova contrato com o Al-Ittihad\",\"datePublished\":\"2026-02-11T21:15:43+00:00\",\"mainEntityOfPage\":{\"@id\":\"https:\/\/portaltela.pt\/noticias\/2026\/02\/11\/danilo-pereira-renova-contrato-com-o-al-ittihad\/\"},\"wordCount\":200,\"image\":{\"@id\":\"https:\/\/portaltela.pt\/noticias\/2026\/02\/11\/danilo-pereira-renova-contrato-com-o-al-ittihad\/#primaryimage\"},\"thumbnailUrl\":\"https:\/\/portaltela.pt\/s.01k8rhncp4jt1\/2026\/02\/img_920x518uu2026-02-11-21-14-18-2421042.jpg\",\"keywords\":[\"Ar\u00e1bia Saudita\",\"Danilo Pereira\",\"futebol\",\"futebol internacional\",\"S\u00e9rgio Concei\u00e7\u00e3o\",\"transfer\u00eancias\"],\"articleSection\":[\"Desporto\",\"Futebol\"],\"inLanguage\":\"pt-PT\"},{\"@type\":\"WebPage\",\"@id\":\"https:\/\/portaltela.pt\/noticias\/2026\/02\/11\/danilo-pereira-renova-contrato-com-o-al-ittihad\/\",\"url\":\"https:\/\/portaltela.pt\/noticias\/2026\/02\/11\/danilo-pereira-renova-contrato-com-o-al-ittihad\/\",\"name\":\"Danilo Pereira renova contrato com o Al-Ittihad - Portal Tela Portugal\",\"isPartOf\":{\"@id\":\"https:\/\/portaltela.pt\/#website\"},\"primaryImageOfPage\":{\"@id\":\"https:\/\/portaltela.pt\/noticias\/2026\/02\/11\/danilo-pereira-renova-contrato-com-o-al-ittihad\/#primaryimage\"},\"image\":{\"@id\":\"https:\/\/portaltela.pt\/noticias\/2026\/02\/11\/danilo-pereira-renova-contrato-com-o-al-ittihad\/#primaryimage\"},\"thumbnailUrl\":\"https:\/\/portaltela.pt\/s.01k8rhncp4jt1\/2026\/02\/img_920x518uu2026-02-11-21-14-18-2421042.jpg\",\"datePublished\":\"2026-02-11T21:15:43+00:00\",\"author\":{\"@id\":\"https:\/\/portaltela.pt\/#\/schema\/person\/c4278d4a6028830caff9ee44b42d32ed\"},\"breadcrumb\":{\"@id\":\"https:\/\/portaltela.pt\/noticias\/2026\/02\/11\/danilo-pereira-renova-contrato-com-o-al-ittihad\/#breadcrumb\"},\"inLanguage\":\"pt-PT\",\"potentialAction\":[{\"@type\":\"ReadAction\",\"target\":[\"https:\/\/portaltela.pt\/noticias\/2026\/02\/11\/danilo-pereira-renova-contrato-com-o-al-ittihad\/\"]}]},{\"@type\":\"ImageObject\",\"inLanguage\":\"pt-PT\",\"@id\":\"https:\/\/portaltela.pt\/noticias\/2026\/02\/11\/danilo-pereira-renova-contrato-com-o-al-ittihad\/#primaryimage\",\"url\":\"https:\/\/portaltela.pt\/s.01k8rhncp4jt1\/2026\/02\/img_920x518uu2026-02-11-21-14-18-2421042.jpg\",\"contentUrl\":\"https:\/\/portaltela.pt\/s.01k8rhncp4jt1\/2026\/02\/img_920x518uu2026-02-11-21-14-18-2421042.jpg\",\"width\":796,\"height\":448,\"caption\":\"Danilo Pereira renova contrato com Al-Ittihad at\u00e9 2027\"},{\"@type\":\"BreadcrumbList\",\"@id\":\"https:\/\/portaltela.pt\/noticias\/2026\/02\/11\/danilo-pereira-renova-contrato-com-o-al-ittihad\/#breadcrumb\",\"itemListElement\":[{\"@type\":\"ListItem\",\"position\":1,\"name\":\"In\u00edcio\",\"item\":\"https:\/\/portaltela.pt\/\"},{\"@type\":\"ListItem\",\"position\":2,\"name\":\"Danilo Pereira renova contrato com o Al-Ittihad\"}]},{\"@type\":\"WebSite\",\"@id\":\"https:\/\/portaltela.pt\/#website\",\"url\":\"https:\/\/portaltela.pt\/\",\"name\":\"Portal Tela Portugal\",\"description\":\"\",\"potentialAction\":[{\"@type\":\"SearchAction\",\"target\":{\"@type\":\"EntryPoint\",\"urlTemplate\":\"https:\/\/portaltela.pt\/?s={search_term_string}\"},\"query-input\":{\"@type\":\"PropertyValueSpecification\",\"valueRequired\":true,\"valueName\":\"search_term_string\"}}],\"inLanguage\":\"pt-PT\"},{\"@type\":\"Person\",\"@id\":\"https:\/\/portaltela.pt\/#\/schema\/person\/c4278d4a6028830caff9ee44b42d32ed\",\"name\":\"Telinha\",\"image\":{\"@type\":\"ImageObject\",\"inLanguage\":\"pt-PT\",\"@id\":\"https:\/\/portaltela.pt\/s.01k8rhncp4jt1\/2025\/11\/talking-bot-125x125.png\",\"url\":\"https:\/\/portaltela.pt\/s.01k8rhncp4jt1\/2025\/11\/talking-bot-125x125.png\",\"contentUrl\":\"https:\/\/portaltela.pt\/s.01k8rhncp4jt1\/2025\/11\/talking-bot-125x125.png\",\"caption\":\"Telinha\"},\"sameAs\":[\"https:\/\/portaltela.pt\/\"],\"url\":\"https:\/\/portaltela.pt\/por\/367410592786\/\"}]}<\/script>\n<!-- \/ Yoast SEO plugin. -->","yoast_head_json":{"title":"Danilo Pereira renova contrato com o Al-Ittihad - Portal Tela Portugal","robots":{"index":"index","follow":"follow","max-snippet":"max-snippet:-1","max-image-preview":"max-image-preview:large","max-video-preview":"max-video-preview:-1"},"og_locale":"pt_PT","og_type":"article","og_title":"Danilo Pereira renova contrato com o Al-Ittihad - Portal Tela Portugal","og_description":"O internacional portugu\u00eas Danilo Pereira renovou o contrato com o Al-Ittihad at\u00e9 2027, num acordo de um ano com op\u00e7\u00e3o de extens\u00e3o. A confirma\u00e7\u00e3o veio a p\u00fablico ap\u00f3s a not\u00edcia adiantada pela Record. Danilo Pereira, de 34 anos, est\u00e1 na segunda temporada pelo clube de Jeddah e afirma j\u00e1 estar adaptado \u00e0 regi\u00e3o e \u00e0 cultura. Relembra que, na primeira \u00e9poca, o Al-Ittihad conquistou a Liga Saudita e a Ta\u00e7a do Rei, e garantiu o regresso \u00e0 Liga dos Campe\u00f5es asi\u00e1tica. O jogador venceu o Euro 2016 e a Liga das Na\u00e7\u00f5es de 2019 com a sele\u00e7\u00e3o de Portugal.","og_url":"https:\/\/portaltela.pt\/noticias\/2026\/02\/11\/danilo-pereira-renova-contrato-com-o-al-ittihad\/","og_site_name":"Portal Tela Portugal","article_published_time":"2026-02-11T21:15:43+00:00","author":"Telinha","twitter_card":"summary_large_image","twitter_misc":{"Escrito por":"Telinha","Tempo estimado de leitura":"1 minuto"},"schema":{"@context":"https:\/\/schema.org","@graph":[{"@type":"Article","@id":"https:\/\/portaltela.pt\/noticias\/2026\/02\/11\/danilo-pereira-renova-contrato-com-o-al-ittihad\/#article","isPartOf":{"@id":"https:\/\/portaltela.pt\/noticias\/2026\/02\/11\/danilo-pereira-renova-contrato-com-o-al-ittihad\/"},"author":{"name":"Telinha","@id":"https:\/\/portaltela.pt\/#\/schema\/person\/c4278d4a6028830caff9ee44b42d32ed"},"headline":"Danilo Pereira renova contrato com o Al-Ittihad","datePublished":"2026-02-11T21:15:43+00:00","mainEntityOfPage":{"@id":"https:\/\/portaltela.pt\/noticias\/2026\/02\/11\/danilo-pereira-renova-contrato-com-o-al-ittihad\/"},"wordCount":200,"image":{"@id":"https:\/\/portaltela.pt\/noticias\/2026\/02\/11\/danilo-pereira-renova-contrato-com-o-al-ittihad\/#primaryimage"},"thumbnailUrl":"https:\/\/portaltela.pt\/s.01k8rhncp4jt1\/2026\/02\/img_920x518uu2026-02-11-21-14-18-2421042.jpg","keywords":["Ar\u00e1bia Saudita","Danilo Pereira","futebol","futebol internacional","S\u00e9rgio Concei\u00e7\u00e3o","transfer\u00eancias"],"articleSection":["Desporto","Futebol"],"inLanguage":"pt-PT"},{"@type":"WebPage","@id":"https:\/\/portaltela.pt\/noticias\/2026\/02\/11\/danilo-pereira-renova-contrato-com-o-al-ittihad\/","url":"https:\/\/portaltela.pt\/noticias\/2026\/02\/11\/danilo-pereira-renova-contrato-com-o-al-ittihad\/","name":"Danilo Pereira renova contrato com o Al-Ittihad - Portal Tela Portugal","isPartOf":{"@id":"https:\/\/portaltela.pt\/#website"},"primaryImageOfPage":{"@id":"https:\/\/portaltela.pt\/noticias\/2026\/02\/11\/danilo-pereira-renova-contrato-com-o-al-ittihad\/#primaryimage"},"image":{"@id":"https:\/\/portaltela.pt\/noticias\/2026\/02\/11\/danilo-pereira-renova-contrato-com-o-al-ittihad\/#primaryimage"},"thumbnailUrl":"https:\/\/portaltela.pt\/s.01k8rhncp4jt1\/2026\/02\/img_920x518uu2026-02-11-21-14-18-2421042.jpg","datePublished":"2026-02-11T21:15:43+00:00","author":{"@id":"https:\/\/portaltela.pt\/#\/schema\/person\/c4278d4a6028830caff9ee44b42d32ed"},"breadcrumb":{"@id":"https:\/\/portaltela.pt\/noticias\/2026\/02\/11\/danilo-pereira-renova-contrato-com-o-al-ittihad\/#breadcrumb"},"inLanguage":"pt-PT","potentialAction":[{"@type":"ReadAction","target":["https:\/\/portaltela.pt\/noticias\/2026\/02\/11\/danilo-pereira-renova-contrato-com-o-al-ittihad\/"]}]},{"@type":"ImageObject","inLanguage":"pt-PT","@id":"https:\/\/portaltela.pt\/noticias\/2026\/02\/11\/danilo-pereira-renova-contrato-com-o-al-ittihad\/#primaryimage","url":"https:\/\/portaltela.pt\/s.01k8rhncp4jt1\/2026\/02\/img_920x518uu2026-02-11-21-14-18-2421042.jpg","contentUrl":"https:\/\/portaltela.pt\/s.01k8rhncp4jt1\/2026\/02\/img_920x518uu2026-02-11-21-14-18-2421042.jpg","width":796,"height":448,"caption":"Danilo Pereira renova contrato com Al-Ittihad at\u00e9 2027"},{"@type":"BreadcrumbList","@id":"https:\/\/portaltela.pt\/noticias\/2026\/02\/11\/danilo-pereira-renova-contrato-com-o-al-ittihad\/#breadcrumb","itemListElement":[{"@type":"ListItem","position":1,"name":"In\u00edcio","item":"https:\/\/portaltela.pt\/"},{"@type":"ListItem","position":2,"name":"Danilo Pereira renova contrato com o Al-Ittihad"}]},{"@type":"WebSite","@id":"https:\/\/portaltela.pt\/#website","url":"https:\/\/portaltela.pt\/","name":"Portal Tela Portugal","description":"","potentialAction":[{"@type":"SearchAction","target":{"@type":"EntryPoint","urlTemplate":"https:\/\/portaltela.pt\/?s={search_term_string}"},"query-input":{"@type":"PropertyValueSpecification","valueRequired":true,"valueName":"search_term_string"}}],"inLanguage":"pt-PT"},{"@type":"Person","@id":"https:\/\/portaltela.pt\/#\/schema\/person\/c4278d4a6028830caff9ee44b42d32ed","name":"Telinha","image":{"@type":"ImageObject","inLanguage":"pt-PT","@id":"https:\/\/portaltela.pt\/s.01k8rhncp4jt1\/2025\/11\/talking-bot-125x125.png","url":"https:\/\/portaltela.pt\/s.01k8rhncp4jt1\/2025\/11\/talking-bot-125x125.png","contentUrl":"https:\/\/portaltela.pt\/s.01k8rhncp4jt1\/2025\/11\/talking-bot-125x125.png","caption":"Telinha"},"sameAs":["https:\/\/portaltela.pt\/"],"url":"https:\/\/portaltela.pt\/por\/367410592786\/"}]}},"_links":{"self":[{"href":"https:\/\/portaltela.pt\/api\/wp\/v2\/posts\/208933","targetHints":{"allow":["GET"]}}],"collection":[{"href":"https:\/\/portaltela.pt\/api\/wp\/v2\/posts"}],"about":[{"href":"https:\/\/portaltela.pt\/api\/wp\/v2\/types\/post"}],"author":[{"embeddable":true,"href":"https:\/\/portaltela.pt\/api\/wp\/v2\/users\/2"}],"replies":[{"embeddable":true,"href":"https:\/\/portaltela.pt\/api\/wp\/v2\/comments?post=208933"}],"version-history":[{"count":0,"href":"https:\/\/portaltela.pt\/api\/wp\/v2\/posts\/208933\/revisions"}],"wp:featuredmedia":[{"embeddable":true,"href":"https:\/\/portaltela.pt\/api\/wp\/v2\/media\/208938"}],"wp:attachment":[{"href":"https:\/\/portaltela.pt\/api\/wp\/v2\/media?parent=208933"}],"wp:term":[{"taxonomy":"category","embeddable":true,"href":"https:\/\/portaltela.pt\/api\/wp\/v2\/categories?post=208933"},{"taxonomy":"post_tag","embeddable":true,"href":"https:\/\/portaltela.pt\/api\/wp\/v2\/tags?post=208933"}],"curies":[{"name":"wp","href":"https:\/\/api.w.org\/{rel}","templated":true}]}}