{"id":208932,"date":"2026-02-11T18:26:45","date_gmt":"2026-02-11T21:26:45","guid":{"rendered":"https:\/\/portaltela.pt\/noticias\/2026\/02\/11\/familia-de-james-van-der-beek-pede-apoio-financeiro\/"},"modified":"2026-02-11T18:26:45","modified_gmt":"2026-02-11T21:26:45","slug":"familia-de-james-van-der-beek-pede-apoio-financeiro","status":"publish","type":"post","link":"https:\/\/portaltela.pt\/noticias\/2026\/02\/11\/familia-de-james-van-der-beek-pede-apoio-financeiro\/","title":{"rendered":"Fam\u00edlia de James Van Der Beek pede apoio financeiro"},"content":{"rendered":"<p>James Van Der Beek, conhecido por Dawson&#8217;s Creek, faleceu na quarta-feira v\u00edtima de cancro colorretal em est\u00e1gio 3, aos 50 anos. A not\u00edcia desencadeou uma resposta p\u00fablica da fam\u00edlia para enfrentar as d\u00edvidas causadas pelos longos tratamentos.<\/p>\n<p>A vi\u00fava, Kimberly Van Der Beek, anunciou uma campanha no GoFundMe para arrecadar fundos destinados a subsist\u00eancia, contas m\u00e9dicas e educa\u00e7\u00e3o dos seis filhos. O objetivo \u00e9 alcan\u00e7ar cerca de 500 mil euros.<\/p>\n<p>Kimberly explicou que a sa\u00fade debilitada do marido e a perda dele tiveram um impacto financeiro significativo na fam\u00edlia. Em poucas horas, a campanha j\u00e1 arrecadou mais de 100 mil euros, incluindo uma doa\u00e7\u00e3o de 1 mil euros do dan\u00e7arino Derek Hough.<\/p>\n<h3>Campanha de angaria\u00e7\u00e3o de fundos<\/h3>\n<p>A fam\u00edlia afirma que o dinheiro ser\u00e1 usado para despesas b\u00e1sicas, contas e continuidade escolar dos filhos. Kimberly enfatiza a necessidade de manter est\u00e1vel o dia a dia da fam\u00edlia durante este per\u00edodo dif\u00edcil, sem excluir a possibilidade de manter a resid\u00eancia no Texas.<\/p>\n","protected":false},"excerpt":{"rendered":"<ul>\n<li>O ator James Van Der Beek morreu nesta quarta-feira v\u00edtima de cancro colorretal em est\u00e1gio 3, deixando a fam\u00edlia em luto.<\/li>\n<li>A esposa, Kimberly Van Der Beek, lan\u00e7ou uma campanha GoFundMe para ajudar a cobrir as despesas associadas ao tratamento e \u00e0 doen\u00e7a, com meta de cerca de 500 mil euros.<\/li>\n<li>Em poucas horas, j\u00e1 passaram dos 100 mil euros em doa\u00e7\u00f5es, incluindo mil euros do dan\u00e7arino Derek Hough.<\/li>\n<li>Kimberly, m\u00e3e de seis filhos, admite a possibilidade de abandonar a casa no Texas para assegurar educa\u00e7\u00e3o e estabilidade \u00e0s crian\u00e7as durante este per\u00edodo dif\u00edcil.<\/li>\n<li>O dinheiro destina-se a despesas de subsist\u00eancia, contas e educa\u00e7\u00e3o; James Van Der Beek revelou, em novembro de 2024, que lutava contra o cancro.<\/li>\n<\/ul>\n","protected":false},"author":2,"featured_media":208936,"comment_status":"closed","ping_status":"closed","sticky":false,"template":"","format":"standard","meta":{"footnotes":""},"categories":[12,1],"tags":[1874,620,3123,163,64,5112],"class_list":["post-208932","post","type-post","status-publish","format-standard","has-post-thumbnail","hentry","category-entretenimento","category-noticias","tag-cancer","tag-doacao","tag-doacoes","tag-educacao","tag-familia","tag-fundo-de-emergencia-social"],"yoast_head":"<!-- This site is optimized with the Yoast SEO plugin v27.2 - https:\/\/yoast.com\/product\/yoast-seo-wordpress\/ -->\n<title>Fam\u00edlia de James Van Der Beek pede apoio financeiro - Portal Tela Portugal<\/title>\n<meta name=\"robots\" content=\"index, follow, max-snippet:-1, max-image-preview:large, max-video-preview:-1\" \/>\n<meta property=\"og:locale\" content=\"pt_PT\" \/>\n<meta property=\"og:type\" content=\"article\" \/>\n<meta property=\"og:title\" content=\"Fam\u00edlia de James Van Der Beek pede apoio financeiro - Portal Tela Portugal\" \/>\n<meta property=\"og:description\" content=\"O ator James Van Der Beek morreu nesta quarta-feira v\u00edtima de cancro colorretal em est\u00e1gio 3, deixando a fam\u00edlia em luto. A esposa, Kimberly Van Der Beek, lan\u00e7ou uma campanha GoFundMe para ajudar a cobrir as despesas associadas ao tratamento e \u00e0 doen\u00e7a, com meta de cerca de 500 mil euros. Em poucas horas, j\u00e1 passaram dos 100 mil euros em doa\u00e7\u00f5es, incluindo mil euros do dan\u00e7arino Derek Hough. Kimberly, m\u00e3e de seis filhos, admite a possibilidade de abandonar a casa no Texas para assegurar educa\u00e7\u00e3o e estabilidade \u00e0s crian\u00e7as durante este per\u00edodo dif\u00edcil. O dinheiro destina-se a despesas de subsist\u00eancia, contas e educa\u00e7\u00e3o; James Van Der Beek revelou, em novembro de 2024, que lutava contra o cancro.\" \/>\n<meta property=\"og:url\" content=\"https:\/\/portaltela.pt\/noticias\/2026\/02\/11\/familia-de-james-van-der-beek-pede-apoio-financeiro\/\" \/>\n<meta property=\"og:site_name\" content=\"Portal Tela Portugal\" \/>\n<meta property=\"article:published_time\" content=\"2026-02-11T21:26:45+00:00\" \/>\n<meta name=\"author\" content=\"Telinha\" \/>\n<meta name=\"twitter:card\" content=\"summary_large_image\" \/>\n<meta name=\"twitter:label1\" content=\"Escrito por\" \/>\n\t<meta name=\"twitter:data1\" content=\"Telinha\" \/>\n\t<meta name=\"twitter:label2\" content=\"Tempo estimado de leitura\" \/>\n\t<meta name=\"twitter:data2\" content=\"1 minuto\" \/>\n<script type=\"application\/ld+json\" class=\"yoast-schema-graph\">{\"@context\":\"https:\/\/schema.org\",\"@graph\":[{\"@type\":\"Article\",\"@id\":\"https:\/\/portaltela.pt\/noticias\/2026\/02\/11\/familia-de-james-van-der-beek-pede-apoio-financeiro\/#article\",\"isPartOf\":{\"@id\":\"https:\/\/portaltela.pt\/noticias\/2026\/02\/11\/familia-de-james-van-der-beek-pede-apoio-financeiro\/\"},\"author\":{\"name\":\"Telinha\",\"@id\":\"https:\/\/portaltela.pt\/#\/schema\/person\/c4278d4a6028830caff9ee44b42d32ed\"},\"headline\":\"Fam\u00edlia de James Van Der Beek pede apoio financeiro\",\"datePublished\":\"2026-02-11T21:26:45+00:00\",\"mainEntityOfPage\":{\"@id\":\"https:\/\/portaltela.pt\/noticias\/2026\/02\/11\/familia-de-james-van-der-beek-pede-apoio-financeiro\/\"},\"wordCount\":189,\"image\":{\"@id\":\"https:\/\/portaltela.pt\/noticias\/2026\/02\/11\/familia-de-james-van-der-beek-pede-apoio-financeiro\/#primaryimage\"},\"thumbnailUrl\":\"https:\/\/portaltela.pt\/s.01k8rhncp4jt1\/2026\/02\/img_1500x1000uu2025-09-24-10-32-39-2237174.jpg\",\"keywords\":[\"C\u00e2ncer\",\"doa\u00e7\u00e3o\",\"doa\u00e7\u00f5es\",\"educa\u00e7\u00e3o\",\"fam\u00edlia\",\"Fundo de Emerg\u00eancia Social\"],\"articleSection\":[\"Entretenimento\",\"Not\u00edcias\"],\"inLanguage\":\"pt-PT\"},{\"@type\":\"WebPage\",\"@id\":\"https:\/\/portaltela.pt\/noticias\/2026\/02\/11\/familia-de-james-van-der-beek-pede-apoio-financeiro\/\",\"url\":\"https:\/\/portaltela.pt\/noticias\/2026\/02\/11\/familia-de-james-van-der-beek-pede-apoio-financeiro\/\",\"name\":\"Fam\u00edlia de James Van Der Beek pede apoio financeiro - Portal Tela Portugal\",\"isPartOf\":{\"@id\":\"https:\/\/portaltela.pt\/#website\"},\"primaryImageOfPage\":{\"@id\":\"https:\/\/portaltela.pt\/noticias\/2026\/02\/11\/familia-de-james-van-der-beek-pede-apoio-financeiro\/#primaryimage\"},\"image\":{\"@id\":\"https:\/\/portaltela.pt\/noticias\/2026\/02\/11\/familia-de-james-van-der-beek-pede-apoio-financeiro\/#primaryimage\"},\"thumbnailUrl\":\"https:\/\/portaltela.pt\/s.01k8rhncp4jt1\/2026\/02\/img_1500x1000uu2025-09-24-10-32-39-2237174.jpg\",\"datePublished\":\"2026-02-11T21:26:45+00:00\",\"author\":{\"@id\":\"https:\/\/portaltela.pt\/#\/schema\/person\/c4278d4a6028830caff9ee44b42d32ed\"},\"breadcrumb\":{\"@id\":\"https:\/\/portaltela.pt\/noticias\/2026\/02\/11\/familia-de-james-van-der-beek-pede-apoio-financeiro\/#breadcrumb\"},\"inLanguage\":\"pt-PT\",\"potentialAction\":[{\"@type\":\"ReadAction\",\"target\":[\"https:\/\/portaltela.pt\/noticias\/2026\/02\/11\/familia-de-james-van-der-beek-pede-apoio-financeiro\/\"]}]},{\"@type\":\"ImageObject\",\"inLanguage\":\"pt-PT\",\"@id\":\"https:\/\/portaltela.pt\/noticias\/2026\/02\/11\/familia-de-james-van-der-beek-pede-apoio-financeiro\/#primaryimage\",\"url\":\"https:\/\/portaltela.pt\/s.01k8rhncp4jt1\/2026\/02\/img_1500x1000uu2025-09-24-10-32-39-2237174.jpg\",\"contentUrl\":\"https:\/\/portaltela.pt\/s.01k8rhncp4jt1\/2026\/02\/img_1500x1000uu2025-09-24-10-32-39-2237174.jpg\",\"width\":796,\"height\":448,\"caption\":\"James Van Der Beek\"},{\"@type\":\"BreadcrumbList\",\"@id\":\"https:\/\/portaltela.pt\/noticias\/2026\/02\/11\/familia-de-james-van-der-beek-pede-apoio-financeiro\/#breadcrumb\",\"itemListElement\":[{\"@type\":\"ListItem\",\"position\":1,\"name\":\"In\u00edcio\",\"item\":\"https:\/\/portaltela.pt\/\"},{\"@type\":\"ListItem\",\"position\":2,\"name\":\"Fam\u00edlia de James Van Der Beek pede apoio financeiro\"}]},{\"@type\":\"WebSite\",\"@id\":\"https:\/\/portaltela.pt\/#website\",\"url\":\"https:\/\/portaltela.pt\/\",\"name\":\"Portal Tela Portugal\",\"description\":\"\",\"potentialAction\":[{\"@type\":\"SearchAction\",\"target\":{\"@type\":\"EntryPoint\",\"urlTemplate\":\"https:\/\/portaltela.pt\/?s={search_term_string}\"},\"query-input\":{\"@type\":\"PropertyValueSpecification\",\"valueRequired\":true,\"valueName\":\"search_term_string\"}}],\"inLanguage\":\"pt-PT\"},{\"@type\":\"Person\",\"@id\":\"https:\/\/portaltela.pt\/#\/schema\/person\/c4278d4a6028830caff9ee44b42d32ed\",\"name\":\"Telinha\",\"image\":{\"@type\":\"ImageObject\",\"inLanguage\":\"pt-PT\",\"@id\":\"https:\/\/portaltela.pt\/s.01k8rhncp4jt1\/2025\/11\/talking-bot-125x125.png\",\"url\":\"https:\/\/portaltela.pt\/s.01k8rhncp4jt1\/2025\/11\/talking-bot-125x125.png\",\"contentUrl\":\"https:\/\/portaltela.pt\/s.01k8rhncp4jt1\/2025\/11\/talking-bot-125x125.png\",\"caption\":\"Telinha\"},\"sameAs\":[\"https:\/\/portaltela.pt\/\"],\"url\":\"https:\/\/portaltela.pt\/por\/367410592786\/\"}]}<\/script>\n<!-- \/ Yoast SEO plugin. -->","yoast_head_json":{"title":"Fam\u00edlia de James Van Der Beek pede apoio financeiro - Portal Tela Portugal","robots":{"index":"index","follow":"follow","max-snippet":"max-snippet:-1","max-image-preview":"max-image-preview:large","max-video-preview":"max-video-preview:-1"},"og_locale":"pt_PT","og_type":"article","og_title":"Fam\u00edlia de James Van Der Beek pede apoio financeiro - Portal Tela Portugal","og_description":"O ator James Van Der Beek morreu nesta quarta-feira v\u00edtima de cancro colorretal em est\u00e1gio 3, deixando a fam\u00edlia em luto. A esposa, Kimberly Van Der Beek, lan\u00e7ou uma campanha GoFundMe para ajudar a cobrir as despesas associadas ao tratamento e \u00e0 doen\u00e7a, com meta de cerca de 500 mil euros. Em poucas horas, j\u00e1 passaram dos 100 mil euros em doa\u00e7\u00f5es, incluindo mil euros do dan\u00e7arino Derek Hough. Kimberly, m\u00e3e de seis filhos, admite a possibilidade de abandonar a casa no Texas para assegurar educa\u00e7\u00e3o e estabilidade \u00e0s crian\u00e7as durante este per\u00edodo dif\u00edcil. O dinheiro destina-se a despesas de subsist\u00eancia, contas e educa\u00e7\u00e3o; James Van Der Beek revelou, em novembro de 2024, que lutava contra o cancro.","og_url":"https:\/\/portaltela.pt\/noticias\/2026\/02\/11\/familia-de-james-van-der-beek-pede-apoio-financeiro\/","og_site_name":"Portal Tela Portugal","article_published_time":"2026-02-11T21:26:45+00:00","author":"Telinha","twitter_card":"summary_large_image","twitter_misc":{"Escrito por":"Telinha","Tempo estimado de leitura":"1 minuto"},"schema":{"@context":"https:\/\/schema.org","@graph":[{"@type":"Article","@id":"https:\/\/portaltela.pt\/noticias\/2026\/02\/11\/familia-de-james-van-der-beek-pede-apoio-financeiro\/#article","isPartOf":{"@id":"https:\/\/portaltela.pt\/noticias\/2026\/02\/11\/familia-de-james-van-der-beek-pede-apoio-financeiro\/"},"author":{"name":"Telinha","@id":"https:\/\/portaltela.pt\/#\/schema\/person\/c4278d4a6028830caff9ee44b42d32ed"},"headline":"Fam\u00edlia de James Van Der Beek pede apoio financeiro","datePublished":"2026-02-11T21:26:45+00:00","mainEntityOfPage":{"@id":"https:\/\/portaltela.pt\/noticias\/2026\/02\/11\/familia-de-james-van-der-beek-pede-apoio-financeiro\/"},"wordCount":189,"image":{"@id":"https:\/\/portaltela.pt\/noticias\/2026\/02\/11\/familia-de-james-van-der-beek-pede-apoio-financeiro\/#primaryimage"},"thumbnailUrl":"https:\/\/portaltela.pt\/s.01k8rhncp4jt1\/2026\/02\/img_1500x1000uu2025-09-24-10-32-39-2237174.jpg","keywords":["C\u00e2ncer","doa\u00e7\u00e3o","doa\u00e7\u00f5es","educa\u00e7\u00e3o","fam\u00edlia","Fundo de Emerg\u00eancia Social"],"articleSection":["Entretenimento","Not\u00edcias"],"inLanguage":"pt-PT"},{"@type":"WebPage","@id":"https:\/\/portaltela.pt\/noticias\/2026\/02\/11\/familia-de-james-van-der-beek-pede-apoio-financeiro\/","url":"https:\/\/portaltela.pt\/noticias\/2026\/02\/11\/familia-de-james-van-der-beek-pede-apoio-financeiro\/","name":"Fam\u00edlia de James Van Der Beek pede apoio financeiro - Portal Tela Portugal","isPartOf":{"@id":"https:\/\/portaltela.pt\/#website"},"primaryImageOfPage":{"@id":"https:\/\/portaltela.pt\/noticias\/2026\/02\/11\/familia-de-james-van-der-beek-pede-apoio-financeiro\/#primaryimage"},"image":{"@id":"https:\/\/portaltela.pt\/noticias\/2026\/02\/11\/familia-de-james-van-der-beek-pede-apoio-financeiro\/#primaryimage"},"thumbnailUrl":"https:\/\/portaltela.pt\/s.01k8rhncp4jt1\/2026\/02\/img_1500x1000uu2025-09-24-10-32-39-2237174.jpg","datePublished":"2026-02-11T21:26:45+00:00","author":{"@id":"https:\/\/portaltela.pt\/#\/schema\/person\/c4278d4a6028830caff9ee44b42d32ed"},"breadcrumb":{"@id":"https:\/\/portaltela.pt\/noticias\/2026\/02\/11\/familia-de-james-van-der-beek-pede-apoio-financeiro\/#breadcrumb"},"inLanguage":"pt-PT","potentialAction":[{"@type":"ReadAction","target":["https:\/\/portaltela.pt\/noticias\/2026\/02\/11\/familia-de-james-van-der-beek-pede-apoio-financeiro\/"]}]},{"@type":"ImageObject","inLanguage":"pt-PT","@id":"https:\/\/portaltela.pt\/noticias\/2026\/02\/11\/familia-de-james-van-der-beek-pede-apoio-financeiro\/#primaryimage","url":"https:\/\/portaltela.pt\/s.01k8rhncp4jt1\/2026\/02\/img_1500x1000uu2025-09-24-10-32-39-2237174.jpg","contentUrl":"https:\/\/portaltela.pt\/s.01k8rhncp4jt1\/2026\/02\/img_1500x1000uu2025-09-24-10-32-39-2237174.jpg","width":796,"height":448,"caption":"James Van Der Beek"},{"@type":"BreadcrumbList","@id":"https:\/\/portaltela.pt\/noticias\/2026\/02\/11\/familia-de-james-van-der-beek-pede-apoio-financeiro\/#breadcrumb","itemListElement":[{"@type":"ListItem","position":1,"name":"In\u00edcio","item":"https:\/\/portaltela.pt\/"},{"@type":"ListItem","position":2,"name":"Fam\u00edlia de James Van Der Beek pede apoio financeiro"}]},{"@type":"WebSite","@id":"https:\/\/portaltela.pt\/#website","url":"https:\/\/portaltela.pt\/","name":"Portal Tela Portugal","description":"","potentialAction":[{"@type":"SearchAction","target":{"@type":"EntryPoint","urlTemplate":"https:\/\/portaltela.pt\/?s={search_term_string}"},"query-input":{"@type":"PropertyValueSpecification","valueRequired":true,"valueName":"search_term_string"}}],"inLanguage":"pt-PT"},{"@type":"Person","@id":"https:\/\/portaltela.pt\/#\/schema\/person\/c4278d4a6028830caff9ee44b42d32ed","name":"Telinha","image":{"@type":"ImageObject","inLanguage":"pt-PT","@id":"https:\/\/portaltela.pt\/s.01k8rhncp4jt1\/2025\/11\/talking-bot-125x125.png","url":"https:\/\/portaltela.pt\/s.01k8rhncp4jt1\/2025\/11\/talking-bot-125x125.png","contentUrl":"https:\/\/portaltela.pt\/s.01k8rhncp4jt1\/2025\/11\/talking-bot-125x125.png","caption":"Telinha"},"sameAs":["https:\/\/portaltela.pt\/"],"url":"https:\/\/portaltela.pt\/por\/367410592786\/"}]}},"_links":{"self":[{"href":"https:\/\/portaltela.pt\/api\/wp\/v2\/posts\/208932","targetHints":{"allow":["GET"]}}],"collection":[{"href":"https:\/\/portaltela.pt\/api\/wp\/v2\/posts"}],"about":[{"href":"https:\/\/portaltela.pt\/api\/wp\/v2\/types\/post"}],"author":[{"embeddable":true,"href":"https:\/\/portaltela.pt\/api\/wp\/v2\/users\/2"}],"replies":[{"embeddable":true,"href":"https:\/\/portaltela.pt\/api\/wp\/v2\/comments?post=208932"}],"version-history":[{"count":0,"href":"https:\/\/portaltela.pt\/api\/wp\/v2\/posts\/208932\/revisions"}],"wp:featuredmedia":[{"embeddable":true,"href":"https:\/\/portaltela.pt\/api\/wp\/v2\/media\/208936"}],"wp:attachment":[{"href":"https:\/\/portaltela.pt\/api\/wp\/v2\/media?parent=208932"}],"wp:term":[{"taxonomy":"category","embeddable":true,"href":"https:\/\/portaltela.pt\/api\/wp\/v2\/categories?post=208932"},{"taxonomy":"post_tag","embeddable":true,"href":"https:\/\/portaltela.pt\/api\/wp\/v2\/tags?post=208932"}],"curies":[{"name":"wp","href":"https:\/\/api.w.org\/{rel}","templated":true}]}}