{"id":208862,"date":"2026-02-11T17:14:00","date_gmt":"2026-02-11T20:14:00","guid":{"rendered":"https:\/\/portaltela.pt\/noticias\/2026\/02\/11\/cheias-e-kristin-provocam-estragos-em-instalacoes-desportivas-de-santarem\/"},"modified":"2026-02-11T17:14:00","modified_gmt":"2026-02-11T20:14:00","slug":"cheias-e-kristin-provocam-estragos-em-instalacoes-desportivas-de-santarem","status":"publish","type":"post","link":"https:\/\/portaltela.pt\/noticias\/2026\/02\/11\/cheias-e-kristin-provocam-estragos-em-instalacoes-desportivas-de-santarem\/","title":{"rendered":"Cheias e Kristin provocam estragos em instala\u00e7\u00f5es desportivas de Santar\u00e9m"},"content":{"rendered":"<p>As cheias que afetam o Ribatejo desde a semana passada e a depress\u00e3o Kristin, que atingiu parte do pa\u00eds na madrugada de 28 de janeiro, provocaram danos em instala\u00e7\u00f5es desportivas no concelho de Santar\u00e9m. O conjunto de ocorr\u00eancias culminou em preju\u00edzos significativos em v\u00e1rios espa\u00e7os da regi\u00e3o.<\/p>\n<p>No Complexo Desportivo do Clube de T\u00e9nis e Padel de Santar\u00e9m (CTPS), junto ao Pavilh\u00e3o Municipal, a tempestade causou estragos graves. Um campo de padel ficou seriamente danificado, com vidros partidos e parte da estrutura destru\u00edda. Os dois campos restantes tiveram lonas rasgadas, e o campo de t\u00e9nis tamb\u00e9m sofreu danos relevantes.<\/p>\n<h3>CTPS abre campanha de apoio aos clubes<\/h3>\n<p>O CTPS, que alberga cerca de 200 praticantes entre t\u00e9nis e padel, pediu apoio \u00e0 comunidade. O clube disponibilizou uma campanha de crowdfunding, al\u00e9m de n\u00fameros para MB WAY e IBAN para contribui\u00e7\u00f5es diretas. O apelo enfatiza a urg\u00eancia de reconstru\u00e7\u00e3o e recupera\u00e7\u00e3o de equipamentos.<\/p>\n<p>Apoios podem ser realizados atrav\u00e9s da plataforma de crowdfunding, do MB WAY do clube ou do IBAN indicado. O pedido surge num momento de grande necessidade para reerguer as infraestruturas danificadas, ap\u00f3s o impacto da tempestade.<\/p>\n<h3>Campo de futebol da Ribeira de Santar\u00e9m danificado pela cheia<\/h3>\n<p>Na Ribeira de Santar\u00e9m, o campo de futebol utilizado pelos escal\u00f5es de forma\u00e7\u00e3o do Uni\u00e3o de Santar\u00e9m ficou submerso durante tr\u00eas dias, entre sexta e domingo. A interven\u00e7\u00e3o da empresa municipal Viver Santar\u00e9m permitiu limpar o espa\u00e7o e repor o relvado sint\u00e9tico, devolvido \u00e0 pr\u00e1tica na quarta-feira.<\/p>\n<p>Durante o per\u00edodo de inatividade, o Rugby Clube de Santar\u00e9m e a Acad\u00e9mica de Santar\u00e9m ofereceram partilha de espa\u00e7os e hor\u00e1rios para treinos, demonstrando solidariedade entre clubes locais.<\/p>\n<h3>Campo Ch\u00e3 das Padeiras e danos gerais<\/h3>\n<p>O Campo Ch\u00e3 das Padeiras, onde joga a equipa s\u00e9nior do Uni\u00e3o de Santar\u00e9m, sofreu danos menores, nomeadamente em \u00e1rvores, lonas e pain\u00e9is publicit\u00e1rios. O espa\u00e7o esteve encerrado durante o fim de semana, tal como outros espa\u00e7os desportivos do munic\u00edpio, por motivos de seguran\u00e7a.<\/p>\n<h3>Pavilh\u00e3o Mem Ramires tamb\u00e9m afetado<\/h3>\n<p>O pavilh\u00e3o da Escola Mem Ramires, no planalto da cidade, utilizado por alunos e clubes, registou danos na cobertura. A estrutura foi posteriormente reparada pela empresa municipal Viver Santar\u00e9m, garantindo a retomada das atividades.<\/p>\n","protected":false},"excerpt":{"rendered":"<ul>\n<li>Cheias no Ribatejo e a depress\u00e3o Kristin provocaram danos em instala\u00e7\u00f5es desportivas de Santar\u00e9m, com impacto na madrugada de 28 de janeiro.<\/li>\n<li>No Clube de T\u00e9nis e Padel de Santar\u00e9m (CTPS), na zona do Choupal, um campo de padel ficou gravemente danificado, com vidros partidos e lonas rasgadas; o campo de t\u00e9nis tamb\u00e9m sofreu estragos.<\/li>\n<li>O CTPS, que re\u00fane cerca de duzentos praticantes, pediu apoio \u00e0 recupera\u00e7\u00e3o via crowdfunding GoFund.me, al\u00e9m de MBWAY (919 408 551) e do IBAN PT50 0170 3383 0500 0002 9449 3.<\/li>\n<li>Na Ribeira de Santar\u00e9m, o campo de futebol utilizado pelos escal\u00f5es de forma\u00e7\u00e3o do Uni\u00e3o de Santar\u00e9m ficou submerso durante tr\u00eas dias, sendo o relvado sint\u00e9tico devolvido \u00e0 pr\u00e1tica na quarta-feira, com apoio da Viver Santar\u00e9m; Rugby Clube de Santar\u00e9m e Acad\u00e9mica de Santar\u00e9m cederam espa\u00e7o e hor\u00e1rios.<\/li>\n<li>O Campo Ch\u00e3 das Padeiras, onde compete a equipa s\u00e9nior do Uni\u00e3o de Santar\u00e9m, registou danos menores; o pavilh\u00e3o da Escola Mem Ramires sofreu danos na cobertura, j\u00e1 resolvidos pela Viver Santar\u00e9m.<\/li>\n<\/ul>\n","protected":false},"author":2,"featured_media":208870,"comment_status":"closed","ping_status":"closed","sticky":false,"template":"","format":"standard","meta":{"footnotes":""},"categories":[21,1],"tags":[1331,152,32,2293,3877,898],"class_list":["post-208862","post","type-post","status-publish","format-standard","has-post-thumbnail","hentry","category-desporto","category-noticias","tag-alagamento","tag-desporto","tag-futebol","tag-inundacoes","tag-padel","tag-santarem"],"yoast_head":"<!-- This site is optimized with the Yoast SEO plugin v27.2 - https:\/\/yoast.com\/product\/yoast-seo-wordpress\/ -->\n<title>Cheias e Kristin provocam estragos em instala\u00e7\u00f5es desportivas de Santar\u00e9m - Portal Tela Portugal<\/title>\n<meta name=\"robots\" content=\"index, follow, max-snippet:-1, max-image-preview:large, max-video-preview:-1\" \/>\n<meta property=\"og:locale\" content=\"pt_PT\" \/>\n<meta property=\"og:type\" content=\"article\" \/>\n<meta property=\"og:title\" content=\"Cheias e Kristin provocam estragos em instala\u00e7\u00f5es desportivas de Santar\u00e9m - Portal Tela Portugal\" \/>\n<meta property=\"og:description\" content=\"Cheias no Ribatejo e a depress\u00e3o Kristin provocaram danos em instala\u00e7\u00f5es desportivas de Santar\u00e9m, com impacto na madrugada de 28 de janeiro. No Clube de T\u00e9nis e Padel de Santar\u00e9m (CTPS), na zona do Choupal, um campo de padel ficou gravemente danificado, com vidros partidos e lonas rasgadas; o campo de t\u00e9nis tamb\u00e9m sofreu estragos. O CTPS, que re\u00fane cerca de duzentos praticantes, pediu apoio \u00e0 recupera\u00e7\u00e3o via crowdfunding GoFund.me, al\u00e9m de MBWAY (919 408 551) e do IBAN PT50 0170 3383 0500 0002 9449 3. Na Ribeira de Santar\u00e9m, o campo de futebol utilizado pelos escal\u00f5es de forma\u00e7\u00e3o do Uni\u00e3o de Santar\u00e9m ficou submerso durante tr\u00eas dias, sendo o relvado sint\u00e9tico devolvido \u00e0 pr\u00e1tica na quarta-feira, com apoio da Viver Santar\u00e9m; Rugby Clube de Santar\u00e9m e Acad\u00e9mica de Santar\u00e9m cederam espa\u00e7o e hor\u00e1rios. O Campo Ch\u00e3 das Padeiras, onde compete a equipa s\u00e9nior do Uni\u00e3o de Santar\u00e9m, registou danos menores; o pavilh\u00e3o da Escola Mem Ramires sofreu danos na cobertura, j\u00e1 resolvidos pela Viver Santar\u00e9m.\" \/>\n<meta property=\"og:url\" content=\"https:\/\/portaltela.pt\/noticias\/2026\/02\/11\/cheias-e-kristin-provocam-estragos-em-instalacoes-desportivas-de-santarem\/\" \/>\n<meta property=\"og:site_name\" content=\"Portal Tela Portugal\" \/>\n<meta property=\"article:published_time\" content=\"2026-02-11T20:14:00+00:00\" \/>\n<meta name=\"author\" content=\"Telinha\" \/>\n<meta name=\"twitter:card\" content=\"summary_large_image\" \/>\n<meta name=\"twitter:label1\" content=\"Escrito por\" \/>\n\t<meta name=\"twitter:data1\" content=\"Telinha\" \/>\n\t<meta name=\"twitter:label2\" content=\"Tempo estimado de leitura\" \/>\n\t<meta name=\"twitter:data2\" content=\"2 minutos\" \/>\n<script type=\"application\/ld+json\" class=\"yoast-schema-graph\">{\"@context\":\"https:\/\/schema.org\",\"@graph\":[{\"@type\":\"Article\",\"@id\":\"https:\/\/portaltela.pt\/noticias\/2026\/02\/11\/cheias-e-kristin-provocam-estragos-em-instalacoes-desportivas-de-santarem\/#article\",\"isPartOf\":{\"@id\":\"https:\/\/portaltela.pt\/noticias\/2026\/02\/11\/cheias-e-kristin-provocam-estragos-em-instalacoes-desportivas-de-santarem\/\"},\"author\":{\"name\":\"Telinha\",\"@id\":\"https:\/\/portaltela.pt\/#\/schema\/person\/c4278d4a6028830caff9ee44b42d32ed\"},\"headline\":\"Cheias e Kristin provocam estragos em instala\u00e7\u00f5es desportivas de Santar\u00e9m\",\"datePublished\":\"2026-02-11T20:14:00+00:00\",\"mainEntityOfPage\":{\"@id\":\"https:\/\/portaltela.pt\/noticias\/2026\/02\/11\/cheias-e-kristin-provocam-estragos-em-instalacoes-desportivas-de-santarem\/\"},\"wordCount\":425,\"image\":{\"@id\":\"https:\/\/portaltela.pt\/noticias\/2026\/02\/11\/cheias-e-kristin-provocam-estragos-em-instalacoes-desportivas-de-santarem\/#primaryimage\"},\"thumbnailUrl\":\"https:\/\/portaltela.pt\/s.01k8rhncp4jt1\/2026\/02\/img_1200x721uu2026-02-11-20-11-26-2421021.jpg\",\"keywords\":[\"alagamento\",\"desporto\",\"futebol\",\"inunda\u00e7\u00f5es\",\"Padel\",\"Santar\u00e9m\"],\"articleSection\":[\"Desporto\",\"Not\u00edcias\"],\"inLanguage\":\"pt-PT\"},{\"@type\":\"WebPage\",\"@id\":\"https:\/\/portaltela.pt\/noticias\/2026\/02\/11\/cheias-e-kristin-provocam-estragos-em-instalacoes-desportivas-de-santarem\/\",\"url\":\"https:\/\/portaltela.pt\/noticias\/2026\/02\/11\/cheias-e-kristin-provocam-estragos-em-instalacoes-desportivas-de-santarem\/\",\"name\":\"Cheias e Kristin provocam estragos em instala\u00e7\u00f5es desportivas de Santar\u00e9m - Portal Tela Portugal\",\"isPartOf\":{\"@id\":\"https:\/\/portaltela.pt\/#website\"},\"primaryImageOfPage\":{\"@id\":\"https:\/\/portaltela.pt\/noticias\/2026\/02\/11\/cheias-e-kristin-provocam-estragos-em-instalacoes-desportivas-de-santarem\/#primaryimage\"},\"image\":{\"@id\":\"https:\/\/portaltela.pt\/noticias\/2026\/02\/11\/cheias-e-kristin-provocam-estragos-em-instalacoes-desportivas-de-santarem\/#primaryimage\"},\"thumbnailUrl\":\"https:\/\/portaltela.pt\/s.01k8rhncp4jt1\/2026\/02\/img_1200x721uu2026-02-11-20-11-26-2421021.jpg\",\"datePublished\":\"2026-02-11T20:14:00+00:00\",\"author\":{\"@id\":\"https:\/\/portaltela.pt\/#\/schema\/person\/c4278d4a6028830caff9ee44b42d32ed\"},\"breadcrumb\":{\"@id\":\"https:\/\/portaltela.pt\/noticias\/2026\/02\/11\/cheias-e-kristin-provocam-estragos-em-instalacoes-desportivas-de-santarem\/#breadcrumb\"},\"inLanguage\":\"pt-PT\",\"potentialAction\":[{\"@type\":\"ReadAction\",\"target\":[\"https:\/\/portaltela.pt\/noticias\/2026\/02\/11\/cheias-e-kristin-provocam-estragos-em-instalacoes-desportivas-de-santarem\/\"]}]},{\"@type\":\"ImageObject\",\"inLanguage\":\"pt-PT\",\"@id\":\"https:\/\/portaltela.pt\/noticias\/2026\/02\/11\/cheias-e-kristin-provocam-estragos-em-instalacoes-desportivas-de-santarem\/#primaryimage\",\"url\":\"https:\/\/portaltela.pt\/s.01k8rhncp4jt1\/2026\/02\/img_1200x721uu2026-02-11-20-11-26-2421021.jpg\",\"contentUrl\":\"https:\/\/portaltela.pt\/s.01k8rhncp4jt1\/2026\/02\/img_1200x721uu2026-02-11-20-11-26-2421021.jpg\",\"width\":796,\"height\":448,\"caption\":\"Estrutura danificada em campo de t\u00e9nis ap\u00f3s fortes chuvas\"},{\"@type\":\"BreadcrumbList\",\"@id\":\"https:\/\/portaltela.pt\/noticias\/2026\/02\/11\/cheias-e-kristin-provocam-estragos-em-instalacoes-desportivas-de-santarem\/#breadcrumb\",\"itemListElement\":[{\"@type\":\"ListItem\",\"position\":1,\"name\":\"In\u00edcio\",\"item\":\"https:\/\/portaltela.pt\/\"},{\"@type\":\"ListItem\",\"position\":2,\"name\":\"Cheias e Kristin provocam estragos em instala\u00e7\u00f5es desportivas de Santar\u00e9m\"}]},{\"@type\":\"WebSite\",\"@id\":\"https:\/\/portaltela.pt\/#website\",\"url\":\"https:\/\/portaltela.pt\/\",\"name\":\"Portal Tela Portugal\",\"description\":\"\",\"potentialAction\":[{\"@type\":\"SearchAction\",\"target\":{\"@type\":\"EntryPoint\",\"urlTemplate\":\"https:\/\/portaltela.pt\/?s={search_term_string}\"},\"query-input\":{\"@type\":\"PropertyValueSpecification\",\"valueRequired\":true,\"valueName\":\"search_term_string\"}}],\"inLanguage\":\"pt-PT\"},{\"@type\":\"Person\",\"@id\":\"https:\/\/portaltela.pt\/#\/schema\/person\/c4278d4a6028830caff9ee44b42d32ed\",\"name\":\"Telinha\",\"image\":{\"@type\":\"ImageObject\",\"inLanguage\":\"pt-PT\",\"@id\":\"https:\/\/portaltela.pt\/s.01k8rhncp4jt1\/2025\/11\/talking-bot-125x125.png\",\"url\":\"https:\/\/portaltela.pt\/s.01k8rhncp4jt1\/2025\/11\/talking-bot-125x125.png\",\"contentUrl\":\"https:\/\/portaltela.pt\/s.01k8rhncp4jt1\/2025\/11\/talking-bot-125x125.png\",\"caption\":\"Telinha\"},\"sameAs\":[\"https:\/\/portaltela.pt\/\"],\"url\":\"https:\/\/portaltela.pt\/por\/367410592786\/\"}]}<\/script>\n<!-- \/ Yoast SEO plugin. -->","yoast_head_json":{"title":"Cheias e Kristin provocam estragos em instala\u00e7\u00f5es desportivas de Santar\u00e9m - Portal Tela Portugal","robots":{"index":"index","follow":"follow","max-snippet":"max-snippet:-1","max-image-preview":"max-image-preview:large","max-video-preview":"max-video-preview:-1"},"og_locale":"pt_PT","og_type":"article","og_title":"Cheias e Kristin provocam estragos em instala\u00e7\u00f5es desportivas de Santar\u00e9m - Portal Tela Portugal","og_description":"Cheias no Ribatejo e a depress\u00e3o Kristin provocaram danos em instala\u00e7\u00f5es desportivas de Santar\u00e9m, com impacto na madrugada de 28 de janeiro. No Clube de T\u00e9nis e Padel de Santar\u00e9m (CTPS), na zona do Choupal, um campo de padel ficou gravemente danificado, com vidros partidos e lonas rasgadas; o campo de t\u00e9nis tamb\u00e9m sofreu estragos. O CTPS, que re\u00fane cerca de duzentos praticantes, pediu apoio \u00e0 recupera\u00e7\u00e3o via crowdfunding GoFund.me, al\u00e9m de MBWAY (919 408 551) e do IBAN PT50 0170 3383 0500 0002 9449 3. Na Ribeira de Santar\u00e9m, o campo de futebol utilizado pelos escal\u00f5es de forma\u00e7\u00e3o do Uni\u00e3o de Santar\u00e9m ficou submerso durante tr\u00eas dias, sendo o relvado sint\u00e9tico devolvido \u00e0 pr\u00e1tica na quarta-feira, com apoio da Viver Santar\u00e9m; Rugby Clube de Santar\u00e9m e Acad\u00e9mica de Santar\u00e9m cederam espa\u00e7o e hor\u00e1rios. O Campo Ch\u00e3 das Padeiras, onde compete a equipa s\u00e9nior do Uni\u00e3o de Santar\u00e9m, registou danos menores; o pavilh\u00e3o da Escola Mem Ramires sofreu danos na cobertura, j\u00e1 resolvidos pela Viver Santar\u00e9m.","og_url":"https:\/\/portaltela.pt\/noticias\/2026\/02\/11\/cheias-e-kristin-provocam-estragos-em-instalacoes-desportivas-de-santarem\/","og_site_name":"Portal Tela Portugal","article_published_time":"2026-02-11T20:14:00+00:00","author":"Telinha","twitter_card":"summary_large_image","twitter_misc":{"Escrito por":"Telinha","Tempo estimado de leitura":"2 minutos"},"schema":{"@context":"https:\/\/schema.org","@graph":[{"@type":"Article","@id":"https:\/\/portaltela.pt\/noticias\/2026\/02\/11\/cheias-e-kristin-provocam-estragos-em-instalacoes-desportivas-de-santarem\/#article","isPartOf":{"@id":"https:\/\/portaltela.pt\/noticias\/2026\/02\/11\/cheias-e-kristin-provocam-estragos-em-instalacoes-desportivas-de-santarem\/"},"author":{"name":"Telinha","@id":"https:\/\/portaltela.pt\/#\/schema\/person\/c4278d4a6028830caff9ee44b42d32ed"},"headline":"Cheias e Kristin provocam estragos em instala\u00e7\u00f5es desportivas de Santar\u00e9m","datePublished":"2026-02-11T20:14:00+00:00","mainEntityOfPage":{"@id":"https:\/\/portaltela.pt\/noticias\/2026\/02\/11\/cheias-e-kristin-provocam-estragos-em-instalacoes-desportivas-de-santarem\/"},"wordCount":425,"image":{"@id":"https:\/\/portaltela.pt\/noticias\/2026\/02\/11\/cheias-e-kristin-provocam-estragos-em-instalacoes-desportivas-de-santarem\/#primaryimage"},"thumbnailUrl":"https:\/\/portaltela.pt\/s.01k8rhncp4jt1\/2026\/02\/img_1200x721uu2026-02-11-20-11-26-2421021.jpg","keywords":["alagamento","desporto","futebol","inunda\u00e7\u00f5es","Padel","Santar\u00e9m"],"articleSection":["Desporto","Not\u00edcias"],"inLanguage":"pt-PT"},{"@type":"WebPage","@id":"https:\/\/portaltela.pt\/noticias\/2026\/02\/11\/cheias-e-kristin-provocam-estragos-em-instalacoes-desportivas-de-santarem\/","url":"https:\/\/portaltela.pt\/noticias\/2026\/02\/11\/cheias-e-kristin-provocam-estragos-em-instalacoes-desportivas-de-santarem\/","name":"Cheias e Kristin provocam estragos em instala\u00e7\u00f5es desportivas de Santar\u00e9m - Portal Tela Portugal","isPartOf":{"@id":"https:\/\/portaltela.pt\/#website"},"primaryImageOfPage":{"@id":"https:\/\/portaltela.pt\/noticias\/2026\/02\/11\/cheias-e-kristin-provocam-estragos-em-instalacoes-desportivas-de-santarem\/#primaryimage"},"image":{"@id":"https:\/\/portaltela.pt\/noticias\/2026\/02\/11\/cheias-e-kristin-provocam-estragos-em-instalacoes-desportivas-de-santarem\/#primaryimage"},"thumbnailUrl":"https:\/\/portaltela.pt\/s.01k8rhncp4jt1\/2026\/02\/img_1200x721uu2026-02-11-20-11-26-2421021.jpg","datePublished":"2026-02-11T20:14:00+00:00","author":{"@id":"https:\/\/portaltela.pt\/#\/schema\/person\/c4278d4a6028830caff9ee44b42d32ed"},"breadcrumb":{"@id":"https:\/\/portaltela.pt\/noticias\/2026\/02\/11\/cheias-e-kristin-provocam-estragos-em-instalacoes-desportivas-de-santarem\/#breadcrumb"},"inLanguage":"pt-PT","potentialAction":[{"@type":"ReadAction","target":["https:\/\/portaltela.pt\/noticias\/2026\/02\/11\/cheias-e-kristin-provocam-estragos-em-instalacoes-desportivas-de-santarem\/"]}]},{"@type":"ImageObject","inLanguage":"pt-PT","@id":"https:\/\/portaltela.pt\/noticias\/2026\/02\/11\/cheias-e-kristin-provocam-estragos-em-instalacoes-desportivas-de-santarem\/#primaryimage","url":"https:\/\/portaltela.pt\/s.01k8rhncp4jt1\/2026\/02\/img_1200x721uu2026-02-11-20-11-26-2421021.jpg","contentUrl":"https:\/\/portaltela.pt\/s.01k8rhncp4jt1\/2026\/02\/img_1200x721uu2026-02-11-20-11-26-2421021.jpg","width":796,"height":448,"caption":"Estrutura danificada em campo de t\u00e9nis ap\u00f3s fortes chuvas"},{"@type":"BreadcrumbList","@id":"https:\/\/portaltela.pt\/noticias\/2026\/02\/11\/cheias-e-kristin-provocam-estragos-em-instalacoes-desportivas-de-santarem\/#breadcrumb","itemListElement":[{"@type":"ListItem","position":1,"name":"In\u00edcio","item":"https:\/\/portaltela.pt\/"},{"@type":"ListItem","position":2,"name":"Cheias e Kristin provocam estragos em instala\u00e7\u00f5es desportivas de Santar\u00e9m"}]},{"@type":"WebSite","@id":"https:\/\/portaltela.pt\/#website","url":"https:\/\/portaltela.pt\/","name":"Portal Tela Portugal","description":"","potentialAction":[{"@type":"SearchAction","target":{"@type":"EntryPoint","urlTemplate":"https:\/\/portaltela.pt\/?s={search_term_string}"},"query-input":{"@type":"PropertyValueSpecification","valueRequired":true,"valueName":"search_term_string"}}],"inLanguage":"pt-PT"},{"@type":"Person","@id":"https:\/\/portaltela.pt\/#\/schema\/person\/c4278d4a6028830caff9ee44b42d32ed","name":"Telinha","image":{"@type":"ImageObject","inLanguage":"pt-PT","@id":"https:\/\/portaltela.pt\/s.01k8rhncp4jt1\/2025\/11\/talking-bot-125x125.png","url":"https:\/\/portaltela.pt\/s.01k8rhncp4jt1\/2025\/11\/talking-bot-125x125.png","contentUrl":"https:\/\/portaltela.pt\/s.01k8rhncp4jt1\/2025\/11\/talking-bot-125x125.png","caption":"Telinha"},"sameAs":["https:\/\/portaltela.pt\/"],"url":"https:\/\/portaltela.pt\/por\/367410592786\/"}]}},"_links":{"self":[{"href":"https:\/\/portaltela.pt\/api\/wp\/v2\/posts\/208862","targetHints":{"allow":["GET"]}}],"collection":[{"href":"https:\/\/portaltela.pt\/api\/wp\/v2\/posts"}],"about":[{"href":"https:\/\/portaltela.pt\/api\/wp\/v2\/types\/post"}],"author":[{"embeddable":true,"href":"https:\/\/portaltela.pt\/api\/wp\/v2\/users\/2"}],"replies":[{"embeddable":true,"href":"https:\/\/portaltela.pt\/api\/wp\/v2\/comments?post=208862"}],"version-history":[{"count":0,"href":"https:\/\/portaltela.pt\/api\/wp\/v2\/posts\/208862\/revisions"}],"wp:featuredmedia":[{"embeddable":true,"href":"https:\/\/portaltela.pt\/api\/wp\/v2\/media\/208870"}],"wp:attachment":[{"href":"https:\/\/portaltela.pt\/api\/wp\/v2\/media?parent=208862"}],"wp:term":[{"taxonomy":"category","embeddable":true,"href":"https:\/\/portaltela.pt\/api\/wp\/v2\/categories?post=208862"},{"taxonomy":"post_tag","embeddable":true,"href":"https:\/\/portaltela.pt\/api\/wp\/v2\/tags?post=208862"}],"curies":[{"name":"wp","href":"https:\/\/api.w.org\/{rel}","templated":true}]}}