{"id":208844,"date":"2026-02-11T17:10:23","date_gmt":"2026-02-11T20:10:23","guid":{"rendered":"https:\/\/portaltela.pt\/noticias\/2026\/02\/11\/trabalhadores-escolares-obrigados-a-devolver-salarios-e-descer-de-escalao\/"},"modified":"2026-02-11T17:10:23","modified_gmt":"2026-02-11T20:10:23","slug":"trabalhadores-escolares-obrigados-a-devolver-salarios-e-descer-de-escalao","status":"publish","type":"post","link":"https:\/\/portaltela.pt\/noticias\/2026\/02\/11\/trabalhadores-escolares-obrigados-a-devolver-salarios-e-descer-de-escalao\/","title":{"rendered":"Trabalhadores escolares obrigados a devolver sal\u00e1rios e descer de escal\u00e3o"},"content":{"rendered":"<p>Centenas de trabalhadores da Educa\u00e7\u00e3o em Portugal denunciam atrasos em progress\u00f5es na carreira, obrigatoriedade de devolver valores recebidos e pedidos de despromo\u00e7\u00e3o de escal\u00e3o por parte do Minist\u00e9rio da Educa\u00e7\u00e3o, Ci\u00eancia e Inova\u00e7\u00e3o (MECI) e do extinto Instituto de Gest\u00e3o Financeira da Educa\u00e7\u00e3o (IGeFE). A situa\u00e7\u00e3o envolve funcion\u00e1rios integrados em 2021 pelo PREVPAP, ap\u00f3s per\u00edodos de v\u00ednculos prec\u00e1rios. O conflito agrava-se com notifica\u00e7\u00f5es de devolu\u00e7\u00e3o de dinheiro em v\u00e1rias regi\u00f5es.<\/p>\n<p>Alguns casos chegaram ao p\u00fablico com relatos de escolas a receber pedidos para corrigir reconstitui\u00e7\u00f5es de carreira, retirando pontos de anos anteriores. A inelegibilidade ou retrocesso de progress\u00f5es \u00e9 contestado por sindicatos, que referem decis\u00f5es legais a favor dos trabalhadores. Acresce a aus\u00eancia de resposta institucional a v\u00e1rias queixas apresentadas.<\/p>\n<h3>Contexto e casos concretos<\/h3>\n<p>Numa escola em Valadares, uma psic\u00f3loga foi notificada a devolver cerca de nove mil euros. No sul do pa\u00eds, uma t\u00e9cnica aguarda h\u00e1 mais de um ano para subir de escal\u00e3o. \u00c0 margem sul do Tejo, uma educadora social n\u00e3o recebe mais de cinco mil euros de uma reposi\u00e7\u00e3o pendente.<\/p>\n<h3>Reivindica\u00e7\u00f5es sindicais<\/h3>\n<p>O STFPS sustenta que o congelamento de carreiras n\u00e3o se aplica aos profissionais abrangidos pelo PREVPAP e aponta v\u00e1rias decis\u00f5es judiciais em defesa dos trabalhadores. O sindicato afirma ainda que alguns pontos de carreira foram apagados nas fichas pessoais, impedindo progress\u00f5es futuras.<\/p>\n<h3>Acompanhamento e pr\u00f3ximos passos<\/h3>\n<p>Segundo informa\u00e7\u00f5es recolhidas, o IGeFE ter\u00e1 pedido \u00e0s escolas para corrigir as reconstitui\u00e7\u00f5es, o que tem gerado atrasos no cabimento de verbas. Em alguns casos, o valor devido permanece por pagar h\u00e1 mais de um ano. V\u00e1rias cartas formais j\u00e1 foram enviadas a autoridades competentes, sem resposta p\u00fablica at\u00e9 ao momento.<\/p>\n<h3>Rea\u00e7\u00e3o institucional<\/h3>\n<p>O Minist\u00e9rio da Educa\u00e7\u00e3o foi contactado pela ag\u00eancia de not\u00edcias para esclarecimentos, mas ainda n\u00e3o h\u00e1 confirma\u00e7\u00e3o sobre as medidas a tomar. As queixas permanecem sob an\u00e1lise, com decis\u00f5es judiciais a influenciar muitos dos processos.<\/p>\n","protected":false},"excerpt":{"rendered":"<ul>\n<li>Centenas de t\u00e9cnicos superiores ligados ao PREVPAP acusam o Minist\u00e9rio da Educa\u00e7\u00e3o de atrasos em progress\u00f5es, de obrigar a devolver dinheiro e de exigir descer de escal\u00e3o e de sal\u00e1rio.<\/li>\n<li>Em Valadares, uma psic\u00f3loga foi notificada para devolver nove mil euros; noutras regi\u00f5es h\u00e1 profissionais a aguardar h\u00e1 mais de um ano pela progress\u00e3o de escal\u00e3o e outra educadora social sem receber mais de cinco mil euros de reposi\u00e7\u00e3o.<\/li>\n<li>O Instituto de Gest\u00e3o Financeira da Educa\u00e7\u00e3o (IGeFE), j\u00e1 extinto, ter\u00e1 contactado as escolas para corrigir reconstitui\u00e7\u00f5es de carreira, retirando pontos de 2017 e 2018 devido ao congelamento de carreiras na fun\u00e7\u00e3o p\u00fablica.<\/li>\n<li>O Sindicato dos Trabalhadores em Fun\u00e7\u00f5es P\u00fablicas e Sociais do Norte sustenta que o congelamento n\u00e3o se aplica aos trabalhadores PREVPAP e diz haver decis\u00f5es judiciais a favor, mas tamb\u00e9m casos de retrocesso remunerat\u00f3rio ou de devolu\u00e7\u00e3o de verbas.<\/li>\n<li>Cerca de cento e dez profissionais j\u00e1 enviaram cartas ao ministro, aos secret\u00e1rios de Estado e \u00e0 Secret\u00e1ria de Estado da Administra\u00e7\u00e3o P\u00fablica; at\u00e9 ao momento n\u00e3o houve resposta.<\/li>\n<\/ul>\n","protected":false},"author":2,"featured_media":208853,"comment_status":"closed","ping_status":"closed","sticky":false,"template":"","format":"standard","meta":{"footnotes":""},"categories":[1],"tags":[254,163,2443,5796,97,966],"class_list":["post-208844","post","type-post","status-publish","format-standard","has-post-thumbnail","hentry","category-noticias","tag-conflito","tag-educacao","tag-educacao-publica","tag-prevpap","tag-professores","tag-sindicatos"],"yoast_head":"<!-- This site is optimized with the Yoast SEO plugin v27.2 - https:\/\/yoast.com\/product\/yoast-seo-wordpress\/ -->\n<title>Trabalhadores escolares obrigados a devolver sal\u00e1rios e descer de escal\u00e3o - Portal Tela Portugal<\/title>\n<meta name=\"robots\" content=\"index, follow, max-snippet:-1, max-image-preview:large, max-video-preview:-1\" \/>\n<meta property=\"og:locale\" content=\"pt_PT\" \/>\n<meta property=\"og:type\" content=\"article\" \/>\n<meta property=\"og:title\" content=\"Trabalhadores escolares obrigados a devolver sal\u00e1rios e descer de escal\u00e3o - Portal Tela Portugal\" \/>\n<meta property=\"og:description\" content=\"Centenas de t\u00e9cnicos superiores ligados ao PREVPAP acusam o Minist\u00e9rio da Educa\u00e7\u00e3o de atrasos em progress\u00f5es, de obrigar a devolver dinheiro e de exigir descer de escal\u00e3o e de sal\u00e1rio. Em Valadares, uma psic\u00f3loga foi notificada para devolver nove mil euros; noutras regi\u00f5es h\u00e1 profissionais a aguardar h\u00e1 mais de um ano pela progress\u00e3o de escal\u00e3o e outra educadora social sem receber mais de cinco mil euros de reposi\u00e7\u00e3o. O Instituto de Gest\u00e3o Financeira da Educa\u00e7\u00e3o (IGeFE), j\u00e1 extinto, ter\u00e1 contactado as escolas para corrigir reconstitui\u00e7\u00f5es de carreira, retirando pontos de 2017 e 2018 devido ao congelamento de carreiras na fun\u00e7\u00e3o p\u00fablica. O Sindicato dos Trabalhadores em Fun\u00e7\u00f5es P\u00fablicas e Sociais do Norte sustenta que o congelamento n\u00e3o se aplica aos trabalhadores PREVPAP e diz haver decis\u00f5es judiciais a favor, mas tamb\u00e9m casos de retrocesso remunerat\u00f3rio ou de devolu\u00e7\u00e3o de verbas. Cerca de cento e dez profissionais j\u00e1 enviaram cartas ao ministro, aos secret\u00e1rios de Estado e \u00e0 Secret\u00e1ria de Estado da Administra\u00e7\u00e3o P\u00fablica; at\u00e9 ao momento n\u00e3o houve resposta.\" \/>\n<meta property=\"og:url\" content=\"https:\/\/portaltela.pt\/noticias\/2026\/02\/11\/trabalhadores-escolares-obrigados-a-devolver-salarios-e-descer-de-escalao\/\" \/>\n<meta property=\"og:site_name\" content=\"Portal Tela Portugal\" \/>\n<meta property=\"article:published_time\" content=\"2026-02-11T20:10:23+00:00\" \/>\n<meta name=\"author\" content=\"Telinha\" \/>\n<meta name=\"twitter:card\" content=\"summary_large_image\" \/>\n<meta name=\"twitter:label1\" content=\"Escrito por\" \/>\n\t<meta name=\"twitter:data1\" content=\"Telinha\" \/>\n\t<meta name=\"twitter:label2\" content=\"Tempo estimado de leitura\" \/>\n\t<meta name=\"twitter:data2\" content=\"2 minutos\" \/>\n<script type=\"application\/ld+json\" class=\"yoast-schema-graph\">{\"@context\":\"https:\/\/schema.org\",\"@graph\":[{\"@type\":\"Article\",\"@id\":\"https:\/\/portaltela.pt\/noticias\/2026\/02\/11\/trabalhadores-escolares-obrigados-a-devolver-salarios-e-descer-de-escalao\/#article\",\"isPartOf\":{\"@id\":\"https:\/\/portaltela.pt\/noticias\/2026\/02\/11\/trabalhadores-escolares-obrigados-a-devolver-salarios-e-descer-de-escalao\/\"},\"author\":{\"name\":\"Telinha\",\"@id\":\"https:\/\/portaltela.pt\/#\/schema\/person\/c4278d4a6028830caff9ee44b42d32ed\"},\"headline\":\"Trabalhadores escolares obrigados a devolver sal\u00e1rios e descer de escal\u00e3o\",\"datePublished\":\"2026-02-11T20:10:23+00:00\",\"mainEntityOfPage\":{\"@id\":\"https:\/\/portaltela.pt\/noticias\/2026\/02\/11\/trabalhadores-escolares-obrigados-a-devolver-salarios-e-descer-de-escalao\/\"},\"wordCount\":370,\"image\":{\"@id\":\"https:\/\/portaltela.pt\/noticias\/2026\/02\/11\/trabalhadores-escolares-obrigados-a-devolver-salarios-e-descer-de-escalao\/#primaryimage\"},\"thumbnailUrl\":\"https:\/\/portaltela.pt\/s.01k8rhncp4jt1\/2026\/02\/img_1500x1000uu2024-01-16-21-18-28-1543253-1.jpg\",\"keywords\":[\"conflito\",\"educa\u00e7\u00e3o\",\"educa\u00e7\u00e3o p\u00fablica\",\"PREVPAP\",\"professores\",\"sindicatos\"],\"articleSection\":[\"Not\u00edcias\"],\"inLanguage\":\"pt-PT\"},{\"@type\":\"WebPage\",\"@id\":\"https:\/\/portaltela.pt\/noticias\/2026\/02\/11\/trabalhadores-escolares-obrigados-a-devolver-salarios-e-descer-de-escalao\/\",\"url\":\"https:\/\/portaltela.pt\/noticias\/2026\/02\/11\/trabalhadores-escolares-obrigados-a-devolver-salarios-e-descer-de-escalao\/\",\"name\":\"Trabalhadores escolares obrigados a devolver sal\u00e1rios e descer de escal\u00e3o - Portal Tela Portugal\",\"isPartOf\":{\"@id\":\"https:\/\/portaltela.pt\/#website\"},\"primaryImageOfPage\":{\"@id\":\"https:\/\/portaltela.pt\/noticias\/2026\/02\/11\/trabalhadores-escolares-obrigados-a-devolver-salarios-e-descer-de-escalao\/#primaryimage\"},\"image\":{\"@id\":\"https:\/\/portaltela.pt\/noticias\/2026\/02\/11\/trabalhadores-escolares-obrigados-a-devolver-salarios-e-descer-de-escalao\/#primaryimage\"},\"thumbnailUrl\":\"https:\/\/portaltela.pt\/s.01k8rhncp4jt1\/2026\/02\/img_1500x1000uu2024-01-16-21-18-28-1543253-1.jpg\",\"datePublished\":\"2026-02-11T20:10:23+00:00\",\"author\":{\"@id\":\"https:\/\/portaltela.pt\/#\/schema\/person\/c4278d4a6028830caff9ee44b42d32ed\"},\"breadcrumb\":{\"@id\":\"https:\/\/portaltela.pt\/noticias\/2026\/02\/11\/trabalhadores-escolares-obrigados-a-devolver-salarios-e-descer-de-escalao\/#breadcrumb\"},\"inLanguage\":\"pt-PT\",\"potentialAction\":[{\"@type\":\"ReadAction\",\"target\":[\"https:\/\/portaltela.pt\/noticias\/2026\/02\/11\/trabalhadores-escolares-obrigados-a-devolver-salarios-e-descer-de-escalao\/\"]}]},{\"@type\":\"ImageObject\",\"inLanguage\":\"pt-PT\",\"@id\":\"https:\/\/portaltela.pt\/noticias\/2026\/02\/11\/trabalhadores-escolares-obrigados-a-devolver-salarios-e-descer-de-escalao\/#primaryimage\",\"url\":\"https:\/\/portaltela.pt\/s.01k8rhncp4jt1\/2026\/02\/img_1500x1000uu2024-01-16-21-18-28-1543253-1.jpg\",\"contentUrl\":\"https:\/\/portaltela.pt\/s.01k8rhncp4jt1\/2026\/02\/img_1500x1000uu2024-01-16-21-18-28-1543253-1.jpg\",\"width\":796,\"height\":448,\"caption\":\"Escolas\"},{\"@type\":\"BreadcrumbList\",\"@id\":\"https:\/\/portaltela.pt\/noticias\/2026\/02\/11\/trabalhadores-escolares-obrigados-a-devolver-salarios-e-descer-de-escalao\/#breadcrumb\",\"itemListElement\":[{\"@type\":\"ListItem\",\"position\":1,\"name\":\"In\u00edcio\",\"item\":\"https:\/\/portaltela.pt\/\"},{\"@type\":\"ListItem\",\"position\":2,\"name\":\"Trabalhadores escolares obrigados a devolver sal\u00e1rios e descer de escal\u00e3o\"}]},{\"@type\":\"WebSite\",\"@id\":\"https:\/\/portaltela.pt\/#website\",\"url\":\"https:\/\/portaltela.pt\/\",\"name\":\"Portal Tela Portugal\",\"description\":\"\",\"potentialAction\":[{\"@type\":\"SearchAction\",\"target\":{\"@type\":\"EntryPoint\",\"urlTemplate\":\"https:\/\/portaltela.pt\/?s={search_term_string}\"},\"query-input\":{\"@type\":\"PropertyValueSpecification\",\"valueRequired\":true,\"valueName\":\"search_term_string\"}}],\"inLanguage\":\"pt-PT\"},{\"@type\":\"Person\",\"@id\":\"https:\/\/portaltela.pt\/#\/schema\/person\/c4278d4a6028830caff9ee44b42d32ed\",\"name\":\"Telinha\",\"image\":{\"@type\":\"ImageObject\",\"inLanguage\":\"pt-PT\",\"@id\":\"https:\/\/portaltela.pt\/s.01k8rhncp4jt1\/2025\/11\/talking-bot-125x125.png\",\"url\":\"https:\/\/portaltela.pt\/s.01k8rhncp4jt1\/2025\/11\/talking-bot-125x125.png\",\"contentUrl\":\"https:\/\/portaltela.pt\/s.01k8rhncp4jt1\/2025\/11\/talking-bot-125x125.png\",\"caption\":\"Telinha\"},\"sameAs\":[\"https:\/\/portaltela.pt\/\"],\"url\":\"https:\/\/portaltela.pt\/por\/367410592786\/\"}]}<\/script>\n<!-- \/ Yoast SEO plugin. -->","yoast_head_json":{"title":"Trabalhadores escolares obrigados a devolver sal\u00e1rios e descer de escal\u00e3o - Portal Tela Portugal","robots":{"index":"index","follow":"follow","max-snippet":"max-snippet:-1","max-image-preview":"max-image-preview:large","max-video-preview":"max-video-preview:-1"},"og_locale":"pt_PT","og_type":"article","og_title":"Trabalhadores escolares obrigados a devolver sal\u00e1rios e descer de escal\u00e3o - Portal Tela Portugal","og_description":"Centenas de t\u00e9cnicos superiores ligados ao PREVPAP acusam o Minist\u00e9rio da Educa\u00e7\u00e3o de atrasos em progress\u00f5es, de obrigar a devolver dinheiro e de exigir descer de escal\u00e3o e de sal\u00e1rio. Em Valadares, uma psic\u00f3loga foi notificada para devolver nove mil euros; noutras regi\u00f5es h\u00e1 profissionais a aguardar h\u00e1 mais de um ano pela progress\u00e3o de escal\u00e3o e outra educadora social sem receber mais de cinco mil euros de reposi\u00e7\u00e3o. O Instituto de Gest\u00e3o Financeira da Educa\u00e7\u00e3o (IGeFE), j\u00e1 extinto, ter\u00e1 contactado as escolas para corrigir reconstitui\u00e7\u00f5es de carreira, retirando pontos de 2017 e 2018 devido ao congelamento de carreiras na fun\u00e7\u00e3o p\u00fablica. O Sindicato dos Trabalhadores em Fun\u00e7\u00f5es P\u00fablicas e Sociais do Norte sustenta que o congelamento n\u00e3o se aplica aos trabalhadores PREVPAP e diz haver decis\u00f5es judiciais a favor, mas tamb\u00e9m casos de retrocesso remunerat\u00f3rio ou de devolu\u00e7\u00e3o de verbas. Cerca de cento e dez profissionais j\u00e1 enviaram cartas ao ministro, aos secret\u00e1rios de Estado e \u00e0 Secret\u00e1ria de Estado da Administra\u00e7\u00e3o P\u00fablica; at\u00e9 ao momento n\u00e3o houve resposta.","og_url":"https:\/\/portaltela.pt\/noticias\/2026\/02\/11\/trabalhadores-escolares-obrigados-a-devolver-salarios-e-descer-de-escalao\/","og_site_name":"Portal Tela Portugal","article_published_time":"2026-02-11T20:10:23+00:00","author":"Telinha","twitter_card":"summary_large_image","twitter_misc":{"Escrito por":"Telinha","Tempo estimado de leitura":"2 minutos"},"schema":{"@context":"https:\/\/schema.org","@graph":[{"@type":"Article","@id":"https:\/\/portaltela.pt\/noticias\/2026\/02\/11\/trabalhadores-escolares-obrigados-a-devolver-salarios-e-descer-de-escalao\/#article","isPartOf":{"@id":"https:\/\/portaltela.pt\/noticias\/2026\/02\/11\/trabalhadores-escolares-obrigados-a-devolver-salarios-e-descer-de-escalao\/"},"author":{"name":"Telinha","@id":"https:\/\/portaltela.pt\/#\/schema\/person\/c4278d4a6028830caff9ee44b42d32ed"},"headline":"Trabalhadores escolares obrigados a devolver sal\u00e1rios e descer de escal\u00e3o","datePublished":"2026-02-11T20:10:23+00:00","mainEntityOfPage":{"@id":"https:\/\/portaltela.pt\/noticias\/2026\/02\/11\/trabalhadores-escolares-obrigados-a-devolver-salarios-e-descer-de-escalao\/"},"wordCount":370,"image":{"@id":"https:\/\/portaltela.pt\/noticias\/2026\/02\/11\/trabalhadores-escolares-obrigados-a-devolver-salarios-e-descer-de-escalao\/#primaryimage"},"thumbnailUrl":"https:\/\/portaltela.pt\/s.01k8rhncp4jt1\/2026\/02\/img_1500x1000uu2024-01-16-21-18-28-1543253-1.jpg","keywords":["conflito","educa\u00e7\u00e3o","educa\u00e7\u00e3o p\u00fablica","PREVPAP","professores","sindicatos"],"articleSection":["Not\u00edcias"],"inLanguage":"pt-PT"},{"@type":"WebPage","@id":"https:\/\/portaltela.pt\/noticias\/2026\/02\/11\/trabalhadores-escolares-obrigados-a-devolver-salarios-e-descer-de-escalao\/","url":"https:\/\/portaltela.pt\/noticias\/2026\/02\/11\/trabalhadores-escolares-obrigados-a-devolver-salarios-e-descer-de-escalao\/","name":"Trabalhadores escolares obrigados a devolver sal\u00e1rios e descer de escal\u00e3o - Portal Tela Portugal","isPartOf":{"@id":"https:\/\/portaltela.pt\/#website"},"primaryImageOfPage":{"@id":"https:\/\/portaltela.pt\/noticias\/2026\/02\/11\/trabalhadores-escolares-obrigados-a-devolver-salarios-e-descer-de-escalao\/#primaryimage"},"image":{"@id":"https:\/\/portaltela.pt\/noticias\/2026\/02\/11\/trabalhadores-escolares-obrigados-a-devolver-salarios-e-descer-de-escalao\/#primaryimage"},"thumbnailUrl":"https:\/\/portaltela.pt\/s.01k8rhncp4jt1\/2026\/02\/img_1500x1000uu2024-01-16-21-18-28-1543253-1.jpg","datePublished":"2026-02-11T20:10:23+00:00","author":{"@id":"https:\/\/portaltela.pt\/#\/schema\/person\/c4278d4a6028830caff9ee44b42d32ed"},"breadcrumb":{"@id":"https:\/\/portaltela.pt\/noticias\/2026\/02\/11\/trabalhadores-escolares-obrigados-a-devolver-salarios-e-descer-de-escalao\/#breadcrumb"},"inLanguage":"pt-PT","potentialAction":[{"@type":"ReadAction","target":["https:\/\/portaltela.pt\/noticias\/2026\/02\/11\/trabalhadores-escolares-obrigados-a-devolver-salarios-e-descer-de-escalao\/"]}]},{"@type":"ImageObject","inLanguage":"pt-PT","@id":"https:\/\/portaltela.pt\/noticias\/2026\/02\/11\/trabalhadores-escolares-obrigados-a-devolver-salarios-e-descer-de-escalao\/#primaryimage","url":"https:\/\/portaltela.pt\/s.01k8rhncp4jt1\/2026\/02\/img_1500x1000uu2024-01-16-21-18-28-1543253-1.jpg","contentUrl":"https:\/\/portaltela.pt\/s.01k8rhncp4jt1\/2026\/02\/img_1500x1000uu2024-01-16-21-18-28-1543253-1.jpg","width":796,"height":448,"caption":"Escolas"},{"@type":"BreadcrumbList","@id":"https:\/\/portaltela.pt\/noticias\/2026\/02\/11\/trabalhadores-escolares-obrigados-a-devolver-salarios-e-descer-de-escalao\/#breadcrumb","itemListElement":[{"@type":"ListItem","position":1,"name":"In\u00edcio","item":"https:\/\/portaltela.pt\/"},{"@type":"ListItem","position":2,"name":"Trabalhadores escolares obrigados a devolver sal\u00e1rios e descer de escal\u00e3o"}]},{"@type":"WebSite","@id":"https:\/\/portaltela.pt\/#website","url":"https:\/\/portaltela.pt\/","name":"Portal Tela Portugal","description":"","potentialAction":[{"@type":"SearchAction","target":{"@type":"EntryPoint","urlTemplate":"https:\/\/portaltela.pt\/?s={search_term_string}"},"query-input":{"@type":"PropertyValueSpecification","valueRequired":true,"valueName":"search_term_string"}}],"inLanguage":"pt-PT"},{"@type":"Person","@id":"https:\/\/portaltela.pt\/#\/schema\/person\/c4278d4a6028830caff9ee44b42d32ed","name":"Telinha","image":{"@type":"ImageObject","inLanguage":"pt-PT","@id":"https:\/\/portaltela.pt\/s.01k8rhncp4jt1\/2025\/11\/talking-bot-125x125.png","url":"https:\/\/portaltela.pt\/s.01k8rhncp4jt1\/2025\/11\/talking-bot-125x125.png","contentUrl":"https:\/\/portaltela.pt\/s.01k8rhncp4jt1\/2025\/11\/talking-bot-125x125.png","caption":"Telinha"},"sameAs":["https:\/\/portaltela.pt\/"],"url":"https:\/\/portaltela.pt\/por\/367410592786\/"}]}},"_links":{"self":[{"href":"https:\/\/portaltela.pt\/api\/wp\/v2\/posts\/208844","targetHints":{"allow":["GET"]}}],"collection":[{"href":"https:\/\/portaltela.pt\/api\/wp\/v2\/posts"}],"about":[{"href":"https:\/\/portaltela.pt\/api\/wp\/v2\/types\/post"}],"author":[{"embeddable":true,"href":"https:\/\/portaltela.pt\/api\/wp\/v2\/users\/2"}],"replies":[{"embeddable":true,"href":"https:\/\/portaltela.pt\/api\/wp\/v2\/comments?post=208844"}],"version-history":[{"count":0,"href":"https:\/\/portaltela.pt\/api\/wp\/v2\/posts\/208844\/revisions"}],"wp:featuredmedia":[{"embeddable":true,"href":"https:\/\/portaltela.pt\/api\/wp\/v2\/media\/208853"}],"wp:attachment":[{"href":"https:\/\/portaltela.pt\/api\/wp\/v2\/media?parent=208844"}],"wp:term":[{"taxonomy":"category","embeddable":true,"href":"https:\/\/portaltela.pt\/api\/wp\/v2\/categories?post=208844"},{"taxonomy":"post_tag","embeddable":true,"href":"https:\/\/portaltela.pt\/api\/wp\/v2\/tags?post=208844"}],"curies":[{"name":"wp","href":"https:\/\/api.w.org\/{rel}","templated":true}]}}