{"id":208768,"date":"2026-02-11T15:50:00","date_gmt":"2026-02-11T18:50:00","guid":{"rendered":"https:\/\/portaltela.pt\/noticias\/2026\/02\/11\/quinta-feira-e-dia-de-chamar-o-trovador-e-o-figurante\/"},"modified":"2026-02-11T15:50:00","modified_gmt":"2026-02-11T18:50:00","slug":"quinta-feira-e-dia-de-chamar-o-trovador-e-o-figurante","status":"publish","type":"post","link":"https:\/\/portaltela.pt\/noticias\/2026\/02\/11\/quinta-feira-e-dia-de-chamar-o-trovador-e-o-figurante\/","title":{"rendered":"Quinta-feira \u00e9 dia de chamar O Trovador e O Figurante"},"content":{"rendered":"<p>Quinta-feira traz uma oferta diversificada de m\u00fasica, teatro e humor no Porto, em Lisboa, Vila Real e outros locais do pa\u00eds. A agenda inclui \u00f3pera, mon\u00f3logos, tert\u00falias e filmes inspiradores, com bilhetes que variam entre 5\u20ac e 38\u20ac.<\/p>\n<p>O Trovador (Il Trovatore)<\/p>\n<p>PORTO, Casa da M\u00fasica. 12 de fevereiro, 21h. M\/6. 19\u20ac a 38\u20ac<\/p>\n<p>A \u00f3pera de Verdi sobe ao palco pela Lyric Opera Arts Symphony Orchestra e Coro Sinf\u00f3nico In\u00eas de Castro. A encena\u00e7\u00e3o \u00e9 dirigida musicalmente por R\u00f3mulo Assis, com elenco liderado por Cristiana Oliveira, C\u00e1tia Moreso, Andr\u00e9 Baleiro e Carlos Cardoso.<\/p>\n<p>Conversas de Miguel<\/p>\n<p>PORTO, Super Bock Arena &#8211; Pavilh\u00e3o Rosa Mota. 12 a 14 de fevereiro, 22h<\/p>\n<p>Pedro Teixeira da Mota e Carlos Coutinho Vilhena apresentam um formato ao vivo de conversa com humor, abordando cultura e pol\u00edtica. O espet\u00e1culo volta \u00e0 estrada ap\u00f3s a vers\u00e3o de 2022, com um formato diferente. Segue para Lisboa, Campo Pequeno, de 19 a 21 de fevereiro.<\/p>\n<p>A M\u00e3e<\/p>\n<p>VILA REAL, Teatro de Vila Real. 12 e 13 de fevereiro, 21h30<\/p>\n<p>Pel\u00e1gia Vlassova \u00e9 a protagonista numa pe\u00e7a de Urze Teatro, baseada em Brecht e Gorki. A hist\u00f3ria foca a luta de uma m\u00e3e pobre contra injusti\u00e7as sociais, em tom de mem\u00f3ria e emancipa\u00e7\u00e3o.<\/p>\n<p>O Figurante<\/p>\n<p>LISBOA, Teatro Maria Matos. 4 de fevereiro a 1 de mar\u00e7o. Quartas a s\u00e1bados 21h; domingos 17h<\/p>\n<p>Mateus Solano interpreta Augusto, int\u00e9rprete secund\u00e1rio do meio audiovisual, em mon\u00f3logo aclamado no Brasil. O texto, coautoria de Isabel Teixeira e Miguel Thir\u00e9, aborda identidade e invisibilidade.<\/p>\n<p>Sombra<\/p>\n<p>LISBOA, Coliseu dos Recreios. 11 a 13 de fevereiro, 21h30<\/p>\n<p>Stand-up de Mariana Cabral, num regresso com novo material. O espet\u00e1culo, dirigido pela pr\u00f3pria autora, cruza humor com as reflex\u00f5es sobre a vida familiar e social.<\/p>\n<p>Olhares sobre o Passado em Quarteira<\/p>\n<p>LOUL\u00c9, Antiga Lota de Pesca. 12 de fevereiro, 15h<\/p>\n<p>Tert\u00falia integrada na exposi\u00e7\u00e3o Com os P\u00e9s na Terra e as M\u00e3os no Mar. 6000 Anos de Hist\u00f3ria de Quarteira. O p\u00fablico pode trazer mem\u00f3rias e fotografias para partilhar. Entrada livre.<\/p>\n","protected":false},"excerpt":{"rendered":"<ul>\n<li>O Trovador, no Porto Casa da M\u00fasica, a 12 de fevereiro, \u00e0s 21h; bilhete entre 19\u20ac e 38\u20ac.<\/li>\n<li>Conversas de Miguel, no Porto Super Bock Arena (Pavilh\u00e3o Rosa Mota), de 12 a 14 de fevereiro, \u00e0s 22h; bilhetes entre 24\u20ac e 38\u20ac.<\/li>\n<li>A M\u00e3e, no Teatro de Vila Real, 12 e 13 de fevereiro, \u00e0s 21h30; bilhete a 5\u20ac.<\/li>\n<li>O Figurante, em Lisboa, no Teatro Maria Matos, de 4 de fevereiro a 1 de mar\u00e7o; quarta a s\u00e1bado \u00e0s 21h e domingo \u00e0s 17h; bilhetes entre 22\u20ac e 25\u20ac.<\/li>\n<li>Sombra, no Coliseu dos Recreios, de 11 a 13 de fevereiro, \u00e0s 21h30; bilhete entre 18\u20ac e 35\u20ac.<\/li>\n<\/ul>\n","protected":false},"author":2,"featured_media":208770,"comment_status":"closed","ping_status":"closed","sticky":false,"template":"","format":"standard","meta":{"footnotes":""},"categories":[1],"tags":[981,122,1682,982,119,1665],"class_list":["post-208768","post","type-post","status-publish","format-standard","has-post-thumbnail","hentry","category-noticias","tag-lisboa","tag-musica","tag-opera","tag-porto","tag-teatro","tag-vila-real"],"yoast_head":"<!-- This site is optimized with the Yoast SEO plugin v27.2 - https:\/\/yoast.com\/product\/yoast-seo-wordpress\/ -->\n<title>Quinta-feira \u00e9 dia de chamar O Trovador e O Figurante - Portal Tela Portugal<\/title>\n<meta name=\"robots\" content=\"index, follow, max-snippet:-1, max-image-preview:large, max-video-preview:-1\" \/>\n<meta property=\"og:locale\" content=\"pt_PT\" \/>\n<meta property=\"og:type\" content=\"article\" \/>\n<meta property=\"og:title\" content=\"Quinta-feira \u00e9 dia de chamar O Trovador e O Figurante - Portal Tela Portugal\" \/>\n<meta property=\"og:description\" content=\"O Trovador, no Porto Casa da M\u00fasica, a 12 de fevereiro, \u00e0s 21h; bilhete entre 19\u20ac e 38\u20ac. Conversas de Miguel, no Porto Super Bock Arena (Pavilh\u00e3o Rosa Mota), de 12 a 14 de fevereiro, \u00e0s 22h; bilhetes entre 24\u20ac e 38\u20ac. A M\u00e3e, no Teatro de Vila Real, 12 e 13 de fevereiro, \u00e0s 21h30; bilhete a 5\u20ac. O Figurante, em Lisboa, no Teatro Maria Matos, de 4 de fevereiro a 1 de mar\u00e7o; quarta a s\u00e1bado \u00e0s 21h e domingo \u00e0s 17h; bilhetes entre 22\u20ac e 25\u20ac. Sombra, no Coliseu dos Recreios, de 11 a 13 de fevereiro, \u00e0s 21h30; bilhete entre 18\u20ac e 35\u20ac.\" \/>\n<meta property=\"og:url\" content=\"https:\/\/portaltela.pt\/noticias\/2026\/02\/11\/quinta-feira-e-dia-de-chamar-o-trovador-e-o-figurante\/\" \/>\n<meta property=\"og:site_name\" content=\"Portal Tela Portugal\" \/>\n<meta property=\"article:published_time\" content=\"2026-02-11T18:50:00+00:00\" \/>\n<meta name=\"author\" content=\"Telinha\" \/>\n<meta name=\"twitter:card\" content=\"summary_large_image\" \/>\n<meta name=\"twitter:label1\" content=\"Escrito por\" \/>\n\t<meta name=\"twitter:data1\" content=\"Telinha\" \/>\n\t<meta name=\"twitter:label2\" content=\"Tempo estimado de leitura\" \/>\n\t<meta name=\"twitter:data2\" content=\"2 minutos\" \/>\n<script type=\"application\/ld+json\" class=\"yoast-schema-graph\">{\"@context\":\"https:\/\/schema.org\",\"@graph\":[{\"@type\":\"Article\",\"@id\":\"https:\/\/portaltela.pt\/noticias\/2026\/02\/11\/quinta-feira-e-dia-de-chamar-o-trovador-e-o-figurante\/#article\",\"isPartOf\":{\"@id\":\"https:\/\/portaltela.pt\/noticias\/2026\/02\/11\/quinta-feira-e-dia-de-chamar-o-trovador-e-o-figurante\/\"},\"author\":{\"name\":\"Telinha\",\"@id\":\"https:\/\/portaltela.pt\/#\/schema\/person\/c4278d4a6028830caff9ee44b42d32ed\"},\"headline\":\"Quinta-feira \u00e9 dia de chamar O Trovador e O Figurante\",\"datePublished\":\"2026-02-11T18:50:00+00:00\",\"mainEntityOfPage\":{\"@id\":\"https:\/\/portaltela.pt\/noticias\/2026\/02\/11\/quinta-feira-e-dia-de-chamar-o-trovador-e-o-figurante\/\"},\"wordCount\":359,\"image\":{\"@id\":\"https:\/\/portaltela.pt\/noticias\/2026\/02\/11\/quinta-feira-e-dia-de-chamar-o-trovador-e-o-figurante\/#primaryimage\"},\"thumbnailUrl\":\"https:\/\/portaltela.pt\/s.01k8rhncp4jt1\/2026\/02\/2066343.jpg\",\"keywords\":[\"Lisboa\",\"m\u00fasica\",\"\u00f3pera\",\"Porto\",\"teatro\",\"Vila Real\"],\"articleSection\":[\"Not\u00edcias\"],\"inLanguage\":\"pt-PT\"},{\"@type\":\"WebPage\",\"@id\":\"https:\/\/portaltela.pt\/noticias\/2026\/02\/11\/quinta-feira-e-dia-de-chamar-o-trovador-e-o-figurante\/\",\"url\":\"https:\/\/portaltela.pt\/noticias\/2026\/02\/11\/quinta-feira-e-dia-de-chamar-o-trovador-e-o-figurante\/\",\"name\":\"Quinta-feira \u00e9 dia de chamar O Trovador e O Figurante - Portal Tela Portugal\",\"isPartOf\":{\"@id\":\"https:\/\/portaltela.pt\/#website\"},\"primaryImageOfPage\":{\"@id\":\"https:\/\/portaltela.pt\/noticias\/2026\/02\/11\/quinta-feira-e-dia-de-chamar-o-trovador-e-o-figurante\/#primaryimage\"},\"image\":{\"@id\":\"https:\/\/portaltela.pt\/noticias\/2026\/02\/11\/quinta-feira-e-dia-de-chamar-o-trovador-e-o-figurante\/#primaryimage\"},\"thumbnailUrl\":\"https:\/\/portaltela.pt\/s.01k8rhncp4jt1\/2026\/02\/2066343.jpg\",\"datePublished\":\"2026-02-11T18:50:00+00:00\",\"author\":{\"@id\":\"https:\/\/portaltela.pt\/#\/schema\/person\/c4278d4a6028830caff9ee44b42d32ed\"},\"breadcrumb\":{\"@id\":\"https:\/\/portaltela.pt\/noticias\/2026\/02\/11\/quinta-feira-e-dia-de-chamar-o-trovador-e-o-figurante\/#breadcrumb\"},\"inLanguage\":\"pt-PT\",\"potentialAction\":[{\"@type\":\"ReadAction\",\"target\":[\"https:\/\/portaltela.pt\/noticias\/2026\/02\/11\/quinta-feira-e-dia-de-chamar-o-trovador-e-o-figurante\/\"]}]},{\"@type\":\"ImageObject\",\"inLanguage\":\"pt-PT\",\"@id\":\"https:\/\/portaltela.pt\/noticias\/2026\/02\/11\/quinta-feira-e-dia-de-chamar-o-trovador-e-o-figurante\/#primaryimage\",\"url\":\"https:\/\/portaltela.pt\/s.01k8rhncp4jt1\/2026\/02\/2066343.jpg\",\"contentUrl\":\"https:\/\/portaltela.pt\/s.01k8rhncp4jt1\/2026\/02\/2066343.jpg\",\"width\":796,\"height\":448,\"caption\":\"A soprano Cristiana Oliveira assume o papel de Leonora na \u00f3pera *O Trovador*\"},{\"@type\":\"BreadcrumbList\",\"@id\":\"https:\/\/portaltela.pt\/noticias\/2026\/02\/11\/quinta-feira-e-dia-de-chamar-o-trovador-e-o-figurante\/#breadcrumb\",\"itemListElement\":[{\"@type\":\"ListItem\",\"position\":1,\"name\":\"In\u00edcio\",\"item\":\"https:\/\/portaltela.pt\/\"},{\"@type\":\"ListItem\",\"position\":2,\"name\":\"Quinta-feira \u00e9 dia de chamar O Trovador e O Figurante\"}]},{\"@type\":\"WebSite\",\"@id\":\"https:\/\/portaltela.pt\/#website\",\"url\":\"https:\/\/portaltela.pt\/\",\"name\":\"Portal Tela Portugal\",\"description\":\"\",\"potentialAction\":[{\"@type\":\"SearchAction\",\"target\":{\"@type\":\"EntryPoint\",\"urlTemplate\":\"https:\/\/portaltela.pt\/?s={search_term_string}\"},\"query-input\":{\"@type\":\"PropertyValueSpecification\",\"valueRequired\":true,\"valueName\":\"search_term_string\"}}],\"inLanguage\":\"pt-PT\"},{\"@type\":\"Person\",\"@id\":\"https:\/\/portaltela.pt\/#\/schema\/person\/c4278d4a6028830caff9ee44b42d32ed\",\"name\":\"Telinha\",\"image\":{\"@type\":\"ImageObject\",\"inLanguage\":\"pt-PT\",\"@id\":\"https:\/\/portaltela.pt\/s.01k8rhncp4jt1\/2025\/11\/talking-bot-125x125.png\",\"url\":\"https:\/\/portaltela.pt\/s.01k8rhncp4jt1\/2025\/11\/talking-bot-125x125.png\",\"contentUrl\":\"https:\/\/portaltela.pt\/s.01k8rhncp4jt1\/2025\/11\/talking-bot-125x125.png\",\"caption\":\"Telinha\"},\"sameAs\":[\"https:\/\/portaltela.pt\/\"],\"url\":\"https:\/\/portaltela.pt\/por\/367410592786\/\"}]}<\/script>\n<!-- \/ Yoast SEO plugin. -->","yoast_head_json":{"title":"Quinta-feira \u00e9 dia de chamar O Trovador e O Figurante - Portal Tela Portugal","robots":{"index":"index","follow":"follow","max-snippet":"max-snippet:-1","max-image-preview":"max-image-preview:large","max-video-preview":"max-video-preview:-1"},"og_locale":"pt_PT","og_type":"article","og_title":"Quinta-feira \u00e9 dia de chamar O Trovador e O Figurante - Portal Tela Portugal","og_description":"O Trovador, no Porto Casa da M\u00fasica, a 12 de fevereiro, \u00e0s 21h; bilhete entre 19\u20ac e 38\u20ac. Conversas de Miguel, no Porto Super Bock Arena (Pavilh\u00e3o Rosa Mota), de 12 a 14 de fevereiro, \u00e0s 22h; bilhetes entre 24\u20ac e 38\u20ac. A M\u00e3e, no Teatro de Vila Real, 12 e 13 de fevereiro, \u00e0s 21h30; bilhete a 5\u20ac. O Figurante, em Lisboa, no Teatro Maria Matos, de 4 de fevereiro a 1 de mar\u00e7o; quarta a s\u00e1bado \u00e0s 21h e domingo \u00e0s 17h; bilhetes entre 22\u20ac e 25\u20ac. Sombra, no Coliseu dos Recreios, de 11 a 13 de fevereiro, \u00e0s 21h30; bilhete entre 18\u20ac e 35\u20ac.","og_url":"https:\/\/portaltela.pt\/noticias\/2026\/02\/11\/quinta-feira-e-dia-de-chamar-o-trovador-e-o-figurante\/","og_site_name":"Portal Tela Portugal","article_published_time":"2026-02-11T18:50:00+00:00","author":"Telinha","twitter_card":"summary_large_image","twitter_misc":{"Escrito por":"Telinha","Tempo estimado de leitura":"2 minutos"},"schema":{"@context":"https:\/\/schema.org","@graph":[{"@type":"Article","@id":"https:\/\/portaltela.pt\/noticias\/2026\/02\/11\/quinta-feira-e-dia-de-chamar-o-trovador-e-o-figurante\/#article","isPartOf":{"@id":"https:\/\/portaltela.pt\/noticias\/2026\/02\/11\/quinta-feira-e-dia-de-chamar-o-trovador-e-o-figurante\/"},"author":{"name":"Telinha","@id":"https:\/\/portaltela.pt\/#\/schema\/person\/c4278d4a6028830caff9ee44b42d32ed"},"headline":"Quinta-feira \u00e9 dia de chamar O Trovador e O Figurante","datePublished":"2026-02-11T18:50:00+00:00","mainEntityOfPage":{"@id":"https:\/\/portaltela.pt\/noticias\/2026\/02\/11\/quinta-feira-e-dia-de-chamar-o-trovador-e-o-figurante\/"},"wordCount":359,"image":{"@id":"https:\/\/portaltela.pt\/noticias\/2026\/02\/11\/quinta-feira-e-dia-de-chamar-o-trovador-e-o-figurante\/#primaryimage"},"thumbnailUrl":"https:\/\/portaltela.pt\/s.01k8rhncp4jt1\/2026\/02\/2066343.jpg","keywords":["Lisboa","m\u00fasica","\u00f3pera","Porto","teatro","Vila Real"],"articleSection":["Not\u00edcias"],"inLanguage":"pt-PT"},{"@type":"WebPage","@id":"https:\/\/portaltela.pt\/noticias\/2026\/02\/11\/quinta-feira-e-dia-de-chamar-o-trovador-e-o-figurante\/","url":"https:\/\/portaltela.pt\/noticias\/2026\/02\/11\/quinta-feira-e-dia-de-chamar-o-trovador-e-o-figurante\/","name":"Quinta-feira \u00e9 dia de chamar O Trovador e O Figurante - Portal Tela Portugal","isPartOf":{"@id":"https:\/\/portaltela.pt\/#website"},"primaryImageOfPage":{"@id":"https:\/\/portaltela.pt\/noticias\/2026\/02\/11\/quinta-feira-e-dia-de-chamar-o-trovador-e-o-figurante\/#primaryimage"},"image":{"@id":"https:\/\/portaltela.pt\/noticias\/2026\/02\/11\/quinta-feira-e-dia-de-chamar-o-trovador-e-o-figurante\/#primaryimage"},"thumbnailUrl":"https:\/\/portaltela.pt\/s.01k8rhncp4jt1\/2026\/02\/2066343.jpg","datePublished":"2026-02-11T18:50:00+00:00","author":{"@id":"https:\/\/portaltela.pt\/#\/schema\/person\/c4278d4a6028830caff9ee44b42d32ed"},"breadcrumb":{"@id":"https:\/\/portaltela.pt\/noticias\/2026\/02\/11\/quinta-feira-e-dia-de-chamar-o-trovador-e-o-figurante\/#breadcrumb"},"inLanguage":"pt-PT","potentialAction":[{"@type":"ReadAction","target":["https:\/\/portaltela.pt\/noticias\/2026\/02\/11\/quinta-feira-e-dia-de-chamar-o-trovador-e-o-figurante\/"]}]},{"@type":"ImageObject","inLanguage":"pt-PT","@id":"https:\/\/portaltela.pt\/noticias\/2026\/02\/11\/quinta-feira-e-dia-de-chamar-o-trovador-e-o-figurante\/#primaryimage","url":"https:\/\/portaltela.pt\/s.01k8rhncp4jt1\/2026\/02\/2066343.jpg","contentUrl":"https:\/\/portaltela.pt\/s.01k8rhncp4jt1\/2026\/02\/2066343.jpg","width":796,"height":448,"caption":"A soprano Cristiana Oliveira assume o papel de Leonora na \u00f3pera *O Trovador*"},{"@type":"BreadcrumbList","@id":"https:\/\/portaltela.pt\/noticias\/2026\/02\/11\/quinta-feira-e-dia-de-chamar-o-trovador-e-o-figurante\/#breadcrumb","itemListElement":[{"@type":"ListItem","position":1,"name":"In\u00edcio","item":"https:\/\/portaltela.pt\/"},{"@type":"ListItem","position":2,"name":"Quinta-feira \u00e9 dia de chamar O Trovador e O Figurante"}]},{"@type":"WebSite","@id":"https:\/\/portaltela.pt\/#website","url":"https:\/\/portaltela.pt\/","name":"Portal Tela Portugal","description":"","potentialAction":[{"@type":"SearchAction","target":{"@type":"EntryPoint","urlTemplate":"https:\/\/portaltela.pt\/?s={search_term_string}"},"query-input":{"@type":"PropertyValueSpecification","valueRequired":true,"valueName":"search_term_string"}}],"inLanguage":"pt-PT"},{"@type":"Person","@id":"https:\/\/portaltela.pt\/#\/schema\/person\/c4278d4a6028830caff9ee44b42d32ed","name":"Telinha","image":{"@type":"ImageObject","inLanguage":"pt-PT","@id":"https:\/\/portaltela.pt\/s.01k8rhncp4jt1\/2025\/11\/talking-bot-125x125.png","url":"https:\/\/portaltela.pt\/s.01k8rhncp4jt1\/2025\/11\/talking-bot-125x125.png","contentUrl":"https:\/\/portaltela.pt\/s.01k8rhncp4jt1\/2025\/11\/talking-bot-125x125.png","caption":"Telinha"},"sameAs":["https:\/\/portaltela.pt\/"],"url":"https:\/\/portaltela.pt\/por\/367410592786\/"}]}},"_links":{"self":[{"href":"https:\/\/portaltela.pt\/api\/wp\/v2\/posts\/208768","targetHints":{"allow":["GET"]}}],"collection":[{"href":"https:\/\/portaltela.pt\/api\/wp\/v2\/posts"}],"about":[{"href":"https:\/\/portaltela.pt\/api\/wp\/v2\/types\/post"}],"author":[{"embeddable":true,"href":"https:\/\/portaltela.pt\/api\/wp\/v2\/users\/2"}],"replies":[{"embeddable":true,"href":"https:\/\/portaltela.pt\/api\/wp\/v2\/comments?post=208768"}],"version-history":[{"count":0,"href":"https:\/\/portaltela.pt\/api\/wp\/v2\/posts\/208768\/revisions"}],"wp:featuredmedia":[{"embeddable":true,"href":"https:\/\/portaltela.pt\/api\/wp\/v2\/media\/208770"}],"wp:attachment":[{"href":"https:\/\/portaltela.pt\/api\/wp\/v2\/media?parent=208768"}],"wp:term":[{"taxonomy":"category","embeddable":true,"href":"https:\/\/portaltela.pt\/api\/wp\/v2\/categories?post=208768"},{"taxonomy":"post_tag","embeddable":true,"href":"https:\/\/portaltela.pt\/api\/wp\/v2\/tags?post=208768"}],"curies":[{"name":"wp","href":"https:\/\/api.w.org\/{rel}","templated":true}]}}