{"id":208729,"date":"2026-02-11T15:52:31","date_gmt":"2026-02-11T18:52:31","guid":{"rendered":"https:\/\/portaltela.pt\/noticias\/2026\/02\/11\/tribunal-de-beja-marca-acordao-sobre-exploracao-de-imigrantes-para-13-de-marco\/"},"modified":"2026-02-11T15:52:31","modified_gmt":"2026-02-11T18:52:31","slug":"tribunal-de-beja-marca-acordao-sobre-exploracao-de-imigrantes-para-13-de-marco","status":"publish","type":"post","link":"https:\/\/portaltela.pt\/noticias\/2026\/02\/11\/tribunal-de-beja-marca-acordao-sobre-exploracao-de-imigrantes-para-13-de-marco\/","title":{"rendered":"Tribunal de Beja marca ac\u00f3rd\u00e3o sobre explora\u00e7\u00e3o de imigrantes para 13 de mar\u00e7o"},"content":{"rendered":"<p>O Tribunal de Beja marcou para 13 de mar\u00e7o a leitura do ac\u00f3rd\u00e3o do processo que envolve mais de 30 arguidos, entre os quais 22 pessoas, acusados de explora\u00e7\u00e3o de imigrantes no Alentejo. A leitura do veredito est\u00e1 agendada para as 14h00, ap\u00f3s as alega\u00e7\u00f5es finais do Minist\u00e9rio P\u00fablico e dos advogados.<\/p>\n<p>O julgamento, que come\u00e7ou a 15 de dezembro, viu inicialmente a participa\u00e7\u00e3o de 35 arguidos, incluindo 22 pessoas e 13 empresas. Na primeira sess\u00e3o, o tribunal decidiu desdobrar uma sociedade comercial para um processo aut\u00f3nomo, reduzindo o n\u00famero total de arguidos no caso principal.<\/p>\n<p>Durante a sess\u00e3o desta quarta-feira, duas testemunhas foram ouvidas e, de seguida, prosseguiram as alega\u00e7\u00f5es finais. O Minist\u00e9rio P\u00fablico sustentou a condena\u00e7\u00e3o de todos os arguidos, com base na mat\u00e9ria de prova existente no julgamento, solicitando ainda que o tribunal valorize as declara\u00e7\u00f5es recolhidas na altura das deten\u00e7\u00f5es.<\/p>\n<h3>Opera\u00e7\u00e3o Espelho<\/h3>\n<p>Este processo resulta da chamada Opera\u00e7\u00e3o Espelho, realizada pela Pol\u00edcia Judici\u00e1ria em novembro de 2023, relacionada com alegadas situa\u00e7\u00f5es de explora\u00e7\u00e3o de trabalhadores imigrantes em herdades agr\u00edcolas no Alentejo. Os despachos de acusa\u00e7\u00e3o indicam crimes de tr\u00e1fico de pessoas, associa\u00e7\u00e3o criminosa, aux\u00edlio \u00e0 imigra\u00e7\u00e3o ilegal e branqueamento de capitais, entre outros.<\/p>\n<p>Entre os arguidos, cinco s\u00e3o portugueses e o restante prov\u00e9m de v\u00e1rias nacionalidades estrangeiras. A acusa\u00e7\u00e3o implica que, antes de 1 de janeiro de 2020, os arguidos teriam estruturado uma rede para a entrada de imigrantes ilegais em Portugal, vindos de pa\u00edses como Rom\u00e9nia, Moldova, Ucr\u00e2nia, \u00cdndia, Senegal, Nepal, Timor-Leste e Paquist\u00e3o, para os explorarem como m\u00e3o de obra de baixo custo.<\/p>\n<p>De acordo com o despacho, os trabalhadores eram alojados em condi\u00e7\u00f5es degradantes, em quartos sobrelotados e sem climatiza\u00e7\u00e3o, com custos de alojamento, alimenta\u00e7\u00e3o e servi\u00e7os imputados. Muitos recebiam sal\u00e1rios abaixo do que lhes permitiria sustentar-se, o que os obrigava a recorrer a mendicidade para sobreviver.<\/p>\n<p>Para conferir apar\u00eancia de legalidade \u00e0s atividades, os arguidos teriam criado sociedades comerciais, segundo a acusa\u00e7\u00e3o. As alega\u00e7\u00f5es finais dos advogados foram apresentadas com pedidos de absolvi\u00e7\u00e3o, alegando falta de provas concretas durante o julgamento.<\/p>\n","protected":false},"excerpt":{"rendered":"<ul>\n<li>O Tribunal de Beja marcou para 13 de mar\u00e7o a leitura do ac\u00f3rd\u00e3o do processo de mais de trinta arguidos por alegada explora\u00e7\u00e3o de imigrantes no Alentejo, com a leitura marcada para as 14h00.<\/li>\n<li>Nesta quarta-feira decorreram as alega\u00e7\u00f5es finais do Minist\u00e9rio P\u00fablico e dos advogados, seguindo-se a leitura do ac\u00f3rd\u00e3o no dia 13 de mar\u00e7o.<\/li>\n<li>O julgamento come\u00e7ou a 15 de dezembro e, inicialmente, envolvia 35 arguidos \u2014 22 pessoas e 13 empresas \u2014 sendo que uma sociedade foi separada para um processo aut\u00f3nomo.<\/li>\n<li>O caso resulta daOpera\u00e7\u00e3o Espelho da Pol\u00edcia Judici\u00e1ria, relacionada com alegada explora\u00e7\u00e3o de dezenas de trabalhadores imigrantes, com acusa\u00e7\u00f5es de tr\u00e1fico de pessoas, associa\u00e7\u00e3o criminosa e outros crimes.<\/li>\n<li>O Minist\u00e9rio P\u00fablico exige condena\u00e7\u00e3o de todos os arguidos com base na prova apresentada; as defesas pediram absolvi\u00e7\u00e3o, argumentando falta de prova concreta, e entre os arguidos h\u00e1 cinco nacionais portugueses e o restante \u00e9 de v\u00e1rias nacionalidades.<\/li>\n<\/ul>\n","protected":false},"author":2,"featured_media":208731,"comment_status":"closed","ping_status":"closed","sticky":false,"template":"","format":"standard","meta":{"footnotes":""},"categories":[1],"tags":[883,1151,1203,191,1921,473],"class_list":["post-208729","post","type-post","status-publish","format-standard","has-post-thumbnail","hentry","category-noticias","tag-alentejo","tag-associacao-criminosa","tag-auxilio-a-imigracao-ilegal","tag-branqueamento-de-capitais","tag-imigrantes","tag-trafico-de-pessoas"],"yoast_head":"<!-- This site is optimized with the Yoast SEO plugin v27.2 - https:\/\/yoast.com\/product\/yoast-seo-wordpress\/ -->\n<title>Tribunal de Beja marca ac\u00f3rd\u00e3o sobre explora\u00e7\u00e3o de imigrantes para 13 de mar\u00e7o - Portal Tela Portugal<\/title>\n<meta name=\"robots\" content=\"index, follow, max-snippet:-1, max-image-preview:large, max-video-preview:-1\" \/>\n<meta property=\"og:locale\" content=\"pt_PT\" \/>\n<meta property=\"og:type\" content=\"article\" \/>\n<meta property=\"og:title\" content=\"Tribunal de Beja marca ac\u00f3rd\u00e3o sobre explora\u00e7\u00e3o de imigrantes para 13 de mar\u00e7o - Portal Tela Portugal\" \/>\n<meta property=\"og:description\" content=\"O Tribunal de Beja marcou para 13 de mar\u00e7o a leitura do ac\u00f3rd\u00e3o do processo de mais de trinta arguidos por alegada explora\u00e7\u00e3o de imigrantes no Alentejo, com a leitura marcada para as 14h00. Nesta quarta-feira decorreram as alega\u00e7\u00f5es finais do Minist\u00e9rio P\u00fablico e dos advogados, seguindo-se a leitura do ac\u00f3rd\u00e3o no dia 13 de mar\u00e7o. O julgamento come\u00e7ou a 15 de dezembro e, inicialmente, envolvia 35 arguidos \u2014 22 pessoas e 13 empresas \u2014 sendo que uma sociedade foi separada para um processo aut\u00f3nomo. O caso resulta daOpera\u00e7\u00e3o Espelho da Pol\u00edcia Judici\u00e1ria, relacionada com alegada explora\u00e7\u00e3o de dezenas de trabalhadores imigrantes, com acusa\u00e7\u00f5es de tr\u00e1fico de pessoas, associa\u00e7\u00e3o criminosa e outros crimes. O Minist\u00e9rio P\u00fablico exige condena\u00e7\u00e3o de todos os arguidos com base na prova apresentada; as defesas pediram absolvi\u00e7\u00e3o, argumentando falta de prova concreta, e entre os arguidos h\u00e1 cinco nacionais portugueses e o restante \u00e9 de v\u00e1rias nacionalidades.\" \/>\n<meta property=\"og:url\" content=\"https:\/\/portaltela.pt\/noticias\/2026\/02\/11\/tribunal-de-beja-marca-acordao-sobre-exploracao-de-imigrantes-para-13-de-marco\/\" \/>\n<meta property=\"og:site_name\" content=\"Portal Tela Portugal\" \/>\n<meta property=\"article:published_time\" content=\"2026-02-11T18:52:31+00:00\" \/>\n<meta name=\"author\" content=\"Telinha\" \/>\n<meta name=\"twitter:card\" content=\"summary_large_image\" \/>\n<meta name=\"twitter:label1\" content=\"Escrito por\" \/>\n\t<meta name=\"twitter:data1\" content=\"Telinha\" \/>\n\t<meta name=\"twitter:label2\" content=\"Tempo estimado de leitura\" \/>\n\t<meta name=\"twitter:data2\" content=\"2 minutos\" \/>\n<script type=\"application\/ld+json\" class=\"yoast-schema-graph\">{\"@context\":\"https:\/\/schema.org\",\"@graph\":[{\"@type\":\"Article\",\"@id\":\"https:\/\/portaltela.pt\/noticias\/2026\/02\/11\/tribunal-de-beja-marca-acordao-sobre-exploracao-de-imigrantes-para-13-de-marco\/#article\",\"isPartOf\":{\"@id\":\"https:\/\/portaltela.pt\/noticias\/2026\/02\/11\/tribunal-de-beja-marca-acordao-sobre-exploracao-de-imigrantes-para-13-de-marco\/\"},\"author\":{\"name\":\"Telinha\",\"@id\":\"https:\/\/portaltela.pt\/#\/schema\/person\/c4278d4a6028830caff9ee44b42d32ed\"},\"headline\":\"Tribunal de Beja marca ac\u00f3rd\u00e3o sobre explora\u00e7\u00e3o de imigrantes para 13 de mar\u00e7o\",\"datePublished\":\"2026-02-11T18:52:31+00:00\",\"mainEntityOfPage\":{\"@id\":\"https:\/\/portaltela.pt\/noticias\/2026\/02\/11\/tribunal-de-beja-marca-acordao-sobre-exploracao-de-imigrantes-para-13-de-marco\/\"},\"wordCount\":395,\"image\":{\"@id\":\"https:\/\/portaltela.pt\/noticias\/2026\/02\/11\/tribunal-de-beja-marca-acordao-sobre-exploracao-de-imigrantes-para-13-de-marco\/#primaryimage\"},\"thumbnailUrl\":\"https:\/\/portaltela.pt\/s.01k8rhncp4jt1\/2026\/02\/img_1500x1000uu2015-04-17-13-13-00-447327.jpg\",\"keywords\":[\"Alentejo\",\"associa\u00e7\u00e3o criminosa\",\"aux\u00edlio \u00e0 imigra\u00e7\u00e3o ilegal\",\"branqueamento de capitais\",\"imigrantes\",\"tr\u00e1fico de pessoas\"],\"articleSection\":[\"Not\u00edcias\"],\"inLanguage\":\"pt-PT\"},{\"@type\":\"WebPage\",\"@id\":\"https:\/\/portaltela.pt\/noticias\/2026\/02\/11\/tribunal-de-beja-marca-acordao-sobre-exploracao-de-imigrantes-para-13-de-marco\/\",\"url\":\"https:\/\/portaltela.pt\/noticias\/2026\/02\/11\/tribunal-de-beja-marca-acordao-sobre-exploracao-de-imigrantes-para-13-de-marco\/\",\"name\":\"Tribunal de Beja marca ac\u00f3rd\u00e3o sobre explora\u00e7\u00e3o de imigrantes para 13 de mar\u00e7o - Portal Tela Portugal\",\"isPartOf\":{\"@id\":\"https:\/\/portaltela.pt\/#website\"},\"primaryImageOfPage\":{\"@id\":\"https:\/\/portaltela.pt\/noticias\/2026\/02\/11\/tribunal-de-beja-marca-acordao-sobre-exploracao-de-imigrantes-para-13-de-marco\/#primaryimage\"},\"image\":{\"@id\":\"https:\/\/portaltela.pt\/noticias\/2026\/02\/11\/tribunal-de-beja-marca-acordao-sobre-exploracao-de-imigrantes-para-13-de-marco\/#primaryimage\"},\"thumbnailUrl\":\"https:\/\/portaltela.pt\/s.01k8rhncp4jt1\/2026\/02\/img_1500x1000uu2015-04-17-13-13-00-447327.jpg\",\"datePublished\":\"2026-02-11T18:52:31+00:00\",\"author\":{\"@id\":\"https:\/\/portaltela.pt\/#\/schema\/person\/c4278d4a6028830caff9ee44b42d32ed\"},\"breadcrumb\":{\"@id\":\"https:\/\/portaltela.pt\/noticias\/2026\/02\/11\/tribunal-de-beja-marca-acordao-sobre-exploracao-de-imigrantes-para-13-de-marco\/#breadcrumb\"},\"inLanguage\":\"pt-PT\",\"potentialAction\":[{\"@type\":\"ReadAction\",\"target\":[\"https:\/\/portaltela.pt\/noticias\/2026\/02\/11\/tribunal-de-beja-marca-acordao-sobre-exploracao-de-imigrantes-para-13-de-marco\/\"]}]},{\"@type\":\"ImageObject\",\"inLanguage\":\"pt-PT\",\"@id\":\"https:\/\/portaltela.pt\/noticias\/2026\/02\/11\/tribunal-de-beja-marca-acordao-sobre-exploracao-de-imigrantes-para-13-de-marco\/#primaryimage\",\"url\":\"https:\/\/portaltela.pt\/s.01k8rhncp4jt1\/2026\/02\/img_1500x1000uu2015-04-17-13-13-00-447327.jpg\",\"contentUrl\":\"https:\/\/portaltela.pt\/s.01k8rhncp4jt1\/2026\/02\/img_1500x1000uu2015-04-17-13-13-00-447327.jpg\",\"width\":796,\"height\":448,\"caption\":\"Tribunal de Beja\"},{\"@type\":\"BreadcrumbList\",\"@id\":\"https:\/\/portaltela.pt\/noticias\/2026\/02\/11\/tribunal-de-beja-marca-acordao-sobre-exploracao-de-imigrantes-para-13-de-marco\/#breadcrumb\",\"itemListElement\":[{\"@type\":\"ListItem\",\"position\":1,\"name\":\"In\u00edcio\",\"item\":\"https:\/\/portaltela.pt\/\"},{\"@type\":\"ListItem\",\"position\":2,\"name\":\"Tribunal de Beja marca ac\u00f3rd\u00e3o sobre explora\u00e7\u00e3o de imigrantes para 13 de mar\u00e7o\"}]},{\"@type\":\"WebSite\",\"@id\":\"https:\/\/portaltela.pt\/#website\",\"url\":\"https:\/\/portaltela.pt\/\",\"name\":\"Portal Tela Portugal\",\"description\":\"\",\"potentialAction\":[{\"@type\":\"SearchAction\",\"target\":{\"@type\":\"EntryPoint\",\"urlTemplate\":\"https:\/\/portaltela.pt\/?s={search_term_string}\"},\"query-input\":{\"@type\":\"PropertyValueSpecification\",\"valueRequired\":true,\"valueName\":\"search_term_string\"}}],\"inLanguage\":\"pt-PT\"},{\"@type\":\"Person\",\"@id\":\"https:\/\/portaltela.pt\/#\/schema\/person\/c4278d4a6028830caff9ee44b42d32ed\",\"name\":\"Telinha\",\"image\":{\"@type\":\"ImageObject\",\"inLanguage\":\"pt-PT\",\"@id\":\"https:\/\/portaltela.pt\/s.01k8rhncp4jt1\/2025\/11\/talking-bot-125x125.png\",\"url\":\"https:\/\/portaltela.pt\/s.01k8rhncp4jt1\/2025\/11\/talking-bot-125x125.png\",\"contentUrl\":\"https:\/\/portaltela.pt\/s.01k8rhncp4jt1\/2025\/11\/talking-bot-125x125.png\",\"caption\":\"Telinha\"},\"sameAs\":[\"https:\/\/portaltela.pt\/\"],\"url\":\"https:\/\/portaltela.pt\/por\/367410592786\/\"}]}<\/script>\n<!-- \/ Yoast SEO plugin. -->","yoast_head_json":{"title":"Tribunal de Beja marca ac\u00f3rd\u00e3o sobre explora\u00e7\u00e3o de imigrantes para 13 de mar\u00e7o - Portal Tela Portugal","robots":{"index":"index","follow":"follow","max-snippet":"max-snippet:-1","max-image-preview":"max-image-preview:large","max-video-preview":"max-video-preview:-1"},"og_locale":"pt_PT","og_type":"article","og_title":"Tribunal de Beja marca ac\u00f3rd\u00e3o sobre explora\u00e7\u00e3o de imigrantes para 13 de mar\u00e7o - Portal Tela Portugal","og_description":"O Tribunal de Beja marcou para 13 de mar\u00e7o a leitura do ac\u00f3rd\u00e3o do processo de mais de trinta arguidos por alegada explora\u00e7\u00e3o de imigrantes no Alentejo, com a leitura marcada para as 14h00. Nesta quarta-feira decorreram as alega\u00e7\u00f5es finais do Minist\u00e9rio P\u00fablico e dos advogados, seguindo-se a leitura do ac\u00f3rd\u00e3o no dia 13 de mar\u00e7o. O julgamento come\u00e7ou a 15 de dezembro e, inicialmente, envolvia 35 arguidos \u2014 22 pessoas e 13 empresas \u2014 sendo que uma sociedade foi separada para um processo aut\u00f3nomo. O caso resulta daOpera\u00e7\u00e3o Espelho da Pol\u00edcia Judici\u00e1ria, relacionada com alegada explora\u00e7\u00e3o de dezenas de trabalhadores imigrantes, com acusa\u00e7\u00f5es de tr\u00e1fico de pessoas, associa\u00e7\u00e3o criminosa e outros crimes. O Minist\u00e9rio P\u00fablico exige condena\u00e7\u00e3o de todos os arguidos com base na prova apresentada; as defesas pediram absolvi\u00e7\u00e3o, argumentando falta de prova concreta, e entre os arguidos h\u00e1 cinco nacionais portugueses e o restante \u00e9 de v\u00e1rias nacionalidades.","og_url":"https:\/\/portaltela.pt\/noticias\/2026\/02\/11\/tribunal-de-beja-marca-acordao-sobre-exploracao-de-imigrantes-para-13-de-marco\/","og_site_name":"Portal Tela Portugal","article_published_time":"2026-02-11T18:52:31+00:00","author":"Telinha","twitter_card":"summary_large_image","twitter_misc":{"Escrito por":"Telinha","Tempo estimado de leitura":"2 minutos"},"schema":{"@context":"https:\/\/schema.org","@graph":[{"@type":"Article","@id":"https:\/\/portaltela.pt\/noticias\/2026\/02\/11\/tribunal-de-beja-marca-acordao-sobre-exploracao-de-imigrantes-para-13-de-marco\/#article","isPartOf":{"@id":"https:\/\/portaltela.pt\/noticias\/2026\/02\/11\/tribunal-de-beja-marca-acordao-sobre-exploracao-de-imigrantes-para-13-de-marco\/"},"author":{"name":"Telinha","@id":"https:\/\/portaltela.pt\/#\/schema\/person\/c4278d4a6028830caff9ee44b42d32ed"},"headline":"Tribunal de Beja marca ac\u00f3rd\u00e3o sobre explora\u00e7\u00e3o de imigrantes para 13 de mar\u00e7o","datePublished":"2026-02-11T18:52:31+00:00","mainEntityOfPage":{"@id":"https:\/\/portaltela.pt\/noticias\/2026\/02\/11\/tribunal-de-beja-marca-acordao-sobre-exploracao-de-imigrantes-para-13-de-marco\/"},"wordCount":395,"image":{"@id":"https:\/\/portaltela.pt\/noticias\/2026\/02\/11\/tribunal-de-beja-marca-acordao-sobre-exploracao-de-imigrantes-para-13-de-marco\/#primaryimage"},"thumbnailUrl":"https:\/\/portaltela.pt\/s.01k8rhncp4jt1\/2026\/02\/img_1500x1000uu2015-04-17-13-13-00-447327.jpg","keywords":["Alentejo","associa\u00e7\u00e3o criminosa","aux\u00edlio \u00e0 imigra\u00e7\u00e3o ilegal","branqueamento de capitais","imigrantes","tr\u00e1fico de pessoas"],"articleSection":["Not\u00edcias"],"inLanguage":"pt-PT"},{"@type":"WebPage","@id":"https:\/\/portaltela.pt\/noticias\/2026\/02\/11\/tribunal-de-beja-marca-acordao-sobre-exploracao-de-imigrantes-para-13-de-marco\/","url":"https:\/\/portaltela.pt\/noticias\/2026\/02\/11\/tribunal-de-beja-marca-acordao-sobre-exploracao-de-imigrantes-para-13-de-marco\/","name":"Tribunal de Beja marca ac\u00f3rd\u00e3o sobre explora\u00e7\u00e3o de imigrantes para 13 de mar\u00e7o - Portal Tela Portugal","isPartOf":{"@id":"https:\/\/portaltela.pt\/#website"},"primaryImageOfPage":{"@id":"https:\/\/portaltela.pt\/noticias\/2026\/02\/11\/tribunal-de-beja-marca-acordao-sobre-exploracao-de-imigrantes-para-13-de-marco\/#primaryimage"},"image":{"@id":"https:\/\/portaltela.pt\/noticias\/2026\/02\/11\/tribunal-de-beja-marca-acordao-sobre-exploracao-de-imigrantes-para-13-de-marco\/#primaryimage"},"thumbnailUrl":"https:\/\/portaltela.pt\/s.01k8rhncp4jt1\/2026\/02\/img_1500x1000uu2015-04-17-13-13-00-447327.jpg","datePublished":"2026-02-11T18:52:31+00:00","author":{"@id":"https:\/\/portaltela.pt\/#\/schema\/person\/c4278d4a6028830caff9ee44b42d32ed"},"breadcrumb":{"@id":"https:\/\/portaltela.pt\/noticias\/2026\/02\/11\/tribunal-de-beja-marca-acordao-sobre-exploracao-de-imigrantes-para-13-de-marco\/#breadcrumb"},"inLanguage":"pt-PT","potentialAction":[{"@type":"ReadAction","target":["https:\/\/portaltela.pt\/noticias\/2026\/02\/11\/tribunal-de-beja-marca-acordao-sobre-exploracao-de-imigrantes-para-13-de-marco\/"]}]},{"@type":"ImageObject","inLanguage":"pt-PT","@id":"https:\/\/portaltela.pt\/noticias\/2026\/02\/11\/tribunal-de-beja-marca-acordao-sobre-exploracao-de-imigrantes-para-13-de-marco\/#primaryimage","url":"https:\/\/portaltela.pt\/s.01k8rhncp4jt1\/2026\/02\/img_1500x1000uu2015-04-17-13-13-00-447327.jpg","contentUrl":"https:\/\/portaltela.pt\/s.01k8rhncp4jt1\/2026\/02\/img_1500x1000uu2015-04-17-13-13-00-447327.jpg","width":796,"height":448,"caption":"Tribunal de Beja"},{"@type":"BreadcrumbList","@id":"https:\/\/portaltela.pt\/noticias\/2026\/02\/11\/tribunal-de-beja-marca-acordao-sobre-exploracao-de-imigrantes-para-13-de-marco\/#breadcrumb","itemListElement":[{"@type":"ListItem","position":1,"name":"In\u00edcio","item":"https:\/\/portaltela.pt\/"},{"@type":"ListItem","position":2,"name":"Tribunal de Beja marca ac\u00f3rd\u00e3o sobre explora\u00e7\u00e3o de imigrantes para 13 de mar\u00e7o"}]},{"@type":"WebSite","@id":"https:\/\/portaltela.pt\/#website","url":"https:\/\/portaltela.pt\/","name":"Portal Tela Portugal","description":"","potentialAction":[{"@type":"SearchAction","target":{"@type":"EntryPoint","urlTemplate":"https:\/\/portaltela.pt\/?s={search_term_string}"},"query-input":{"@type":"PropertyValueSpecification","valueRequired":true,"valueName":"search_term_string"}}],"inLanguage":"pt-PT"},{"@type":"Person","@id":"https:\/\/portaltela.pt\/#\/schema\/person\/c4278d4a6028830caff9ee44b42d32ed","name":"Telinha","image":{"@type":"ImageObject","inLanguage":"pt-PT","@id":"https:\/\/portaltela.pt\/s.01k8rhncp4jt1\/2025\/11\/talking-bot-125x125.png","url":"https:\/\/portaltela.pt\/s.01k8rhncp4jt1\/2025\/11\/talking-bot-125x125.png","contentUrl":"https:\/\/portaltela.pt\/s.01k8rhncp4jt1\/2025\/11\/talking-bot-125x125.png","caption":"Telinha"},"sameAs":["https:\/\/portaltela.pt\/"],"url":"https:\/\/portaltela.pt\/por\/367410592786\/"}]}},"_links":{"self":[{"href":"https:\/\/portaltela.pt\/api\/wp\/v2\/posts\/208729","targetHints":{"allow":["GET"]}}],"collection":[{"href":"https:\/\/portaltela.pt\/api\/wp\/v2\/posts"}],"about":[{"href":"https:\/\/portaltela.pt\/api\/wp\/v2\/types\/post"}],"author":[{"embeddable":true,"href":"https:\/\/portaltela.pt\/api\/wp\/v2\/users\/2"}],"replies":[{"embeddable":true,"href":"https:\/\/portaltela.pt\/api\/wp\/v2\/comments?post=208729"}],"version-history":[{"count":0,"href":"https:\/\/portaltela.pt\/api\/wp\/v2\/posts\/208729\/revisions"}],"wp:featuredmedia":[{"embeddable":true,"href":"https:\/\/portaltela.pt\/api\/wp\/v2\/media\/208731"}],"wp:attachment":[{"href":"https:\/\/portaltela.pt\/api\/wp\/v2\/media?parent=208729"}],"wp:term":[{"taxonomy":"category","embeddable":true,"href":"https:\/\/portaltela.pt\/api\/wp\/v2\/categories?post=208729"},{"taxonomy":"post_tag","embeddable":true,"href":"https:\/\/portaltela.pt\/api\/wp\/v2\/tags?post=208729"}],"curies":[{"name":"wp","href":"https:\/\/api.w.org\/{rel}","templated":true}]}}