{"id":208689,"date":"2026-02-11T15:26:00","date_gmt":"2026-02-11T18:26:00","guid":{"rendered":"https:\/\/portaltela.pt\/noticias\/2026\/02\/11\/trabalhadores-escolares-obrigados-a-descer-de-escalao-devolvendo-9-000\/"},"modified":"2026-02-11T15:26:00","modified_gmt":"2026-02-11T18:26:00","slug":"trabalhadores-escolares-obrigados-a-descer-de-escalao-devolvendo-9-000","status":"publish","type":"post","link":"https:\/\/portaltela.pt\/noticias\/2026\/02\/11\/trabalhadores-escolares-obrigados-a-descer-de-escalao-devolvendo-9-000\/","title":{"rendered":"Trabalhadores escolares obrigados a descer de escal\u00e3o devolvendo \u20ac9 000"},"content":{"rendered":"<p>Centenas de trabalhadores do setor escolar denunciam atrasos nas progress\u00f5es de carreira e pedidos de devolu\u00e7\u00e3o de verbas recebidas, relativos a reconstitui\u00e7\u00f5es de carreira suspeitas pela entidade gestora. O foco inicial recai sobre a pr\u00e1tica do extinto IGeFE, que ter\u00e1 solicitado corre\u00e7\u00f5es nas carreiras.<\/p>\n<p>Um caso emblem\u00e1tico envolve uma psic\u00f3loga de Valadares, notificada para devolver cerca de nove mil euros, alegando que n\u00e3o deveria ter progredido de escal\u00e3o. Em v\u00e1rias regi\u00f5es, t\u00e9cnicos superiores aguardam h\u00e1 meses pela subida e por ajustes salariais, num quadro de tens\u00f5es entre escolas e servi\u00e7os p\u00fablicos.<\/p>\n<p>Segundo o STFPS, o congelamento de carreiras n\u00e3o deveria afetar trabalhadores integrados pelo PREVPAP, e existem decis\u00f5es judiciais que sustentam essa posi\u00e7\u00e3o. No entanto, alguns docentes veem retrocessos, com pontos removidos da ficha pessoal e valores em atraso por mais de um ano.<\/p>\n<p>A situa\u00e7\u00e3o levou centenas de profissionais a contactarem o minist\u00e9rio da Educa\u00e7\u00e3o, a Secretaria de Estado da Administra\u00e7\u00e3o P\u00fablica e outros organismos. O grupo denuncia falta de respostas, com queixas a abranger psic\u00f3logos, assistentes sociais, terapeutas e educadores sociais.<\/p>\n<p>O sindicato afirma existir diverg\u00eancia entre pareceres da Inspe\u00e7\u00e3o-Geral da Educa\u00e7\u00e3o e Ci\u00eancia e as orienta\u00e7\u00f5es do PREVPAP. A Lusa solicitou coment\u00e1rio ao MEC, que ainda n\u00e3o apresentou resposta consolidada \u00e0s queixas.<\/p>\n","protected":false},"excerpt":{"rendered":"<ul>\n<li>Centenas de t\u00e9cnicos superiores que integraram o PREVPAP dizem que o Instituto de Gest\u00e3o Financeira da Educa\u00e7\u00e3o (IGeFE) pediu corre\u00e7\u00f5es \u00e0s reconstitui\u00e7\u00f5es de carreira, levando a devolu\u00e7\u00f5es de verbas e descontos salariais.<\/li>\n<li>Um caso amplamente divulgado envolve uma psic\u00f3loga de Valadares, notificada para devolver nove mil euros, por alegadamente n\u00e3o ter subido de escal\u00e3o; o sindicato diz que a progress\u00e3o foi legal e prev\u00ea levar o caso a tribunal.<\/li>\n<li>Em v\u00e1rias situa\u00e7\u00f5es, pontos na ficha de progress\u00e3o foram removidos, impedindo avan\u00e7os na carreira e mantendo sal\u00e1rios sem aumentos, mesmo quando deviam ter ocorrido.<\/li>\n<li>O IGeFE teria pedido \u00e0s escolas para corrigir as reconstitui\u00e7\u00f5es, com diretores a cumprir ou ignorar esses pedidos; o STFPS contesta outras interpreta\u00e7\u00f5es e j\u00e1 mencionou pareceres contr\u00e1rios.<\/li>\n<li>No m\u00eas passado, 110 profissionais enviaram cartas ao ministro da Educa\u00e7\u00e3o e a secret\u00e1rios de estado, sem resposta at\u00e9 o momento; o Minist\u00e9rio n\u00e3o respondeu aos pedidos de esclarecimento.<\/li>\n<\/ul>\n","protected":false},"author":2,"featured_media":208694,"comment_status":"closed","ping_status":"closed","sticky":false,"template":"","format":"standard","meta":{"footnotes":""},"categories":[1],"tags":[168,5797,163,2153,2443,5796],"class_list":["post-208689","post","type-post","status-publish","format-standard","has-post-thumbnail","hentry","category-noticias","tag-administracao-publica","tag-carreiras","tag-educacao","tag-educacao-escolar","tag-educacao-publica","tag-prevpap"],"yoast_head":"<!-- This site is optimized with the Yoast SEO plugin v27.2 - https:\/\/yoast.com\/product\/yoast-seo-wordpress\/ -->\n<title>Trabalhadores escolares obrigados a descer de escal\u00e3o devolvendo \u20ac9 000 - Portal Tela Portugal<\/title>\n<meta name=\"robots\" content=\"index, follow, max-snippet:-1, max-image-preview:large, max-video-preview:-1\" \/>\n<meta property=\"og:locale\" content=\"pt_PT\" \/>\n<meta property=\"og:type\" content=\"article\" \/>\n<meta property=\"og:title\" content=\"Trabalhadores escolares obrigados a descer de escal\u00e3o devolvendo \u20ac9 000 - Portal Tela Portugal\" \/>\n<meta property=\"og:description\" content=\"Centenas de t\u00e9cnicos superiores que integraram o PREVPAP dizem que o Instituto de Gest\u00e3o Financeira da Educa\u00e7\u00e3o (IGeFE) pediu corre\u00e7\u00f5es \u00e0s reconstitui\u00e7\u00f5es de carreira, levando a devolu\u00e7\u00f5es de verbas e descontos salariais. Um caso amplamente divulgado envolve uma psic\u00f3loga de Valadares, notificada para devolver nove mil euros, por alegadamente n\u00e3o ter subido de escal\u00e3o; o sindicato diz que a progress\u00e3o foi legal e prev\u00ea levar o caso a tribunal. Em v\u00e1rias situa\u00e7\u00f5es, pontos na ficha de progress\u00e3o foram removidos, impedindo avan\u00e7os na carreira e mantendo sal\u00e1rios sem aumentos, mesmo quando deviam ter ocorrido. O IGeFE teria pedido \u00e0s escolas para corrigir as reconstitui\u00e7\u00f5es, com diretores a cumprir ou ignorar esses pedidos; o STFPS contesta outras interpreta\u00e7\u00f5es e j\u00e1 mencionou pareceres contr\u00e1rios. No m\u00eas passado, 110 profissionais enviaram cartas ao ministro da Educa\u00e7\u00e3o e a secret\u00e1rios de estado, sem resposta at\u00e9 o momento; o Minist\u00e9rio n\u00e3o respondeu aos pedidos de esclarecimento.\" \/>\n<meta property=\"og:url\" content=\"https:\/\/portaltela.pt\/noticias\/2026\/02\/11\/trabalhadores-escolares-obrigados-a-descer-de-escalao-devolvendo-9-000\/\" \/>\n<meta property=\"og:site_name\" content=\"Portal Tela Portugal\" \/>\n<meta property=\"article:published_time\" content=\"2026-02-11T18:26:00+00:00\" \/>\n<meta name=\"author\" content=\"Telinha\" \/>\n<meta name=\"twitter:card\" content=\"summary_large_image\" \/>\n<meta name=\"twitter:label1\" content=\"Escrito por\" \/>\n\t<meta name=\"twitter:data1\" content=\"Telinha\" \/>\n\t<meta name=\"twitter:label2\" content=\"Tempo estimado de leitura\" \/>\n\t<meta name=\"twitter:data2\" content=\"1 minuto\" \/>\n<script type=\"application\/ld+json\" class=\"yoast-schema-graph\">{\"@context\":\"https:\/\/schema.org\",\"@graph\":[{\"@type\":\"Article\",\"@id\":\"https:\/\/portaltela.pt\/noticias\/2026\/02\/11\/trabalhadores-escolares-obrigados-a-descer-de-escalao-devolvendo-9-000\/#article\",\"isPartOf\":{\"@id\":\"https:\/\/portaltela.pt\/noticias\/2026\/02\/11\/trabalhadores-escolares-obrigados-a-descer-de-escalao-devolvendo-9-000\/\"},\"author\":{\"name\":\"Telinha\",\"@id\":\"https:\/\/portaltela.pt\/#\/schema\/person\/c4278d4a6028830caff9ee44b42d32ed\"},\"headline\":\"Trabalhadores escolares obrigados a descer de escal\u00e3o devolvendo \u20ac9 000\",\"datePublished\":\"2026-02-11T18:26:00+00:00\",\"mainEntityOfPage\":{\"@id\":\"https:\/\/portaltela.pt\/noticias\/2026\/02\/11\/trabalhadores-escolares-obrigados-a-descer-de-escalao-devolvendo-9-000\/\"},\"wordCount\":245,\"image\":{\"@id\":\"https:\/\/portaltela.pt\/noticias\/2026\/02\/11\/trabalhadores-escolares-obrigados-a-descer-de-escalao-devolvendo-9-000\/#primaryimage\"},\"thumbnailUrl\":\"https:\/\/portaltela.pt\/s.01k8rhncp4jt1\/2026\/02\/a606e194-0d78-4270-94b9-be561d482f50_1200x675.jpg\",\"keywords\":[\"administra\u00e7\u00e3o p\u00fablica\",\"carreiras\",\"educa\u00e7\u00e3o\",\"educa\u00e7\u00e3o escolar\",\"educa\u00e7\u00e3o p\u00fablica\",\"PREVPAP\"],\"articleSection\":[\"Not\u00edcias\"],\"inLanguage\":\"pt-PT\"},{\"@type\":\"WebPage\",\"@id\":\"https:\/\/portaltela.pt\/noticias\/2026\/02\/11\/trabalhadores-escolares-obrigados-a-descer-de-escalao-devolvendo-9-000\/\",\"url\":\"https:\/\/portaltela.pt\/noticias\/2026\/02\/11\/trabalhadores-escolares-obrigados-a-descer-de-escalao-devolvendo-9-000\/\",\"name\":\"Trabalhadores escolares obrigados a descer de escal\u00e3o devolvendo \u20ac9 000 - Portal Tela Portugal\",\"isPartOf\":{\"@id\":\"https:\/\/portaltela.pt\/#website\"},\"primaryImageOfPage\":{\"@id\":\"https:\/\/portaltela.pt\/noticias\/2026\/02\/11\/trabalhadores-escolares-obrigados-a-descer-de-escalao-devolvendo-9-000\/#primaryimage\"},\"image\":{\"@id\":\"https:\/\/portaltela.pt\/noticias\/2026\/02\/11\/trabalhadores-escolares-obrigados-a-descer-de-escalao-devolvendo-9-000\/#primaryimage\"},\"thumbnailUrl\":\"https:\/\/portaltela.pt\/s.01k8rhncp4jt1\/2026\/02\/a606e194-0d78-4270-94b9-be561d482f50_1200x675.jpg\",\"datePublished\":\"2026-02-11T18:26:00+00:00\",\"author\":{\"@id\":\"https:\/\/portaltela.pt\/#\/schema\/person\/c4278d4a6028830caff9ee44b42d32ed\"},\"breadcrumb\":{\"@id\":\"https:\/\/portaltela.pt\/noticias\/2026\/02\/11\/trabalhadores-escolares-obrigados-a-descer-de-escalao-devolvendo-9-000\/#breadcrumb\"},\"inLanguage\":\"pt-PT\",\"potentialAction\":[{\"@type\":\"ReadAction\",\"target\":[\"https:\/\/portaltela.pt\/noticias\/2026\/02\/11\/trabalhadores-escolares-obrigados-a-descer-de-escalao-devolvendo-9-000\/\"]}]},{\"@type\":\"ImageObject\",\"inLanguage\":\"pt-PT\",\"@id\":\"https:\/\/portaltela.pt\/noticias\/2026\/02\/11\/trabalhadores-escolares-obrigados-a-descer-de-escalao-devolvendo-9-000\/#primaryimage\",\"url\":\"https:\/\/portaltela.pt\/s.01k8rhncp4jt1\/2026\/02\/a606e194-0d78-4270-94b9-be561d482f50_1200x675.jpg\",\"contentUrl\":\"https:\/\/portaltela.pt\/s.01k8rhncp4jt1\/2026\/02\/a606e194-0d78-4270-94b9-be561d482f50_1200x675.jpg\",\"width\":1200,\"height\":675,\"caption\":\"Foto: Pedro Correia\"},{\"@type\":\"BreadcrumbList\",\"@id\":\"https:\/\/portaltela.pt\/noticias\/2026\/02\/11\/trabalhadores-escolares-obrigados-a-descer-de-escalao-devolvendo-9-000\/#breadcrumb\",\"itemListElement\":[{\"@type\":\"ListItem\",\"position\":1,\"name\":\"In\u00edcio\",\"item\":\"https:\/\/portaltela.pt\/\"},{\"@type\":\"ListItem\",\"position\":2,\"name\":\"Trabalhadores escolares obrigados a descer de escal\u00e3o devolvendo \u20ac9 000\"}]},{\"@type\":\"WebSite\",\"@id\":\"https:\/\/portaltela.pt\/#website\",\"url\":\"https:\/\/portaltela.pt\/\",\"name\":\"Portal Tela Portugal\",\"description\":\"\",\"potentialAction\":[{\"@type\":\"SearchAction\",\"target\":{\"@type\":\"EntryPoint\",\"urlTemplate\":\"https:\/\/portaltela.pt\/?s={search_term_string}\"},\"query-input\":{\"@type\":\"PropertyValueSpecification\",\"valueRequired\":true,\"valueName\":\"search_term_string\"}}],\"inLanguage\":\"pt-PT\"},{\"@type\":\"Person\",\"@id\":\"https:\/\/portaltela.pt\/#\/schema\/person\/c4278d4a6028830caff9ee44b42d32ed\",\"name\":\"Telinha\",\"image\":{\"@type\":\"ImageObject\",\"inLanguage\":\"pt-PT\",\"@id\":\"https:\/\/portaltela.pt\/s.01k8rhncp4jt1\/2025\/11\/talking-bot-125x125.png\",\"url\":\"https:\/\/portaltela.pt\/s.01k8rhncp4jt1\/2025\/11\/talking-bot-125x125.png\",\"contentUrl\":\"https:\/\/portaltela.pt\/s.01k8rhncp4jt1\/2025\/11\/talking-bot-125x125.png\",\"caption\":\"Telinha\"},\"sameAs\":[\"https:\/\/portaltela.pt\/\"],\"url\":\"https:\/\/portaltela.pt\/por\/367410592786\/\"}]}<\/script>\n<!-- \/ Yoast SEO plugin. -->","yoast_head_json":{"title":"Trabalhadores escolares obrigados a descer de escal\u00e3o devolvendo \u20ac9 000 - Portal Tela Portugal","robots":{"index":"index","follow":"follow","max-snippet":"max-snippet:-1","max-image-preview":"max-image-preview:large","max-video-preview":"max-video-preview:-1"},"og_locale":"pt_PT","og_type":"article","og_title":"Trabalhadores escolares obrigados a descer de escal\u00e3o devolvendo \u20ac9 000 - Portal Tela Portugal","og_description":"Centenas de t\u00e9cnicos superiores que integraram o PREVPAP dizem que o Instituto de Gest\u00e3o Financeira da Educa\u00e7\u00e3o (IGeFE) pediu corre\u00e7\u00f5es \u00e0s reconstitui\u00e7\u00f5es de carreira, levando a devolu\u00e7\u00f5es de verbas e descontos salariais. Um caso amplamente divulgado envolve uma psic\u00f3loga de Valadares, notificada para devolver nove mil euros, por alegadamente n\u00e3o ter subido de escal\u00e3o; o sindicato diz que a progress\u00e3o foi legal e prev\u00ea levar o caso a tribunal. Em v\u00e1rias situa\u00e7\u00f5es, pontos na ficha de progress\u00e3o foram removidos, impedindo avan\u00e7os na carreira e mantendo sal\u00e1rios sem aumentos, mesmo quando deviam ter ocorrido. O IGeFE teria pedido \u00e0s escolas para corrigir as reconstitui\u00e7\u00f5es, com diretores a cumprir ou ignorar esses pedidos; o STFPS contesta outras interpreta\u00e7\u00f5es e j\u00e1 mencionou pareceres contr\u00e1rios. No m\u00eas passado, 110 profissionais enviaram cartas ao ministro da Educa\u00e7\u00e3o e a secret\u00e1rios de estado, sem resposta at\u00e9 o momento; o Minist\u00e9rio n\u00e3o respondeu aos pedidos de esclarecimento.","og_url":"https:\/\/portaltela.pt\/noticias\/2026\/02\/11\/trabalhadores-escolares-obrigados-a-descer-de-escalao-devolvendo-9-000\/","og_site_name":"Portal Tela Portugal","article_published_time":"2026-02-11T18:26:00+00:00","author":"Telinha","twitter_card":"summary_large_image","twitter_misc":{"Escrito por":"Telinha","Tempo estimado de leitura":"1 minuto"},"schema":{"@context":"https:\/\/schema.org","@graph":[{"@type":"Article","@id":"https:\/\/portaltela.pt\/noticias\/2026\/02\/11\/trabalhadores-escolares-obrigados-a-descer-de-escalao-devolvendo-9-000\/#article","isPartOf":{"@id":"https:\/\/portaltela.pt\/noticias\/2026\/02\/11\/trabalhadores-escolares-obrigados-a-descer-de-escalao-devolvendo-9-000\/"},"author":{"name":"Telinha","@id":"https:\/\/portaltela.pt\/#\/schema\/person\/c4278d4a6028830caff9ee44b42d32ed"},"headline":"Trabalhadores escolares obrigados a descer de escal\u00e3o devolvendo \u20ac9 000","datePublished":"2026-02-11T18:26:00+00:00","mainEntityOfPage":{"@id":"https:\/\/portaltela.pt\/noticias\/2026\/02\/11\/trabalhadores-escolares-obrigados-a-descer-de-escalao-devolvendo-9-000\/"},"wordCount":245,"image":{"@id":"https:\/\/portaltela.pt\/noticias\/2026\/02\/11\/trabalhadores-escolares-obrigados-a-descer-de-escalao-devolvendo-9-000\/#primaryimage"},"thumbnailUrl":"https:\/\/portaltela.pt\/s.01k8rhncp4jt1\/2026\/02\/a606e194-0d78-4270-94b9-be561d482f50_1200x675.jpg","keywords":["administra\u00e7\u00e3o p\u00fablica","carreiras","educa\u00e7\u00e3o","educa\u00e7\u00e3o escolar","educa\u00e7\u00e3o p\u00fablica","PREVPAP"],"articleSection":["Not\u00edcias"],"inLanguage":"pt-PT"},{"@type":"WebPage","@id":"https:\/\/portaltela.pt\/noticias\/2026\/02\/11\/trabalhadores-escolares-obrigados-a-descer-de-escalao-devolvendo-9-000\/","url":"https:\/\/portaltela.pt\/noticias\/2026\/02\/11\/trabalhadores-escolares-obrigados-a-descer-de-escalao-devolvendo-9-000\/","name":"Trabalhadores escolares obrigados a descer de escal\u00e3o devolvendo \u20ac9 000 - Portal Tela Portugal","isPartOf":{"@id":"https:\/\/portaltela.pt\/#website"},"primaryImageOfPage":{"@id":"https:\/\/portaltela.pt\/noticias\/2026\/02\/11\/trabalhadores-escolares-obrigados-a-descer-de-escalao-devolvendo-9-000\/#primaryimage"},"image":{"@id":"https:\/\/portaltela.pt\/noticias\/2026\/02\/11\/trabalhadores-escolares-obrigados-a-descer-de-escalao-devolvendo-9-000\/#primaryimage"},"thumbnailUrl":"https:\/\/portaltela.pt\/s.01k8rhncp4jt1\/2026\/02\/a606e194-0d78-4270-94b9-be561d482f50_1200x675.jpg","datePublished":"2026-02-11T18:26:00+00:00","author":{"@id":"https:\/\/portaltela.pt\/#\/schema\/person\/c4278d4a6028830caff9ee44b42d32ed"},"breadcrumb":{"@id":"https:\/\/portaltela.pt\/noticias\/2026\/02\/11\/trabalhadores-escolares-obrigados-a-descer-de-escalao-devolvendo-9-000\/#breadcrumb"},"inLanguage":"pt-PT","potentialAction":[{"@type":"ReadAction","target":["https:\/\/portaltela.pt\/noticias\/2026\/02\/11\/trabalhadores-escolares-obrigados-a-descer-de-escalao-devolvendo-9-000\/"]}]},{"@type":"ImageObject","inLanguage":"pt-PT","@id":"https:\/\/portaltela.pt\/noticias\/2026\/02\/11\/trabalhadores-escolares-obrigados-a-descer-de-escalao-devolvendo-9-000\/#primaryimage","url":"https:\/\/portaltela.pt\/s.01k8rhncp4jt1\/2026\/02\/a606e194-0d78-4270-94b9-be561d482f50_1200x675.jpg","contentUrl":"https:\/\/portaltela.pt\/s.01k8rhncp4jt1\/2026\/02\/a606e194-0d78-4270-94b9-be561d482f50_1200x675.jpg","width":1200,"height":675,"caption":"Foto: Pedro Correia"},{"@type":"BreadcrumbList","@id":"https:\/\/portaltela.pt\/noticias\/2026\/02\/11\/trabalhadores-escolares-obrigados-a-descer-de-escalao-devolvendo-9-000\/#breadcrumb","itemListElement":[{"@type":"ListItem","position":1,"name":"In\u00edcio","item":"https:\/\/portaltela.pt\/"},{"@type":"ListItem","position":2,"name":"Trabalhadores escolares obrigados a descer de escal\u00e3o devolvendo \u20ac9 000"}]},{"@type":"WebSite","@id":"https:\/\/portaltela.pt\/#website","url":"https:\/\/portaltela.pt\/","name":"Portal Tela Portugal","description":"","potentialAction":[{"@type":"SearchAction","target":{"@type":"EntryPoint","urlTemplate":"https:\/\/portaltela.pt\/?s={search_term_string}"},"query-input":{"@type":"PropertyValueSpecification","valueRequired":true,"valueName":"search_term_string"}}],"inLanguage":"pt-PT"},{"@type":"Person","@id":"https:\/\/portaltela.pt\/#\/schema\/person\/c4278d4a6028830caff9ee44b42d32ed","name":"Telinha","image":{"@type":"ImageObject","inLanguage":"pt-PT","@id":"https:\/\/portaltela.pt\/s.01k8rhncp4jt1\/2025\/11\/talking-bot-125x125.png","url":"https:\/\/portaltela.pt\/s.01k8rhncp4jt1\/2025\/11\/talking-bot-125x125.png","contentUrl":"https:\/\/portaltela.pt\/s.01k8rhncp4jt1\/2025\/11\/talking-bot-125x125.png","caption":"Telinha"},"sameAs":["https:\/\/portaltela.pt\/"],"url":"https:\/\/portaltela.pt\/por\/367410592786\/"}]}},"_links":{"self":[{"href":"https:\/\/portaltela.pt\/api\/wp\/v2\/posts\/208689","targetHints":{"allow":["GET"]}}],"collection":[{"href":"https:\/\/portaltela.pt\/api\/wp\/v2\/posts"}],"about":[{"href":"https:\/\/portaltela.pt\/api\/wp\/v2\/types\/post"}],"author":[{"embeddable":true,"href":"https:\/\/portaltela.pt\/api\/wp\/v2\/users\/2"}],"replies":[{"embeddable":true,"href":"https:\/\/portaltela.pt\/api\/wp\/v2\/comments?post=208689"}],"version-history":[{"count":0,"href":"https:\/\/portaltela.pt\/api\/wp\/v2\/posts\/208689\/revisions"}],"wp:featuredmedia":[{"embeddable":true,"href":"https:\/\/portaltela.pt\/api\/wp\/v2\/media\/208694"}],"wp:attachment":[{"href":"https:\/\/portaltela.pt\/api\/wp\/v2\/media?parent=208689"}],"wp:term":[{"taxonomy":"category","embeddable":true,"href":"https:\/\/portaltela.pt\/api\/wp\/v2\/categories?post=208689"},{"taxonomy":"post_tag","embeddable":true,"href":"https:\/\/portaltela.pt\/api\/wp\/v2\/tags?post=208689"}],"curies":[{"name":"wp","href":"https:\/\/api.w.org\/{rel}","templated":true}]}}