{"id":208686,"date":"2026-02-11T15:25:34","date_gmt":"2026-02-11T18:25:34","guid":{"rendered":"https:\/\/portaltela.pt\/noticias\/2026\/02\/11\/ruben-vieira-apresenta-novo-membro-da-familia-amor-que-traz-conforto\/"},"modified":"2026-02-11T15:25:34","modified_gmt":"2026-02-11T18:25:34","slug":"ruben-vieira-apresenta-novo-membro-da-familia-amor-que-traz-conforto","status":"publish","type":"post","link":"https:\/\/portaltela.pt\/noticias\/2026\/02\/11\/ruben-vieira-apresenta-novo-membro-da-familia-amor-que-traz-conforto\/","title":{"rendered":"R\u00faben Vieira apresenta novo membro da fam\u00edlia, amor que traz conforto"},"content":{"rendered":"<p>Depois de Rita Ferro Rodrigues anunciar nas redes sociais que a fam\u00edlia cresceu com um novo animal, chegou a vez de R\u00faben Vieira apresentar o novo membro atrav\u00e9s do Instagram. O casal integrou um c\u00e3o \u00e0 casa, o rafeiro adotado.<\/p>\n<p>A imagem partilhada por R\u00faben mostra-o junto ao novo companheiro de quatro patas, acompanhado de uma legenda emotiva que transmite conforto frente \u00e0 perda recente. O texto refor\u00e7a que o afeto n\u00e3o substitui quem se foi, mas acalma o cora\u00e7\u00e3o.<\/p>\n<p>Este regresso de afeto vem ap\u00f3s 2025 ter ficado marcado pela morte da cadela Toby e do gato Matias. Os donos explicaram que o amor n\u00e3o se substitui, mas destacaram a import\u00e2ncia de aproveitar cada momento e abrir espa\u00e7o a uma nova vida. O animal \u00e9 adotado e descrito como lindo e fofo.<\/p>\n","protected":false},"excerpt":{"rendered":"<ul>\n<li>Rita Ferro Rodrigues anunciou, nas redes sociais, a entrada de um novo animal de estima\u00e7\u00e3o na fam\u00edlia.<\/li>\n<li>R\u00faben Vieira revelou no Instagram o &#8220;Z\u00e9&#8221;, um rafeiro adotado que passou a fazer parte do grupo familiar.<\/li>\n<li>O assistente de realiza\u00e7\u00e3o descreveu Z\u00e9 como um amor que traz conforto e que \u00e9 lindo.<\/li>\n<li>Em 2025, Rita Ferro Rodrigues e R\u00faben Vieira lamentaram a morte da cadela Toby e do gato Matias.<\/li>\n<li>A publicac\u0327a\u0303o da apresentadora refor\u00e7ou que o amor n\u00e3o se substitui, mas que o Z\u00e9 chega para trazer felicidade e companhia.<\/li>\n<\/ul>\n","protected":false},"author":2,"featured_media":208691,"comment_status":"closed","ping_status":"closed","sticky":false,"template":"","format":"standard","meta":{"footnotes":""},"categories":[12,1],"tags":[5722,2865,3321,3091,4577,64],"class_list":["post-208686","post","type-post","status-publish","format-standard","has-post-thumbnail","hentry","category-entretenimento","category-noticias","tag-abandono-de-animal-de-companhia","tag-adocao","tag-adocoes","tag-animais","tag-animais-de-companhia","tag-familia"],"yoast_head":"<!-- This site is optimized with the Yoast SEO plugin v27.2 - https:\/\/yoast.com\/product\/yoast-seo-wordpress\/ -->\n<title>R\u00faben Vieira apresenta novo membro da fam\u00edlia, amor que traz conforto - Portal Tela Portugal<\/title>\n<meta name=\"robots\" content=\"index, follow, max-snippet:-1, max-image-preview:large, max-video-preview:-1\" \/>\n<meta property=\"og:locale\" content=\"pt_PT\" \/>\n<meta property=\"og:type\" content=\"article\" \/>\n<meta property=\"og:title\" content=\"R\u00faben Vieira apresenta novo membro da fam\u00edlia, amor que traz conforto - Portal Tela Portugal\" \/>\n<meta property=\"og:description\" content=\"Rita Ferro Rodrigues anunciou, nas redes sociais, a entrada de um novo animal de estima\u00e7\u00e3o na fam\u00edlia. R\u00faben Vieira revelou no Instagram o &quot;Z\u00e9&quot;, um rafeiro adotado que passou a fazer parte do grupo familiar. O assistente de realiza\u00e7\u00e3o descreveu Z\u00e9 como um amor que traz conforto e que \u00e9 lindo. Em 2025, Rita Ferro Rodrigues e R\u00faben Vieira lamentaram a morte da cadela Toby e do gato Matias. A publicac\u0327a\u0303o da apresentadora refor\u00e7ou que o amor n\u00e3o se substitui, mas que o Z\u00e9 chega para trazer felicidade e companhia.\" \/>\n<meta property=\"og:url\" content=\"https:\/\/portaltela.pt\/noticias\/2026\/02\/11\/ruben-vieira-apresenta-novo-membro-da-familia-amor-que-traz-conforto\/\" \/>\n<meta property=\"og:site_name\" content=\"Portal Tela Portugal\" \/>\n<meta property=\"article:published_time\" content=\"2026-02-11T18:25:34+00:00\" \/>\n<meta name=\"author\" content=\"Telinha\" \/>\n<meta name=\"twitter:card\" content=\"summary_large_image\" \/>\n<meta name=\"twitter:label1\" content=\"Escrito por\" \/>\n\t<meta name=\"twitter:data1\" content=\"Telinha\" \/>\n\t<meta name=\"twitter:label2\" content=\"Tempo estimado de leitura\" \/>\n\t<meta name=\"twitter:data2\" content=\"1 minuto\" \/>\n<script type=\"application\/ld+json\" class=\"yoast-schema-graph\">{\"@context\":\"https:\/\/schema.org\",\"@graph\":[{\"@type\":\"Article\",\"@id\":\"https:\/\/portaltela.pt\/noticias\/2026\/02\/11\/ruben-vieira-apresenta-novo-membro-da-familia-amor-que-traz-conforto\/#article\",\"isPartOf\":{\"@id\":\"https:\/\/portaltela.pt\/noticias\/2026\/02\/11\/ruben-vieira-apresenta-novo-membro-da-familia-amor-que-traz-conforto\/\"},\"author\":{\"name\":\"Telinha\",\"@id\":\"https:\/\/portaltela.pt\/#\/schema\/person\/c4278d4a6028830caff9ee44b42d32ed\"},\"headline\":\"R\u00faben Vieira apresenta novo membro da fam\u00edlia, amor que traz conforto\",\"datePublished\":\"2026-02-11T18:25:34+00:00\",\"mainEntityOfPage\":{\"@id\":\"https:\/\/portaltela.pt\/noticias\/2026\/02\/11\/ruben-vieira-apresenta-novo-membro-da-familia-amor-que-traz-conforto\/\"},\"wordCount\":154,\"image\":{\"@id\":\"https:\/\/portaltela.pt\/noticias\/2026\/02\/11\/ruben-vieira-apresenta-novo-membro-da-familia-amor-que-traz-conforto\/#primaryimage\"},\"thumbnailUrl\":\"https:\/\/portaltela.pt\/s.01k8rhncp4jt1\/2026\/02\/img_1500x1000uu2024-07-13-12-51-12-1702108.jpg\",\"keywords\":[\"abandono de animal de companhia\",\"ado\u00e7\u00e3o\",\"ado\u00e7\u00f5es\",\"animais\",\"animais de companhia\",\"fam\u00edlia\"],\"articleSection\":[\"Entretenimento\",\"Not\u00edcias\"],\"inLanguage\":\"pt-PT\"},{\"@type\":\"WebPage\",\"@id\":\"https:\/\/portaltela.pt\/noticias\/2026\/02\/11\/ruben-vieira-apresenta-novo-membro-da-familia-amor-que-traz-conforto\/\",\"url\":\"https:\/\/portaltela.pt\/noticias\/2026\/02\/11\/ruben-vieira-apresenta-novo-membro-da-familia-amor-que-traz-conforto\/\",\"name\":\"R\u00faben Vieira apresenta novo membro da fam\u00edlia, amor que traz conforto - Portal Tela Portugal\",\"isPartOf\":{\"@id\":\"https:\/\/portaltela.pt\/#website\"},\"primaryImageOfPage\":{\"@id\":\"https:\/\/portaltela.pt\/noticias\/2026\/02\/11\/ruben-vieira-apresenta-novo-membro-da-familia-amor-que-traz-conforto\/#primaryimage\"},\"image\":{\"@id\":\"https:\/\/portaltela.pt\/noticias\/2026\/02\/11\/ruben-vieira-apresenta-novo-membro-da-familia-amor-que-traz-conforto\/#primaryimage\"},\"thumbnailUrl\":\"https:\/\/portaltela.pt\/s.01k8rhncp4jt1\/2026\/02\/img_1500x1000uu2024-07-13-12-51-12-1702108.jpg\",\"datePublished\":\"2026-02-11T18:25:34+00:00\",\"author\":{\"@id\":\"https:\/\/portaltela.pt\/#\/schema\/person\/c4278d4a6028830caff9ee44b42d32ed\"},\"breadcrumb\":{\"@id\":\"https:\/\/portaltela.pt\/noticias\/2026\/02\/11\/ruben-vieira-apresenta-novo-membro-da-familia-amor-que-traz-conforto\/#breadcrumb\"},\"inLanguage\":\"pt-PT\",\"potentialAction\":[{\"@type\":\"ReadAction\",\"target\":[\"https:\/\/portaltela.pt\/noticias\/2026\/02\/11\/ruben-vieira-apresenta-novo-membro-da-familia-amor-que-traz-conforto\/\"]}]},{\"@type\":\"ImageObject\",\"inLanguage\":\"pt-PT\",\"@id\":\"https:\/\/portaltela.pt\/noticias\/2026\/02\/11\/ruben-vieira-apresenta-novo-membro-da-familia-amor-que-traz-conforto\/#primaryimage\",\"url\":\"https:\/\/portaltela.pt\/s.01k8rhncp4jt1\/2026\/02\/img_1500x1000uu2024-07-13-12-51-12-1702108.jpg\",\"contentUrl\":\"https:\/\/portaltela.pt\/s.01k8rhncp4jt1\/2026\/02\/img_1500x1000uu2024-07-13-12-51-12-1702108.jpg\",\"width\":796,\"height\":448,\"caption\":\"R\u00faben Vieira e Rita Ferro Rodrigues\"},{\"@type\":\"BreadcrumbList\",\"@id\":\"https:\/\/portaltela.pt\/noticias\/2026\/02\/11\/ruben-vieira-apresenta-novo-membro-da-familia-amor-que-traz-conforto\/#breadcrumb\",\"itemListElement\":[{\"@type\":\"ListItem\",\"position\":1,\"name\":\"In\u00edcio\",\"item\":\"https:\/\/portaltela.pt\/\"},{\"@type\":\"ListItem\",\"position\":2,\"name\":\"R\u00faben Vieira apresenta novo membro da fam\u00edlia, amor que traz conforto\"}]},{\"@type\":\"WebSite\",\"@id\":\"https:\/\/portaltela.pt\/#website\",\"url\":\"https:\/\/portaltela.pt\/\",\"name\":\"Portal Tela Portugal\",\"description\":\"\",\"potentialAction\":[{\"@type\":\"SearchAction\",\"target\":{\"@type\":\"EntryPoint\",\"urlTemplate\":\"https:\/\/portaltela.pt\/?s={search_term_string}\"},\"query-input\":{\"@type\":\"PropertyValueSpecification\",\"valueRequired\":true,\"valueName\":\"search_term_string\"}}],\"inLanguage\":\"pt-PT\"},{\"@type\":\"Person\",\"@id\":\"https:\/\/portaltela.pt\/#\/schema\/person\/c4278d4a6028830caff9ee44b42d32ed\",\"name\":\"Telinha\",\"image\":{\"@type\":\"ImageObject\",\"inLanguage\":\"pt-PT\",\"@id\":\"https:\/\/portaltela.pt\/s.01k8rhncp4jt1\/2025\/11\/talking-bot-125x125.png\",\"url\":\"https:\/\/portaltela.pt\/s.01k8rhncp4jt1\/2025\/11\/talking-bot-125x125.png\",\"contentUrl\":\"https:\/\/portaltela.pt\/s.01k8rhncp4jt1\/2025\/11\/talking-bot-125x125.png\",\"caption\":\"Telinha\"},\"sameAs\":[\"https:\/\/portaltela.pt\/\"],\"url\":\"https:\/\/portaltela.pt\/por\/367410592786\/\"}]}<\/script>\n<!-- \/ Yoast SEO plugin. -->","yoast_head_json":{"title":"R\u00faben Vieira apresenta novo membro da fam\u00edlia, amor que traz conforto - Portal Tela Portugal","robots":{"index":"index","follow":"follow","max-snippet":"max-snippet:-1","max-image-preview":"max-image-preview:large","max-video-preview":"max-video-preview:-1"},"og_locale":"pt_PT","og_type":"article","og_title":"R\u00faben Vieira apresenta novo membro da fam\u00edlia, amor que traz conforto - Portal Tela Portugal","og_description":"Rita Ferro Rodrigues anunciou, nas redes sociais, a entrada de um novo animal de estima\u00e7\u00e3o na fam\u00edlia. R\u00faben Vieira revelou no Instagram o \"Z\u00e9\", um rafeiro adotado que passou a fazer parte do grupo familiar. O assistente de realiza\u00e7\u00e3o descreveu Z\u00e9 como um amor que traz conforto e que \u00e9 lindo. Em 2025, Rita Ferro Rodrigues e R\u00faben Vieira lamentaram a morte da cadela Toby e do gato Matias. A publicac\u0327a\u0303o da apresentadora refor\u00e7ou que o amor n\u00e3o se substitui, mas que o Z\u00e9 chega para trazer felicidade e companhia.","og_url":"https:\/\/portaltela.pt\/noticias\/2026\/02\/11\/ruben-vieira-apresenta-novo-membro-da-familia-amor-que-traz-conforto\/","og_site_name":"Portal Tela Portugal","article_published_time":"2026-02-11T18:25:34+00:00","author":"Telinha","twitter_card":"summary_large_image","twitter_misc":{"Escrito por":"Telinha","Tempo estimado de leitura":"1 minuto"},"schema":{"@context":"https:\/\/schema.org","@graph":[{"@type":"Article","@id":"https:\/\/portaltela.pt\/noticias\/2026\/02\/11\/ruben-vieira-apresenta-novo-membro-da-familia-amor-que-traz-conforto\/#article","isPartOf":{"@id":"https:\/\/portaltela.pt\/noticias\/2026\/02\/11\/ruben-vieira-apresenta-novo-membro-da-familia-amor-que-traz-conforto\/"},"author":{"name":"Telinha","@id":"https:\/\/portaltela.pt\/#\/schema\/person\/c4278d4a6028830caff9ee44b42d32ed"},"headline":"R\u00faben Vieira apresenta novo membro da fam\u00edlia, amor que traz conforto","datePublished":"2026-02-11T18:25:34+00:00","mainEntityOfPage":{"@id":"https:\/\/portaltela.pt\/noticias\/2026\/02\/11\/ruben-vieira-apresenta-novo-membro-da-familia-amor-que-traz-conforto\/"},"wordCount":154,"image":{"@id":"https:\/\/portaltela.pt\/noticias\/2026\/02\/11\/ruben-vieira-apresenta-novo-membro-da-familia-amor-que-traz-conforto\/#primaryimage"},"thumbnailUrl":"https:\/\/portaltela.pt\/s.01k8rhncp4jt1\/2026\/02\/img_1500x1000uu2024-07-13-12-51-12-1702108.jpg","keywords":["abandono de animal de companhia","ado\u00e7\u00e3o","ado\u00e7\u00f5es","animais","animais de companhia","fam\u00edlia"],"articleSection":["Entretenimento","Not\u00edcias"],"inLanguage":"pt-PT"},{"@type":"WebPage","@id":"https:\/\/portaltela.pt\/noticias\/2026\/02\/11\/ruben-vieira-apresenta-novo-membro-da-familia-amor-que-traz-conforto\/","url":"https:\/\/portaltela.pt\/noticias\/2026\/02\/11\/ruben-vieira-apresenta-novo-membro-da-familia-amor-que-traz-conforto\/","name":"R\u00faben Vieira apresenta novo membro da fam\u00edlia, amor que traz conforto - Portal Tela Portugal","isPartOf":{"@id":"https:\/\/portaltela.pt\/#website"},"primaryImageOfPage":{"@id":"https:\/\/portaltela.pt\/noticias\/2026\/02\/11\/ruben-vieira-apresenta-novo-membro-da-familia-amor-que-traz-conforto\/#primaryimage"},"image":{"@id":"https:\/\/portaltela.pt\/noticias\/2026\/02\/11\/ruben-vieira-apresenta-novo-membro-da-familia-amor-que-traz-conforto\/#primaryimage"},"thumbnailUrl":"https:\/\/portaltela.pt\/s.01k8rhncp4jt1\/2026\/02\/img_1500x1000uu2024-07-13-12-51-12-1702108.jpg","datePublished":"2026-02-11T18:25:34+00:00","author":{"@id":"https:\/\/portaltela.pt\/#\/schema\/person\/c4278d4a6028830caff9ee44b42d32ed"},"breadcrumb":{"@id":"https:\/\/portaltela.pt\/noticias\/2026\/02\/11\/ruben-vieira-apresenta-novo-membro-da-familia-amor-que-traz-conforto\/#breadcrumb"},"inLanguage":"pt-PT","potentialAction":[{"@type":"ReadAction","target":["https:\/\/portaltela.pt\/noticias\/2026\/02\/11\/ruben-vieira-apresenta-novo-membro-da-familia-amor-que-traz-conforto\/"]}]},{"@type":"ImageObject","inLanguage":"pt-PT","@id":"https:\/\/portaltela.pt\/noticias\/2026\/02\/11\/ruben-vieira-apresenta-novo-membro-da-familia-amor-que-traz-conforto\/#primaryimage","url":"https:\/\/portaltela.pt\/s.01k8rhncp4jt1\/2026\/02\/img_1500x1000uu2024-07-13-12-51-12-1702108.jpg","contentUrl":"https:\/\/portaltela.pt\/s.01k8rhncp4jt1\/2026\/02\/img_1500x1000uu2024-07-13-12-51-12-1702108.jpg","width":796,"height":448,"caption":"R\u00faben Vieira e Rita Ferro Rodrigues"},{"@type":"BreadcrumbList","@id":"https:\/\/portaltela.pt\/noticias\/2026\/02\/11\/ruben-vieira-apresenta-novo-membro-da-familia-amor-que-traz-conforto\/#breadcrumb","itemListElement":[{"@type":"ListItem","position":1,"name":"In\u00edcio","item":"https:\/\/portaltela.pt\/"},{"@type":"ListItem","position":2,"name":"R\u00faben Vieira apresenta novo membro da fam\u00edlia, amor que traz conforto"}]},{"@type":"WebSite","@id":"https:\/\/portaltela.pt\/#website","url":"https:\/\/portaltela.pt\/","name":"Portal Tela Portugal","description":"","potentialAction":[{"@type":"SearchAction","target":{"@type":"EntryPoint","urlTemplate":"https:\/\/portaltela.pt\/?s={search_term_string}"},"query-input":{"@type":"PropertyValueSpecification","valueRequired":true,"valueName":"search_term_string"}}],"inLanguage":"pt-PT"},{"@type":"Person","@id":"https:\/\/portaltela.pt\/#\/schema\/person\/c4278d4a6028830caff9ee44b42d32ed","name":"Telinha","image":{"@type":"ImageObject","inLanguage":"pt-PT","@id":"https:\/\/portaltela.pt\/s.01k8rhncp4jt1\/2025\/11\/talking-bot-125x125.png","url":"https:\/\/portaltela.pt\/s.01k8rhncp4jt1\/2025\/11\/talking-bot-125x125.png","contentUrl":"https:\/\/portaltela.pt\/s.01k8rhncp4jt1\/2025\/11\/talking-bot-125x125.png","caption":"Telinha"},"sameAs":["https:\/\/portaltela.pt\/"],"url":"https:\/\/portaltela.pt\/por\/367410592786\/"}]}},"_links":{"self":[{"href":"https:\/\/portaltela.pt\/api\/wp\/v2\/posts\/208686","targetHints":{"allow":["GET"]}}],"collection":[{"href":"https:\/\/portaltela.pt\/api\/wp\/v2\/posts"}],"about":[{"href":"https:\/\/portaltela.pt\/api\/wp\/v2\/types\/post"}],"author":[{"embeddable":true,"href":"https:\/\/portaltela.pt\/api\/wp\/v2\/users\/2"}],"replies":[{"embeddable":true,"href":"https:\/\/portaltela.pt\/api\/wp\/v2\/comments?post=208686"}],"version-history":[{"count":0,"href":"https:\/\/portaltela.pt\/api\/wp\/v2\/posts\/208686\/revisions"}],"wp:featuredmedia":[{"embeddable":true,"href":"https:\/\/portaltela.pt\/api\/wp\/v2\/media\/208691"}],"wp:attachment":[{"href":"https:\/\/portaltela.pt\/api\/wp\/v2\/media?parent=208686"}],"wp:term":[{"taxonomy":"category","embeddable":true,"href":"https:\/\/portaltela.pt\/api\/wp\/v2\/categories?post=208686"},{"taxonomy":"post_tag","embeddable":true,"href":"https:\/\/portaltela.pt\/api\/wp\/v2\/tags?post=208686"}],"curies":[{"name":"wp","href":"https:\/\/api.w.org\/{rel}","templated":true}]}}