{"id":208683,"date":"2026-02-11T12:19:00","date_gmt":"2026-02-11T15:19:00","guid":{"rendered":"https:\/\/portaltela.pt\/noticias\/2026\/02\/11\/tejo-mantem-alerta-vermelho-por-subida-de-caudais-com-chuva-e-aluimentos\/"},"modified":"2026-02-11T12:19:00","modified_gmt":"2026-02-11T15:19:00","slug":"tejo-mantem-alerta-vermelho-por-subida-de-caudais-com-chuva-e-aluimentos","status":"publish","type":"post","link":"https:\/\/portaltela.pt\/noticias\/2026\/02\/11\/tejo-mantem-alerta-vermelho-por-subida-de-caudais-com-chuva-e-aluimentos\/","title":{"rendered":"Tejo mant\u00e9m alerta vermelho por subida de caudais com chuva e aluimentos"},"content":{"rendered":"<p>O rio Tejo est\u00e1 sob alerta vermelho devido \u00e0 subida dos caudais provocada pela chuva, com risco de aluimentos em zonas ribeirinhas. A situa\u00e7\u00e3o exige vigil\u00e2ncia constante por parte das autoridades competentes.<\/p>\n<p>As autoridades de prote\u00e7\u00e3o civil mant\u00eam a vigil\u00e2ncia ativa e coordenam a resposta operacional em todo o per\u00edmetro afetado. N\u00e3o ser\u00e3o divulgadas conclus\u00f5es adicionais sem confirma\u00e7\u00e3o de fontes oficiais.<\/p>\n<p>A previs\u00e3o aponta para precipita\u00e7\u00e3o continuada, o que pode manter ou agravar o aumento dos caudais nas pr\u00f3ximas horas. Comunica\u00e7\u00f5es oficiais devem seguir para informar altera\u00e7\u00f5es de risco e medidas de prote\u00e7\u00e3o \u00e0 popula\u00e7\u00e3o.<\/p>\n","protected":false},"excerpt":{"rendered":"<ul>\n<li>O Tejo mant\u00e9m o alerta vermelho devido \u00e0 subida dos caudais.<\/li>\n<li>A subida est\u00e1 associada \u00e0 chuva que se regista na regi\u00e3o.<\/li>\n<li>A chuva est\u00e1 a provocar aluimentos em \u00e1reas ribeirinhas.<\/li>\n<li>O estado de alerta permanece ativo at\u00e9 novo aviso.<\/li>\n<li>O conte\u00fado completo da not\u00edcia est\u00e1 reservado a subscritores.<\/li>\n<\/ul>\n","protected":false},"author":2,"featured_media":208687,"comment_status":"closed","ping_status":"closed","sticky":false,"template":"","format":"standard","meta":{"footnotes":""},"categories":[1],"tags":[3812,5210,5329,2293,320,2408],"class_list":["post-208683","post","type-post","status-publish","format-standard","has-post-thumbnail","hentry","category-noticias","tag-alagamentos","tag-alerta-vermelho","tag-chuva","tag-inundacoes","tag-protecao-civil","tag-tejo"],"yoast_head":"<!-- This site is optimized with the Yoast SEO plugin v27.2 - https:\/\/yoast.com\/product\/yoast-seo-wordpress\/ -->\n<title>Tejo mant\u00e9m alerta vermelho por subida de caudais com chuva e aluimentos - Portal Tela Portugal<\/title>\n<meta name=\"robots\" content=\"index, follow, max-snippet:-1, max-image-preview:large, max-video-preview:-1\" \/>\n<meta property=\"og:locale\" content=\"pt_PT\" \/>\n<meta property=\"og:type\" content=\"article\" \/>\n<meta property=\"og:title\" content=\"Tejo mant\u00e9m alerta vermelho por subida de caudais com chuva e aluimentos - Portal Tela Portugal\" \/>\n<meta property=\"og:description\" content=\"O Tejo mant\u00e9m o alerta vermelho devido \u00e0 subida dos caudais. A subida est\u00e1 associada \u00e0 chuva que se regista na regi\u00e3o. A chuva est\u00e1 a provocar aluimentos em \u00e1reas ribeirinhas. O estado de alerta permanece ativo at\u00e9 novo aviso. O conte\u00fado completo da not\u00edcia est\u00e1 reservado a subscritores.\" \/>\n<meta property=\"og:url\" content=\"https:\/\/portaltela.pt\/noticias\/2026\/02\/11\/tejo-mantem-alerta-vermelho-por-subida-de-caudais-com-chuva-e-aluimentos\/\" \/>\n<meta property=\"og:site_name\" content=\"Portal Tela Portugal\" \/>\n<meta property=\"article:published_time\" content=\"2026-02-11T15:19:00+00:00\" \/>\n<meta name=\"author\" content=\"Telinha\" \/>\n<meta name=\"twitter:card\" content=\"summary_large_image\" \/>\n<meta name=\"twitter:label1\" content=\"Escrito por\" \/>\n\t<meta name=\"twitter:data1\" content=\"Telinha\" \/>\n\t<meta name=\"twitter:label2\" content=\"Tempo estimado de leitura\" \/>\n\t<meta name=\"twitter:data2\" content=\"1 minuto\" \/>\n<script type=\"application\/ld+json\" class=\"yoast-schema-graph\">{\"@context\":\"https:\/\/schema.org\",\"@graph\":[{\"@type\":\"Article\",\"@id\":\"https:\/\/portaltela.pt\/noticias\/2026\/02\/11\/tejo-mantem-alerta-vermelho-por-subida-de-caudais-com-chuva-e-aluimentos\/#article\",\"isPartOf\":{\"@id\":\"https:\/\/portaltela.pt\/noticias\/2026\/02\/11\/tejo-mantem-alerta-vermelho-por-subida-de-caudais-com-chuva-e-aluimentos\/\"},\"author\":{\"name\":\"Telinha\",\"@id\":\"https:\/\/portaltela.pt\/#\/schema\/person\/c4278d4a6028830caff9ee44b42d32ed\"},\"headline\":\"Tejo mant\u00e9m alerta vermelho por subida de caudais com chuva e aluimentos\",\"datePublished\":\"2026-02-11T15:19:00+00:00\",\"mainEntityOfPage\":{\"@id\":\"https:\/\/portaltela.pt\/noticias\/2026\/02\/11\/tejo-mantem-alerta-vermelho-por-subida-de-caudais-com-chuva-e-aluimentos\/\"},\"wordCount\":123,\"image\":{\"@id\":\"https:\/\/portaltela.pt\/noticias\/2026\/02\/11\/tejo-mantem-alerta-vermelho-por-subida-de-caudais-com-chuva-e-aluimentos\/#primaryimage\"},\"thumbnailUrl\":\"https:\/\/portaltela.pt\/s.01k8rhncp4jt1\/2026\/02\/CACHE_780X1200_ANALOG_WATERMARKED_46533257_5508611_10022026062956-1.jpg\",\"keywords\":[\"alagamentos\",\"alerta vermelho\",\"chuva\",\"inunda\u00e7\u00f5es\",\"prote\u00e7\u00e3o civil\",\"Tejo\"],\"articleSection\":[\"Not\u00edcias\"],\"inLanguage\":\"pt-PT\"},{\"@type\":\"WebPage\",\"@id\":\"https:\/\/portaltela.pt\/noticias\/2026\/02\/11\/tejo-mantem-alerta-vermelho-por-subida-de-caudais-com-chuva-e-aluimentos\/\",\"url\":\"https:\/\/portaltela.pt\/noticias\/2026\/02\/11\/tejo-mantem-alerta-vermelho-por-subida-de-caudais-com-chuva-e-aluimentos\/\",\"name\":\"Tejo mant\u00e9m alerta vermelho por subida de caudais com chuva e aluimentos - Portal Tela Portugal\",\"isPartOf\":{\"@id\":\"https:\/\/portaltela.pt\/#website\"},\"primaryImageOfPage\":{\"@id\":\"https:\/\/portaltela.pt\/noticias\/2026\/02\/11\/tejo-mantem-alerta-vermelho-por-subida-de-caudais-com-chuva-e-aluimentos\/#primaryimage\"},\"image\":{\"@id\":\"https:\/\/portaltela.pt\/noticias\/2026\/02\/11\/tejo-mantem-alerta-vermelho-por-subida-de-caudais-com-chuva-e-aluimentos\/#primaryimage\"},\"thumbnailUrl\":\"https:\/\/portaltela.pt\/s.01k8rhncp4jt1\/2026\/02\/CACHE_780X1200_ANALOG_WATERMARKED_46533257_5508611_10022026062956-1.jpg\",\"datePublished\":\"2026-02-11T15:19:00+00:00\",\"author\":{\"@id\":\"https:\/\/portaltela.pt\/#\/schema\/person\/c4278d4a6028830caff9ee44b42d32ed\"},\"breadcrumb\":{\"@id\":\"https:\/\/portaltela.pt\/noticias\/2026\/02\/11\/tejo-mantem-alerta-vermelho-por-subida-de-caudais-com-chuva-e-aluimentos\/#breadcrumb\"},\"inLanguage\":\"pt-PT\",\"potentialAction\":[{\"@type\":\"ReadAction\",\"target\":[\"https:\/\/portaltela.pt\/noticias\/2026\/02\/11\/tejo-mantem-alerta-vermelho-por-subida-de-caudais-com-chuva-e-aluimentos\/\"]}]},{\"@type\":\"ImageObject\",\"inLanguage\":\"pt-PT\",\"@id\":\"https:\/\/portaltela.pt\/noticias\/2026\/02\/11\/tejo-mantem-alerta-vermelho-por-subida-de-caudais-com-chuva-e-aluimentos\/#primaryimage\",\"url\":\"https:\/\/portaltela.pt\/s.01k8rhncp4jt1\/2026\/02\/CACHE_780X1200_ANALOG_WATERMARKED_46533257_5508611_10022026062956-1.jpg\",\"contentUrl\":\"https:\/\/portaltela.pt\/s.01k8rhncp4jt1\/2026\/02\/CACHE_780X1200_ANALOG_WATERMARKED_46533257_5508611_10022026062956-1.jpg\",\"width\":768,\"height\":512,\"caption\":\"Tejo mant\u00e9m alerta vermelho por subida de caudais com chuva a provocar aluimentos\"},{\"@type\":\"BreadcrumbList\",\"@id\":\"https:\/\/portaltela.pt\/noticias\/2026\/02\/11\/tejo-mantem-alerta-vermelho-por-subida-de-caudais-com-chuva-e-aluimentos\/#breadcrumb\",\"itemListElement\":[{\"@type\":\"ListItem\",\"position\":1,\"name\":\"In\u00edcio\",\"item\":\"https:\/\/portaltela.pt\/\"},{\"@type\":\"ListItem\",\"position\":2,\"name\":\"Tejo mant\u00e9m alerta vermelho por subida de caudais com chuva e aluimentos\"}]},{\"@type\":\"WebSite\",\"@id\":\"https:\/\/portaltela.pt\/#website\",\"url\":\"https:\/\/portaltela.pt\/\",\"name\":\"Portal Tela Portugal\",\"description\":\"\",\"potentialAction\":[{\"@type\":\"SearchAction\",\"target\":{\"@type\":\"EntryPoint\",\"urlTemplate\":\"https:\/\/portaltela.pt\/?s={search_term_string}\"},\"query-input\":{\"@type\":\"PropertyValueSpecification\",\"valueRequired\":true,\"valueName\":\"search_term_string\"}}],\"inLanguage\":\"pt-PT\"},{\"@type\":\"Person\",\"@id\":\"https:\/\/portaltela.pt\/#\/schema\/person\/c4278d4a6028830caff9ee44b42d32ed\",\"name\":\"Telinha\",\"image\":{\"@type\":\"ImageObject\",\"inLanguage\":\"pt-PT\",\"@id\":\"https:\/\/portaltela.pt\/s.01k8rhncp4jt1\/2025\/11\/talking-bot-125x125.png\",\"url\":\"https:\/\/portaltela.pt\/s.01k8rhncp4jt1\/2025\/11\/talking-bot-125x125.png\",\"contentUrl\":\"https:\/\/portaltela.pt\/s.01k8rhncp4jt1\/2025\/11\/talking-bot-125x125.png\",\"caption\":\"Telinha\"},\"sameAs\":[\"https:\/\/portaltela.pt\/\"],\"url\":\"https:\/\/portaltela.pt\/por\/367410592786\/\"}]}<\/script>\n<!-- \/ Yoast SEO plugin. -->","yoast_head_json":{"title":"Tejo mant\u00e9m alerta vermelho por subida de caudais com chuva e aluimentos - Portal Tela Portugal","robots":{"index":"index","follow":"follow","max-snippet":"max-snippet:-1","max-image-preview":"max-image-preview:large","max-video-preview":"max-video-preview:-1"},"og_locale":"pt_PT","og_type":"article","og_title":"Tejo mant\u00e9m alerta vermelho por subida de caudais com chuva e aluimentos - Portal Tela Portugal","og_description":"O Tejo mant\u00e9m o alerta vermelho devido \u00e0 subida dos caudais. A subida est\u00e1 associada \u00e0 chuva que se regista na regi\u00e3o. A chuva est\u00e1 a provocar aluimentos em \u00e1reas ribeirinhas. O estado de alerta permanece ativo at\u00e9 novo aviso. O conte\u00fado completo da not\u00edcia est\u00e1 reservado a subscritores.","og_url":"https:\/\/portaltela.pt\/noticias\/2026\/02\/11\/tejo-mantem-alerta-vermelho-por-subida-de-caudais-com-chuva-e-aluimentos\/","og_site_name":"Portal Tela Portugal","article_published_time":"2026-02-11T15:19:00+00:00","author":"Telinha","twitter_card":"summary_large_image","twitter_misc":{"Escrito por":"Telinha","Tempo estimado de leitura":"1 minuto"},"schema":{"@context":"https:\/\/schema.org","@graph":[{"@type":"Article","@id":"https:\/\/portaltela.pt\/noticias\/2026\/02\/11\/tejo-mantem-alerta-vermelho-por-subida-de-caudais-com-chuva-e-aluimentos\/#article","isPartOf":{"@id":"https:\/\/portaltela.pt\/noticias\/2026\/02\/11\/tejo-mantem-alerta-vermelho-por-subida-de-caudais-com-chuva-e-aluimentos\/"},"author":{"name":"Telinha","@id":"https:\/\/portaltela.pt\/#\/schema\/person\/c4278d4a6028830caff9ee44b42d32ed"},"headline":"Tejo mant\u00e9m alerta vermelho por subida de caudais com chuva e aluimentos","datePublished":"2026-02-11T15:19:00+00:00","mainEntityOfPage":{"@id":"https:\/\/portaltela.pt\/noticias\/2026\/02\/11\/tejo-mantem-alerta-vermelho-por-subida-de-caudais-com-chuva-e-aluimentos\/"},"wordCount":123,"image":{"@id":"https:\/\/portaltela.pt\/noticias\/2026\/02\/11\/tejo-mantem-alerta-vermelho-por-subida-de-caudais-com-chuva-e-aluimentos\/#primaryimage"},"thumbnailUrl":"https:\/\/portaltela.pt\/s.01k8rhncp4jt1\/2026\/02\/CACHE_780X1200_ANALOG_WATERMARKED_46533257_5508611_10022026062956-1.jpg","keywords":["alagamentos","alerta vermelho","chuva","inunda\u00e7\u00f5es","prote\u00e7\u00e3o civil","Tejo"],"articleSection":["Not\u00edcias"],"inLanguage":"pt-PT"},{"@type":"WebPage","@id":"https:\/\/portaltela.pt\/noticias\/2026\/02\/11\/tejo-mantem-alerta-vermelho-por-subida-de-caudais-com-chuva-e-aluimentos\/","url":"https:\/\/portaltela.pt\/noticias\/2026\/02\/11\/tejo-mantem-alerta-vermelho-por-subida-de-caudais-com-chuva-e-aluimentos\/","name":"Tejo mant\u00e9m alerta vermelho por subida de caudais com chuva e aluimentos - Portal Tela Portugal","isPartOf":{"@id":"https:\/\/portaltela.pt\/#website"},"primaryImageOfPage":{"@id":"https:\/\/portaltela.pt\/noticias\/2026\/02\/11\/tejo-mantem-alerta-vermelho-por-subida-de-caudais-com-chuva-e-aluimentos\/#primaryimage"},"image":{"@id":"https:\/\/portaltela.pt\/noticias\/2026\/02\/11\/tejo-mantem-alerta-vermelho-por-subida-de-caudais-com-chuva-e-aluimentos\/#primaryimage"},"thumbnailUrl":"https:\/\/portaltela.pt\/s.01k8rhncp4jt1\/2026\/02\/CACHE_780X1200_ANALOG_WATERMARKED_46533257_5508611_10022026062956-1.jpg","datePublished":"2026-02-11T15:19:00+00:00","author":{"@id":"https:\/\/portaltela.pt\/#\/schema\/person\/c4278d4a6028830caff9ee44b42d32ed"},"breadcrumb":{"@id":"https:\/\/portaltela.pt\/noticias\/2026\/02\/11\/tejo-mantem-alerta-vermelho-por-subida-de-caudais-com-chuva-e-aluimentos\/#breadcrumb"},"inLanguage":"pt-PT","potentialAction":[{"@type":"ReadAction","target":["https:\/\/portaltela.pt\/noticias\/2026\/02\/11\/tejo-mantem-alerta-vermelho-por-subida-de-caudais-com-chuva-e-aluimentos\/"]}]},{"@type":"ImageObject","inLanguage":"pt-PT","@id":"https:\/\/portaltela.pt\/noticias\/2026\/02\/11\/tejo-mantem-alerta-vermelho-por-subida-de-caudais-com-chuva-e-aluimentos\/#primaryimage","url":"https:\/\/portaltela.pt\/s.01k8rhncp4jt1\/2026\/02\/CACHE_780X1200_ANALOG_WATERMARKED_46533257_5508611_10022026062956-1.jpg","contentUrl":"https:\/\/portaltela.pt\/s.01k8rhncp4jt1\/2026\/02\/CACHE_780X1200_ANALOG_WATERMARKED_46533257_5508611_10022026062956-1.jpg","width":768,"height":512,"caption":"Tejo mant\u00e9m alerta vermelho por subida de caudais com chuva a provocar aluimentos"},{"@type":"BreadcrumbList","@id":"https:\/\/portaltela.pt\/noticias\/2026\/02\/11\/tejo-mantem-alerta-vermelho-por-subida-de-caudais-com-chuva-e-aluimentos\/#breadcrumb","itemListElement":[{"@type":"ListItem","position":1,"name":"In\u00edcio","item":"https:\/\/portaltela.pt\/"},{"@type":"ListItem","position":2,"name":"Tejo mant\u00e9m alerta vermelho por subida de caudais com chuva e aluimentos"}]},{"@type":"WebSite","@id":"https:\/\/portaltela.pt\/#website","url":"https:\/\/portaltela.pt\/","name":"Portal Tela Portugal","description":"","potentialAction":[{"@type":"SearchAction","target":{"@type":"EntryPoint","urlTemplate":"https:\/\/portaltela.pt\/?s={search_term_string}"},"query-input":{"@type":"PropertyValueSpecification","valueRequired":true,"valueName":"search_term_string"}}],"inLanguage":"pt-PT"},{"@type":"Person","@id":"https:\/\/portaltela.pt\/#\/schema\/person\/c4278d4a6028830caff9ee44b42d32ed","name":"Telinha","image":{"@type":"ImageObject","inLanguage":"pt-PT","@id":"https:\/\/portaltela.pt\/s.01k8rhncp4jt1\/2025\/11\/talking-bot-125x125.png","url":"https:\/\/portaltela.pt\/s.01k8rhncp4jt1\/2025\/11\/talking-bot-125x125.png","contentUrl":"https:\/\/portaltela.pt\/s.01k8rhncp4jt1\/2025\/11\/talking-bot-125x125.png","caption":"Telinha"},"sameAs":["https:\/\/portaltela.pt\/"],"url":"https:\/\/portaltela.pt\/por\/367410592786\/"}]}},"_links":{"self":[{"href":"https:\/\/portaltela.pt\/api\/wp\/v2\/posts\/208683","targetHints":{"allow":["GET"]}}],"collection":[{"href":"https:\/\/portaltela.pt\/api\/wp\/v2\/posts"}],"about":[{"href":"https:\/\/portaltela.pt\/api\/wp\/v2\/types\/post"}],"author":[{"embeddable":true,"href":"https:\/\/portaltela.pt\/api\/wp\/v2\/users\/2"}],"replies":[{"embeddable":true,"href":"https:\/\/portaltela.pt\/api\/wp\/v2\/comments?post=208683"}],"version-history":[{"count":0,"href":"https:\/\/portaltela.pt\/api\/wp\/v2\/posts\/208683\/revisions"}],"wp:featuredmedia":[{"embeddable":true,"href":"https:\/\/portaltela.pt\/api\/wp\/v2\/media\/208687"}],"wp:attachment":[{"href":"https:\/\/portaltela.pt\/api\/wp\/v2\/media?parent=208683"}],"wp:term":[{"taxonomy":"category","embeddable":true,"href":"https:\/\/portaltela.pt\/api\/wp\/v2\/categories?post=208683"},{"taxonomy":"post_tag","embeddable":true,"href":"https:\/\/portaltela.pt\/api\/wp\/v2\/tags?post=208683"}],"curies":[{"name":"wp","href":"https:\/\/api.w.org\/{rel}","templated":true}]}}